{"id":20590,"date":"2009-05-08T19:09:21","date_gmt":"2009-05-08T17:09:21","guid":{"rendered":"http:\/\/www.visit-ulcinj.com\/blog\/?p=20590"},"modified":"2009-05-08T19:30:54","modified_gmt":"2009-05-08T17:30:54","slug":"ulcinjska-skupstina-odlucila-da-smanji-komunalne-takse","status":"publish","type":"post","link":"https:\/\/www.visit-ulcinj.com\/blog\/2009\/05\/08\/ulcinjska-skupstina-odlucila-da-smanji-komunalne-takse\/","title":{"rendered":"Ulcinjska skup\u0161tina odlu?ila da smanji komunalne takse"},"content":{"rendered":"<p><strong><a href=\"http:\/\/www.visit-ulcinj.com\/blog\/wp-content\/uploads\/2009\/05\/ulcinjska-skupstina-_crna-gora.jpg\"><img loading=\"lazy\" class=\"alignleft size-full wp-image-20591\" title=\"ulcinjska-skupstina-_crna-gora\" src=\"http:\/\/www.visit-ulcinj.com\/blog\/wp-content\/uploads\/2009\/05\/ulcinjska-skupstina-_crna-gora.jpg\" alt=\"ulcinjska-skupstina-_crna-gora\" width=\"580\" height=\"400\" \/><\/a>Cakuli: Kriza vam je alibi <\/strong><\/p>\n<p>Ulcinj &#8211; Usvajanjem odluke o lokalnim komunalnim taksama, odbornici u ulcinjskom parlamentu okon?ali su ju?e prvu sjednicu prvog redovnog zasjedanja.<\/p>\n<p>Za predlog odluke, kojim su utvr?ene takse ni\u017ee i po nekoliko puta, glasalo je svih 29 prisutnih odbornika iako Skup\u0161tina prethodno ve?inom glasova nije prihvatila nijedan od predlo\u017eena ?etiri amandmana Force.<\/p>\n<p>Opozicija je tra\u017eila da sastavni dio odluke ?ine i zaklju?ci Skup\u0161tinskog odbora za finansije koji je od izvr\u0161nih vlasti tra\u017eio spisak svih poreskih obveznika.<\/p>\n<p>Odbornici DPS i DUA Ljui? \u0160krelja i Hatid\u017ea ?oni bili su saglasni u ocjeni da odluku ne treba optere?ivati nikakvim zaklju?cima, te da bi zahtjev opozicije mogao biti predmet rasprave nekog narednog zasjedanja SO.<a href=\"http:\/\/www.visit-ulcinj.com\/blog\/wp-content\/uploads\/2009\/05\/ulcinjska-skupstina.jpg\"><img loading=\"lazy\" class=\"alignright size-full wp-image-20592\" title=\"ulcinjska-skupstina\" src=\"http:\/\/www.visit-ulcinj.com\/blog\/wp-content\/uploads\/2009\/05\/ulcinjska-skupstina.jpg\" alt=\"ulcinjska-skupstina\" width=\"250\" height=\"188\" \/><\/a><\/p>\n<p>Odbornik Force D\u017eaudet Cakuli kazao je da njegov klub podr\u017eava odluku o smanjenju taksi i poru?io vladaju?oj koaliciji da saop\u0161ti pravi razlog za dono\u0161enje odluke.<\/p>\n<p>\u201cNije ta?no da ovu odluku donosite zbog globalne krize ve?, kako je to sekretar i naveo u obrazlo\u017eenju, zbog toga \u0161to taksu prvi put nijeste adekvatno odmjerili\u201d, kazao je Cakuli navode?i da su takse u Ulcinju bile vi\u0161e i po 15 ili 16 puta u odnosu na druge primorske gradove.<\/p>\n<p>Odbornik DS Kadro Sinani pitao je vladaju?u koaliciju i izvr\u0161nu vlast ko ?e gra?anima da nadoknadi sredstva koja su u posljednje dvije godine pla?ali \u201eu vidu najve?ih komunalnih taksi na crnogorskoj obali\u201c.<\/p>\n<p>U zavr\u0161noj rije?i, sekretar za bud\u017eet i finansije Fatmir ?eka kazao je da se odluka ti?e samo onih koji se bave privrednom djelatno\u0161?u, negiraju?i da su takse prvi put bile daleko vi\u0161e nego u drugim mjestima.<\/p>\n<p>\u201cManipuli\u0161ete brojkama i to mo\u017ee da proizvede negativan efekat. Ako je neka tarifa bila 16 eura, a ovom odlukom se umanjuje na ?etiri eura, pribli\u017eno taksama u drugim gradovima, da li je to 15 ili 16 puta manje\u201d, pitao je ?eka ocijeniv\u0161i da je opozicija dvije tre?ine diskusija posvetila drugim temama, a ne su\u0161tini odluke. On smatra da je opozicija poku\u0161ala da ispolitizuje i pitanje vra?anja novca pla?enog u skladu sa ranijom odlukom o komunalnim taksama.<\/p>\n<p><strong>S.A<br \/>\n<a href=\"http:\/\/www.vijesti.cg.yu\/index.php?id_pre=303956&amp;godina=2009\" target=\"_blank\">Vijesti<\/a><\/strong><\/p>\n<!--YouTube Error: bad URL entered-->\n","protected":false},"excerpt":{"rendered":"<p>Cakuli: Kriza vam je alibi Ulcinj &#8211; Usvajanjem odluke o lokalnim komunalnim taksama, odbornici u ulcinjskom parlamentu okon?ali su ju?e prvu sjednicu prvog redovnog zasjedanja. Za predlog odluke, kojim su utvr?ene takse ni\u017ee i po nekoliko puta, glasalo je svih 29 prisutnih odbornika iako Skup\u0161tina prethodno ve?inom glasova nije prihvatila nijedan od predlo\u017eena ?etiri amandmana [&hellip;]<\/p>\n","protected":false},"author":1,"featured_media":0,"comment_status":"open","ping_status":"closed","sticky":false,"template":"","format":"standard","meta":{"spay_email":"","jetpack_publicize_message":"","jetpack_is_tweetstorm":false,"jetpack_publicize_feature_enabled":true},"categories":[8337],"tags":[4608,801,941,10098,10099,5334,698],"jetpack_publicize_connections":[],"yoast_head":"<!-- This site is optimized with the Yoast SEO plugin v19.1 - https:\/\/yoast.com\/wordpress\/plugins\/seo\/ -->\n<title>Ulcinjska skup\u0161tina odlu?ila da smanji komunalne takse - Lajme nga Ulqini<\/title>\n<meta name=\"description\" content=\"Cakuli: Kriza vam je alibi Ulcinj - Usvajanjem odluke o lokalnim komunalnim taksama, odbornici u ulcinjskom parlamentu okon?ali su ju?e prvu sjednicu\" \/>\n<meta name=\"robots\" content=\"index, follow, max-snippet:-1, max-image-preview:large, max-video-preview:-1\" \/>\n<link rel=\"canonical\" href=\"https:\/\/www.visit-ulcinj.com\/blog\/2009\/05\/08\/ulcinjska-skupstina-odlucila-da-smanji-komunalne-takse\/\" \/>\n<meta property=\"og:locale\" content=\"en_US\" \/>\n<meta property=\"og:type\" content=\"article\" \/>\n<meta property=\"og:title\" content=\"Ulcinjska skup\u0161tina odlu?ila da smanji komunalne takse - Lajme nga Ulqini\" \/>\n<meta property=\"og:description\" content=\"Cakuli: Kriza vam je alibi Ulcinj - Usvajanjem odluke o lokalnim komunalnim taksama, odbornici u ulcinjskom parlamentu okon?ali su ju?e prvu sjednicu\" \/>\n<meta property=\"og:url\" content=\"https:\/\/www.visit-ulcinj.com\/blog\/2009\/05\/08\/ulcinjska-skupstina-odlucila-da-smanji-komunalne-takse\/\" \/>\n<meta property=\"og:site_name\" content=\"Lajme nga Ulqini\" \/>\n<meta property=\"article:published_time\" content=\"2009-05-08T17:09:21+00:00\" \/>\n<meta property=\"article:modified_time\" content=\"2009-05-08T17:30:54+00:00\" \/>\n<meta property=\"og:image\" content=\"http:\/\/www.visit-ulcinj.com\/blog\/wp-content\/uploads\/2009\/05\/ulcinjska-skupstina-_crna-gora.jpg\" \/>\n<meta name=\"twitter:label1\" content=\"Written by\" \/>\n\t<meta name=\"twitter:data1\" content=\"ulqini\" \/>\n\t<meta name=\"twitter:label2\" content=\"Est. reading time\" \/>\n\t<meta name=\"twitter:data2\" content=\"2 minutes\" \/>\n<script type=\"application\/ld+json\" class=\"yoast-schema-graph\">{\"@context\":\"https:\/\/schema.org\",\"@graph\":[{\"@type\":\"WebSite\",\"@id\":\"https:\/\/www.visit-ulcinj.com\/blog\/#website\",\"url\":\"https:\/\/www.visit-ulcinj.com\/blog\/\",\"name\":\"Lajme nga Ulqini\",\"description\":\"Lajme,Vijesti,Ulqini,Ulqin,Crna Gora,Mali i Zi\",\"potentialAction\":[{\"@type\":\"SearchAction\",\"target\":{\"@type\":\"EntryPoint\",\"urlTemplate\":\"https:\/\/www.visit-ulcinj.com\/blog\/?s={search_term_string}\"},\"query-input\":\"required name=search_term_string\"}],\"inLanguage\":\"en-US\"},{\"@type\":\"ImageObject\",\"inLanguage\":\"en-US\",\"@id\":\"https:\/\/www.visit-ulcinj.com\/blog\/2009\/05\/08\/ulcinjska-skupstina-odlucila-da-smanji-komunalne-takse\/#primaryimage\",\"url\":\"https:\/\/www.visit-ulcinj.com\/blog\/wp-content\/uploads\/2009\/05\/ulcinjska-skupstina-_crna-gora.jpg\",\"contentUrl\":\"https:\/\/www.visit-ulcinj.com\/blog\/wp-content\/uploads\/2009\/05\/ulcinjska-skupstina-_crna-gora.jpg\",\"width\":\"640\",\"height\":\"450\"},{\"@type\":\"WebPage\",\"@id\":\"https:\/\/www.visit-ulcinj.com\/blog\/2009\/05\/08\/ulcinjska-skupstina-odlucila-da-smanji-komunalne-takse\/#webpage\",\"url\":\"https:\/\/www.visit-ulcinj.com\/blog\/2009\/05\/08\/ulcinjska-skupstina-odlucila-da-smanji-komunalne-takse\/\",\"name\":\"Ulcinjska skup\u0161tina odlu?ila da smanji komunalne takse - Lajme nga Ulqini\",\"isPartOf\":{\"@id\":\"https:\/\/www.visit-ulcinj.com\/blog\/#website\"},\"primaryImageOfPage\":{\"@id\":\"https:\/\/www.visit-ulcinj.com\/blog\/2009\/05\/08\/ulcinjska-skupstina-odlucila-da-smanji-komunalne-takse\/#primaryimage\"},\"datePublished\":\"2009-05-08T17:09:21+00:00\",\"dateModified\":\"2009-05-08T17:30:54+00:00\",\"author\":{\"@id\":\"https:\/\/www.visit-ulcinj.com\/blog\/#\/schema\/person\/dcab619c614d3038751c63bc2aadc06d\"},\"description\":\"Cakuli: Kriza vam je alibi Ulcinj - Usvajanjem odluke o lokalnim komunalnim taksama, odbornici u ulcinjskom parlamentu okon?ali su ju?e prvu sjednicu\",\"breadcrumb\":{\"@id\":\"https:\/\/www.visit-ulcinj.com\/blog\/2009\/05\/08\/ulcinjska-skupstina-odlucila-da-smanji-komunalne-takse\/#breadcrumb\"},\"inLanguage\":\"en-US\",\"potentialAction\":[{\"@type\":\"ReadAction\",\"target\":[\"https:\/\/www.visit-ulcinj.com\/blog\/2009\/05\/08\/ulcinjska-skupstina-odlucila-da-smanji-komunalne-takse\/\"]}]},{\"@type\":\"BreadcrumbList\",\"@id\":\"https:\/\/www.visit-ulcinj.com\/blog\/2009\/05\/08\/ulcinjska-skupstina-odlucila-da-smanji-komunalne-takse\/#breadcrumb\",\"itemListElement\":[{\"@type\":\"ListItem\",\"position\":1,\"name\":\"Ulcinjska skup\u0161tina odlu?ila da smanji komunalne takse\"}]},{\"@type\":\"Person\",\"@id\":\"https:\/\/www.visit-ulcinj.com\/blog\/#\/schema\/person\/dcab619c614d3038751c63bc2aadc06d\",\"name\":\"ulqini\",\"sameAs\":[\"http:\/\/www.visit-ulcinj.com\"],\"url\":\"https:\/\/www.visit-ulcinj.com\/blog\/author\/admin\/\"}]}<\/script>\n<!-- \/ Yoast SEO plugin. -->","yoast_head_json":{"title":"Ulcinjska skup\u0161tina odlu?ila da smanji komunalne takse - Lajme nga Ulqini","description":"Cakuli: Kriza vam je alibi Ulcinj - Usvajanjem odluke o lokalnim komunalnim taksama, odbornici u ulcinjskom parlamentu okon?ali su ju?e prvu sjednicu","robots":{"index":"index","follow":"follow","max-snippet":"max-snippet:-1","max-image-preview":"max-image-preview:large","max-video-preview":"max-video-preview:-1"},"canonical":"https:\/\/www.visit-ulcinj.com\/blog\/2009\/05\/08\/ulcinjska-skupstina-odlucila-da-smanji-komunalne-takse\/","og_locale":"en_US","og_type":"article","og_title":"Ulcinjska skup\u0161tina odlu?ila da smanji komunalne takse - Lajme nga Ulqini","og_description":"Cakuli: Kriza vam je alibi Ulcinj - Usvajanjem odluke o lokalnim komunalnim taksama, odbornici u ulcinjskom parlamentu okon?ali su ju?e prvu sjednicu","og_url":"https:\/\/www.visit-ulcinj.com\/blog\/2009\/05\/08\/ulcinjska-skupstina-odlucila-da-smanji-komunalne-takse\/","og_site_name":"Lajme nga Ulqini","article_published_time":"2009-05-08T17:09:21+00:00","article_modified_time":"2009-05-08T17:30:54+00:00","og_image":[{"url":"http:\/\/www.visit-ulcinj.com\/blog\/wp-content\/uploads\/2009\/05\/ulcinjska-skupstina-_crna-gora.jpg"}],"twitter_misc":{"Written by":"ulqini","Est. reading time":"2 minutes"},"schema":{"@context":"https:\/\/schema.org","@graph":[{"@type":"WebSite","@id":"https:\/\/www.visit-ulcinj.com\/blog\/#website","url":"https:\/\/www.visit-ulcinj.com\/blog\/","name":"Lajme nga Ulqini","description":"Lajme,Vijesti,Ulqini,Ulqin,Crna Gora,Mali i Zi","potentialAction":[{"@type":"SearchAction","target":{"@type":"EntryPoint","urlTemplate":"https:\/\/www.visit-ulcinj.com\/blog\/?s={search_term_string}"},"query-input":"required name=search_term_string"}],"inLanguage":"en-US"},{"@type":"ImageObject","inLanguage":"en-US","@id":"https:\/\/www.visit-ulcinj.com\/blog\/2009\/05\/08\/ulcinjska-skupstina-odlucila-da-smanji-komunalne-takse\/#primaryimage","url":"https:\/\/www.visit-ulcinj.com\/blog\/wp-content\/uploads\/2009\/05\/ulcinjska-skupstina-_crna-gora.jpg","contentUrl":"https:\/\/www.visit-ulcinj.com\/blog\/wp-content\/uploads\/2009\/05\/ulcinjska-skupstina-_crna-gora.jpg","width":"640","height":"450"},{"@type":"WebPage","@id":"https:\/\/www.visit-ulcinj.com\/blog\/2009\/05\/08\/ulcinjska-skupstina-odlucila-da-smanji-komunalne-takse\/#webpage","url":"https:\/\/www.visit-ulcinj.com\/blog\/2009\/05\/08\/ulcinjska-skupstina-odlucila-da-smanji-komunalne-takse\/","name":"Ulcinjska skup\u0161tina odlu?ila da smanji komunalne takse - Lajme nga Ulqini","isPartOf":{"@id":"https:\/\/www.visit-ulcinj.com\/blog\/#website"},"primaryImageOfPage":{"@id":"https:\/\/www.visit-ulcinj.com\/blog\/2009\/05\/08\/ulcinjska-skupstina-odlucila-da-smanji-komunalne-takse\/#primaryimage"},"datePublished":"2009-05-08T17:09:21+00:00","dateModified":"2009-05-08T17:30:54+00:00","author":{"@id":"https:\/\/www.visit-ulcinj.com\/blog\/#\/schema\/person\/dcab619c614d3038751c63bc2aadc06d"},"description":"Cakuli: Kriza vam je alibi Ulcinj - Usvajanjem odluke o lokalnim komunalnim taksama, odbornici u ulcinjskom parlamentu okon?ali su ju?e prvu sjednicu","breadcrumb":{"@id":"https:\/\/www.visit-ulcinj.com\/blog\/2009\/05\/08\/ulcinjska-skupstina-odlucila-da-smanji-komunalne-takse\/#breadcrumb"},"inLanguage":"en-US","potentialAction":[{"@type":"ReadAction","target":["https:\/\/www.visit-ulcinj.com\/blog\/2009\/05\/08\/ulcinjska-skupstina-odlucila-da-smanji-komunalne-takse\/"]}]},{"@type":"BreadcrumbList","@id":"https:\/\/www.visit-ulcinj.com\/blog\/2009\/05\/08\/ulcinjska-skupstina-odlucila-da-smanji-komunalne-takse\/#breadcrumb","itemListElement":[{"@type":"ListItem","position":1,"name":"Ulcinjska skup\u0161tina odlu?ila da smanji komunalne takse"}]},{"@type":"Person","@id":"https:\/\/www.visit-ulcinj.com\/blog\/#\/schema\/person\/dcab619c614d3038751c63bc2aadc06d","name":"ulqini","sameAs":["http:\/\/www.visit-ulcinj.com"],"url":"https:\/\/www.visit-ulcinj.com\/blog\/author\/admin\/"}]}},"jetpack_featured_media_url":"","jetpack_sharing_enabled":true,"jetpack_shortlink":"https:\/\/wp.me\/pe6lTn-5m6","_links":{"self":[{"href":"https:\/\/www.visit-ulcinj.com\/blog\/wp-json\/wp\/v2\/posts\/20590"}],"collection":[{"href":"https:\/\/www.visit-ulcinj.com\/blog\/wp-json\/wp\/v2\/posts"}],"about":[{"href":"https:\/\/www.visit-ulcinj.com\/blog\/wp-json\/wp\/v2\/types\/post"}],"author":[{"embeddable":true,"href":"https:\/\/www.visit-ulcinj.com\/blog\/wp-json\/wp\/v2\/users\/1"}],"replies":[{"embeddable":true,"href":"https:\/\/www.visit-ulcinj.com\/blog\/wp-json\/wp\/v2\/comments?post=20590"}],"version-history":[{"count":0,"href":"https:\/\/www.visit-ulcinj.com\/blog\/wp-json\/wp\/v2\/posts\/20590\/revisions"}],"wp:attachment":[{"href":"https:\/\/www.visit-ulcinj.com\/blog\/wp-json\/wp\/v2\/media?parent=20590"}],"wp:term":[{"taxonomy":"category","embeddable":true,"href":"https:\/\/www.visit-ulcinj.com\/blog\/wp-json\/wp\/v2\/categories?post=20590"},{"taxonomy":"post_tag","embeddable":true,"href":"https:\/\/www.visit-ulcinj.com\/blog\/wp-json\/wp\/v2\/tags?post=20590"}],"curies":[{"name":"wp","href":"https:\/\/api.w.org\/{rel}","templated":true}]}}