{"id":20596,"date":"2009-05-08T19:55:01","date_gmt":"2009-05-08T17:55:01","guid":{"rendered":"http:\/\/www.visit-ulcinj.com\/blog\/?p=20596"},"modified":"2010-10-08T18:37:35","modified_gmt":"2010-10-08T16:37:35","slug":"dzelal-hodzic-ulcinj-kako-dalje","status":"publish","type":"post","link":"https:\/\/www.visit-ulcinj.com\/blog\/2009\/05\/08\/dzelal-hodzic-ulcinj-kako-dalje\/","title":{"rendered":"D\u017eelal Hod\u017eic: Ulcinj &#8211; kako dalje"},"content":{"rendered":"<p><strong> <\/strong><\/p>\n<div id=\"attachment_20597\" style=\"width: 590px\" class=\"wp-caption alignleft\"><strong><strong><a href=\"http:\/\/www.visit-ulcinj.com\/blog\/wp-content\/uploads\/2009\/05\/dzelal-hodzic_nvo-zeleni-korak_ulcinj.jpg\"><img aria-describedby=\"caption-attachment-20597\" loading=\"lazy\" class=\"size-full wp-image-20597\" title=\"dzelal-hodzic_nvo-zeleni-korak_ulcinj\" src=\"http:\/\/www.visit-ulcinj.com\/blog\/wp-content\/uploads\/2009\/05\/dzelal-hodzic_nvo-zeleni-korak_ulcinj.jpg\" alt=\"D\u017eelal Hod\u017ei? izvr\u0161ni direktor NVO Zeleni korak Ulcinj\" width=\"580\" height=\"400\" \/><\/a><\/strong><\/strong><p id=\"caption-attachment-20597\" class=\"wp-caption-text\">D\u017eelal Hod\u017ei? izvr\u0161ni direktor NVO Zeleni korak Ulcinj<\/p><\/div>\n<p><strong>STAV<\/strong><br \/>\nNekada se upore?ivalo vrijeme prije i poslije II svjetskog rata, zatim Titovo vrijeme i sada\u0161nje vrijeme. Ulcinjani najvi\u0161e upore?uju vrijeme prije zemljotresa 1979. i poslije njega do danas.<br \/>\nElem, Ulcinj je u svakom od ovih vremena bio zapostavljen od strane vlasti sa \u0161turim nezvani?nim obja\u0161njenjima da je rizi?no ulagati u grani?no podru?je.<br \/>\nNo i pored toga, nekako se radilo i gradilo, pa je Ulcinj (prema izjavama lokalnih turisti?kih poslenika) 1978. u?estvovao sa oko 40% turisti?kog prometa\u2013proizvoda Crne Gore, Budva 25% i tako dalje. Danas, 30 godina kasnije, ulcinjski turisti?ki proizvod ?ini cca 10%, Budve 40%, a ispred Ulcinja su i Herceg Novi i Bar.<br \/>\nU me?uvremenu u ostale primorske gradove Crne Gore ulagana su ogromna sredstva: sanirani hotelski objekti i izgra?eni novi, otvarane visoko\u0161kolske ustanove, locirane uprave i direkcije javnih preduze?a, organizovani sajmovi, manifestacije, skupovi, festivali (glamur i luksuz), izgra?ene sportske hale, bazeni, restaurirani stari gradovi, gradile marine itd.<br \/>\nA puna su nam usta pri?e da je Ulcinj najbogatija op\u0161tina, najprivla?nija turisti?ka destinacija, najvredniji turisti?ki-ekolo\u0161ki resursi su u Ulcinju, to je grad tolerancije i su\u017eivota, primjer multietni?ke i multikonfesionalne harmonije. I sve je to ta?no, ali Ulcinj ima malo koristi od toga.<br \/>\nZaboravlja se re?i da je Ulcinj grad ste?aja i likvidacija preduze?a i lo\u0161e privatizacije (Agroulcinj, GRO Primorje, Ultep, Otrantkomerc, Albatros itd). Niko se nijednom u lokalnoj upravi i parlamentu za ovih 30 godina, od toga 20 godina pluralizma, nije zapitao a kamoli raspravljao o ovim pitanjima. ?elnici \u2013 narodni tribuni bili su u?aureni u sebe i svoje partije i slu\u017eili samo sebi i svojim prijateljima, a gra?anima &#8211; \u0161ta pretekne.<br \/>\nU me?uvremenu se nastavlja odlivanje sredstava iz Ulcinja po raznim osnovama: od prodaje objekata prilikom privatizacije; zakupa kupali\u0161ta i obale u Ulcinju; eksploatacije mineralnih sirovina \u2013 pijeska; prodaje imovine prilikom likvidacije preduze?a.<br \/>\nProcjene su da je po ovim osnovama iz Ulcinja oti\u0161lo 40-50 miliona DEM (eura) u posljednjih 30 godina.<br \/>\nUlcinjani \u2013 gra?ani, a i lokalna vlast, sve su ovo mirno posmatrali, ne bune se jer, zaboga, oni su miran i blagorodan narod, pa vi\u0161e slu\u0161aju nego \u0161to negoduju.<br \/>\nA Ulcinj se danas suo?ava sa velikim problemima: velika stopa nezaposlenosti i slaba\u0161na privreda; veoma lo\u0161a infrastruktura, mada se u posljednje vrijeme stanje pobolj\u0161ava; veliki ambijentalni \u2013 prostorni i ekolo\u0161ki problemi Port Milena, Bojana, Borova \u0161uma \u2013 propadanje, naselja Liman, Kru?e MZ \u0160toj, Velika Pla\u017ea nemaju vodovod i kanalizaciju.<br \/>\nUlcinj jo\u0161 nema srednjoro?ni plan razvoja. Nema program razvoja i valorizaciju ljudskih resursa \u2013 kadrova koji ?e da nose budu?i, nadamo se, odr\u017eivi razvoj i afirmi\u0161e svoje brendove: Velika Pla\u017ea, Ada, \u0160asko jezero, sumporne vode, pti?ije bogatstvo, kulturno naslje?e itd.<br \/>\nVidljivi su, ipak, poku\u0161aji ?elnika u lokalnoj upravi i javnim preduze?ima Op\u0161tine i pojedinih slu\u017ebi da se stanje promijeni nabolje, ali tu je potreban timski rad i partnerstvo sa svim institucijama: biznis sektorom, gra?anima, nezavisnim intelektualcima, civilnim sektorom, obrazovnim institucijama, medijima, bez obzira na razli?ita mi\u0161ljenja oko na?ina rje\u0161avanja problema jer ima se utisak da za sada u Ulcinju imamo vi\u0161e \u201cposmatra?a\u201d a manje \u201cigra?a\u201d koji bi nosili igru.<br \/>\nSmatraju?i da bi bilo od koristi da se o nekim navedenim pitanjima raspravlja i u lokalnom parlamentu, usudili smo se da predsjedniku te institucije uputimo predlog skup\u0161tinske deklaracije o progla\u0161enju ekolo\u0161ke Op\u0161tine Ulcinj koja ne mo\u017ee biti samo deklarativno de jure ve? mora biti i de fakto tj. da se izrade, usvoje i realizuju planove i aktivnosti.<br \/>\nBili bismo zadovoljni da se to realizuje u narednih 5 do 10 godina.<\/p>\n<p>Autor je izvr\u0161ni direktor NVO Zeleni korak, Ulcinj<br \/>\n<strong>Pi\u0161e: D\u017eelal Hod\u017ei?<\/strong><\/p>\n<p><a href=\"http:\/\/www.vijesti.cg.yu\/index.php?id_pre=303938&amp;godina=2009\" target=\"_blank\"><strong>Vijesti<\/strong><\/a><\/p>\n<!--YouTube Error: bad URL entered-->\n","protected":false},"excerpt":{"rendered":"<p>STAV Nekada se upore?ivalo vrijeme prije i poslije II svjetskog rata, zatim Titovo vrijeme i sada\u0161nje vrijeme. Ulcinjani najvi\u0161e upore?uju vrijeme prije zemljotresa 1979. i poslije njega do danas. Elem, Ulcinj je u svakom od ovih vremena bio zapostavljen od strane vlasti sa \u0161turim nezvani?nim obja\u0161njenjima da je rizi?no ulagati u grani?no podru?je. No i [&hellip;]<\/p>\n","protected":false},"author":1,"featured_media":0,"comment_status":"open","ping_status":"closed","sticky":false,"template":"","format":"standard","meta":{"spay_email":"","jetpack_publicize_message":"","jetpack_is_tweetstorm":false,"jetpack_publicize_feature_enabled":true},"categories":[8337],"tags":[10106,10102,2905,3536,10100,20,135,10103,10101,2109,1627,10105,295,19,10104,265],"jetpack_publicize_connections":[],"yoast_head":"<!-- This site is optimized with the Yoast SEO plugin v19.1 - https:\/\/yoast.com\/wordpress\/plugins\/seo\/ -->\n<title>D\u017eelal Hod\u017eic: Ulcinj - kako dalje - Lajme nga Ulqini<\/title>\n<meta name=\"description\" content=\"STAV Nekada se upore?ivalo vrijeme prije i poslije II svjetskog rata, zatim Titovo vrijeme i sada\u0161nje vrijeme. Ulcinjani najvi\u0161e upore?uju vrijeme prije\" \/>\n<meta name=\"robots\" content=\"index, follow, max-snippet:-1, max-image-preview:large, max-video-preview:-1\" \/>\n<link rel=\"canonical\" href=\"https:\/\/www.visit-ulcinj.com\/blog\/2009\/05\/08\/dzelal-hodzic-ulcinj-kako-dalje\/\" \/>\n<meta property=\"og:locale\" content=\"en_US\" \/>\n<meta property=\"og:type\" content=\"article\" \/>\n<meta property=\"og:title\" content=\"D\u017eelal Hod\u017eic: Ulcinj - kako dalje - Lajme nga Ulqini\" \/>\n<meta property=\"og:description\" content=\"STAV Nekada se upore?ivalo vrijeme prije i poslije II svjetskog rata, zatim Titovo vrijeme i sada\u0161nje vrijeme. Ulcinjani najvi\u0161e upore?uju vrijeme prije\" \/>\n<meta property=\"og:url\" content=\"https:\/\/www.visit-ulcinj.com\/blog\/2009\/05\/08\/dzelal-hodzic-ulcinj-kako-dalje\/\" \/>\n<meta property=\"og:site_name\" content=\"Lajme nga Ulqini\" \/>\n<meta property=\"article:published_time\" content=\"2009-05-08T17:55:01+00:00\" \/>\n<meta property=\"article:modified_time\" content=\"2010-10-08T16:37:35+00:00\" \/>\n<meta property=\"og:image\" content=\"http:\/\/www.visit-ulcinj.com\/blog\/wp-content\/uploads\/2009\/05\/dzelal-hodzic_nvo-zeleni-korak_ulcinj.jpg\" \/>\n<meta name=\"twitter:label1\" content=\"Written by\" \/>\n\t<meta name=\"twitter:data1\" content=\"ulqini\" \/>\n\t<meta name=\"twitter:label2\" content=\"Est. reading time\" \/>\n\t<meta name=\"twitter:data2\" content=\"3 minutes\" \/>\n<script type=\"application\/ld+json\" class=\"yoast-schema-graph\">{\"@context\":\"https:\/\/schema.org\",\"@graph\":[{\"@type\":\"WebSite\",\"@id\":\"https:\/\/www.visit-ulcinj.com\/blog\/#website\",\"url\":\"https:\/\/www.visit-ulcinj.com\/blog\/\",\"name\":\"Lajme nga Ulqini\",\"description\":\"Lajme,Vijesti,Ulqini,Ulqin,Crna Gora,Mali i Zi\",\"potentialAction\":[{\"@type\":\"SearchAction\",\"target\":{\"@type\":\"EntryPoint\",\"urlTemplate\":\"https:\/\/www.visit-ulcinj.com\/blog\/?s={search_term_string}\"},\"query-input\":\"required name=search_term_string\"}],\"inLanguage\":\"en-US\"},{\"@type\":\"ImageObject\",\"inLanguage\":\"en-US\",\"@id\":\"https:\/\/www.visit-ulcinj.com\/blog\/2009\/05\/08\/dzelal-hodzic-ulcinj-kako-dalje\/#primaryimage\",\"url\":\"https:\/\/www.visit-ulcinj.com\/blog\/wp-content\/uploads\/2009\/05\/dzelal-hodzic_nvo-zeleni-korak_ulcinj.jpg\",\"contentUrl\":\"https:\/\/www.visit-ulcinj.com\/blog\/wp-content\/uploads\/2009\/05\/dzelal-hodzic_nvo-zeleni-korak_ulcinj.jpg\",\"width\":\"550\",\"height\":\"538\",\"caption\":\"D\u017eelal Hod\u017ei? izvr\u0161ni direktor NVO Zeleni korak Ulcinj\"},{\"@type\":\"WebPage\",\"@id\":\"https:\/\/www.visit-ulcinj.com\/blog\/2009\/05\/08\/dzelal-hodzic-ulcinj-kako-dalje\/#webpage\",\"url\":\"https:\/\/www.visit-ulcinj.com\/blog\/2009\/05\/08\/dzelal-hodzic-ulcinj-kako-dalje\/\",\"name\":\"D\u017eelal Hod\u017eic: Ulcinj - kako dalje - Lajme nga Ulqini\",\"isPartOf\":{\"@id\":\"https:\/\/www.visit-ulcinj.com\/blog\/#website\"},\"primaryImageOfPage\":{\"@id\":\"https:\/\/www.visit-ulcinj.com\/blog\/2009\/05\/08\/dzelal-hodzic-ulcinj-kako-dalje\/#primaryimage\"},\"datePublished\":\"2009-05-08T17:55:01+00:00\",\"dateModified\":\"2010-10-08T16:37:35+00:00\",\"author\":{\"@id\":\"https:\/\/www.visit-ulcinj.com\/blog\/#\/schema\/person\/dcab619c614d3038751c63bc2aadc06d\"},\"description\":\"STAV Nekada se upore?ivalo vrijeme prije i poslije II svjetskog rata, zatim Titovo vrijeme i sada\u0161nje vrijeme. Ulcinjani najvi\u0161e upore?uju vrijeme prije\",\"breadcrumb\":{\"@id\":\"https:\/\/www.visit-ulcinj.com\/blog\/2009\/05\/08\/dzelal-hodzic-ulcinj-kako-dalje\/#breadcrumb\"},\"inLanguage\":\"en-US\",\"potentialAction\":[{\"@type\":\"ReadAction\",\"target\":[\"https:\/\/www.visit-ulcinj.com\/blog\/2009\/05\/08\/dzelal-hodzic-ulcinj-kako-dalje\/\"]}]},{\"@type\":\"BreadcrumbList\",\"@id\":\"https:\/\/www.visit-ulcinj.com\/blog\/2009\/05\/08\/dzelal-hodzic-ulcinj-kako-dalje\/#breadcrumb\",\"itemListElement\":[{\"@type\":\"ListItem\",\"position\":1,\"name\":\"D\u017eelal Hod\u017eic: Ulcinj &#8211; kako dalje\"}]},{\"@type\":\"Person\",\"@id\":\"https:\/\/www.visit-ulcinj.com\/blog\/#\/schema\/person\/dcab619c614d3038751c63bc2aadc06d\",\"name\":\"ulqini\",\"sameAs\":[\"http:\/\/www.visit-ulcinj.com\"],\"url\":\"https:\/\/www.visit-ulcinj.com\/blog\/author\/admin\/\"}]}<\/script>\n<!-- \/ Yoast SEO plugin. -->","yoast_head_json":{"title":"D\u017eelal Hod\u017eic: Ulcinj - kako dalje - Lajme nga Ulqini","description":"STAV Nekada se upore?ivalo vrijeme prije i poslije II svjetskog rata, zatim Titovo vrijeme i sada\u0161nje vrijeme. Ulcinjani najvi\u0161e upore?uju vrijeme prije","robots":{"index":"index","follow":"follow","max-snippet":"max-snippet:-1","max-image-preview":"max-image-preview:large","max-video-preview":"max-video-preview:-1"},"canonical":"https:\/\/www.visit-ulcinj.com\/blog\/2009\/05\/08\/dzelal-hodzic-ulcinj-kako-dalje\/","og_locale":"en_US","og_type":"article","og_title":"D\u017eelal Hod\u017eic: Ulcinj - kako dalje - Lajme nga Ulqini","og_description":"STAV Nekada se upore?ivalo vrijeme prije i poslije II svjetskog rata, zatim Titovo vrijeme i sada\u0161nje vrijeme. Ulcinjani najvi\u0161e upore?uju vrijeme prije","og_url":"https:\/\/www.visit-ulcinj.com\/blog\/2009\/05\/08\/dzelal-hodzic-ulcinj-kako-dalje\/","og_site_name":"Lajme nga Ulqini","article_published_time":"2009-05-08T17:55:01+00:00","article_modified_time":"2010-10-08T16:37:35+00:00","og_image":[{"url":"http:\/\/www.visit-ulcinj.com\/blog\/wp-content\/uploads\/2009\/05\/dzelal-hodzic_nvo-zeleni-korak_ulcinj.jpg"}],"twitter_misc":{"Written by":"ulqini","Est. reading time":"3 minutes"},"schema":{"@context":"https:\/\/schema.org","@graph":[{"@type":"WebSite","@id":"https:\/\/www.visit-ulcinj.com\/blog\/#website","url":"https:\/\/www.visit-ulcinj.com\/blog\/","name":"Lajme nga Ulqini","description":"Lajme,Vijesti,Ulqini,Ulqin,Crna Gora,Mali i Zi","potentialAction":[{"@type":"SearchAction","target":{"@type":"EntryPoint","urlTemplate":"https:\/\/www.visit-ulcinj.com\/blog\/?s={search_term_string}"},"query-input":"required name=search_term_string"}],"inLanguage":"en-US"},{"@type":"ImageObject","inLanguage":"en-US","@id":"https:\/\/www.visit-ulcinj.com\/blog\/2009\/05\/08\/dzelal-hodzic-ulcinj-kako-dalje\/#primaryimage","url":"https:\/\/www.visit-ulcinj.com\/blog\/wp-content\/uploads\/2009\/05\/dzelal-hodzic_nvo-zeleni-korak_ulcinj.jpg","contentUrl":"https:\/\/www.visit-ulcinj.com\/blog\/wp-content\/uploads\/2009\/05\/dzelal-hodzic_nvo-zeleni-korak_ulcinj.jpg","width":"550","height":"538","caption":"D\u017eelal Hod\u017ei? izvr\u0161ni direktor NVO Zeleni korak Ulcinj"},{"@type":"WebPage","@id":"https:\/\/www.visit-ulcinj.com\/blog\/2009\/05\/08\/dzelal-hodzic-ulcinj-kako-dalje\/#webpage","url":"https:\/\/www.visit-ulcinj.com\/blog\/2009\/05\/08\/dzelal-hodzic-ulcinj-kako-dalje\/","name":"D\u017eelal Hod\u017eic: Ulcinj - kako dalje - Lajme nga Ulqini","isPartOf":{"@id":"https:\/\/www.visit-ulcinj.com\/blog\/#website"},"primaryImageOfPage":{"@id":"https:\/\/www.visit-ulcinj.com\/blog\/2009\/05\/08\/dzelal-hodzic-ulcinj-kako-dalje\/#primaryimage"},"datePublished":"2009-05-08T17:55:01+00:00","dateModified":"2010-10-08T16:37:35+00:00","author":{"@id":"https:\/\/www.visit-ulcinj.com\/blog\/#\/schema\/person\/dcab619c614d3038751c63bc2aadc06d"},"description":"STAV Nekada se upore?ivalo vrijeme prije i poslije II svjetskog rata, zatim Titovo vrijeme i sada\u0161nje vrijeme. Ulcinjani najvi\u0161e upore?uju vrijeme prije","breadcrumb":{"@id":"https:\/\/www.visit-ulcinj.com\/blog\/2009\/05\/08\/dzelal-hodzic-ulcinj-kako-dalje\/#breadcrumb"},"inLanguage":"en-US","potentialAction":[{"@type":"ReadAction","target":["https:\/\/www.visit-ulcinj.com\/blog\/2009\/05\/08\/dzelal-hodzic-ulcinj-kako-dalje\/"]}]},{"@type":"BreadcrumbList","@id":"https:\/\/www.visit-ulcinj.com\/blog\/2009\/05\/08\/dzelal-hodzic-ulcinj-kako-dalje\/#breadcrumb","itemListElement":[{"@type":"ListItem","position":1,"name":"D\u017eelal Hod\u017eic: Ulcinj &#8211; kako dalje"}]},{"@type":"Person","@id":"https:\/\/www.visit-ulcinj.com\/blog\/#\/schema\/person\/dcab619c614d3038751c63bc2aadc06d","name":"ulqini","sameAs":["http:\/\/www.visit-ulcinj.com"],"url":"https:\/\/www.visit-ulcinj.com\/blog\/author\/admin\/"}]}},"jetpack_featured_media_url":"","jetpack_sharing_enabled":true,"jetpack_shortlink":"https:\/\/wp.me\/pe6lTn-5mc","_links":{"self":[{"href":"https:\/\/www.visit-ulcinj.com\/blog\/wp-json\/wp\/v2\/posts\/20596"}],"collection":[{"href":"https:\/\/www.visit-ulcinj.com\/blog\/wp-json\/wp\/v2\/posts"}],"about":[{"href":"https:\/\/www.visit-ulcinj.com\/blog\/wp-json\/wp\/v2\/types\/post"}],"author":[{"embeddable":true,"href":"https:\/\/www.visit-ulcinj.com\/blog\/wp-json\/wp\/v2\/users\/1"}],"replies":[{"embeddable":true,"href":"https:\/\/www.visit-ulcinj.com\/blog\/wp-json\/wp\/v2\/comments?post=20596"}],"version-history":[{"count":0,"href":"https:\/\/www.visit-ulcinj.com\/blog\/wp-json\/wp\/v2\/posts\/20596\/revisions"}],"wp:attachment":[{"href":"https:\/\/www.visit-ulcinj.com\/blog\/wp-json\/wp\/v2\/media?parent=20596"}],"wp:term":[{"taxonomy":"category","embeddable":true,"href":"https:\/\/www.visit-ulcinj.com\/blog\/wp-json\/wp\/v2\/categories?post=20596"},{"taxonomy":"post_tag","embeddable":true,"href":"https:\/\/www.visit-ulcinj.com\/blog\/wp-json\/wp\/v2\/tags?post=20596"}],"curies":[{"name":"wp","href":"https:\/\/api.w.org\/{rel}","templated":true}]}}