{"id":20599,"date":"2009-05-08T20:14:29","date_gmt":"2009-05-08T18:14:29","guid":{"rendered":"http:\/\/www.visit-ulcinj.com\/blog\/?p=20599"},"modified":"2009-08-29T12:41:51","modified_gmt":"2009-08-29T10:41:51","slug":"predstavljena-turisticka-ponuda-crne-gore-u-tuzli","status":"publish","type":"post","link":"https:\/\/www.visit-ulcinj.com\/blog\/2009\/05\/08\/predstavljena-turisticka-ponuda-crne-gore-u-tuzli\/","title":{"rendered":"Predstavljena turisti?ka ponuda Crne Gore u Tuzli"},"content":{"rendered":"<p><a href=\"http:\/\/www.visit-ulcinj.com\/blog\/wp-content\/uploads\/2009\/05\/velika-plaza_ulcinj_crna-gora.jpg\"><img loading=\"lazy\" class=\"alignleft size-full wp-image-20600\" title=\"velika-plaza_ulcinj_crna-gora\" src=\"http:\/\/www.visit-ulcinj.com\/blog\/wp-content\/uploads\/2009\/05\/velika-plaza_ulcinj_crna-gora.jpg\" alt=\"velika-plaza_ulcinj_crna-gora\" width=\"570\" height=\"375\" \/><\/a>Tuzla, 7. maja &#8211; Nakon sve?anog otvaranja predstavni\u0161tva NTO Crne Gore u Sarajevu i prezentacije turisti?ke ponude u hotelu \u201eHolliday Inn\u201c, koje su imale pozitivan odjek u svim zna?ajnijim medijima Bosne i Hercegovine, danas je nastavljena kampanja Road Shonj 2009. na Sajmu turizma u Lukavcu, Kanton Tuzla.<br \/>\nPrvog dana Sajma turizma u Lukavcu, NTO Crne Gore je sa Turisti?kom organizacijom Herceg Novog, odr\u017eala prezentaciju turisti?ke ponude za ovu sezonu. O turisti?koj ponudi i turisti?kom proizvodu, kao i o aktivnostima i mjerama koje su preduzeli Ministarstvo turizma i za\u0161tite \u017eivotne sredine, turisti?ka privreda i NTO Crne Gore na pripremi \u0161to uspje\u0161nije ljetnje sezone, imaju?i u vidu uticaj globalne ekonomske krize, prisutne na svim tr\u017ei\u0161tima, govorili su Ljiljana ?uki?, menad\u017eer u NTO Crne Gore, Bogdan Ko?etanovi?, direktor TO Herceg Novi i Faruk ?aluk, direktor novootvorenog predstavni\u0161tva NTO CG u Sarajevu. Od strane turisti?ke privrede prezentaciji su prisustvovali predstavnici HTP \u201eUlcinjska rivijera\u201c iz Ulcinja.<br \/>\nNakon prezentacije uprili?en je koktel sa crnogorskim specijalitetima, na kojem je prisustvovalo oko 30 zvanica, predstavnika Turisti?ke organizacije tuzlanskog kantona, privrede grada Lukavca i Tuzle, predstavnici turisti?kih agencija iz tuzlanskog kantona i predstavnici medija.<br \/>\nNovinari su, postavljaju?i brojna pitanja i u posebnim intervijuima za svoj informativni program, pokazali najve?e interesovanje za aktuelne cijene za ovogodi\u0161nju sezonu, grani?ne prelaze i putnu infrastrukturu, turisti?ke manifestacije, itd. Nakon ove prezentacije u Lukavcu-Tuzla, kampanja Road Shonj 2009. se nastavlja sjutra prezentacijom u Banja Luci&#8230;<\/p>\n<p><strong>N. P.<br \/>\n<a href=\"http:\/\/www.pobjeda.co.me\/citanje.php?datum=2009-05-08&amp;id=163657\" target=\"_blank\">Pobjeda<\/a><\/strong><\/p>\n<p><strong>Email: <a href=\"mailto:lajmengaulqini@gmail.com\" target=\"_blank\">info.ulcinj@gmail.com<\/a><br \/>\n<\/strong><\/p>\n<!-- vimeo error: not a vimeo video -->\n","protected":false},"excerpt":{"rendered":"<p>Tuzla, 7. maja &#8211; Nakon sve?anog otvaranja predstavni\u0161tva NTO Crne Gore u Sarajevu i prezentacije turisti?ke ponude u hotelu \u201eHolliday Inn\u201c, koje su imale pozitivan odjek u svim zna?ajnijim medijima Bosne i Hercegovine, danas je nastavljena kampanja Road Shonj 2009. na Sajmu turizma u Lukavcu, Kanton Tuzla. Prvog dana Sajma turizma u Lukavcu, NTO Crne [&hellip;]<\/p>\n","protected":false},"author":1,"featured_media":0,"comment_status":"open","ping_status":"closed","sticky":false,"template":"","format":"standard","meta":{"spay_email":"","jetpack_publicize_message":"","jetpack_is_tweetstorm":false,"jetpack_publicize_feature_enabled":true},"categories":[15],"tags":[90,10110,10109,10111,10107,10108,849],"jetpack_publicize_connections":[],"yoast_head":"<!-- This site is optimized with the Yoast SEO plugin v19.1 - https:\/\/yoast.com\/wordpress\/plugins\/seo\/ -->\n<title>Predstavljena turisti?ka ponuda Crne Gore u Tuzli - Lajme nga Ulqini<\/title>\n<meta name=\"description\" content=\"Tuzla, 7. maja - Nakon sve?anog otvaranja predstavni\u0161tva NTO Crne Gore u Sarajevu i prezentacije turisti?ke ponude u hotelu \u201eHolliday Inn\u201c, koje su imale\" \/>\n<meta name=\"robots\" content=\"index, follow, max-snippet:-1, max-image-preview:large, max-video-preview:-1\" \/>\n<link rel=\"canonical\" href=\"https:\/\/www.visit-ulcinj.com\/blog\/2009\/05\/08\/predstavljena-turisticka-ponuda-crne-gore-u-tuzli\/\" \/>\n<meta property=\"og:locale\" content=\"en_US\" \/>\n<meta property=\"og:type\" content=\"article\" \/>\n<meta property=\"og:title\" content=\"Predstavljena turisti?ka ponuda Crne Gore u Tuzli - Lajme nga Ulqini\" \/>\n<meta property=\"og:description\" content=\"Tuzla, 7. maja - Nakon sve?anog otvaranja predstavni\u0161tva NTO Crne Gore u Sarajevu i prezentacije turisti?ke ponude u hotelu \u201eHolliday Inn\u201c, koje su imale\" \/>\n<meta property=\"og:url\" content=\"https:\/\/www.visit-ulcinj.com\/blog\/2009\/05\/08\/predstavljena-turisticka-ponuda-crne-gore-u-tuzli\/\" \/>\n<meta property=\"og:site_name\" content=\"Lajme nga Ulqini\" \/>\n<meta property=\"article:published_time\" content=\"2009-05-08T18:14:29+00:00\" \/>\n<meta property=\"article:modified_time\" content=\"2009-08-29T10:41:51+00:00\" \/>\n<meta property=\"og:image\" content=\"http:\/\/www.visit-ulcinj.com\/blog\/wp-content\/uploads\/2009\/05\/velika-plaza_ulcinj_crna-gora.jpg\" \/>\n<meta name=\"twitter:label1\" content=\"Written by\" \/>\n\t<meta name=\"twitter:data1\" content=\"ulqini\" \/>\n\t<meta name=\"twitter:label2\" content=\"Est. reading time\" \/>\n\t<meta name=\"twitter:data2\" content=\"1 minute\" \/>\n<script type=\"application\/ld+json\" class=\"yoast-schema-graph\">{\"@context\":\"https:\/\/schema.org\",\"@graph\":[{\"@type\":\"WebSite\",\"@id\":\"https:\/\/www.visit-ulcinj.com\/blog\/#website\",\"url\":\"https:\/\/www.visit-ulcinj.com\/blog\/\",\"name\":\"Lajme nga Ulqini\",\"description\":\"Lajme,Vijesti,Ulqini,Ulqin,Crna Gora,Mali i Zi\",\"potentialAction\":[{\"@type\":\"SearchAction\",\"target\":{\"@type\":\"EntryPoint\",\"urlTemplate\":\"https:\/\/www.visit-ulcinj.com\/blog\/?s={search_term_string}\"},\"query-input\":\"required name=search_term_string\"}],\"inLanguage\":\"en-US\"},{\"@type\":\"ImageObject\",\"inLanguage\":\"en-US\",\"@id\":\"https:\/\/www.visit-ulcinj.com\/blog\/2009\/05\/08\/predstavljena-turisticka-ponuda-crne-gore-u-tuzli\/#primaryimage\",\"url\":\"https:\/\/www.visit-ulcinj.com\/blog\/wp-content\/uploads\/2009\/05\/velika-plaza_ulcinj_crna-gora.jpg\",\"contentUrl\":\"https:\/\/www.visit-ulcinj.com\/blog\/wp-content\/uploads\/2009\/05\/velika-plaza_ulcinj_crna-gora.jpg\",\"width\":\"500\",\"height\":\"375\"},{\"@type\":\"WebPage\",\"@id\":\"https:\/\/www.visit-ulcinj.com\/blog\/2009\/05\/08\/predstavljena-turisticka-ponuda-crne-gore-u-tuzli\/#webpage\",\"url\":\"https:\/\/www.visit-ulcinj.com\/blog\/2009\/05\/08\/predstavljena-turisticka-ponuda-crne-gore-u-tuzli\/\",\"name\":\"Predstavljena turisti?ka ponuda Crne Gore u Tuzli - Lajme nga Ulqini\",\"isPartOf\":{\"@id\":\"https:\/\/www.visit-ulcinj.com\/blog\/#website\"},\"primaryImageOfPage\":{\"@id\":\"https:\/\/www.visit-ulcinj.com\/blog\/2009\/05\/08\/predstavljena-turisticka-ponuda-crne-gore-u-tuzli\/#primaryimage\"},\"datePublished\":\"2009-05-08T18:14:29+00:00\",\"dateModified\":\"2009-08-29T10:41:51+00:00\",\"author\":{\"@id\":\"https:\/\/www.visit-ulcinj.com\/blog\/#\/schema\/person\/dcab619c614d3038751c63bc2aadc06d\"},\"description\":\"Tuzla, 7. maja - Nakon sve?anog otvaranja predstavni\u0161tva NTO Crne Gore u Sarajevu i prezentacije turisti?ke ponude u hotelu \u201eHolliday Inn\u201c, koje su imale\",\"breadcrumb\":{\"@id\":\"https:\/\/www.visit-ulcinj.com\/blog\/2009\/05\/08\/predstavljena-turisticka-ponuda-crne-gore-u-tuzli\/#breadcrumb\"},\"inLanguage\":\"en-US\",\"potentialAction\":[{\"@type\":\"ReadAction\",\"target\":[\"https:\/\/www.visit-ulcinj.com\/blog\/2009\/05\/08\/predstavljena-turisticka-ponuda-crne-gore-u-tuzli\/\"]}]},{\"@type\":\"BreadcrumbList\",\"@id\":\"https:\/\/www.visit-ulcinj.com\/blog\/2009\/05\/08\/predstavljena-turisticka-ponuda-crne-gore-u-tuzli\/#breadcrumb\",\"itemListElement\":[{\"@type\":\"ListItem\",\"position\":1,\"name\":\"Predstavljena turisti?ka ponuda Crne Gore u Tuzli\"}]},{\"@type\":\"Person\",\"@id\":\"https:\/\/www.visit-ulcinj.com\/blog\/#\/schema\/person\/dcab619c614d3038751c63bc2aadc06d\",\"name\":\"ulqini\",\"sameAs\":[\"http:\/\/www.visit-ulcinj.com\"],\"url\":\"https:\/\/www.visit-ulcinj.com\/blog\/author\/admin\/\"}]}<\/script>\n<!-- \/ Yoast SEO plugin. -->","yoast_head_json":{"title":"Predstavljena turisti?ka ponuda Crne Gore u Tuzli - Lajme nga Ulqini","description":"Tuzla, 7. maja - Nakon sve?anog otvaranja predstavni\u0161tva NTO Crne Gore u Sarajevu i prezentacije turisti?ke ponude u hotelu \u201eHolliday Inn\u201c, koje su imale","robots":{"index":"index","follow":"follow","max-snippet":"max-snippet:-1","max-image-preview":"max-image-preview:large","max-video-preview":"max-video-preview:-1"},"canonical":"https:\/\/www.visit-ulcinj.com\/blog\/2009\/05\/08\/predstavljena-turisticka-ponuda-crne-gore-u-tuzli\/","og_locale":"en_US","og_type":"article","og_title":"Predstavljena turisti?ka ponuda Crne Gore u Tuzli - Lajme nga Ulqini","og_description":"Tuzla, 7. maja - Nakon sve?anog otvaranja predstavni\u0161tva NTO Crne Gore u Sarajevu i prezentacije turisti?ke ponude u hotelu \u201eHolliday Inn\u201c, koje su imale","og_url":"https:\/\/www.visit-ulcinj.com\/blog\/2009\/05\/08\/predstavljena-turisticka-ponuda-crne-gore-u-tuzli\/","og_site_name":"Lajme nga Ulqini","article_published_time":"2009-05-08T18:14:29+00:00","article_modified_time":"2009-08-29T10:41:51+00:00","og_image":[{"url":"http:\/\/www.visit-ulcinj.com\/blog\/wp-content\/uploads\/2009\/05\/velika-plaza_ulcinj_crna-gora.jpg"}],"twitter_misc":{"Written by":"ulqini","Est. reading time":"1 minute"},"schema":{"@context":"https:\/\/schema.org","@graph":[{"@type":"WebSite","@id":"https:\/\/www.visit-ulcinj.com\/blog\/#website","url":"https:\/\/www.visit-ulcinj.com\/blog\/","name":"Lajme nga Ulqini","description":"Lajme,Vijesti,Ulqini,Ulqin,Crna Gora,Mali i Zi","potentialAction":[{"@type":"SearchAction","target":{"@type":"EntryPoint","urlTemplate":"https:\/\/www.visit-ulcinj.com\/blog\/?s={search_term_string}"},"query-input":"required name=search_term_string"}],"inLanguage":"en-US"},{"@type":"ImageObject","inLanguage":"en-US","@id":"https:\/\/www.visit-ulcinj.com\/blog\/2009\/05\/08\/predstavljena-turisticka-ponuda-crne-gore-u-tuzli\/#primaryimage","url":"https:\/\/www.visit-ulcinj.com\/blog\/wp-content\/uploads\/2009\/05\/velika-plaza_ulcinj_crna-gora.jpg","contentUrl":"https:\/\/www.visit-ulcinj.com\/blog\/wp-content\/uploads\/2009\/05\/velika-plaza_ulcinj_crna-gora.jpg","width":"500","height":"375"},{"@type":"WebPage","@id":"https:\/\/www.visit-ulcinj.com\/blog\/2009\/05\/08\/predstavljena-turisticka-ponuda-crne-gore-u-tuzli\/#webpage","url":"https:\/\/www.visit-ulcinj.com\/blog\/2009\/05\/08\/predstavljena-turisticka-ponuda-crne-gore-u-tuzli\/","name":"Predstavljena turisti?ka ponuda Crne Gore u Tuzli - Lajme nga Ulqini","isPartOf":{"@id":"https:\/\/www.visit-ulcinj.com\/blog\/#website"},"primaryImageOfPage":{"@id":"https:\/\/www.visit-ulcinj.com\/blog\/2009\/05\/08\/predstavljena-turisticka-ponuda-crne-gore-u-tuzli\/#primaryimage"},"datePublished":"2009-05-08T18:14:29+00:00","dateModified":"2009-08-29T10:41:51+00:00","author":{"@id":"https:\/\/www.visit-ulcinj.com\/blog\/#\/schema\/person\/dcab619c614d3038751c63bc2aadc06d"},"description":"Tuzla, 7. maja - Nakon sve?anog otvaranja predstavni\u0161tva NTO Crne Gore u Sarajevu i prezentacije turisti?ke ponude u hotelu \u201eHolliday Inn\u201c, koje su imale","breadcrumb":{"@id":"https:\/\/www.visit-ulcinj.com\/blog\/2009\/05\/08\/predstavljena-turisticka-ponuda-crne-gore-u-tuzli\/#breadcrumb"},"inLanguage":"en-US","potentialAction":[{"@type":"ReadAction","target":["https:\/\/www.visit-ulcinj.com\/blog\/2009\/05\/08\/predstavljena-turisticka-ponuda-crne-gore-u-tuzli\/"]}]},{"@type":"BreadcrumbList","@id":"https:\/\/www.visit-ulcinj.com\/blog\/2009\/05\/08\/predstavljena-turisticka-ponuda-crne-gore-u-tuzli\/#breadcrumb","itemListElement":[{"@type":"ListItem","position":1,"name":"Predstavljena turisti?ka ponuda Crne Gore u Tuzli"}]},{"@type":"Person","@id":"https:\/\/www.visit-ulcinj.com\/blog\/#\/schema\/person\/dcab619c614d3038751c63bc2aadc06d","name":"ulqini","sameAs":["http:\/\/www.visit-ulcinj.com"],"url":"https:\/\/www.visit-ulcinj.com\/blog\/author\/admin\/"}]}},"jetpack_featured_media_url":"","jetpack_sharing_enabled":true,"jetpack_shortlink":"https:\/\/wp.me\/pe6lTn-5mf","_links":{"self":[{"href":"https:\/\/www.visit-ulcinj.com\/blog\/wp-json\/wp\/v2\/posts\/20599"}],"collection":[{"href":"https:\/\/www.visit-ulcinj.com\/blog\/wp-json\/wp\/v2\/posts"}],"about":[{"href":"https:\/\/www.visit-ulcinj.com\/blog\/wp-json\/wp\/v2\/types\/post"}],"author":[{"embeddable":true,"href":"https:\/\/www.visit-ulcinj.com\/blog\/wp-json\/wp\/v2\/users\/1"}],"replies":[{"embeddable":true,"href":"https:\/\/www.visit-ulcinj.com\/blog\/wp-json\/wp\/v2\/comments?post=20599"}],"version-history":[{"count":0,"href":"https:\/\/www.visit-ulcinj.com\/blog\/wp-json\/wp\/v2\/posts\/20599\/revisions"}],"wp:attachment":[{"href":"https:\/\/www.visit-ulcinj.com\/blog\/wp-json\/wp\/v2\/media?parent=20599"}],"wp:term":[{"taxonomy":"category","embeddable":true,"href":"https:\/\/www.visit-ulcinj.com\/blog\/wp-json\/wp\/v2\/categories?post=20599"},{"taxonomy":"post_tag","embeddable":true,"href":"https:\/\/www.visit-ulcinj.com\/blog\/wp-json\/wp\/v2\/tags?post=20599"}],"curies":[{"name":"wp","href":"https:\/\/api.w.org\/{rel}","templated":true}]}}