{"id":20612,"date":"2009-05-09T12:15:55","date_gmt":"2009-05-09T10:15:55","guid":{"rendered":"http:\/\/www.visit-ulcinj.com\/blog\/?p=20612"},"modified":"2009-05-09T11:36:38","modified_gmt":"2009-05-09T09:36:38","slug":"goni-adela-sipas-meje","status":"publish","type":"post","link":"https:\/\/www.visit-ulcinj.com\/blog\/2009\/05\/09\/goni-adela-sipas-meje\/","title":{"rendered":"Goni: Adela, sipas meje"},"content":{"rendered":"<p><strong><a href=\"http:\/\/www.visit-ulcinj.com\/blog\/wp-content\/uploads\/2009\/05\/goni.jpg\"><img loading=\"lazy\" class=\"alignleft size-full wp-image-20613\" title=\"goni-big-brother-albania-2-live\" src=\"http:\/\/www.visit-ulcinj.com\/blog\/wp-content\/uploads\/2009\/05\/goni.jpg\" alt=\"goni-big-brother-albania-2-live\" width=\"223\" height=\"300\" \/><\/a>J<\/strong><strong>eni shprehur n\u00eb shtyp se Adela ju ka tradhtuar&#8230;<\/strong><\/p>\n<p>Kur m\u00eb \u00ebsht\u00eb b\u00ebr\u00eb pyetja, kam th\u00ebn\u00eb q\u00eb nuk merrem me thashethemet e njer\u00ebzve dhe k\u00ebt\u00eb e kan\u00eb nxjerr\u00eb shoqet e Adel\u00ebs pasi ajo ka hyr\u00eb n\u00eb &#8220;Big Brother&#8221;, dhe ndoshta e kan\u00eb th\u00ebn\u00eb nga inati. Adela nuk m\u00eb ka l\u00ebn\u00eb t\u00eb kuptoj se m\u00eb ka tradhtuar. K\u00ebshtu q\u00eb p\u00ebr mua nuk \u00ebsht\u00eb e v\u00ebrtet\u00eb.<\/p>\n<p><strong>Pra, gjat\u00eb lidhjes suaj me Adel\u00ebn, ajo nuk ju ka tradhtuar?<\/strong><\/p>\n<p>Jo, nuk ma merr mendja. Jam i bindur q\u00eb nuk m\u00eb ka tradhtuar.<\/p>\n<p><strong>Kur d\u00ebgjuat fjal\u00ebt q\u00eb u hap\u00ebn, \u00e7far\u00eb menduat?<\/strong><\/p>\n<p>Nuk u l\u00ebkunda, i mora si thashetheme.<\/p>\n<p><strong>Si e njihni ju Adel\u00ebn?<\/strong><\/p>\n<p>Nuk m\u00eb takon mua t\u00eb flas m\u00eb p\u00ebr Adel\u00ebn. Sinqerisht nuk kam m\u00eb asnj\u00eb lidhje me Adel\u00ebn, por ajo \u00ebsht\u00eb tipi q\u00eb \u00ebsht\u00eb. \u00cbsht\u00eb vajz\u00eb shum\u00eb e mir\u00eb dhe e qet\u00eb.<\/p>\n<p><strong>Jemi af\u00ebr finales s\u00eb nj\u00eb gare. \u00c7far\u00eb i uroni Adel\u00ebs?<\/strong><\/p>\n<p>I uroj Adel\u00ebs q\u00eb ta fitoj\u00eb &#8220;Big Brother&#8221;-in dhe k\u00ebt\u00eb e them me gjith\u00eb zem\u00ebr. Do m\u00eb b\u00ebhej qejfi po ta fitonte.<\/p>\n<p><strong>Jan\u00eb shkruar shum\u00eb gj\u00ebra p\u00ebr ju n\u00eb gazeta. \u00c7far\u00eb nuk \u00ebsht\u00eb e v\u00ebrtet\u00eb?<\/strong><\/p>\n<p>E pav\u00ebrtet\u00eb \u00ebsht\u00eb q\u00eb un\u00eb jam ndar\u00eb me gjyq nga Adela, por ne kemi qen\u00eb vet\u00ebm t\u00eb fejuar dhe t\u00eb pacelebruar. T\u00eb pav\u00ebrteta jan\u00eb edhe shum\u00eb t\u00eb tjera si: q\u00eb jam lidhur me nj\u00eb vajz\u00eb tjet\u00ebr, q\u00eb kam l\u00ebn\u00eb pun\u00ebn dhe q\u00eb kam qen\u00eb n\u00eb spital, por edhe gj\u00ebra t\u00eb tjera t\u00eb cilat nuk m\u00eb kujtohen. T\u00eb them t\u00eb drejt\u00ebn, nuk kam m\u00eb besim te gazetat.<\/p>\n","protected":false},"excerpt":{"rendered":"<p>Jeni shprehur n\u00eb shtyp se Adela ju ka tradhtuar&#8230; Kur m\u00eb \u00ebsht\u00eb b\u00ebr\u00eb pyetja, kam th\u00ebn\u00eb q\u00eb nuk merrem me thashethemet e njer\u00ebzve dhe k\u00ebt\u00eb e kan\u00eb nxjerr\u00eb shoqet e Adel\u00ebs pasi ajo ka hyr\u00eb n\u00eb &#8220;Big Brother&#8221;, dhe ndoshta e kan\u00eb th\u00ebn\u00eb nga inati. Adela nuk m\u00eb ka l\u00ebn\u00eb t\u00eb kuptoj se m\u00eb ka [&hellip;]<\/p>\n","protected":false},"author":1,"featured_media":0,"comment_status":"open","ping_status":"closed","sticky":false,"template":"","format":"standard","meta":{"spay_email":"","jetpack_publicize_message":"","jetpack_is_tweetstorm":false,"jetpack_publicize_feature_enabled":true},"categories":[6502],"tags":[6529,9121,6522,10113,9751,10114],"jetpack_publicize_connections":[],"yoast_head":"<!-- This site is optimized with the Yoast SEO plugin v19.1 - https:\/\/yoast.com\/wordpress\/plugins\/seo\/ -->\n<title>Goni: Adela, sipas meje | Big Brother Albania 2<\/title>\n<meta name=\"description\" content=\"Big Brother Albania 2 - Kur m\u00c3\u00ab \u00c3\u00absht\u00c3\u00ab b\u00c3\u00abr\u00c3\u00ab pyetja, kam th\u00c3\u00abn\u00c3\u00ab q\u00c3\u00ab nuk merrem me thashethemet e njer\u00c3\u00abzve dhe k\u00c3\u00abt\u00c3\u00ab e kan\u00c3\u00ab nxjerr\u00c3\u00ab shoqet e Adel\u00c3\u00abs pasi ajo ka hyr\u00c3\u00ab n\u00c3\u00ab &quot;Big Brother&quot;, dhe ndoshta e kan\u00c3\u00ab th\u00c3\u00abn\u00c3\u00ab nga inati. Adela nuk m\u00c3\u00ab ka l\u00c3\u00abn\u00c3\u00ab t\u00c3\u00ab kuptoj se m\u00c3\u00ab ka tradhtuar. K\u00c3\u00abshtu q\u00c3\u00ab p\u00c3\u00abr mua nuk \u00c3\u00absht\u00c3\u00ab e v\u00c3\u00abrtet\u00c3\u00ab.\" \/>\n<meta name=\"robots\" content=\"index, follow, max-snippet:-1, max-image-preview:large, max-video-preview:-1\" \/>\n<link rel=\"canonical\" href=\"https:\/\/www.visit-ulcinj.com\/blog\/2009\/05\/09\/goni-adela-sipas-meje\/\" \/>\n<meta property=\"og:locale\" content=\"en_US\" \/>\n<meta property=\"og:type\" content=\"article\" \/>\n<meta property=\"og:title\" content=\"Goni: Adela, sipas meje | Big Brother Albania 2\" \/>\n<meta property=\"og:description\" content=\"Big Brother Albania 2 - Kur m\u00c3\u00ab \u00c3\u00absht\u00c3\u00ab b\u00c3\u00abr\u00c3\u00ab pyetja, kam th\u00c3\u00abn\u00c3\u00ab q\u00c3\u00ab nuk merrem me thashethemet e njer\u00c3\u00abzve dhe k\u00c3\u00abt\u00c3\u00ab e kan\u00c3\u00ab nxjerr\u00c3\u00ab shoqet e Adel\u00c3\u00abs pasi ajo ka hyr\u00c3\u00ab n\u00c3\u00ab &quot;Big Brother&quot;, dhe ndoshta e kan\u00c3\u00ab th\u00c3\u00abn\u00c3\u00ab nga inati. Adela nuk m\u00c3\u00ab ka l\u00c3\u00abn\u00c3\u00ab t\u00c3\u00ab kuptoj se m\u00c3\u00ab ka tradhtuar. K\u00c3\u00abshtu q\u00c3\u00ab p\u00c3\u00abr mua nuk \u00c3\u00absht\u00c3\u00ab e v\u00c3\u00abrtet\u00c3\u00ab.\" \/>\n<meta property=\"og:url\" content=\"https:\/\/www.visit-ulcinj.com\/blog\/2009\/05\/09\/goni-adela-sipas-meje\/\" \/>\n<meta property=\"og:site_name\" content=\"Lajme nga Ulqini\" \/>\n<meta property=\"article:published_time\" content=\"2009-05-09T10:15:55+00:00\" \/>\n<meta property=\"article:modified_time\" content=\"2009-05-09T09:36:38+00:00\" \/>\n<meta property=\"og:image\" content=\"http:\/\/www.visit-ulcinj.com\/blog\/wp-content\/uploads\/2009\/05\/goni.jpg\" \/>\n<meta name=\"twitter:label1\" content=\"Written by\" \/>\n\t<meta name=\"twitter:data1\" content=\"ulqini\" \/>\n\t<meta name=\"twitter:label2\" content=\"Est. reading time\" \/>\n\t<meta name=\"twitter:data2\" content=\"1 minute\" \/>\n<script type=\"application\/ld+json\" class=\"yoast-schema-graph\">{\"@context\":\"https:\/\/schema.org\",\"@graph\":[{\"@type\":\"WebSite\",\"@id\":\"https:\/\/www.visit-ulcinj.com\/blog\/#website\",\"url\":\"https:\/\/www.visit-ulcinj.com\/blog\/\",\"name\":\"Lajme nga Ulqini\",\"description\":\"Lajme,Vijesti,Ulqini,Ulqin,Crna Gora,Mali i Zi\",\"potentialAction\":[{\"@type\":\"SearchAction\",\"target\":{\"@type\":\"EntryPoint\",\"urlTemplate\":\"https:\/\/www.visit-ulcinj.com\/blog\/?s={search_term_string}\"},\"query-input\":\"required name=search_term_string\"}],\"inLanguage\":\"en-US\"},{\"@type\":\"ImageObject\",\"inLanguage\":\"en-US\",\"@id\":\"https:\/\/www.visit-ulcinj.com\/blog\/2009\/05\/09\/goni-adela-sipas-meje\/#primaryimage\",\"url\":\"http:\/\/www.visit-ulcinj.com\/blog\/wp-content\/uploads\/2009\/05\/goni.jpg\",\"contentUrl\":\"http:\/\/www.visit-ulcinj.com\/blog\/wp-content\/uploads\/2009\/05\/goni.jpg\"},{\"@type\":\"WebPage\",\"@id\":\"https:\/\/www.visit-ulcinj.com\/blog\/2009\/05\/09\/goni-adela-sipas-meje\/#webpage\",\"url\":\"https:\/\/www.visit-ulcinj.com\/blog\/2009\/05\/09\/goni-adela-sipas-meje\/\",\"name\":\"Goni: Adela, sipas meje | Big Brother Albania 2\",\"isPartOf\":{\"@id\":\"https:\/\/www.visit-ulcinj.com\/blog\/#website\"},\"primaryImageOfPage\":{\"@id\":\"https:\/\/www.visit-ulcinj.com\/blog\/2009\/05\/09\/goni-adela-sipas-meje\/#primaryimage\"},\"datePublished\":\"2009-05-09T10:15:55+00:00\",\"dateModified\":\"2009-05-09T09:36:38+00:00\",\"author\":{\"@id\":\"https:\/\/www.visit-ulcinj.com\/blog\/#\/schema\/person\/dcab619c614d3038751c63bc2aadc06d\"},\"description\":\"Big Brother Albania 2 - Kur m\u00c3\u00ab \u00c3\u00absht\u00c3\u00ab b\u00c3\u00abr\u00c3\u00ab pyetja, kam th\u00c3\u00abn\u00c3\u00ab q\u00c3\u00ab nuk merrem me thashethemet e njer\u00c3\u00abzve dhe k\u00c3\u00abt\u00c3\u00ab e kan\u00c3\u00ab nxjerr\u00c3\u00ab shoqet e Adel\u00c3\u00abs pasi ajo ka hyr\u00c3\u00ab n\u00c3\u00ab \\\"Big Brother\\\", dhe ndoshta e kan\u00c3\u00ab th\u00c3\u00abn\u00c3\u00ab nga inati. Adela nuk m\u00c3\u00ab ka l\u00c3\u00abn\u00c3\u00ab t\u00c3\u00ab kuptoj se m\u00c3\u00ab ka tradhtuar. K\u00c3\u00abshtu q\u00c3\u00ab p\u00c3\u00abr mua nuk \u00c3\u00absht\u00c3\u00ab e v\u00c3\u00abrtet\u00c3\u00ab.\",\"breadcrumb\":{\"@id\":\"https:\/\/www.visit-ulcinj.com\/blog\/2009\/05\/09\/goni-adela-sipas-meje\/#breadcrumb\"},\"inLanguage\":\"en-US\",\"potentialAction\":[{\"@type\":\"ReadAction\",\"target\":[\"https:\/\/www.visit-ulcinj.com\/blog\/2009\/05\/09\/goni-adela-sipas-meje\/\"]}]},{\"@type\":\"BreadcrumbList\",\"@id\":\"https:\/\/www.visit-ulcinj.com\/blog\/2009\/05\/09\/goni-adela-sipas-meje\/#breadcrumb\",\"itemListElement\":[{\"@type\":\"ListItem\",\"position\":1,\"name\":\"Goni: Adela, sipas meje\"}]},{\"@type\":\"Person\",\"@id\":\"https:\/\/www.visit-ulcinj.com\/blog\/#\/schema\/person\/dcab619c614d3038751c63bc2aadc06d\",\"name\":\"ulqini\",\"sameAs\":[\"http:\/\/www.visit-ulcinj.com\"],\"url\":\"https:\/\/www.visit-ulcinj.com\/blog\/author\/admin\/\"}]}<\/script>\n<!-- \/ Yoast SEO plugin. -->","yoast_head_json":{"title":"Goni: Adela, sipas meje | Big Brother Albania 2","description":"Big Brother Albania 2 - Kur m\u00c3\u00ab \u00c3\u00absht\u00c3\u00ab b\u00c3\u00abr\u00c3\u00ab pyetja, kam th\u00c3\u00abn\u00c3\u00ab q\u00c3\u00ab nuk merrem me thashethemet e njer\u00c3\u00abzve dhe k\u00c3\u00abt\u00c3\u00ab e kan\u00c3\u00ab nxjerr\u00c3\u00ab shoqet e Adel\u00c3\u00abs pasi ajo ka hyr\u00c3\u00ab n\u00c3\u00ab \"Big Brother\", dhe ndoshta e kan\u00c3\u00ab th\u00c3\u00abn\u00c3\u00ab nga inati. Adela nuk m\u00c3\u00ab ka l\u00c3\u00abn\u00c3\u00ab t\u00c3\u00ab kuptoj se m\u00c3\u00ab ka tradhtuar. K\u00c3\u00abshtu q\u00c3\u00ab p\u00c3\u00abr mua nuk \u00c3\u00absht\u00c3\u00ab e v\u00c3\u00abrtet\u00c3\u00ab.","robots":{"index":"index","follow":"follow","max-snippet":"max-snippet:-1","max-image-preview":"max-image-preview:large","max-video-preview":"max-video-preview:-1"},"canonical":"https:\/\/www.visit-ulcinj.com\/blog\/2009\/05\/09\/goni-adela-sipas-meje\/","og_locale":"en_US","og_type":"article","og_title":"Goni: Adela, sipas meje | Big Brother Albania 2","og_description":"Big Brother Albania 2 - Kur m\u00c3\u00ab \u00c3\u00absht\u00c3\u00ab b\u00c3\u00abr\u00c3\u00ab pyetja, kam th\u00c3\u00abn\u00c3\u00ab q\u00c3\u00ab nuk merrem me thashethemet e njer\u00c3\u00abzve dhe k\u00c3\u00abt\u00c3\u00ab e kan\u00c3\u00ab nxjerr\u00c3\u00ab shoqet e Adel\u00c3\u00abs pasi ajo ka hyr\u00c3\u00ab n\u00c3\u00ab \"Big Brother\", dhe ndoshta e kan\u00c3\u00ab th\u00c3\u00abn\u00c3\u00ab nga inati. Adela nuk m\u00c3\u00ab ka l\u00c3\u00abn\u00c3\u00ab t\u00c3\u00ab kuptoj se m\u00c3\u00ab ka tradhtuar. K\u00c3\u00abshtu q\u00c3\u00ab p\u00c3\u00abr mua nuk \u00c3\u00absht\u00c3\u00ab e v\u00c3\u00abrtet\u00c3\u00ab.","og_url":"https:\/\/www.visit-ulcinj.com\/blog\/2009\/05\/09\/goni-adela-sipas-meje\/","og_site_name":"Lajme nga Ulqini","article_published_time":"2009-05-09T10:15:55+00:00","article_modified_time":"2009-05-09T09:36:38+00:00","og_image":[{"url":"http:\/\/www.visit-ulcinj.com\/blog\/wp-content\/uploads\/2009\/05\/goni.jpg"}],"twitter_misc":{"Written by":"ulqini","Est. reading time":"1 minute"},"schema":{"@context":"https:\/\/schema.org","@graph":[{"@type":"WebSite","@id":"https:\/\/www.visit-ulcinj.com\/blog\/#website","url":"https:\/\/www.visit-ulcinj.com\/blog\/","name":"Lajme nga Ulqini","description":"Lajme,Vijesti,Ulqini,Ulqin,Crna Gora,Mali i Zi","potentialAction":[{"@type":"SearchAction","target":{"@type":"EntryPoint","urlTemplate":"https:\/\/www.visit-ulcinj.com\/blog\/?s={search_term_string}"},"query-input":"required name=search_term_string"}],"inLanguage":"en-US"},{"@type":"ImageObject","inLanguage":"en-US","@id":"https:\/\/www.visit-ulcinj.com\/blog\/2009\/05\/09\/goni-adela-sipas-meje\/#primaryimage","url":"http:\/\/www.visit-ulcinj.com\/blog\/wp-content\/uploads\/2009\/05\/goni.jpg","contentUrl":"http:\/\/www.visit-ulcinj.com\/blog\/wp-content\/uploads\/2009\/05\/goni.jpg"},{"@type":"WebPage","@id":"https:\/\/www.visit-ulcinj.com\/blog\/2009\/05\/09\/goni-adela-sipas-meje\/#webpage","url":"https:\/\/www.visit-ulcinj.com\/blog\/2009\/05\/09\/goni-adela-sipas-meje\/","name":"Goni: Adela, sipas meje | Big Brother Albania 2","isPartOf":{"@id":"https:\/\/www.visit-ulcinj.com\/blog\/#website"},"primaryImageOfPage":{"@id":"https:\/\/www.visit-ulcinj.com\/blog\/2009\/05\/09\/goni-adela-sipas-meje\/#primaryimage"},"datePublished":"2009-05-09T10:15:55+00:00","dateModified":"2009-05-09T09:36:38+00:00","author":{"@id":"https:\/\/www.visit-ulcinj.com\/blog\/#\/schema\/person\/dcab619c614d3038751c63bc2aadc06d"},"description":"Big Brother Albania 2 - Kur m\u00c3\u00ab \u00c3\u00absht\u00c3\u00ab b\u00c3\u00abr\u00c3\u00ab pyetja, kam th\u00c3\u00abn\u00c3\u00ab q\u00c3\u00ab nuk merrem me thashethemet e njer\u00c3\u00abzve dhe k\u00c3\u00abt\u00c3\u00ab e kan\u00c3\u00ab nxjerr\u00c3\u00ab shoqet e Adel\u00c3\u00abs pasi ajo ka hyr\u00c3\u00ab n\u00c3\u00ab \"Big Brother\", dhe ndoshta e kan\u00c3\u00ab th\u00c3\u00abn\u00c3\u00ab nga inati. Adela nuk m\u00c3\u00ab ka l\u00c3\u00abn\u00c3\u00ab t\u00c3\u00ab kuptoj se m\u00c3\u00ab ka tradhtuar. K\u00c3\u00abshtu q\u00c3\u00ab p\u00c3\u00abr mua nuk \u00c3\u00absht\u00c3\u00ab e v\u00c3\u00abrtet\u00c3\u00ab.","breadcrumb":{"@id":"https:\/\/www.visit-ulcinj.com\/blog\/2009\/05\/09\/goni-adela-sipas-meje\/#breadcrumb"},"inLanguage":"en-US","potentialAction":[{"@type":"ReadAction","target":["https:\/\/www.visit-ulcinj.com\/blog\/2009\/05\/09\/goni-adela-sipas-meje\/"]}]},{"@type":"BreadcrumbList","@id":"https:\/\/www.visit-ulcinj.com\/blog\/2009\/05\/09\/goni-adela-sipas-meje\/#breadcrumb","itemListElement":[{"@type":"ListItem","position":1,"name":"Goni: Adela, sipas meje"}]},{"@type":"Person","@id":"https:\/\/www.visit-ulcinj.com\/blog\/#\/schema\/person\/dcab619c614d3038751c63bc2aadc06d","name":"ulqini","sameAs":["http:\/\/www.visit-ulcinj.com"],"url":"https:\/\/www.visit-ulcinj.com\/blog\/author\/admin\/"}]}},"jetpack_featured_media_url":"","jetpack_sharing_enabled":true,"jetpack_shortlink":"https:\/\/wp.me\/pe6lTn-5ms","_links":{"self":[{"href":"https:\/\/www.visit-ulcinj.com\/blog\/wp-json\/wp\/v2\/posts\/20612"}],"collection":[{"href":"https:\/\/www.visit-ulcinj.com\/blog\/wp-json\/wp\/v2\/posts"}],"about":[{"href":"https:\/\/www.visit-ulcinj.com\/blog\/wp-json\/wp\/v2\/types\/post"}],"author":[{"embeddable":true,"href":"https:\/\/www.visit-ulcinj.com\/blog\/wp-json\/wp\/v2\/users\/1"}],"replies":[{"embeddable":true,"href":"https:\/\/www.visit-ulcinj.com\/blog\/wp-json\/wp\/v2\/comments?post=20612"}],"version-history":[{"count":0,"href":"https:\/\/www.visit-ulcinj.com\/blog\/wp-json\/wp\/v2\/posts\/20612\/revisions"}],"wp:attachment":[{"href":"https:\/\/www.visit-ulcinj.com\/blog\/wp-json\/wp\/v2\/media?parent=20612"}],"wp:term":[{"taxonomy":"category","embeddable":true,"href":"https:\/\/www.visit-ulcinj.com\/blog\/wp-json\/wp\/v2\/categories?post=20612"},{"taxonomy":"post_tag","embeddable":true,"href":"https:\/\/www.visit-ulcinj.com\/blog\/wp-json\/wp\/v2\/tags?post=20612"}],"curies":[{"name":"wp","href":"https:\/\/api.w.org\/{rel}","templated":true}]}}