{"id":20618,"date":"2009-05-09T12:00:23","date_gmt":"2009-05-09T10:00:23","guid":{"rendered":"http:\/\/www.visit-ulcinj.com\/blog\/?p=20618"},"modified":"2009-05-09T11:43:08","modified_gmt":"2009-05-09T09:43:08","slug":"ari-kunder-mozes","status":"publish","type":"post","link":"https:\/\/www.visit-ulcinj.com\/blog\/2009\/05\/09\/ari-kunder-mozes\/","title":{"rendered":"Ari kund\u00ebr Moz\u00ebs?"},"content":{"rendered":"<p><a href=\"http:\/\/www.visit-ulcinj.com\/blog\/wp-content\/uploads\/2009\/05\/moza-deh-arjoni-big-brother-albania-2-live.jpg\"><img loading=\"lazy\" class=\"alignleft size-full wp-image-20617\" title=\"moza-deh-arjoni-big-brother-albania-2-live\" src=\"http:\/\/www.visit-ulcinj.com\/blog\/wp-content\/uploads\/2009\/05\/moza-deh-arjoni-big-brother-albania-2-live.jpg\" alt=\"moza-deh-arjoni-big-brother-albania-2-live\" width=\"585\" height=\"350\" \/><\/a><strong>Ari: &#8220;Nuk doja t\u00eb hyja mes Moz\u00ebs dhe Polit&#8221;<\/strong><\/p>\n<p>Sori i thot\u00eb Arit se ai me Moz\u00ebn u afrua shum\u00eb. Ari e pohon dhe shton se e kishte vet\u00eb fajin q\u00eb ai afrim u zbeh, pasi b\u00ebri nj\u00eb veprim t\u00eb gabuar dhe Moza iu largua. Ai tregon se pak a shum\u00eb e dinte se si ishte situata jasht\u00eb dhe ndaj insistonte q\u00eb Moza t\u00eb tregonte p\u00ebr lidhjen e saj me Polin. &#8220;M\u00eb mir\u00eb q\u00eb ndodhi k\u00ebshtu, sepse tani e kuptoj situat\u00ebn&#8221;, thot\u00eb Ari p\u00ebr faktin e letr\u00ebs dhe arushit q\u00eb Poli ia dedikoi Moz\u00ebs. Ai mendon se nuk do donte t\u00eb ishte i tep\u00ebrt n\u00eb nj\u00eb marr\u00ebdh\u00ebnie. &#8220;Nuk doja t\u00eb krijoja nj\u00eb tjet\u00ebr imazh n\u00eb spektak\u00ebl&#8221;, thot\u00eb ai dhe shton se, ashtu si\u00e7 hyri vet\u00ebm, ashtu edhe do dal\u00eb. Sori thot\u00eb se Moza \u00ebsht\u00eb shum\u00eb e thjesht\u00eb dhe e sinqert\u00eb, nj\u00ebsoj si nj\u00eb f\u00ebmij\u00eb dhe asaj nuk mund t&#8217;i merret asgj\u00eb p\u00ebr keq.<\/p>\n<p><strong>Ari: &#8220;Jam i v\u00ebmendsh\u00ebm ndaj gjesteve&#8221;<\/strong><\/p>\n<p>Ari insiston n\u00eb fjal\u00ebt e tij se, qoft\u00eb nj\u00eb fjal\u00eb apo mimika kur bisedon me t\u00eb, i l\u00eb t\u00eb kuptoj\u00eb shum\u00eb mbi nj\u00eb banor dhe vler\u00ebsimin q\u00eb ka p\u00ebr t\u00eb. Ai thot\u00eb se p\u00ebrve\u00e7 Moz\u00ebs, edhe Adela ka th\u00ebn\u00eb disa shprehje t\u00eb cilat atij i kan\u00eb r\u00ebnduar. Sori shprehet se tek Ari ka v\u00ebn\u00eb re di\u00e7ka ndryshe nga banor\u00ebt e tjer\u00eb. Ai thot\u00eb se n\u00ebse Arit nuk i p\u00eblqen reagimi i ndonj\u00eb banori kur flet me t\u00eb, ai nuk ia thot\u00eb k\u00ebt\u00eb gj\u00eb n\u00eb at\u00eb moment, por e analizon dhe e p\u00ebrdor si shembull n\u00eb nj\u00eb bised\u00eb t\u00eb ngjashme pas disa dit\u00ebsh. &#8220;Ne i harrojm\u00eb ato q\u00eb themi, nd\u00ebrsa Ari jo&#8221;. Ari e pohon k\u00ebt\u00eb gj\u00eb. Ai shton se marr\u00ebdh\u00ebniet q\u00eb jan\u00eb krijuar mes tyre, t\u00eb b\u00ebjn\u00eb t\u00eb kuptosh se \u00e7do situat\u00eb e pak\u00ebndshme mund t\u00eb jet\u00eb ve\u00e7 nj\u00eb keqkuptim dhe jo e b\u00ebr\u00eb me q\u00ebllim, por insiston n\u00eb mendimin e tij se gjestet apo veprimet m\u00eb t\u00eb vogla i b\u00ebjn\u00eb p\u00ebrshtypje. Ari tregon p\u00ebr veten se fakti q\u00eb ka jetuar vet\u00ebm, jo shum\u00eb i shoq\u00ebruar me t\u00eb tjer\u00ebt, e ka b\u00ebr\u00eb q\u00eb t\u00eb jet\u00eb kaq i v\u00ebmendsh\u00ebm ndaj k\u00ebtyre gj\u00ebrave.<\/p>\n<p><strong>Moza: &#8220;Ari nuk m\u00eb p\u00eblqen&#8221;<\/strong><\/p>\n<p>Sori pyet Moz\u00ebn n\u00ebse e bezdis sjellja e Arit kundrejt saj dhe ajo i p\u00ebrgjigjet se jo, madje askush nuk e bezdis. Sori e pyet s\u00ebrish edhe n\u00ebse ajo e p\u00eblqen sadopak Arin, duke pasur parasysh disa sjellje t\u00eb Moz\u00ebs, q\u00eb i kan\u00eb l\u00ebn\u00eb t\u00eb kuptohet kjo gj\u00eb, por e p\u00ebrmban veten. Moza e kund\u00ebrshton dhe thot\u00eb se ai nuk i p\u00eblqen dhe n\u00ebse do t&#8217;i p\u00eblqente v\u00ebrtet, nuk do ta mohonte. Sori e sqaron se po e pyet n\u00eb kuptimin shoq\u00ebror dhe Moza ia kthen se n\u00eb k\u00ebt\u00eb form\u00eb e konsideron si nj\u00eb djal\u00eb t\u00eb mir\u00eb, nj\u00ebsoj si t\u00eb tjer\u00ebt. Sori i thot\u00eb se n\u00ebse ajo ka konsiderat\u00eb p\u00ebr t\u00eb, at\u00ebher\u00eb nuk duhej t&#8217;i ishte p\u00ebrgjigjur Arit n\u00eb at\u00eb form\u00eb, sepse i la mund\u00ebsi atij q\u00eb t\u00eb kapej n\u00eb nj\u00eb pik\u00eb me t\u00eb, edhe n\u00ebse ajo ia tha pa t\u00eb keq. Moza ia shpjegon se si ndodhi situata dhe shton se nuk i p\u00eblqen q\u00eb nj\u00eb njeri t\u00eb b\u00ebj\u00eb shaka kur ajo \u00ebsht\u00eb duke b\u00ebr\u00eb nj\u00eb bised\u00eb serioze, ashtu sikurse ndodhi edhe me Arin.<\/p>\n<p><strong>Ari: &#8220;Nga v\u00ebshtrimi kuptohet nominimi&#8221;<\/strong><\/p>\n<p>P\u00ebr Moz\u00ebn, nominimet jan\u00eb pjes\u00eb e loj\u00ebs dhe shprehet se nuk do t&#8217;i marr\u00eb parasysh ndonj\u00ebher\u00eb. Ari i thot\u00eb Moz\u00ebs se e kuptoi q\u00eb ajo e ka nominuar, sepse kur erdhi nga dhoma e rr\u00ebfimit t\u00eb shtun\u00ebn, ajo nuk e pa n\u00eb sy, ndryshe nga her\u00ebt e tjera. Ai nuk i k\u00ebrkon konfirmim asaj, sepse e di q\u00eb kjo gj\u00eb nuk u lejohet, por i thot\u00eb se \u00ebsht\u00eb 100% i sigurt p\u00ebr k\u00ebt\u00eb gj\u00eb. Moza i shpjegon se nuk ishte e m\u00ebrzitur p\u00ebr k\u00ebt\u00eb gj\u00eb, por p\u00ebr di\u00e7ka tjet\u00ebr q\u00eb iu tha n\u00eb dhom\u00ebn e rr\u00ebfimit. Anjeza habitet se si mund ta ket\u00eb kuptuar Ari k\u00ebt\u00eb gj\u00eb dhe Sori i tregon se kjo \u00ebsht\u00eb b\u00ebr\u00eb si nj\u00eb m\u00ebnyr\u00eb midis tyre, p\u00ebr ta kuptuar se cili i ka nominuar dhe cili jo. Ai shton se at\u00eb mbr\u00ebmje Ari i kishte th\u00ebn\u00eb Moz\u00ebs q\u00eb t\u00eb mos e ulte shikimin, duke n\u00ebnkuptuar se nuk e kishte problem, pasi kjo gj\u00eb u kuptua prej saj. Anjeza tregon se ajo vet\u00eb nuk e b\u00ebn k\u00ebt\u00eb gj\u00eb, sepse emocionet nuk t\u00eb l\u00ebn\u00eb mund\u00ebsi q\u00eb t\u00eb jesh aq i kthjell\u00ebt sa disa t&#8217;i shikosh n\u00eb sy e disa jo. Sipas saj, asnj\u00eb nuk mund ta ket\u00eb kuptuar apo ta dij\u00eb me siguri se k\u00eb ka nominuar ajo.<\/p>\n","protected":false},"excerpt":{"rendered":"<p>Ari: &#8220;Nuk doja t\u00eb hyja mes Moz\u00ebs dhe Polit&#8221; Sori i thot\u00eb Arit se ai me Moz\u00ebn u afrua shum\u00eb. Ari e pohon dhe shton se e kishte vet\u00eb fajin q\u00eb ai afrim u zbeh, pasi b\u00ebri nj\u00eb veprim t\u00eb gabuar dhe Moza iu largua. Ai tregon se pak a shum\u00eb e dinte se si [&hellip;]<\/p>\n","protected":false},"author":1,"featured_media":0,"comment_status":"open","ping_status":"closed","sticky":false,"template":"","format":"standard","meta":{"spay_email":"","jetpack_publicize_message":"","jetpack_is_tweetstorm":false,"jetpack_publicize_feature_enabled":true},"categories":[6502],"tags":[8289,8784,8934,10115,6544,4980,8276,10116],"jetpack_publicize_connections":[],"yoast_head":"<!-- This site is optimized with the Yoast SEO plugin v19.1 - https:\/\/yoast.com\/wordpress\/plugins\/seo\/ -->\n<title>Ari kund\u00c3\u00abr Moz\u00c3\u00abs? | Big Brother Albania 2<\/title>\n<meta name=\"description\" content=\"Big Brother Albania 2 - Ari kund\u00c3\u00abr Moz\u00c3\u00abs\" \/>\n<meta name=\"robots\" content=\"index, follow, max-snippet:-1, max-image-preview:large, max-video-preview:-1\" \/>\n<link rel=\"canonical\" href=\"https:\/\/www.visit-ulcinj.com\/blog\/2009\/05\/09\/ari-kunder-mozes\/\" \/>\n<meta property=\"og:locale\" content=\"en_US\" \/>\n<meta property=\"og:type\" content=\"article\" \/>\n<meta property=\"og:title\" content=\"Ari kund\u00c3\u00abr Moz\u00c3\u00abs? | Big Brother Albania 2\" \/>\n<meta property=\"og:description\" content=\"Big Brother Albania 2 - Ari kund\u00c3\u00abr Moz\u00c3\u00abs\" \/>\n<meta property=\"og:url\" content=\"https:\/\/www.visit-ulcinj.com\/blog\/2009\/05\/09\/ari-kunder-mozes\/\" \/>\n<meta property=\"og:site_name\" content=\"Lajme nga Ulqini\" \/>\n<meta property=\"article:published_time\" content=\"2009-05-09T10:00:23+00:00\" \/>\n<meta property=\"article:modified_time\" content=\"2009-05-09T09:43:08+00:00\" \/>\n<meta property=\"og:image\" content=\"http:\/\/www.visit-ulcinj.com\/blog\/wp-content\/uploads\/2009\/05\/moza-deh-arjoni-big-brother-albania-2-live.jpg\" \/>\n<meta name=\"twitter:label1\" content=\"Written by\" \/>\n\t<meta name=\"twitter:data1\" content=\"ulqini\" \/>\n\t<meta name=\"twitter:label2\" content=\"Est. reading time\" \/>\n\t<meta name=\"twitter:data2\" content=\"4 minutes\" \/>\n<script type=\"application\/ld+json\" class=\"yoast-schema-graph\">{\"@context\":\"https:\/\/schema.org\",\"@graph\":[{\"@type\":\"WebSite\",\"@id\":\"https:\/\/www.visit-ulcinj.com\/blog\/#website\",\"url\":\"https:\/\/www.visit-ulcinj.com\/blog\/\",\"name\":\"Lajme nga Ulqini\",\"description\":\"Lajme,Vijesti,Ulqini,Ulqin,Crna Gora,Mali i Zi\",\"potentialAction\":[{\"@type\":\"SearchAction\",\"target\":{\"@type\":\"EntryPoint\",\"urlTemplate\":\"https:\/\/www.visit-ulcinj.com\/blog\/?s={search_term_string}\"},\"query-input\":\"required name=search_term_string\"}],\"inLanguage\":\"en-US\"},{\"@type\":\"ImageObject\",\"inLanguage\":\"en-US\",\"@id\":\"https:\/\/www.visit-ulcinj.com\/blog\/2009\/05\/09\/ari-kunder-mozes\/#primaryimage\",\"url\":\"http:\/\/www.visit-ulcinj.com\/blog\/wp-content\/uploads\/2009\/05\/moza-deh-arjoni-big-brother-albania-2-live.jpg\",\"contentUrl\":\"http:\/\/www.visit-ulcinj.com\/blog\/wp-content\/uploads\/2009\/05\/moza-deh-arjoni-big-brother-albania-2-live.jpg\"},{\"@type\":\"WebPage\",\"@id\":\"https:\/\/www.visit-ulcinj.com\/blog\/2009\/05\/09\/ari-kunder-mozes\/#webpage\",\"url\":\"https:\/\/www.visit-ulcinj.com\/blog\/2009\/05\/09\/ari-kunder-mozes\/\",\"name\":\"Ari kund\u00c3\u00abr Moz\u00c3\u00abs? | Big Brother Albania 2\",\"isPartOf\":{\"@id\":\"https:\/\/www.visit-ulcinj.com\/blog\/#website\"},\"primaryImageOfPage\":{\"@id\":\"https:\/\/www.visit-ulcinj.com\/blog\/2009\/05\/09\/ari-kunder-mozes\/#primaryimage\"},\"datePublished\":\"2009-05-09T10:00:23+00:00\",\"dateModified\":\"2009-05-09T09:43:08+00:00\",\"author\":{\"@id\":\"https:\/\/www.visit-ulcinj.com\/blog\/#\/schema\/person\/dcab619c614d3038751c63bc2aadc06d\"},\"description\":\"Big Brother Albania 2 - Ari kund\u00c3\u00abr Moz\u00c3\u00abs\",\"breadcrumb\":{\"@id\":\"https:\/\/www.visit-ulcinj.com\/blog\/2009\/05\/09\/ari-kunder-mozes\/#breadcrumb\"},\"inLanguage\":\"en-US\",\"potentialAction\":[{\"@type\":\"ReadAction\",\"target\":[\"https:\/\/www.visit-ulcinj.com\/blog\/2009\/05\/09\/ari-kunder-mozes\/\"]}]},{\"@type\":\"BreadcrumbList\",\"@id\":\"https:\/\/www.visit-ulcinj.com\/blog\/2009\/05\/09\/ari-kunder-mozes\/#breadcrumb\",\"itemListElement\":[{\"@type\":\"ListItem\",\"position\":1,\"name\":\"Ari kund\u00ebr Moz\u00ebs?\"}]},{\"@type\":\"Person\",\"@id\":\"https:\/\/www.visit-ulcinj.com\/blog\/#\/schema\/person\/dcab619c614d3038751c63bc2aadc06d\",\"name\":\"ulqini\",\"sameAs\":[\"http:\/\/www.visit-ulcinj.com\"],\"url\":\"https:\/\/www.visit-ulcinj.com\/blog\/author\/admin\/\"}]}<\/script>\n<!-- \/ Yoast SEO plugin. -->","yoast_head_json":{"title":"Ari kund\u00c3\u00abr Moz\u00c3\u00abs? | Big Brother Albania 2","description":"Big Brother Albania 2 - Ari kund\u00c3\u00abr Moz\u00c3\u00abs","robots":{"index":"index","follow":"follow","max-snippet":"max-snippet:-1","max-image-preview":"max-image-preview:large","max-video-preview":"max-video-preview:-1"},"canonical":"https:\/\/www.visit-ulcinj.com\/blog\/2009\/05\/09\/ari-kunder-mozes\/","og_locale":"en_US","og_type":"article","og_title":"Ari kund\u00c3\u00abr Moz\u00c3\u00abs? | Big Brother Albania 2","og_description":"Big Brother Albania 2 - Ari kund\u00c3\u00abr Moz\u00c3\u00abs","og_url":"https:\/\/www.visit-ulcinj.com\/blog\/2009\/05\/09\/ari-kunder-mozes\/","og_site_name":"Lajme nga Ulqini","article_published_time":"2009-05-09T10:00:23+00:00","article_modified_time":"2009-05-09T09:43:08+00:00","og_image":[{"url":"http:\/\/www.visit-ulcinj.com\/blog\/wp-content\/uploads\/2009\/05\/moza-deh-arjoni-big-brother-albania-2-live.jpg"}],"twitter_misc":{"Written by":"ulqini","Est. reading time":"4 minutes"},"schema":{"@context":"https:\/\/schema.org","@graph":[{"@type":"WebSite","@id":"https:\/\/www.visit-ulcinj.com\/blog\/#website","url":"https:\/\/www.visit-ulcinj.com\/blog\/","name":"Lajme nga Ulqini","description":"Lajme,Vijesti,Ulqini,Ulqin,Crna Gora,Mali i Zi","potentialAction":[{"@type":"SearchAction","target":{"@type":"EntryPoint","urlTemplate":"https:\/\/www.visit-ulcinj.com\/blog\/?s={search_term_string}"},"query-input":"required name=search_term_string"}],"inLanguage":"en-US"},{"@type":"ImageObject","inLanguage":"en-US","@id":"https:\/\/www.visit-ulcinj.com\/blog\/2009\/05\/09\/ari-kunder-mozes\/#primaryimage","url":"http:\/\/www.visit-ulcinj.com\/blog\/wp-content\/uploads\/2009\/05\/moza-deh-arjoni-big-brother-albania-2-live.jpg","contentUrl":"http:\/\/www.visit-ulcinj.com\/blog\/wp-content\/uploads\/2009\/05\/moza-deh-arjoni-big-brother-albania-2-live.jpg"},{"@type":"WebPage","@id":"https:\/\/www.visit-ulcinj.com\/blog\/2009\/05\/09\/ari-kunder-mozes\/#webpage","url":"https:\/\/www.visit-ulcinj.com\/blog\/2009\/05\/09\/ari-kunder-mozes\/","name":"Ari kund\u00c3\u00abr Moz\u00c3\u00abs? | Big Brother Albania 2","isPartOf":{"@id":"https:\/\/www.visit-ulcinj.com\/blog\/#website"},"primaryImageOfPage":{"@id":"https:\/\/www.visit-ulcinj.com\/blog\/2009\/05\/09\/ari-kunder-mozes\/#primaryimage"},"datePublished":"2009-05-09T10:00:23+00:00","dateModified":"2009-05-09T09:43:08+00:00","author":{"@id":"https:\/\/www.visit-ulcinj.com\/blog\/#\/schema\/person\/dcab619c614d3038751c63bc2aadc06d"},"description":"Big Brother Albania 2 - Ari kund\u00c3\u00abr Moz\u00c3\u00abs","breadcrumb":{"@id":"https:\/\/www.visit-ulcinj.com\/blog\/2009\/05\/09\/ari-kunder-mozes\/#breadcrumb"},"inLanguage":"en-US","potentialAction":[{"@type":"ReadAction","target":["https:\/\/www.visit-ulcinj.com\/blog\/2009\/05\/09\/ari-kunder-mozes\/"]}]},{"@type":"BreadcrumbList","@id":"https:\/\/www.visit-ulcinj.com\/blog\/2009\/05\/09\/ari-kunder-mozes\/#breadcrumb","itemListElement":[{"@type":"ListItem","position":1,"name":"Ari kund\u00ebr Moz\u00ebs?"}]},{"@type":"Person","@id":"https:\/\/www.visit-ulcinj.com\/blog\/#\/schema\/person\/dcab619c614d3038751c63bc2aadc06d","name":"ulqini","sameAs":["http:\/\/www.visit-ulcinj.com"],"url":"https:\/\/www.visit-ulcinj.com\/blog\/author\/admin\/"}]}},"jetpack_featured_media_url":"","jetpack_sharing_enabled":true,"jetpack_shortlink":"https:\/\/wp.me\/pe6lTn-5my","_links":{"self":[{"href":"https:\/\/www.visit-ulcinj.com\/blog\/wp-json\/wp\/v2\/posts\/20618"}],"collection":[{"href":"https:\/\/www.visit-ulcinj.com\/blog\/wp-json\/wp\/v2\/posts"}],"about":[{"href":"https:\/\/www.visit-ulcinj.com\/blog\/wp-json\/wp\/v2\/types\/post"}],"author":[{"embeddable":true,"href":"https:\/\/www.visit-ulcinj.com\/blog\/wp-json\/wp\/v2\/users\/1"}],"replies":[{"embeddable":true,"href":"https:\/\/www.visit-ulcinj.com\/blog\/wp-json\/wp\/v2\/comments?post=20618"}],"version-history":[{"count":0,"href":"https:\/\/www.visit-ulcinj.com\/blog\/wp-json\/wp\/v2\/posts\/20618\/revisions"}],"wp:attachment":[{"href":"https:\/\/www.visit-ulcinj.com\/blog\/wp-json\/wp\/v2\/media?parent=20618"}],"wp:term":[{"taxonomy":"category","embeddable":true,"href":"https:\/\/www.visit-ulcinj.com\/blog\/wp-json\/wp\/v2\/categories?post=20618"},{"taxonomy":"post_tag","embeddable":true,"href":"https:\/\/www.visit-ulcinj.com\/blog\/wp-json\/wp\/v2\/tags?post=20618"}],"curies":[{"name":"wp","href":"https:\/\/api.w.org\/{rel}","templated":true}]}}