{"id":20622,"date":"2009-05-09T12:01:21","date_gmt":"2009-05-09T10:01:21","guid":{"rendered":"http:\/\/www.visit-ulcinj.com\/blog\/?p=20622"},"modified":"2009-05-09T11:45:45","modified_gmt":"2009-05-09T09:45:45","slug":"banoret-lidhja-e-adeles-eshte-loje","status":"publish","type":"post","link":"https:\/\/www.visit-ulcinj.com\/blog\/2009\/05\/09\/banoret-lidhja-e-adeles-eshte-loje\/","title":{"rendered":"Banor\u00ebt: Lidhja e Adel\u00ebs \u00ebsht\u00eb loj\u00eb ?!?!"},"content":{"rendered":"<p><strong><a href=\"http:\/\/www.visit-ulcinj.com\/blog\/wp-content\/uploads\/2009\/05\/bjordi-dhe-adela-big-brother-albania-2-live.jpg\"><img loading=\"lazy\" class=\"alignleft size-full wp-image-20623\" title=\"bjordi-dhe-adela-big-brother-albania-2-live\" src=\"http:\/\/www.visit-ulcinj.com\/blog\/wp-content\/uploads\/2009\/05\/bjordi-dhe-adela-big-brother-albania-2-live.jpg\" alt=\"bjordi-dhe-adela-big-brother-albania-2-live\" width=\"382\" height=\"549\" \/><\/a>Bjordi, Adel\u00ebs: &#8220;Kur ta kuptosh, do vish t\u00eb m\u00eb k\u00ebrkosh falje&#8221;<\/strong><\/p>\n<p>Bjordi vazhdon t\u00eb jet\u00eb i m\u00ebrzitur dhe q\u00ebndron i vet\u00ebm n\u00eb kopsht. Ajo i shkon pran\u00eb, por ai e refuzon shoq\u00ebrin\u00eb e saj. Adela i k\u00ebrkon q\u00eb t\u00eb mos p\u00ebrk\u00ebdhelet kaq shum\u00eb dhe i thot\u00eb t\u00eb futet brenda n\u00eb sht\u00ebpi. Bjordi nuk pranon dhe i thot\u00eb se do ta kaloj\u00eb nat\u00ebn i vet\u00ebm n\u00eb kopsht. &#8220;Dua t\u00eb b\u00ebj ledhe&#8221;, p\u00ebrs\u00ebrit ai fjal\u00ebt e Adel\u00ebs. Adela ia kthen se ai v\u00ebrtet po p\u00ebrk\u00ebdhelet, sepse i b\u00ebn gabimet vet\u00eb e m\u00eb pas m\u00ebrzitet prap\u00eb vet\u00eb. Bjordi i k\u00ebrkon t\u00eb largohet n\u00ebse ajo vazhdon t&#8217;i thot\u00eb k\u00ebto fjal\u00eb, duke e b\u00ebr\u00eb t\u00eb ndjehet keq. Adela i p\u00ebrgjigjet se ajo p\u00ebrpiqet q\u00eb sa her\u00eb ai nuk ndjehet mir\u00eb, ta b\u00ebj\u00eb t\u00eb ndjehet m\u00eb mir\u00eb. Ajo i thot\u00eb se ai nuk e do af\u00ebr kur nuk ndjehet mir\u00eb dhe se nuk vler\u00ebson asgj\u00eb nga ato q\u00eb b\u00ebn ajo p\u00ebr t\u00eb. &#8220;Ti nuk e ke iden\u00eb p\u00ebr \u00e7far\u00eb po flet dhe kur ta kuptosh, do vish t\u00eb m\u00eb k\u00ebrkosh t\u00eb falur&#8221;, ia kthen ai. Bjordi i thot\u00eb se ajo e ktheu bised\u00ebn n\u00eb an\u00ebn e vet, nd\u00ebrkoh\u00eb q\u00eb ai ia shpjegoi p\u00ebrse. &#8220;Ti m\u00eb b\u00ebrtite p\u00ebr at\u00eb veprim, kur nuk e ke iden\u00eb se p\u00ebrse e b\u00ebra&#8221;, i thot\u00eb ai. Bjordi i flet disa fjal\u00eb n\u00eb vesh dhe Adela i thot\u00eb se nuk e dinte q\u00eb kjo gj\u00eb ishte k\u00ebshtu dhe ndaj u soll n\u00eb t\u00eb till\u00eb m\u00ebnyr\u00eb. Bjordi i thot\u00eb se ajo i mendon gjithnj\u00eb gj\u00ebrat keq, pastaj e pyet se si jan\u00eb n\u00eb t\u00eb v\u00ebrtet\u00eb. Adela i k\u00ebrkon t\u00eb falur dhe largohet, nd\u00ebrsa Bjordi vazhdon t\u00eb q\u00ebndroj\u00eb i vet\u00ebm n\u00eb kopsht.<\/p>\n<p><strong>Ari: &#8220;Bjordi duhet t\u00eb dal\u00eb n\u00eb pah, jo t\u00eb fshihet pas Adel\u00ebs&#8221;<\/strong><\/p>\n<p>Ari, duke q\u00ebndruar n\u00eb kopsht me Qetsorin, i thot\u00eb q\u00eb mendon se t\u00eb shtun\u00ebn do dalin 5 banor\u00eb n\u00eb kandidim dhe shton: &#8220;Do dal un\u00eb&#8221;. Ai, duke par\u00eb Adelajd\u00ebn, e cila po lahej n\u00eb pishin\u00eb, i thot\u00eb: &#8220;Zyshe, g\u00ebzoji k\u00ebto dit\u00eb&#8221;. Sipas tij, n\u00ebse do dilte Adelajda, do kishin mund\u00ebsi t\u00eb shikonin dhe Bjordin, pasi ai fshihet pas saj. Ajo e kund\u00ebrshton, duke i th\u00ebn\u00eb q\u00eb nuk ka pse t\u00eb dal\u00eb ajo q\u00eb Arjani t\u00eb njoh\u00eb Bjordin. Ai shton: &#8220;N\u00ebse ik\u00ebn ti, ai bie n\u00eb depresion&#8221;. Adelajda mendon se ai i thot\u00eb k\u00ebto gj\u00ebra pasi nuk d\u00ebshiron q\u00eb t\u00eb dal\u00eb Mimoza dhe Qetsori. Qetsori i thot\u00eb Arjanit: &#8220;N\u00ebse t\u00eb pyet Arbana t\u00eb shtun\u00ebn, se kush d\u00ebshiron t\u00eb dal\u00eb nga tre t\u00eb kandiduarit, \u00e7far\u00eb p\u00ebrgjigje do i jap\u00ebsh&#8221;? Arjani thot\u00eb q\u00eb p\u00ebr t\u00eb jan\u00eb nj\u00ebsoj t\u00eb tre banor\u00ebt dhe shton: &#8220;Mendoj q\u00eb Bjordit i b\u00ebn mir\u00eb java e fundit vet\u00ebm&#8221;. Arsyeja se pse mendon k\u00ebshtu, \u00ebsht\u00eb p\u00ebr faktin q\u00eb Bjordi duhet t\u00eb dal\u00eb m\u00eb n\u00eb pah, pasi, sipas tij, ai mund t\u00eb jet\u00eb banori q\u00eb mund ta fitoj\u00eb dhe duhet t\u00eb tregoj\u00eb m\u00eb shum\u00eb. Arjani vazhdon e diskuton p\u00ebr t\u00eb, duke th\u00ebn\u00eb se \u00e7do banor ka momente q\u00eb acarohet, nd\u00ebrsa ai jo. Sipas tij, kjo gj\u00eb vjen nga fakti q\u00eb ka Adelajd\u00ebn, me t\u00eb cil\u00ebn puthet. Arjani shton: &#8220;Ai e amortizon stresin, nd\u00ebrsa ne e mbledhim&#8221;. Ai e shikon Mimoz\u00ebn si konkurrente t\u00eb fort\u00eb p\u00ebr finale, pasi ka mb\u00ebshtetjen e Kosov\u00ebs. Sipas tij, ajo nuk e meriton t\u00eb fitoj\u00eb, pasi ka banor\u00eb t\u00eb tjer\u00eb t\u00eb cil\u00ebt e meritojn\u00eb m\u00eb shum\u00eb. Qetsori e mb\u00ebshtet mendimin e tij. Ai b\u00ebn shaka me Adelajd\u00ebn, duke i th\u00ebn\u00eb q\u00eb nd\u00ebrroi mendje dhe uron q\u00eb t\u00eb dal\u00eb Mimoza. Sipas tij, p\u00ebr sa koh\u00eb Bjordi q\u00ebndron me Adelajd\u00ebn, ai humb individualitetin e tij.<\/p>\n<p><strong>Banor\u00ebt: Lidhja e Adel\u00ebs \u00ebsht\u00eb loj\u00eb?<\/strong><\/p>\n<p>Banor\u00eb q\u00ebndrojn\u00eb n\u00eb kopsht, duke diskutuar p\u00ebr jet\u00ebn brenda sht\u00ebpis\u00eb. Arjani thot\u00eb q\u00eb, sipas konceptit t\u00eb tij, p\u00ebr t\u00eb par\u00eb se kush \u00ebsht\u00eb m\u00eb i miri duhet t\u00eb b\u00ebsh nj\u00eb analiz\u00eb t\u00eb vetes krahasuar me t\u00eb tjer\u00ebt. Ai mendon q\u00eb \u00ebsht\u00eb m\u00eb i miri. Adelajda thot\u00eb q\u00eb ajo nuk mendon t\u00eb nj\u00ebjt\u00ebn gj\u00eb p\u00ebr veten e saj. Sipas tij, n\u00ebse e shikon veten individualisht, secili mendon p\u00ebr veten q\u00eb \u00ebsht\u00eb m\u00eb i miri, por individualitetet duhet t\u00eb p\u00ebrballen p\u00ebr t\u00eb kuptuar. Ai thot\u00eb: &#8220;Un\u00eb nuk jam tendencioz, por n\u00eb k\u00ebto 10 dit\u00eb q\u00eb na kan\u00eb ngelur, mendoj t\u00eb b\u00ebjm\u00eb pak debat&#8221;. Adelajda \u00ebsht\u00eb pro debateve, por nuk pranon kur ato b\u00ebhen p\u00ebr jet\u00ebn private. Ai i thot\u00eb q\u00eb me hyrjen n\u00eb &#8220;Big Brother&#8221;, ajo ka implikuar dhe jet\u00ebn private. Ajo thot\u00eb q\u00eb \u00ebsht\u00eb koshiente p\u00ebr k\u00ebt\u00eb gj\u00eb, pasi si ajo, ashtu edhe Bjordi, jan\u00eb t\u00eb dy konkurrent\u00eb. Adi nd\u00ebrhyn duke i th\u00ebn\u00eb: &#8220;E vetmja gj\u00eb q\u00eb mund t\u00eb sulmojn\u00eb \u00ebsht\u00eb fakti q\u00eb lidhja juaj \u00ebsht\u00eb loj\u00eb&#8221;! Adelajda shprehet e hapur ndaj nj\u00eb debati t\u00eb till\u00eb. Sipas saj, \u00e7do person q\u00eb v\u00eb n\u00eb dyshim lidhjen e saj dhe ka argumente, mund t\u00eb p\u00ebrballet me t\u00eb. Qetsori nd\u00ebrhyn, duke th\u00ebn\u00eb se n\u00ebse nuk ka qen\u00eb loj\u00eb, kjo do duket n\u00eb qoft\u00eb se ata do jen\u00eb bashk\u00eb edhe kur t\u00eb dalin jasht\u00eb. Arjani mendon q\u00eb lidhja e tyre nuk \u00ebsht\u00eb loj\u00eb, por v\u00eb n\u00eb dyshim jet\u00ebgjat\u00ebsin\u00eb e saj, duke e lidhur me karakteret e tyre. Qetsori mendon q\u00eb nuk \u00ebsht\u00eb keq n\u00ebse ata diskutojn\u00eb p\u00ebr k\u00ebt\u00eb gj\u00eb. Adelajda i thot\u00eb q\u00eb \u00ebsht\u00eb dakord me t\u00eb, por vet\u00ebm n\u00ebse personat kan\u00eb argumente. Adi thot\u00eb q\u00eb loja dyshe \u00ebsht\u00eb e fort\u00eb dhe k\u00ebt\u00eb gj\u00eb e mendojn\u00eb t\u00eb gjith\u00eb, pasi \u00ebsht\u00eb marr\u00eb si arsye nominimi. Adelajda mendon q\u00eb kjo form\u00eb loje ndihmon p\u00ebr t\u00eb ecur p\u00ebrpara, por jo p\u00ebr ta fituar &#8220;Big Brother&#8221;-in.<\/p>\n","protected":false},"excerpt":{"rendered":"<p>Bjordi, Adel\u00ebs: &#8220;Kur ta kuptosh, do vish t\u00eb m\u00eb k\u00ebrkosh falje&#8221; Bjordi vazhdon t\u00eb jet\u00eb i m\u00ebrzitur dhe q\u00ebndron i vet\u00ebm n\u00eb kopsht. Ajo i shkon pran\u00eb, por ai e refuzon shoq\u00ebrin\u00eb e saj. Adela i k\u00ebrkon q\u00eb t\u00eb mos p\u00ebrk\u00ebdhelet kaq shum\u00eb dhe i thot\u00eb t\u00eb futet brenda n\u00eb sht\u00ebpi. Bjordi nuk pranon dhe [&hellip;]<\/p>\n","protected":false},"author":1,"featured_media":0,"comment_status":"open","ping_status":"closed","sticky":false,"template":"","format":"standard","meta":{"spay_email":"","jetpack_publicize_message":"","jetpack_is_tweetstorm":false,"jetpack_publicize_feature_enabled":true},"categories":[6502],"tags":[6529,9121,6522,10117,6513,6544,9751],"jetpack_publicize_connections":[],"yoast_head":"<!-- This site is optimized with the Yoast SEO plugin v19.1 - https:\/\/yoast.com\/wordpress\/plugins\/seo\/ -->\n<title>Banor\u00c3\u00abt: Lidhja e Adel\u00c3\u00abs \u00c3\u00absht\u00c3\u00ab loj\u00c3\u00ab ?!?! | Big Brother Albania 2<\/title>\n<meta name=\"description\" content=\"Big Brother Albania 2 - Bjordi vazhdon t\u00c3\u00ab jet\u00c3\u00ab i m\u00c3\u00abrzitur dhe q\u00c3\u00abndron i vet\u00c3\u00abm n\u00c3\u00ab kopsht. Ajo i shkon pran\u00c3\u00ab, por ai e refuzon shoq\u00c3\u00abrin\u00c3\u00ab e saj. Adela i k\u00c3\u00abrkon q\u00c3\u00ab t\u00c3\u00ab mos p\u00c3\u00abrk\u00c3\u00abdhelet kaq shum\u00c3\u00ab dhe i thot\u00c3\u00ab t\u00c3\u00ab futet brenda n\u00c3\u00ab sht\u00c3\u00abpi. Bjordi nuk pranon dhe i thot\u00c3\u00ab se do ta kaloj\u00c3\u00ab nat\u00c3\u00abn i vet\u00c3\u00abm n\u00c3\u00ab kopsht.\" \/>\n<meta name=\"robots\" content=\"index, follow, max-snippet:-1, max-image-preview:large, max-video-preview:-1\" \/>\n<link rel=\"canonical\" href=\"https:\/\/www.visit-ulcinj.com\/blog\/2009\/05\/09\/banoret-lidhja-e-adeles-eshte-loje\/\" \/>\n<meta property=\"og:locale\" content=\"en_US\" \/>\n<meta property=\"og:type\" content=\"article\" \/>\n<meta property=\"og:title\" content=\"Banor\u00c3\u00abt: Lidhja e Adel\u00c3\u00abs \u00c3\u00absht\u00c3\u00ab loj\u00c3\u00ab ?!?! | Big Brother Albania 2\" \/>\n<meta property=\"og:description\" content=\"Big Brother Albania 2 - Bjordi vazhdon t\u00c3\u00ab jet\u00c3\u00ab i m\u00c3\u00abrzitur dhe q\u00c3\u00abndron i vet\u00c3\u00abm n\u00c3\u00ab kopsht. Ajo i shkon pran\u00c3\u00ab, por ai e refuzon shoq\u00c3\u00abrin\u00c3\u00ab e saj. Adela i k\u00c3\u00abrkon q\u00c3\u00ab t\u00c3\u00ab mos p\u00c3\u00abrk\u00c3\u00abdhelet kaq shum\u00c3\u00ab dhe i thot\u00c3\u00ab t\u00c3\u00ab futet brenda n\u00c3\u00ab sht\u00c3\u00abpi. Bjordi nuk pranon dhe i thot\u00c3\u00ab se do ta kaloj\u00c3\u00ab nat\u00c3\u00abn i vet\u00c3\u00abm n\u00c3\u00ab kopsht.\" \/>\n<meta property=\"og:url\" content=\"https:\/\/www.visit-ulcinj.com\/blog\/2009\/05\/09\/banoret-lidhja-e-adeles-eshte-loje\/\" \/>\n<meta property=\"og:site_name\" content=\"Lajme nga Ulqini\" \/>\n<meta property=\"article:published_time\" content=\"2009-05-09T10:01:21+00:00\" \/>\n<meta property=\"article:modified_time\" content=\"2009-05-09T09:45:45+00:00\" \/>\n<meta property=\"og:image\" content=\"http:\/\/www.visit-ulcinj.com\/blog\/wp-content\/uploads\/2009\/05\/bjordi-dhe-adela-big-brother-albania-2-live.jpg\" \/>\n<meta name=\"twitter:label1\" content=\"Written by\" \/>\n\t<meta name=\"twitter:data1\" content=\"ulqini\" \/>\n\t<meta name=\"twitter:label2\" content=\"Est. reading time\" \/>\n\t<meta name=\"twitter:data2\" content=\"5 minutes\" \/>\n<script type=\"application\/ld+json\" class=\"yoast-schema-graph\">{\"@context\":\"https:\/\/schema.org\",\"@graph\":[{\"@type\":\"WebSite\",\"@id\":\"https:\/\/www.visit-ulcinj.com\/blog\/#website\",\"url\":\"https:\/\/www.visit-ulcinj.com\/blog\/\",\"name\":\"Lajme nga Ulqini\",\"description\":\"Lajme,Vijesti,Ulqini,Ulqin,Crna Gora,Mali i Zi\",\"potentialAction\":[{\"@type\":\"SearchAction\",\"target\":{\"@type\":\"EntryPoint\",\"urlTemplate\":\"https:\/\/www.visit-ulcinj.com\/blog\/?s={search_term_string}\"},\"query-input\":\"required name=search_term_string\"}],\"inLanguage\":\"en-US\"},{\"@type\":\"ImageObject\",\"inLanguage\":\"en-US\",\"@id\":\"https:\/\/www.visit-ulcinj.com\/blog\/2009\/05\/09\/banoret-lidhja-e-adeles-eshte-loje\/#primaryimage\",\"url\":\"http:\/\/www.visit-ulcinj.com\/blog\/wp-content\/uploads\/2009\/05\/bjordi-dhe-adela-big-brother-albania-2-live.jpg\",\"contentUrl\":\"http:\/\/www.visit-ulcinj.com\/blog\/wp-content\/uploads\/2009\/05\/bjordi-dhe-adela-big-brother-albania-2-live.jpg\"},{\"@type\":\"WebPage\",\"@id\":\"https:\/\/www.visit-ulcinj.com\/blog\/2009\/05\/09\/banoret-lidhja-e-adeles-eshte-loje\/#webpage\",\"url\":\"https:\/\/www.visit-ulcinj.com\/blog\/2009\/05\/09\/banoret-lidhja-e-adeles-eshte-loje\/\",\"name\":\"Banor\u00c3\u00abt: Lidhja e Adel\u00c3\u00abs \u00c3\u00absht\u00c3\u00ab loj\u00c3\u00ab ?!?! | Big Brother Albania 2\",\"isPartOf\":{\"@id\":\"https:\/\/www.visit-ulcinj.com\/blog\/#website\"},\"primaryImageOfPage\":{\"@id\":\"https:\/\/www.visit-ulcinj.com\/blog\/2009\/05\/09\/banoret-lidhja-e-adeles-eshte-loje\/#primaryimage\"},\"datePublished\":\"2009-05-09T10:01:21+00:00\",\"dateModified\":\"2009-05-09T09:45:45+00:00\",\"author\":{\"@id\":\"https:\/\/www.visit-ulcinj.com\/blog\/#\/schema\/person\/dcab619c614d3038751c63bc2aadc06d\"},\"description\":\"Big Brother Albania 2 - Bjordi vazhdon t\u00c3\u00ab jet\u00c3\u00ab i m\u00c3\u00abrzitur dhe q\u00c3\u00abndron i vet\u00c3\u00abm n\u00c3\u00ab kopsht. Ajo i shkon pran\u00c3\u00ab, por ai e refuzon shoq\u00c3\u00abrin\u00c3\u00ab e saj. Adela i k\u00c3\u00abrkon q\u00c3\u00ab t\u00c3\u00ab mos p\u00c3\u00abrk\u00c3\u00abdhelet kaq shum\u00c3\u00ab dhe i thot\u00c3\u00ab t\u00c3\u00ab futet brenda n\u00c3\u00ab sht\u00c3\u00abpi. Bjordi nuk pranon dhe i thot\u00c3\u00ab se do ta kaloj\u00c3\u00ab nat\u00c3\u00abn i vet\u00c3\u00abm n\u00c3\u00ab kopsht.\",\"breadcrumb\":{\"@id\":\"https:\/\/www.visit-ulcinj.com\/blog\/2009\/05\/09\/banoret-lidhja-e-adeles-eshte-loje\/#breadcrumb\"},\"inLanguage\":\"en-US\",\"potentialAction\":[{\"@type\":\"ReadAction\",\"target\":[\"https:\/\/www.visit-ulcinj.com\/blog\/2009\/05\/09\/banoret-lidhja-e-adeles-eshte-loje\/\"]}]},{\"@type\":\"BreadcrumbList\",\"@id\":\"https:\/\/www.visit-ulcinj.com\/blog\/2009\/05\/09\/banoret-lidhja-e-adeles-eshte-loje\/#breadcrumb\",\"itemListElement\":[{\"@type\":\"ListItem\",\"position\":1,\"name\":\"Banor\u00ebt: Lidhja e Adel\u00ebs \u00ebsht\u00eb loj\u00eb ?!?!\"}]},{\"@type\":\"Person\",\"@id\":\"https:\/\/www.visit-ulcinj.com\/blog\/#\/schema\/person\/dcab619c614d3038751c63bc2aadc06d\",\"name\":\"ulqini\",\"sameAs\":[\"http:\/\/www.visit-ulcinj.com\"],\"url\":\"https:\/\/www.visit-ulcinj.com\/blog\/author\/admin\/\"}]}<\/script>\n<!-- \/ Yoast SEO plugin. -->","yoast_head_json":{"title":"Banor\u00c3\u00abt: Lidhja e Adel\u00c3\u00abs \u00c3\u00absht\u00c3\u00ab loj\u00c3\u00ab ?!?! | Big Brother Albania 2","description":"Big Brother Albania 2 - Bjordi vazhdon t\u00c3\u00ab jet\u00c3\u00ab i m\u00c3\u00abrzitur dhe q\u00c3\u00abndron i vet\u00c3\u00abm n\u00c3\u00ab kopsht. Ajo i shkon pran\u00c3\u00ab, por ai e refuzon shoq\u00c3\u00abrin\u00c3\u00ab e saj. Adela i k\u00c3\u00abrkon q\u00c3\u00ab t\u00c3\u00ab mos p\u00c3\u00abrk\u00c3\u00abdhelet kaq shum\u00c3\u00ab dhe i thot\u00c3\u00ab t\u00c3\u00ab futet brenda n\u00c3\u00ab sht\u00c3\u00abpi. Bjordi nuk pranon dhe i thot\u00c3\u00ab se do ta kaloj\u00c3\u00ab nat\u00c3\u00abn i vet\u00c3\u00abm n\u00c3\u00ab kopsht.","robots":{"index":"index","follow":"follow","max-snippet":"max-snippet:-1","max-image-preview":"max-image-preview:large","max-video-preview":"max-video-preview:-1"},"canonical":"https:\/\/www.visit-ulcinj.com\/blog\/2009\/05\/09\/banoret-lidhja-e-adeles-eshte-loje\/","og_locale":"en_US","og_type":"article","og_title":"Banor\u00c3\u00abt: Lidhja e Adel\u00c3\u00abs \u00c3\u00absht\u00c3\u00ab loj\u00c3\u00ab ?!?! | Big Brother Albania 2","og_description":"Big Brother Albania 2 - Bjordi vazhdon t\u00c3\u00ab jet\u00c3\u00ab i m\u00c3\u00abrzitur dhe q\u00c3\u00abndron i vet\u00c3\u00abm n\u00c3\u00ab kopsht. Ajo i shkon pran\u00c3\u00ab, por ai e refuzon shoq\u00c3\u00abrin\u00c3\u00ab e saj. Adela i k\u00c3\u00abrkon q\u00c3\u00ab t\u00c3\u00ab mos p\u00c3\u00abrk\u00c3\u00abdhelet kaq shum\u00c3\u00ab dhe i thot\u00c3\u00ab t\u00c3\u00ab futet brenda n\u00c3\u00ab sht\u00c3\u00abpi. Bjordi nuk pranon dhe i thot\u00c3\u00ab se do ta kaloj\u00c3\u00ab nat\u00c3\u00abn i vet\u00c3\u00abm n\u00c3\u00ab kopsht.","og_url":"https:\/\/www.visit-ulcinj.com\/blog\/2009\/05\/09\/banoret-lidhja-e-adeles-eshte-loje\/","og_site_name":"Lajme nga Ulqini","article_published_time":"2009-05-09T10:01:21+00:00","article_modified_time":"2009-05-09T09:45:45+00:00","og_image":[{"url":"http:\/\/www.visit-ulcinj.com\/blog\/wp-content\/uploads\/2009\/05\/bjordi-dhe-adela-big-brother-albania-2-live.jpg"}],"twitter_misc":{"Written by":"ulqini","Est. reading time":"5 minutes"},"schema":{"@context":"https:\/\/schema.org","@graph":[{"@type":"WebSite","@id":"https:\/\/www.visit-ulcinj.com\/blog\/#website","url":"https:\/\/www.visit-ulcinj.com\/blog\/","name":"Lajme nga Ulqini","description":"Lajme,Vijesti,Ulqini,Ulqin,Crna Gora,Mali i Zi","potentialAction":[{"@type":"SearchAction","target":{"@type":"EntryPoint","urlTemplate":"https:\/\/www.visit-ulcinj.com\/blog\/?s={search_term_string}"},"query-input":"required name=search_term_string"}],"inLanguage":"en-US"},{"@type":"ImageObject","inLanguage":"en-US","@id":"https:\/\/www.visit-ulcinj.com\/blog\/2009\/05\/09\/banoret-lidhja-e-adeles-eshte-loje\/#primaryimage","url":"http:\/\/www.visit-ulcinj.com\/blog\/wp-content\/uploads\/2009\/05\/bjordi-dhe-adela-big-brother-albania-2-live.jpg","contentUrl":"http:\/\/www.visit-ulcinj.com\/blog\/wp-content\/uploads\/2009\/05\/bjordi-dhe-adela-big-brother-albania-2-live.jpg"},{"@type":"WebPage","@id":"https:\/\/www.visit-ulcinj.com\/blog\/2009\/05\/09\/banoret-lidhja-e-adeles-eshte-loje\/#webpage","url":"https:\/\/www.visit-ulcinj.com\/blog\/2009\/05\/09\/banoret-lidhja-e-adeles-eshte-loje\/","name":"Banor\u00c3\u00abt: Lidhja e Adel\u00c3\u00abs \u00c3\u00absht\u00c3\u00ab loj\u00c3\u00ab ?!?! | Big Brother Albania 2","isPartOf":{"@id":"https:\/\/www.visit-ulcinj.com\/blog\/#website"},"primaryImageOfPage":{"@id":"https:\/\/www.visit-ulcinj.com\/blog\/2009\/05\/09\/banoret-lidhja-e-adeles-eshte-loje\/#primaryimage"},"datePublished":"2009-05-09T10:01:21+00:00","dateModified":"2009-05-09T09:45:45+00:00","author":{"@id":"https:\/\/www.visit-ulcinj.com\/blog\/#\/schema\/person\/dcab619c614d3038751c63bc2aadc06d"},"description":"Big Brother Albania 2 - Bjordi vazhdon t\u00c3\u00ab jet\u00c3\u00ab i m\u00c3\u00abrzitur dhe q\u00c3\u00abndron i vet\u00c3\u00abm n\u00c3\u00ab kopsht. Ajo i shkon pran\u00c3\u00ab, por ai e refuzon shoq\u00c3\u00abrin\u00c3\u00ab e saj. Adela i k\u00c3\u00abrkon q\u00c3\u00ab t\u00c3\u00ab mos p\u00c3\u00abrk\u00c3\u00abdhelet kaq shum\u00c3\u00ab dhe i thot\u00c3\u00ab t\u00c3\u00ab futet brenda n\u00c3\u00ab sht\u00c3\u00abpi. Bjordi nuk pranon dhe i thot\u00c3\u00ab se do ta kaloj\u00c3\u00ab nat\u00c3\u00abn i vet\u00c3\u00abm n\u00c3\u00ab kopsht.","breadcrumb":{"@id":"https:\/\/www.visit-ulcinj.com\/blog\/2009\/05\/09\/banoret-lidhja-e-adeles-eshte-loje\/#breadcrumb"},"inLanguage":"en-US","potentialAction":[{"@type":"ReadAction","target":["https:\/\/www.visit-ulcinj.com\/blog\/2009\/05\/09\/banoret-lidhja-e-adeles-eshte-loje\/"]}]},{"@type":"BreadcrumbList","@id":"https:\/\/www.visit-ulcinj.com\/blog\/2009\/05\/09\/banoret-lidhja-e-adeles-eshte-loje\/#breadcrumb","itemListElement":[{"@type":"ListItem","position":1,"name":"Banor\u00ebt: Lidhja e Adel\u00ebs \u00ebsht\u00eb loj\u00eb ?!?!"}]},{"@type":"Person","@id":"https:\/\/www.visit-ulcinj.com\/blog\/#\/schema\/person\/dcab619c614d3038751c63bc2aadc06d","name":"ulqini","sameAs":["http:\/\/www.visit-ulcinj.com"],"url":"https:\/\/www.visit-ulcinj.com\/blog\/author\/admin\/"}]}},"jetpack_featured_media_url":"","jetpack_sharing_enabled":true,"jetpack_shortlink":"https:\/\/wp.me\/pe6lTn-5mC","_links":{"self":[{"href":"https:\/\/www.visit-ulcinj.com\/blog\/wp-json\/wp\/v2\/posts\/20622"}],"collection":[{"href":"https:\/\/www.visit-ulcinj.com\/blog\/wp-json\/wp\/v2\/posts"}],"about":[{"href":"https:\/\/www.visit-ulcinj.com\/blog\/wp-json\/wp\/v2\/types\/post"}],"author":[{"embeddable":true,"href":"https:\/\/www.visit-ulcinj.com\/blog\/wp-json\/wp\/v2\/users\/1"}],"replies":[{"embeddable":true,"href":"https:\/\/www.visit-ulcinj.com\/blog\/wp-json\/wp\/v2\/comments?post=20622"}],"version-history":[{"count":0,"href":"https:\/\/www.visit-ulcinj.com\/blog\/wp-json\/wp\/v2\/posts\/20622\/revisions"}],"wp:attachment":[{"href":"https:\/\/www.visit-ulcinj.com\/blog\/wp-json\/wp\/v2\/media?parent=20622"}],"wp:term":[{"taxonomy":"category","embeddable":true,"href":"https:\/\/www.visit-ulcinj.com\/blog\/wp-json\/wp\/v2\/categories?post=20622"},{"taxonomy":"post_tag","embeddable":true,"href":"https:\/\/www.visit-ulcinj.com\/blog\/wp-json\/wp\/v2\/tags?post=20622"}],"curies":[{"name":"wp","href":"https:\/\/api.w.org\/{rel}","templated":true}]}}