{"id":20632,"date":"2009-05-09T12:02:01","date_gmt":"2009-05-09T10:02:01","guid":{"rendered":"http:\/\/www.visit-ulcinj.com\/blog\/?p=20632"},"modified":"2009-05-09T12:02:01","modified_gmt":"2009-05-09T10:02:01","slug":"sokoli-vellai-i-adit-rrefen-jam-krenar-per-kthesen-qe-ka-bere-adi","status":"publish","type":"post","link":"https:\/\/www.visit-ulcinj.com\/blog\/2009\/05\/09\/sokoli-vellai-i-adit-rrefen-jam-krenar-per-kthesen-qe-ka-bere-adi\/","title":{"rendered":"Sokoli, v\u00ebllai i Adit, rr\u00ebfen: Jam krenar p\u00ebr kthes\u00ebn q\u00eb ka b\u00ebr\u00eb Adi"},"content":{"rendered":"<p><em><strong><a href=\"http:\/\/www.visit-ulcinj.com\/blog\/wp-content\/uploads\/2009\/05\/sokoli-pojana.jpg\"><img loading=\"lazy\" class=\"alignleft size-full wp-image-20633\" title=\"sokoli-pojana-big-brother-albania-2\" src=\"http:\/\/www.visit-ulcinj.com\/blog\/wp-content\/uploads\/2009\/05\/sokoli-pojana.jpg\" alt=\"sokoli-pojana-big-brother-albania-2\" width=\"181\" height=\"251\" \/><\/a>[&#8230;] Bjordin e vler\u00ebsoj shum\u00eb [&#8230;]<\/strong><\/em><\/p>\n<p><strong>J<\/strong><strong>emi drejt t\u00eb jav\u00ebs s\u00eb madhe t\u00eb BB. Tani besoj se v\u00ebmendja juaj \u00ebsht\u00eb akoma m\u00eb e madhe? Po emocionet tuaja si jan\u00eb?<\/strong><\/p>\n<p>Emocionet me th\u00ebn\u00eb t\u00eb v\u00ebrtet\u00ebn jan\u00eb t\u00eb m\u00ebdha. P\u00ebr ne, Adi, n\u00eb \u00e7do dit\u00eb apo sekond\u00eb q\u00eb t\u00eb dal\u00eb, \u00ebsht\u00eb i fituar, sepse opinionet q\u00eb marrim nga njer\u00ebzit jan\u00eb pozitive. 70 mij\u00eb euro \u00ebsht\u00eb nj\u00eb shum\u00eb e k\u00ebnaqshme por megjithat\u00eb, jo e r\u00ebnd\u00ebsishme. \u00c7far\u00ebdo q\u00eb t\u00eb ndodh\u00eb, Adi \u00ebsht\u00eb i fituar dhe ne jemi t\u00eb k\u00ebnaqur p\u00ebr at\u00eb q\u00eb kemi kaluar, p\u00ebr at\u00eb q\u00eb kemi hequr me Adin dhe p\u00ebr at\u00eb q\u00eb ai ka hequr vet\u00eb. Sipas nesh, e gjitha kjo q\u00eb po ndodh \u00ebsht\u00eb nj\u00eb rilindje p\u00ebr at\u00eb dhe nj\u00eb lindje p\u00ebr ne. Kuptohet \u00e7far\u00eb g\u00ebzimi ka familja kur ndodh nj\u00eb lindje. Kjo \u00ebsht\u00eb arsyeja q\u00eb jemi t\u00eb k\u00ebnaqur. Sinqerisht nuk e besonim q\u00eb Adi do t\u00eb kthehej n\u00eb jet\u00eb. Ishte si ajo dega e that\u00eb e nj\u00eb peme q\u00eb \u00ebsht\u00eb e v\u00ebshtir\u00eb t\u00eb ringjallet, vet\u00ebm n\u00ebse i b\u00ebhet nj\u00eb transplant.<\/p>\n<p><strong>E <\/strong><strong>kishit menduar se Adi do t\u00eb arrinte deri k\u00ebtu?<\/strong><\/p>\n<p>Un\u00eb si v\u00eblla, n\u00eb momentin q\u00eb Adi hyri n\u00eb BB, isha i k\u00ebnaqur. M\u00eb dukej vetja krenar, jo thjesht se doli n\u00eb ekran por p\u00ebr kthes\u00ebn q\u00eb Adi b\u00ebri. Q\u00eb n\u00eb dit\u00ebt e para n\u00eb BB, shum\u00eb njer\u00ebz m\u00eb thoshin q\u00eb Adi do t\u00eb shkoj\u00eb deri n\u00eb fund, por nuk isha optimist duke par\u00eb q\u00eb elementet e tjer\u00eb ishin t\u00eb zgjedhur dhe sepse ata kishin nj\u00eb t\u00eb shkuar m\u00eb t\u00eb mir\u00eb se ajo e Adit. Kjo ishe ajo lloj frike dhe mendoja se do t\u00eb isha i k\u00ebnaqur edhe po t\u00eb kalonte gjysm\u00ebn e dit\u00ebve brenda sht\u00ebpis\u00eb. Tani q\u00eb ka ardhur fundi, mendoj p\u00ebrse t\u00eb mos jet\u00eb n\u00eb finale dhe p\u00ebrse t\u00eb mos dal\u00eb i pari. Tani b\u00ebj krahasimin dhe shikoj se t\u00eb gjith\u00eb jan\u00eb t\u00eb mir\u00eb edhe pse rivaliteti mbetet. Mua m\u00eb p\u00eblqejn\u00eb shum\u00eb q\u00eb t\u00eb gjith\u00eb. Edhe Qetsori, edhe Ari, i cili p\u00ebr koh\u00ebn q\u00eb ka hyr\u00eb sipas mendimit tim ka treguar vlera t\u00eb jasht\u00ebzakonshme. Adelajda \u00ebsht\u00eb shum\u00eb mir\u00eb. P\u00ebr Bjordin nuk gjej dot fjal\u00eb dhe superlativa, pasi p\u00ebr mosh\u00ebn e tij, ka nj\u00eb zgjuarsi t\u00eb jasht\u00ebzakonshme dhe \u00ebsht\u00eb i p\u00ebrgatitur. M\u00eb vjen mir\u00eb q\u00eb ka gjetur gjuh\u00ebn e p\u00ebrbashk\u00ebt me Adin.<\/p>\n<p><strong>Bjordi n\u00eb fakt ka deklaruar hapur se mendon q\u00eb \u00e7mimi i madh i takon Adit? Cili \u00ebsht\u00eb komenti juaj p\u00ebr k\u00ebt\u00eb?<\/strong><\/p>\n<p>Jo vet\u00ebm tani, por edhe m\u00eb par\u00eb n\u00eb &#8220;grupin e vet&#8221; le t\u00eb themi se n\u00eb fakt ata kan\u00eb ndenjur t\u00eb gjith\u00eb, por aty ku p\u00eblqehej biseda, dhe shoq\u00ebria ka ardhur vetvetiu, Bjordi e ka shprehur simpatin\u00eb p\u00ebr Adin. Pik\u00ebrisht Bjordin e vler\u00ebsoj shum\u00eb dhe familja ime gjithashtu. Kur thot\u00eb Bjordi q\u00eb i takon Adit q\u00eb ta fitoj\u00eb, ne nuk shohim vet\u00ebm fjal\u00ebt por edhe zemr\u00ebn e tij. Njer\u00ebzit shihen tek parat\u00eb, se n\u00eb rrug\u00eb t\u00eb gjith\u00eb t\u00eb mir\u00eb b\u00ebhen, por kur vjen fjala te parat\u00eb&#8230;. Na vjen mir\u00eb kur e thot\u00eb at\u00eb fjal\u00eb.<\/p>\n<p><strong>Mund t\u00eb jet\u00eb th\u00ebnia e tij nj\u00eb strategji p\u00ebr t\u00eb fituar simpatin\u00eb e publikut?<\/strong><\/p>\n<p>Un\u00eb nuk mendoj fare p\u00ebr strategji, por q\u00eb ai ka zemr\u00ebn e madhe. Njeriu mund t\u00eb thot\u00eb shum\u00eb gj\u00ebra, por n\u00ebse analizohen t\u00eb gjitha mendimet dhe th\u00ebniet kuptohet sa t\u00eb v\u00ebrteta i ka. Do t\u00eb ishte nj\u00eb strateg shum\u00eb i madh po t\u00eb luante. Edhe sikur dikush tjet\u00ebr t\u00eb ma ushqej\u00eb k\u00ebt\u00eb arsyetim q\u00eb Bjordi e ka th\u00ebn\u00eb p\u00ebr strategji, nuk do ta besoja, do t\u00eb vazhdoja me mendimin q\u00eb \u00ebsht\u00eb nj\u00eb djal\u00eb i mir\u00eb, i dashur, inteligjent. Ai njeri ka gjetur vendin n\u00eb familjen ton\u00eb.<\/p>\n<p><strong>Nd\u00ebrkoh\u00eb Qetsori ka replikuar me Bjordin, duke th\u00ebn\u00eb q\u00eb ai nuk e njeh Adin&#8230;<\/strong><\/p>\n<p>Ku e njohu Qetsori si \u00ebsht\u00eb Adi? Ku e di ai sesi \u00ebsht\u00eb Adi jasht\u00eb? Se Adi ka shprehur t\u00eb kaluar\u00ebn e vet nuk do t\u00eb thot\u00eb se nuk \u00ebsht\u00eb i v\u00ebrtet\u00eb aty brenda. Q\u00ebndrimi i Sorit, p\u00ebr mua, \u00ebsht\u00eb vazhdimi i mentalitetit q\u00eb t\u00eb tjer\u00ebt kan\u00eb p\u00ebr ata njer\u00ebz q\u00eb kan\u00eb vuajtur si Adi e kan\u00eb nj\u00eb t\u00eb kaluar si e tija. Edhe ne nuk e dim\u00eb si \u00ebsht\u00eb Qetsori dhe kushedi si mund t\u00eb jet\u00eb.<\/p>\n<p><strong>E kemi par\u00eb Adin k\u00ebto dit\u00eb t\u00eb merret me joga? Ushtrohet vazhdimisht?<\/strong><\/p>\n<p>N\u00eb kushtet e sht\u00ebpis\u00eb, Adi ka b\u00ebr\u00eb gjithmon\u00eb joga. Ai \u00ebsht\u00eb marr\u00eb me joga edhe kur ishte n\u00eb burg. Ndoshta edhe vetmia n\u00eb qeli i ka dh\u00ebn\u00eb spunto. Por t\u00eb p\u00ebrditshme ai ka fizkultur\u00ebn n\u00eb kushtet e sht\u00ebpis\u00eb.<\/p>\n<p><strong>Si i parashikoni dit\u00ebt q\u00eb po vijn\u00eb?<\/strong><\/p>\n<p>M\u00eb p\u00eblqeu shum\u00eb kur Adi tha se k\u00ebto dit\u00eb q\u00eb kan\u00eb mbetur t&#8217;i kalojm\u00eb sa m\u00eb mir\u00eb. Ai \u00ebsht\u00eb indiferent ndaj parave. Sa p\u00ebr t\u00eb tjer\u00ebt po shikoja nj\u00eb mbr\u00ebmje kur Ari q\u00eb \u00ebsht\u00eb shum\u00eb inteligjent po thoshte me Sorin q\u00eb t\u00eb b\u00ebjn\u00eb debate. Arjani \u00ebsht\u00eb rebel n\u00eb bised\u00eb, them q\u00eb ai ashtu do vazhdoj\u00eb. Edhe Qetsori, tek i cili kam v\u00ebn\u00eb re di\u00e7ka, sipas mendimit tim, pas surpriz\u00ebs s\u00eb Adit me n\u00ebn\u00ebn e tij, ka r\u00ebn\u00eb n\u00eb panik pasi ka par\u00eb nj\u00eb lojtar m\u00eb potent brenda sht\u00ebpis\u00eb. Por mendoj se tani e gjith\u00eb loja \u00ebsht\u00eb te nominimi dhe e shtuna e kaluar e tregoi k\u00ebt\u00eb gj\u00eb.<\/p>\n","protected":false},"excerpt":{"rendered":"<p>[&#8230;] Bjordin e vler\u00ebsoj shum\u00eb [&#8230;] Jemi drejt t\u00eb jav\u00ebs s\u00eb madhe t\u00eb BB. Tani besoj se v\u00ebmendja juaj \u00ebsht\u00eb akoma m\u00eb e madhe? Po emocionet tuaja si jan\u00eb? Emocionet me th\u00ebn\u00eb t\u00eb v\u00ebrtet\u00ebn jan\u00eb t\u00eb m\u00ebdha. P\u00ebr ne, Adi, n\u00eb \u00e7do dit\u00eb apo sekond\u00eb q\u00eb t\u00eb dal\u00eb, \u00ebsht\u00eb i fituar, sepse opinionet q\u00eb marrim [&hellip;]<\/p>\n","protected":false},"author":1,"featured_media":0,"comment_status":"open","ping_status":"closed","sticky":false,"template":"","format":"standard","meta":{"spay_email":"","jetpack_publicize_message":"","jetpack_is_tweetstorm":false,"jetpack_publicize_feature_enabled":true},"categories":[6502],"tags":[1414,6520,9121,10122,10119,10121,9751,10120],"jetpack_publicize_connections":[],"yoast_head":"<!-- This site is optimized with the Yoast SEO plugin v19.1 - https:\/\/yoast.com\/wordpress\/plugins\/seo\/ -->\n<title>Sokoli, v\u00c3\u00abllai i Adit, rr\u00c3\u00abfen: Jam krenar p\u00c3\u00abr kthes\u00c3\u00abn q\u00c3\u00ab ka b\u00c3\u00abr\u00c3\u00ab Adi | Big Brother Albania 2<\/title>\n<meta name=\"description\" content=\"Big Brother Albania 2 - Emocionet me th\u00c3\u00abn\u00c3\u00ab t\u00c3\u00ab v\u00c3\u00abrtet\u00c3\u00abn jan\u00c3\u00ab t\u00c3\u00ab m\u00c3\u00abdha. P\u00c3\u00abr ne, Adi, n\u00c3\u00ab \u00c3\u00a7do dit\u00c3\u00ab apo sekond\u00c3\u00ab q\u00c3\u00ab t\u00c3\u00ab dal\u00c3\u00ab, \u00c3\u00absht\u00c3\u00ab i fituar, sepse opinionet q\u00c3\u00ab marrim nga njer\u00c3\u00abzit jan\u00c3\u00ab pozitive.\" \/>\n<meta name=\"robots\" content=\"index, follow, max-snippet:-1, max-image-preview:large, max-video-preview:-1\" \/>\n<link rel=\"canonical\" href=\"https:\/\/www.visit-ulcinj.com\/blog\/2009\/05\/09\/sokoli-vellai-i-adit-rrefen-jam-krenar-per-kthesen-qe-ka-bere-adi\/\" \/>\n<meta property=\"og:locale\" content=\"en_US\" \/>\n<meta property=\"og:type\" content=\"article\" \/>\n<meta property=\"og:title\" content=\"Sokoli, v\u00c3\u00abllai i Adit, rr\u00c3\u00abfen: Jam krenar p\u00c3\u00abr kthes\u00c3\u00abn q\u00c3\u00ab ka b\u00c3\u00abr\u00c3\u00ab Adi | Big Brother Albania 2\" \/>\n<meta property=\"og:description\" content=\"Big Brother Albania 2 - Emocionet me th\u00c3\u00abn\u00c3\u00ab t\u00c3\u00ab v\u00c3\u00abrtet\u00c3\u00abn jan\u00c3\u00ab t\u00c3\u00ab m\u00c3\u00abdha. P\u00c3\u00abr ne, Adi, n\u00c3\u00ab \u00c3\u00a7do dit\u00c3\u00ab apo sekond\u00c3\u00ab q\u00c3\u00ab t\u00c3\u00ab dal\u00c3\u00ab, \u00c3\u00absht\u00c3\u00ab i fituar, sepse opinionet q\u00c3\u00ab marrim nga njer\u00c3\u00abzit jan\u00c3\u00ab pozitive.\" \/>\n<meta property=\"og:url\" content=\"https:\/\/www.visit-ulcinj.com\/blog\/2009\/05\/09\/sokoli-vellai-i-adit-rrefen-jam-krenar-per-kthesen-qe-ka-bere-adi\/\" \/>\n<meta property=\"og:site_name\" content=\"Lajme nga Ulqini\" \/>\n<meta property=\"article:published_time\" content=\"2009-05-09T10:02:01+00:00\" \/>\n<meta property=\"og:image\" content=\"http:\/\/www.visit-ulcinj.com\/blog\/wp-content\/uploads\/2009\/05\/sokoli-pojana.jpg\" \/>\n<meta name=\"twitter:label1\" content=\"Written by\" \/>\n\t<meta name=\"twitter:data1\" content=\"ulqini\" \/>\n\t<meta name=\"twitter:label2\" content=\"Est. reading time\" \/>\n\t<meta name=\"twitter:data2\" content=\"5 minutes\" \/>\n<script type=\"application\/ld+json\" class=\"yoast-schema-graph\">{\"@context\":\"https:\/\/schema.org\",\"@graph\":[{\"@type\":\"WebSite\",\"@id\":\"https:\/\/www.visit-ulcinj.com\/blog\/#website\",\"url\":\"https:\/\/www.visit-ulcinj.com\/blog\/\",\"name\":\"Lajme nga Ulqini\",\"description\":\"Lajme,Vijesti,Ulqini,Ulqin,Crna Gora,Mali i Zi\",\"potentialAction\":[{\"@type\":\"SearchAction\",\"target\":{\"@type\":\"EntryPoint\",\"urlTemplate\":\"https:\/\/www.visit-ulcinj.com\/blog\/?s={search_term_string}\"},\"query-input\":\"required name=search_term_string\"}],\"inLanguage\":\"en-US\"},{\"@type\":\"ImageObject\",\"inLanguage\":\"en-US\",\"@id\":\"https:\/\/www.visit-ulcinj.com\/blog\/2009\/05\/09\/sokoli-vellai-i-adit-rrefen-jam-krenar-per-kthesen-qe-ka-bere-adi\/#primaryimage\",\"url\":\"http:\/\/www.visit-ulcinj.com\/blog\/wp-content\/uploads\/2009\/05\/sokoli-pojana.jpg\",\"contentUrl\":\"http:\/\/www.visit-ulcinj.com\/blog\/wp-content\/uploads\/2009\/05\/sokoli-pojana.jpg\"},{\"@type\":\"WebPage\",\"@id\":\"https:\/\/www.visit-ulcinj.com\/blog\/2009\/05\/09\/sokoli-vellai-i-adit-rrefen-jam-krenar-per-kthesen-qe-ka-bere-adi\/#webpage\",\"url\":\"https:\/\/www.visit-ulcinj.com\/blog\/2009\/05\/09\/sokoli-vellai-i-adit-rrefen-jam-krenar-per-kthesen-qe-ka-bere-adi\/\",\"name\":\"Sokoli, v\u00c3\u00abllai i Adit, rr\u00c3\u00abfen: Jam krenar p\u00c3\u00abr kthes\u00c3\u00abn q\u00c3\u00ab ka b\u00c3\u00abr\u00c3\u00ab Adi | Big Brother Albania 2\",\"isPartOf\":{\"@id\":\"https:\/\/www.visit-ulcinj.com\/blog\/#website\"},\"primaryImageOfPage\":{\"@id\":\"https:\/\/www.visit-ulcinj.com\/blog\/2009\/05\/09\/sokoli-vellai-i-adit-rrefen-jam-krenar-per-kthesen-qe-ka-bere-adi\/#primaryimage\"},\"datePublished\":\"2009-05-09T10:02:01+00:00\",\"dateModified\":\"2009-05-09T10:02:01+00:00\",\"author\":{\"@id\":\"https:\/\/www.visit-ulcinj.com\/blog\/#\/schema\/person\/dcab619c614d3038751c63bc2aadc06d\"},\"description\":\"Big Brother Albania 2 - Emocionet me th\u00c3\u00abn\u00c3\u00ab t\u00c3\u00ab v\u00c3\u00abrtet\u00c3\u00abn jan\u00c3\u00ab t\u00c3\u00ab m\u00c3\u00abdha. P\u00c3\u00abr ne, Adi, n\u00c3\u00ab \u00c3\u00a7do dit\u00c3\u00ab apo sekond\u00c3\u00ab q\u00c3\u00ab t\u00c3\u00ab dal\u00c3\u00ab, \u00c3\u00absht\u00c3\u00ab i fituar, sepse opinionet q\u00c3\u00ab marrim nga njer\u00c3\u00abzit jan\u00c3\u00ab pozitive.\",\"breadcrumb\":{\"@id\":\"https:\/\/www.visit-ulcinj.com\/blog\/2009\/05\/09\/sokoli-vellai-i-adit-rrefen-jam-krenar-per-kthesen-qe-ka-bere-adi\/#breadcrumb\"},\"inLanguage\":\"en-US\",\"potentialAction\":[{\"@type\":\"ReadAction\",\"target\":[\"https:\/\/www.visit-ulcinj.com\/blog\/2009\/05\/09\/sokoli-vellai-i-adit-rrefen-jam-krenar-per-kthesen-qe-ka-bere-adi\/\"]}]},{\"@type\":\"BreadcrumbList\",\"@id\":\"https:\/\/www.visit-ulcinj.com\/blog\/2009\/05\/09\/sokoli-vellai-i-adit-rrefen-jam-krenar-per-kthesen-qe-ka-bere-adi\/#breadcrumb\",\"itemListElement\":[{\"@type\":\"ListItem\",\"position\":1,\"name\":\"Sokoli, v\u00ebllai i Adit, rr\u00ebfen: Jam krenar p\u00ebr kthes\u00ebn q\u00eb ka b\u00ebr\u00eb Adi\"}]},{\"@type\":\"Person\",\"@id\":\"https:\/\/www.visit-ulcinj.com\/blog\/#\/schema\/person\/dcab619c614d3038751c63bc2aadc06d\",\"name\":\"ulqini\",\"sameAs\":[\"http:\/\/www.visit-ulcinj.com\"],\"url\":\"https:\/\/www.visit-ulcinj.com\/blog\/author\/admin\/\"}]}<\/script>\n<!-- \/ Yoast SEO plugin. -->","yoast_head_json":{"title":"Sokoli, v\u00c3\u00abllai i Adit, rr\u00c3\u00abfen: Jam krenar p\u00c3\u00abr kthes\u00c3\u00abn q\u00c3\u00ab ka b\u00c3\u00abr\u00c3\u00ab Adi | Big Brother Albania 2","description":"Big Brother Albania 2 - Emocionet me th\u00c3\u00abn\u00c3\u00ab t\u00c3\u00ab v\u00c3\u00abrtet\u00c3\u00abn jan\u00c3\u00ab t\u00c3\u00ab m\u00c3\u00abdha. P\u00c3\u00abr ne, Adi, n\u00c3\u00ab \u00c3\u00a7do dit\u00c3\u00ab apo sekond\u00c3\u00ab q\u00c3\u00ab t\u00c3\u00ab dal\u00c3\u00ab, \u00c3\u00absht\u00c3\u00ab i fituar, sepse opinionet q\u00c3\u00ab marrim nga njer\u00c3\u00abzit jan\u00c3\u00ab pozitive.","robots":{"index":"index","follow":"follow","max-snippet":"max-snippet:-1","max-image-preview":"max-image-preview:large","max-video-preview":"max-video-preview:-1"},"canonical":"https:\/\/www.visit-ulcinj.com\/blog\/2009\/05\/09\/sokoli-vellai-i-adit-rrefen-jam-krenar-per-kthesen-qe-ka-bere-adi\/","og_locale":"en_US","og_type":"article","og_title":"Sokoli, v\u00c3\u00abllai i Adit, rr\u00c3\u00abfen: Jam krenar p\u00c3\u00abr kthes\u00c3\u00abn q\u00c3\u00ab ka b\u00c3\u00abr\u00c3\u00ab Adi | Big Brother Albania 2","og_description":"Big Brother Albania 2 - Emocionet me th\u00c3\u00abn\u00c3\u00ab t\u00c3\u00ab v\u00c3\u00abrtet\u00c3\u00abn jan\u00c3\u00ab t\u00c3\u00ab m\u00c3\u00abdha. P\u00c3\u00abr ne, Adi, n\u00c3\u00ab \u00c3\u00a7do dit\u00c3\u00ab apo sekond\u00c3\u00ab q\u00c3\u00ab t\u00c3\u00ab dal\u00c3\u00ab, \u00c3\u00absht\u00c3\u00ab i fituar, sepse opinionet q\u00c3\u00ab marrim nga njer\u00c3\u00abzit jan\u00c3\u00ab pozitive.","og_url":"https:\/\/www.visit-ulcinj.com\/blog\/2009\/05\/09\/sokoli-vellai-i-adit-rrefen-jam-krenar-per-kthesen-qe-ka-bere-adi\/","og_site_name":"Lajme nga Ulqini","article_published_time":"2009-05-09T10:02:01+00:00","og_image":[{"url":"http:\/\/www.visit-ulcinj.com\/blog\/wp-content\/uploads\/2009\/05\/sokoli-pojana.jpg"}],"twitter_misc":{"Written by":"ulqini","Est. reading time":"5 minutes"},"schema":{"@context":"https:\/\/schema.org","@graph":[{"@type":"WebSite","@id":"https:\/\/www.visit-ulcinj.com\/blog\/#website","url":"https:\/\/www.visit-ulcinj.com\/blog\/","name":"Lajme nga Ulqini","description":"Lajme,Vijesti,Ulqini,Ulqin,Crna Gora,Mali i Zi","potentialAction":[{"@type":"SearchAction","target":{"@type":"EntryPoint","urlTemplate":"https:\/\/www.visit-ulcinj.com\/blog\/?s={search_term_string}"},"query-input":"required name=search_term_string"}],"inLanguage":"en-US"},{"@type":"ImageObject","inLanguage":"en-US","@id":"https:\/\/www.visit-ulcinj.com\/blog\/2009\/05\/09\/sokoli-vellai-i-adit-rrefen-jam-krenar-per-kthesen-qe-ka-bere-adi\/#primaryimage","url":"http:\/\/www.visit-ulcinj.com\/blog\/wp-content\/uploads\/2009\/05\/sokoli-pojana.jpg","contentUrl":"http:\/\/www.visit-ulcinj.com\/blog\/wp-content\/uploads\/2009\/05\/sokoli-pojana.jpg"},{"@type":"WebPage","@id":"https:\/\/www.visit-ulcinj.com\/blog\/2009\/05\/09\/sokoli-vellai-i-adit-rrefen-jam-krenar-per-kthesen-qe-ka-bere-adi\/#webpage","url":"https:\/\/www.visit-ulcinj.com\/blog\/2009\/05\/09\/sokoli-vellai-i-adit-rrefen-jam-krenar-per-kthesen-qe-ka-bere-adi\/","name":"Sokoli, v\u00c3\u00abllai i Adit, rr\u00c3\u00abfen: Jam krenar p\u00c3\u00abr kthes\u00c3\u00abn q\u00c3\u00ab ka b\u00c3\u00abr\u00c3\u00ab Adi | Big Brother Albania 2","isPartOf":{"@id":"https:\/\/www.visit-ulcinj.com\/blog\/#website"},"primaryImageOfPage":{"@id":"https:\/\/www.visit-ulcinj.com\/blog\/2009\/05\/09\/sokoli-vellai-i-adit-rrefen-jam-krenar-per-kthesen-qe-ka-bere-adi\/#primaryimage"},"datePublished":"2009-05-09T10:02:01+00:00","dateModified":"2009-05-09T10:02:01+00:00","author":{"@id":"https:\/\/www.visit-ulcinj.com\/blog\/#\/schema\/person\/dcab619c614d3038751c63bc2aadc06d"},"description":"Big Brother Albania 2 - Emocionet me th\u00c3\u00abn\u00c3\u00ab t\u00c3\u00ab v\u00c3\u00abrtet\u00c3\u00abn jan\u00c3\u00ab t\u00c3\u00ab m\u00c3\u00abdha. P\u00c3\u00abr ne, Adi, n\u00c3\u00ab \u00c3\u00a7do dit\u00c3\u00ab apo sekond\u00c3\u00ab q\u00c3\u00ab t\u00c3\u00ab dal\u00c3\u00ab, \u00c3\u00absht\u00c3\u00ab i fituar, sepse opinionet q\u00c3\u00ab marrim nga njer\u00c3\u00abzit jan\u00c3\u00ab pozitive.","breadcrumb":{"@id":"https:\/\/www.visit-ulcinj.com\/blog\/2009\/05\/09\/sokoli-vellai-i-adit-rrefen-jam-krenar-per-kthesen-qe-ka-bere-adi\/#breadcrumb"},"inLanguage":"en-US","potentialAction":[{"@type":"ReadAction","target":["https:\/\/www.visit-ulcinj.com\/blog\/2009\/05\/09\/sokoli-vellai-i-adit-rrefen-jam-krenar-per-kthesen-qe-ka-bere-adi\/"]}]},{"@type":"BreadcrumbList","@id":"https:\/\/www.visit-ulcinj.com\/blog\/2009\/05\/09\/sokoli-vellai-i-adit-rrefen-jam-krenar-per-kthesen-qe-ka-bere-adi\/#breadcrumb","itemListElement":[{"@type":"ListItem","position":1,"name":"Sokoli, v\u00ebllai i Adit, rr\u00ebfen: Jam krenar p\u00ebr kthes\u00ebn q\u00eb ka b\u00ebr\u00eb Adi"}]},{"@type":"Person","@id":"https:\/\/www.visit-ulcinj.com\/blog\/#\/schema\/person\/dcab619c614d3038751c63bc2aadc06d","name":"ulqini","sameAs":["http:\/\/www.visit-ulcinj.com"],"url":"https:\/\/www.visit-ulcinj.com\/blog\/author\/admin\/"}]}},"jetpack_featured_media_url":"","jetpack_sharing_enabled":true,"jetpack_shortlink":"https:\/\/wp.me\/pe6lTn-5mM","_links":{"self":[{"href":"https:\/\/www.visit-ulcinj.com\/blog\/wp-json\/wp\/v2\/posts\/20632"}],"collection":[{"href":"https:\/\/www.visit-ulcinj.com\/blog\/wp-json\/wp\/v2\/posts"}],"about":[{"href":"https:\/\/www.visit-ulcinj.com\/blog\/wp-json\/wp\/v2\/types\/post"}],"author":[{"embeddable":true,"href":"https:\/\/www.visit-ulcinj.com\/blog\/wp-json\/wp\/v2\/users\/1"}],"replies":[{"embeddable":true,"href":"https:\/\/www.visit-ulcinj.com\/blog\/wp-json\/wp\/v2\/comments?post=20632"}],"version-history":[{"count":0,"href":"https:\/\/www.visit-ulcinj.com\/blog\/wp-json\/wp\/v2\/posts\/20632\/revisions"}],"wp:attachment":[{"href":"https:\/\/www.visit-ulcinj.com\/blog\/wp-json\/wp\/v2\/media?parent=20632"}],"wp:term":[{"taxonomy":"category","embeddable":true,"href":"https:\/\/www.visit-ulcinj.com\/blog\/wp-json\/wp\/v2\/categories?post=20632"},{"taxonomy":"post_tag","embeddable":true,"href":"https:\/\/www.visit-ulcinj.com\/blog\/wp-json\/wp\/v2\/tags?post=20632"}],"curies":[{"name":"wp","href":"https:\/\/api.w.org\/{rel}","templated":true}]}}