{"id":20639,"date":"2009-05-09T12:17:26","date_gmt":"2009-05-09T10:17:26","guid":{"rendered":"http:\/\/www.visit-ulcinj.com\/blog\/?p=20639"},"modified":"2009-05-09T12:17:26","modified_gmt":"2009-05-09T10:17:26","slug":"flet-juna-junida-kule-per-banoret","status":"publish","type":"post","link":"https:\/\/www.visit-ulcinj.com\/blog\/2009\/05\/09\/flet-juna-junida-kule-per-banoret\/","title":{"rendered":"Flet Juna (Junida Kule) p\u00ebr banoret"},"content":{"rendered":"<p><strong><a href=\"http:\/\/www.visit-ulcinj.com\/blog\/wp-content\/uploads\/2009\/05\/juna-big-brother-albania-2-live1.jpg\"><img loading=\"lazy\" class=\"alignleft size-full wp-image-20642\" title=\"juna-big-brother-albania-2-live1\" src=\"http:\/\/www.visit-ulcinj.com\/blog\/wp-content\/uploads\/2009\/05\/juna-big-brother-albania-2-live1.jpg\" alt=\"juna-big-brother-albania-2-live1\" width=\"429\" height=\"444\" \/><\/a>ADI<\/strong><\/p>\n<p>Gj\u00ebrat pozitive &#8211; Synon t\u00eb ndryshoj\u00eb.<\/p>\n<p>Gj\u00ebrat negative &#8211; I mungon guximi p\u00ebr konfrontime ball\u00eb p\u00ebrball\u00eb.<\/p>\n<p><em>Po ta kishit p\u00ebrball\u00eb, \u00e7far\u00eb do t&#8217;i thoshit? &#8220;\u00c7&#8217;kemi Adi! Prap\u00eb t\u00eb dhemb kurrizi mo? <\/em><em>Po k\u00ebmb\u00ebn si e ke&#8221;?<\/em><\/p>\n<p><em>\u00a0<\/em><\/p>\n<p><strong>DRITANI<\/strong><\/p>\n<p>Gj\u00ebrat pozitive &#8211; Mjaft elegant n\u00eb pamje.<\/p>\n<p>Gj\u00ebrat negative &#8211; Kur nxehet, e humbet ekuilibrin.<\/p>\n<p><em>Po ta kishit p\u00ebrball\u00eb, \u00e7far\u00eb do t&#8217;i thoshit? &#8220;T\u00eb trash\u00ebgohesh&#8221;!<\/em><\/p>\n<p><em>\u00a0<\/em><\/p>\n<p><strong>BJORDI<\/strong><\/p>\n<p>Gj\u00ebrat pozitive &#8211; Premtues n\u00eb piano.<\/p>\n<p>Gj\u00ebrat negative &#8211; B\u00ebn kompromise t\u00eb paprincipta.<\/p>\n<p><em>Po ta kishit p\u00ebrball\u00eb, \u00e7far\u00eb do t&#8217;i thoshit? &#8220;Kujdes, jeta \u00ebsht\u00eb e gjat\u00eb p\u00ebr prap\u00ebsira dhe e shkurt\u00ebr p\u00ebr t\u00eb qen\u00eb i virtytsh\u00ebm&#8221;.<\/em><\/p>\n<p><em>\u00a0<\/em><\/p>\n<p><strong>ARJONI<\/strong><\/p>\n<p>Gj\u00ebrat pozitive &#8211; Inteligjent, i artikuluar shum\u00eb mir\u00eb n\u00eb shprehje dhe i pash\u00ebm.<\/p>\n<p>Gj\u00ebrat negative &#8211; S&#8217;ka.<\/p>\n<p><em>Po ta kishit p\u00ebrball\u00eb, \u00e7far\u00eb do t&#8217;i thoshit? &#8220;Fal\u00ebnderoj &#8216;Big&#8217;-un q\u00eb m\u00eb dha mund\u00ebsin\u00eb t\u00eb njihesha me ty&#8221;.<\/em><\/p>\n<p><em>\u00a0<\/em><\/p>\n<p><strong>SORI<\/strong><\/p>\n<p>Gj\u00ebrat pozitive &#8211; Njeri i vullnetit dhe sakrific\u00ebs.<\/p>\n<p>Gj\u00ebrat negative &#8211; Nuk i shfaqi asnj\u00ebher\u00eb para meje.<\/p>\n<p><em>Po ta kishit p\u00ebrball\u00eb, \u00e7far\u00eb do t&#8217;i thoshit? &#8220;M\u00eb vjen keq q\u00eb nuk t&#8217;u dha rasti t\u00eb m\u00eb nominoje&#8221;.<\/em><\/p>\n<p><em>\u00a0<\/em><\/p>\n<p><strong>ANI<\/strong><\/p>\n<p>Gj\u00ebrat pozitive &#8211; I mir\u00eb dhe i dashur.<\/p>\n<p>Gj\u00ebrat negative &#8211; Nuk arrita ta njoh.<\/p>\n<p><em>Po ta kishit p\u00ebrball\u00eb, \u00e7far\u00eb do t&#8217;i thoshit? &#8220;Vazhdo si\u00e7 e ke nisur&#8221;.<\/em><\/p>\n<p><em>\u00a0<\/em><\/p>\n<p><strong>TONI<\/strong><\/p>\n<p>Gj\u00ebrat pozitive &#8211; I \u00ebmb\u00ebl, i zgjuar dhe parimor. Pa komplekse.<\/p>\n<p>Gj\u00ebrat negative &#8211; M\u00eb ka l\u00ebn\u00eb pa gjum\u00eb dhe desh m\u00eb mbyti nga t\u00eb qeshurat.<\/p>\n<p><em>Po ta kishit p\u00ebrball\u00eb, \u00e7far\u00eb do t&#8217;i thoshit? <\/em><em>&#8220;Lymo, na le pa pa filxhon&#8221;.<\/em><\/p>\n<p><em>\u00a0<\/em><\/p>\n<p><strong>ARI<\/strong><\/p>\n<p>Gj\u00ebrat pozitive &#8211; Ka m\u00ebsuar ca gj\u00ebra n\u00eb Per\u00ebndim.<\/p>\n<p>Gj\u00ebrat negative &#8211; Nuk ka m\u00ebsuar ato q\u00eb duhet t\u00eb m\u00ebsonte.<\/p>\n<p><em>Po ta kishit p\u00ebrball\u00eb, \u00e7far\u00eb do t&#8217;i thoshit? &#8220;Asgj\u00eb&#8221;.<\/em><\/p>\n<p><em>\u00a0<\/em><\/p>\n<p><strong>ADELA<\/strong><\/p>\n<p>Gj\u00ebrat pozitive &#8211; Fotozhenike n\u00eb fytyr\u00eb.<\/p>\n<p>Gj\u00ebrat negative &#8211; Fotozhenike n\u00eb karakter.<\/p>\n<p><em>Po ta kishit p\u00ebrball\u00eb, \u00e7far\u00eb do t&#8217;i thoshit? &#8220;Ti nuk p\u00ebrfaq\u00ebson vajzat e v\u00ebrteta nga provinca. Ato jan\u00eb t\u00eb brishta dhe t\u00eb sinqerta n\u00eb \u00ebndrrat e tyre legjitime&#8221;.<\/em><\/p>\n<p><em>\u00a0<\/em><\/p>\n<p><strong>AIDA<\/strong><\/p>\n<p>Gj\u00ebrat pozitive &#8211; Vajz\u00eb me shum\u00eb personalitet dhe me shum\u00eb bot\u00eb.<\/p>\n<p>Gj\u00ebrat negative &#8211; Nuk arrita t&#8217;ia njoh.<\/p>\n<p><em>Po ta kishit p\u00ebrball\u00eb, \u00e7far\u00eb do t&#8217;i thoshit? &#8220;Lum ai burr\u00eb q\u00eb do t\u00eb t\u00eb ket\u00eb ty n\u00eb krah&#8221;.<\/em><\/p>\n<p><em>\u00a0<\/em><\/p>\n<p><strong>MOZA<\/strong><\/p>\n<p>Gj\u00ebrat pozitive &#8211; Kryefamiljare e zonja.<\/p>\n<p>Gj\u00ebrat negative &#8211; Telefon i prishur.<\/p>\n<p><em>Po ta kishit p\u00ebrball\u00eb, \u00e7far\u00eb do t&#8217;i thoshit? &#8220;E thash\u00eb, e the, e tha, e tham\u00eb, thashetheme ke th\u00ebn\u00eb, e thash\u00eb, e the, e tha, e tham\u00eb, thashetheme s&#8217;duhen th\u00ebn\u00eb&#8221;.<\/em><\/p>\n<p><em>\u00a0<\/em><\/p>\n<p><strong>ANJEZA<\/strong><\/p>\n<p>Gj\u00ebrat pozitive &#8211; Me shum\u00eb bonsens, shum\u00eb e dashur dhe e \u00e7ilt\u00ebr.<\/p>\n<p>Gj\u00ebrat negative &#8211; Nuk ka.<\/p>\n<p>Po ta kishit p\u00ebrball\u00eb, \u00e7far\u00eb do t&#8217;i thoshit? &#8220;T\u00eb uroj shum\u00eb, shum\u00eb fat n\u00eb jet\u00eb&#8221;.<\/p>\n","protected":false},"excerpt":{"rendered":"<p>ADI Gj\u00ebrat pozitive &#8211; Synon t\u00eb ndryshoj\u00eb. Gj\u00ebrat negative &#8211; I mungon guximi p\u00ebr konfrontime ball\u00eb p\u00ebrball\u00eb. Po ta kishit p\u00ebrball\u00eb, \u00e7far\u00eb do t&#8217;i thoshit? &#8220;\u00c7&#8217;kemi Adi! Prap\u00eb t\u00eb dhemb kurrizi mo? Po k\u00ebmb\u00ebn si e ke&#8221;? \u00a0 DRITANI Gj\u00ebrat pozitive &#8211; Mjaft elegant n\u00eb pamje. Gj\u00ebrat negative &#8211; Kur nxehet, e humbet ekuilibrin. Po [&hellip;]<\/p>\n","protected":false},"author":1,"featured_media":0,"comment_status":"open","ping_status":"closed","sticky":false,"template":"","format":"standard","meta":{"spay_email":"","jetpack_publicize_message":"","jetpack_is_tweetstorm":false,"jetpack_publicize_feature_enabled":true},"categories":[6502],"tags":[6529,6537,8290,8289,6520,8934,6525,6694,9121,6522,6521,9116,10126,1442,10125,6544,8276,9795],"jetpack_publicize_connections":[],"yoast_head":"<!-- This site is optimized with the Yoast SEO plugin v19.1 - https:\/\/yoast.com\/wordpress\/plugins\/seo\/ -->\n<title>Flet Juna (Junida Kule) p\u00c3\u00abr banoret | Big Brother Albania 2<\/title>\n<meta name=\"description\" content=\"Big Brother Albania 2 - Flet Juna (Junida Kule) p\u00c3\u00abr banoret\" \/>\n<meta name=\"robots\" content=\"index, follow, max-snippet:-1, max-image-preview:large, max-video-preview:-1\" \/>\n<link rel=\"canonical\" href=\"https:\/\/www.visit-ulcinj.com\/blog\/2009\/05\/09\/flet-juna-junida-kule-per-banoret\/\" \/>\n<meta property=\"og:locale\" content=\"en_US\" \/>\n<meta property=\"og:type\" content=\"article\" \/>\n<meta property=\"og:title\" content=\"Flet Juna (Junida Kule) p\u00c3\u00abr banoret | Big Brother Albania 2\" \/>\n<meta property=\"og:description\" content=\"Big Brother Albania 2 - Flet Juna (Junida Kule) p\u00c3\u00abr banoret\" \/>\n<meta property=\"og:url\" content=\"https:\/\/www.visit-ulcinj.com\/blog\/2009\/05\/09\/flet-juna-junida-kule-per-banoret\/\" \/>\n<meta property=\"og:site_name\" content=\"Lajme nga Ulqini\" \/>\n<meta property=\"article:published_time\" content=\"2009-05-09T10:17:26+00:00\" \/>\n<meta property=\"og:image\" content=\"http:\/\/www.visit-ulcinj.com\/blog\/wp-content\/uploads\/2009\/05\/juna-big-brother-albania-2-live1.jpg\" \/>\n<meta name=\"twitter:label1\" content=\"Written by\" \/>\n\t<meta name=\"twitter:data1\" content=\"ulqini\" \/>\n\t<meta name=\"twitter:label2\" content=\"Est. reading time\" \/>\n\t<meta name=\"twitter:data2\" content=\"2 minutes\" \/>\n<script type=\"application\/ld+json\" class=\"yoast-schema-graph\">{\"@context\":\"https:\/\/schema.org\",\"@graph\":[{\"@type\":\"WebSite\",\"@id\":\"https:\/\/www.visit-ulcinj.com\/blog\/#website\",\"url\":\"https:\/\/www.visit-ulcinj.com\/blog\/\",\"name\":\"Lajme nga Ulqini\",\"description\":\"Lajme,Vijesti,Ulqini,Ulqin,Crna Gora,Mali i Zi\",\"potentialAction\":[{\"@type\":\"SearchAction\",\"target\":{\"@type\":\"EntryPoint\",\"urlTemplate\":\"https:\/\/www.visit-ulcinj.com\/blog\/?s={search_term_string}\"},\"query-input\":\"required name=search_term_string\"}],\"inLanguage\":\"en-US\"},{\"@type\":\"ImageObject\",\"inLanguage\":\"en-US\",\"@id\":\"https:\/\/www.visit-ulcinj.com\/blog\/2009\/05\/09\/flet-juna-junida-kule-per-banoret\/#primaryimage\",\"url\":\"http:\/\/www.visit-ulcinj.com\/blog\/wp-content\/uploads\/2009\/05\/juna-big-brother-albania-2-live1.jpg\",\"contentUrl\":\"http:\/\/www.visit-ulcinj.com\/blog\/wp-content\/uploads\/2009\/05\/juna-big-brother-albania-2-live1.jpg\"},{\"@type\":\"WebPage\",\"@id\":\"https:\/\/www.visit-ulcinj.com\/blog\/2009\/05\/09\/flet-juna-junida-kule-per-banoret\/#webpage\",\"url\":\"https:\/\/www.visit-ulcinj.com\/blog\/2009\/05\/09\/flet-juna-junida-kule-per-banoret\/\",\"name\":\"Flet Juna (Junida Kule) p\u00c3\u00abr banoret | Big Brother Albania 2\",\"isPartOf\":{\"@id\":\"https:\/\/www.visit-ulcinj.com\/blog\/#website\"},\"primaryImageOfPage\":{\"@id\":\"https:\/\/www.visit-ulcinj.com\/blog\/2009\/05\/09\/flet-juna-junida-kule-per-banoret\/#primaryimage\"},\"datePublished\":\"2009-05-09T10:17:26+00:00\",\"dateModified\":\"2009-05-09T10:17:26+00:00\",\"author\":{\"@id\":\"https:\/\/www.visit-ulcinj.com\/blog\/#\/schema\/person\/dcab619c614d3038751c63bc2aadc06d\"},\"description\":\"Big Brother Albania 2 - Flet Juna (Junida Kule) p\u00c3\u00abr banoret\",\"breadcrumb\":{\"@id\":\"https:\/\/www.visit-ulcinj.com\/blog\/2009\/05\/09\/flet-juna-junida-kule-per-banoret\/#breadcrumb\"},\"inLanguage\":\"en-US\",\"potentialAction\":[{\"@type\":\"ReadAction\",\"target\":[\"https:\/\/www.visit-ulcinj.com\/blog\/2009\/05\/09\/flet-juna-junida-kule-per-banoret\/\"]}]},{\"@type\":\"BreadcrumbList\",\"@id\":\"https:\/\/www.visit-ulcinj.com\/blog\/2009\/05\/09\/flet-juna-junida-kule-per-banoret\/#breadcrumb\",\"itemListElement\":[{\"@type\":\"ListItem\",\"position\":1,\"name\":\"Flet Juna (Junida Kule) p\u00ebr banoret\"}]},{\"@type\":\"Person\",\"@id\":\"https:\/\/www.visit-ulcinj.com\/blog\/#\/schema\/person\/dcab619c614d3038751c63bc2aadc06d\",\"name\":\"ulqini\",\"sameAs\":[\"http:\/\/www.visit-ulcinj.com\"],\"url\":\"https:\/\/www.visit-ulcinj.com\/blog\/author\/admin\/\"}]}<\/script>\n<!-- \/ Yoast SEO plugin. -->","yoast_head_json":{"title":"Flet Juna (Junida Kule) p\u00c3\u00abr banoret | Big Brother Albania 2","description":"Big Brother Albania 2 - Flet Juna (Junida Kule) p\u00c3\u00abr banoret","robots":{"index":"index","follow":"follow","max-snippet":"max-snippet:-1","max-image-preview":"max-image-preview:large","max-video-preview":"max-video-preview:-1"},"canonical":"https:\/\/www.visit-ulcinj.com\/blog\/2009\/05\/09\/flet-juna-junida-kule-per-banoret\/","og_locale":"en_US","og_type":"article","og_title":"Flet Juna (Junida Kule) p\u00c3\u00abr banoret | Big Brother Albania 2","og_description":"Big Brother Albania 2 - Flet Juna (Junida Kule) p\u00c3\u00abr banoret","og_url":"https:\/\/www.visit-ulcinj.com\/blog\/2009\/05\/09\/flet-juna-junida-kule-per-banoret\/","og_site_name":"Lajme nga Ulqini","article_published_time":"2009-05-09T10:17:26+00:00","og_image":[{"url":"http:\/\/www.visit-ulcinj.com\/blog\/wp-content\/uploads\/2009\/05\/juna-big-brother-albania-2-live1.jpg"}],"twitter_misc":{"Written by":"ulqini","Est. reading time":"2 minutes"},"schema":{"@context":"https:\/\/schema.org","@graph":[{"@type":"WebSite","@id":"https:\/\/www.visit-ulcinj.com\/blog\/#website","url":"https:\/\/www.visit-ulcinj.com\/blog\/","name":"Lajme nga Ulqini","description":"Lajme,Vijesti,Ulqini,Ulqin,Crna Gora,Mali i Zi","potentialAction":[{"@type":"SearchAction","target":{"@type":"EntryPoint","urlTemplate":"https:\/\/www.visit-ulcinj.com\/blog\/?s={search_term_string}"},"query-input":"required name=search_term_string"}],"inLanguage":"en-US"},{"@type":"ImageObject","inLanguage":"en-US","@id":"https:\/\/www.visit-ulcinj.com\/blog\/2009\/05\/09\/flet-juna-junida-kule-per-banoret\/#primaryimage","url":"http:\/\/www.visit-ulcinj.com\/blog\/wp-content\/uploads\/2009\/05\/juna-big-brother-albania-2-live1.jpg","contentUrl":"http:\/\/www.visit-ulcinj.com\/blog\/wp-content\/uploads\/2009\/05\/juna-big-brother-albania-2-live1.jpg"},{"@type":"WebPage","@id":"https:\/\/www.visit-ulcinj.com\/blog\/2009\/05\/09\/flet-juna-junida-kule-per-banoret\/#webpage","url":"https:\/\/www.visit-ulcinj.com\/blog\/2009\/05\/09\/flet-juna-junida-kule-per-banoret\/","name":"Flet Juna (Junida Kule) p\u00c3\u00abr banoret | Big Brother Albania 2","isPartOf":{"@id":"https:\/\/www.visit-ulcinj.com\/blog\/#website"},"primaryImageOfPage":{"@id":"https:\/\/www.visit-ulcinj.com\/blog\/2009\/05\/09\/flet-juna-junida-kule-per-banoret\/#primaryimage"},"datePublished":"2009-05-09T10:17:26+00:00","dateModified":"2009-05-09T10:17:26+00:00","author":{"@id":"https:\/\/www.visit-ulcinj.com\/blog\/#\/schema\/person\/dcab619c614d3038751c63bc2aadc06d"},"description":"Big Brother Albania 2 - Flet Juna (Junida Kule) p\u00c3\u00abr banoret","breadcrumb":{"@id":"https:\/\/www.visit-ulcinj.com\/blog\/2009\/05\/09\/flet-juna-junida-kule-per-banoret\/#breadcrumb"},"inLanguage":"en-US","potentialAction":[{"@type":"ReadAction","target":["https:\/\/www.visit-ulcinj.com\/blog\/2009\/05\/09\/flet-juna-junida-kule-per-banoret\/"]}]},{"@type":"BreadcrumbList","@id":"https:\/\/www.visit-ulcinj.com\/blog\/2009\/05\/09\/flet-juna-junida-kule-per-banoret\/#breadcrumb","itemListElement":[{"@type":"ListItem","position":1,"name":"Flet Juna (Junida Kule) p\u00ebr banoret"}]},{"@type":"Person","@id":"https:\/\/www.visit-ulcinj.com\/blog\/#\/schema\/person\/dcab619c614d3038751c63bc2aadc06d","name":"ulqini","sameAs":["http:\/\/www.visit-ulcinj.com"],"url":"https:\/\/www.visit-ulcinj.com\/blog\/author\/admin\/"}]}},"jetpack_featured_media_url":"","jetpack_sharing_enabled":true,"jetpack_shortlink":"https:\/\/wp.me\/pe6lTn-5mT","_links":{"self":[{"href":"https:\/\/www.visit-ulcinj.com\/blog\/wp-json\/wp\/v2\/posts\/20639"}],"collection":[{"href":"https:\/\/www.visit-ulcinj.com\/blog\/wp-json\/wp\/v2\/posts"}],"about":[{"href":"https:\/\/www.visit-ulcinj.com\/blog\/wp-json\/wp\/v2\/types\/post"}],"author":[{"embeddable":true,"href":"https:\/\/www.visit-ulcinj.com\/blog\/wp-json\/wp\/v2\/users\/1"}],"replies":[{"embeddable":true,"href":"https:\/\/www.visit-ulcinj.com\/blog\/wp-json\/wp\/v2\/comments?post=20639"}],"version-history":[{"count":0,"href":"https:\/\/www.visit-ulcinj.com\/blog\/wp-json\/wp\/v2\/posts\/20639\/revisions"}],"wp:attachment":[{"href":"https:\/\/www.visit-ulcinj.com\/blog\/wp-json\/wp\/v2\/media?parent=20639"}],"wp:term":[{"taxonomy":"category","embeddable":true,"href":"https:\/\/www.visit-ulcinj.com\/blog\/wp-json\/wp\/v2\/categories?post=20639"},{"taxonomy":"post_tag","embeddable":true,"href":"https:\/\/www.visit-ulcinj.com\/blog\/wp-json\/wp\/v2\/tags?post=20639"}],"curies":[{"name":"wp","href":"https:\/\/api.w.org\/{rel}","templated":true}]}}