{"id":20645,"date":"2009-05-09T12:19:50","date_gmt":"2009-05-09T10:19:50","guid":{"rendered":"http:\/\/www.visit-ulcinj.com\/blog\/?p=20645"},"modified":"2009-05-09T12:19:50","modified_gmt":"2009-05-09T10:19:50","slug":"big-brother-albania-2-intervista-junida-kule-juna","status":"publish","type":"post","link":"https:\/\/www.visit-ulcinj.com\/blog\/2009\/05\/09\/big-brother-albania-2-intervista-junida-kule-juna\/","title":{"rendered":"Big Brother Albania 2, Intervista, Junida Kule (Juna)"},"content":{"rendered":"<p><strong><a href=\"http:\/\/www.visit-ulcinj.com\/blog\/wp-content\/uploads\/2009\/05\/junida-kule-big-brother-albania-2-live.jpg\"><img loading=\"lazy\" class=\"alignleft size-full wp-image-20644\" title=\"junida-kule-big-brother-albania-2-live\" src=\"http:\/\/www.visit-ulcinj.com\/blog\/wp-content\/uploads\/2009\/05\/junida-kule-big-brother-albania-2-live.jpg\" alt=\"junida-kule-big-brother-albania-2-live\" width=\"323\" height=\"481\" \/><\/a>Juna, a ishte &#8220;Big Brother&#8221; si\u00e7 e prisnit?<\/strong><\/p>\n<p>Padyshim q\u00eb ishte si\u00e7 e prisja. Nj\u00eb p\u00ebrballje karakteresh, situatash dhe mentalitetesh, ku elementi telenovel\u00eb, edhe po nuk t\u00eb nxori fitues, t\u00eb garanton arritjen deri n\u00eb finale.<\/p>\n<p><strong>E vler\u00ebsuat si nj\u00eb p\u00ebrvoj\u00eb q\u00eb do t\u00eb donit ta riprovonit?<\/strong><\/p>\n<p>E vler\u00ebsova si nj\u00eb p\u00ebrvoj\u00eb q\u00eb do t&#8217;jua rekomandoja t\u00eb gjith\u00ebve. Un\u00eb e provova. Un\u00eb hyra aty p\u00ebr t\u00eb pasuruar p\u00ebrvoj\u00ebn time jet\u00ebsore me aspekte nga realiteti i vendit tim, pasi ndieja munges\u00eb informacioni n\u00eb k\u00ebt\u00eb drejtim. Desha t\u00eb eksperimentoja n\u00ebp\u00ebrmjet vetes time, si funksionojn\u00eb n\u00eb nj\u00eb konglomerat t\u00eb caktuar social shqiptar disa parime baz\u00eb t\u00eb jet\u00ebs per\u00ebndimore, si komunikimi i drejtp\u00ebrdrejt\u00eb dhe me p\u00ebrmbajtje, lirshm\u00ebria n\u00eb mendim dhe veprim, fryma e sh\u00ebndosh\u00eb komunitare, konkurrenca e ndershme dhe sidomos p\u00ebrgjegj\u00ebsia p\u00ebr t\u00eb qen\u00eb i dobish\u00ebm p\u00ebr t\u00eb tjer\u00ebt edhe n\u00eb kushtet e konfliktit t\u00eb interesave me ta. <strong>&#8220;<\/strong><\/p>\n<p><strong>Big Brother&#8221; p\u00ebr ju ishte m\u00eb shum\u00eb loj\u00eb, apo gar\u00eb drejt 70 mij\u00eb eurove?<\/strong><\/p>\n<p>P\u00ebr mua BB ishte nj\u00eb eksperiment personal i imi, brenda eksperimentit t\u00eb madh social q\u00eb krijon spektaklin. Eksperimentova me personalitetin tim dhe konceptet e mia p\u00ebr jet\u00ebn, duke i v\u00ebn\u00eb ato n\u00eb nj\u00eb prov\u00eb t\u00eb fort\u00eb. Nj\u00eb ndeshje me disa shfaqje t\u00eb mediokritetit klasik, ku natyrisht do t\u00eb fitonte ky i fundit. Kjo u duk qart\u00eb nga tre eliminimet e fundit para meje.<\/p>\n<p><strong>Kush ishte miku\/mikesha juaj?<\/strong><\/p>\n<p>Aida, Toni, Arjoni, Sori, Anjeza ishin njer\u00ebzit me t\u00eb cil\u00ebt un\u00eb kisha p\u00ebrputhje n\u00eb bot\u00ebkuptim. Miq\u00ebsia me ta mund t\u00eb zhvillohet n\u00eb ambientet jasht\u00eb BB.<\/p>\n<p><strong>Po kund\u00ebrshtari\/ja m\u00eb e fort\u00eb?<\/strong><\/p>\n<p>T\u00eb nj\u00ebjt\u00ebt njer\u00ebz, po t\u00eb kishim vazhduar bashk\u00eb.<\/p>\n<p><strong>Po t\u00eb them Adela, \u00e7far\u00eb m\u00eb thoni?<\/strong><\/p>\n<p>Ajo q\u00eb n\u00eb fillim m\u00eb konsideroi si penges\u00eb n\u00eb rrug\u00ebn p\u00ebr te 70 mij\u00eb eurot dhe nuk donte t&#8217;ia dinte fare p\u00ebr vlerat e mia si njeri. Madje u mundua t&#8217;i minimizonte ato. \u00cbsht\u00eb karakteristik\u00eb e njohur e atyre q\u00eb ndjehen automatikisht inferior\u00eb ndaj dikujt. Mundohen ta bojkotojn\u00eb at\u00eb pik\u00ebrisht aty ku ndjejn\u00eb inferioritet. Un\u00eb p\u00ebr shembull ndjehesha inferiore ndaj Arit, p\u00ebr sa i takon pasuris\u00eb s\u00eb fjal\u00ebve t\u00eb ndyra q\u00eb ai p\u00ebrdorte dhe e bojkotova at\u00eb. Adela u vet\u00ebndje inferiore n\u00eb aspektin etik dhe ndoshta moral dhe u mundua t\u00eb m\u00eb asfiksonte. Nuk m&#8217;u afrua kurr\u00eb pran\u00eb pianos, si t\u00eb tjer\u00ebt, dhe nuk ishte asnj\u00ebher\u00eb n\u00eb gjendje p\u00ebr debat t\u00eb dyansh\u00ebm dhe t\u00eb shtruar. U pozicionua kund\u00ebr meje pa eleganc\u00eb dhe p\u00ebrdori \u00e7do mjet taktik q\u00eb kishte n\u00eb dispozicion p\u00ebr t\u00eb realizuar izolimin e mentalitetit q\u00eb un\u00eb p\u00ebrfaq\u00ebsoja. Kur nuk ia arriti k\u00ebsaj, p\u00ebrdori edhe variantin &#8220;intelektuali&#8221; kund\u00ebr intelektuales, gj\u00eb p\u00ebr t\u00eb cil\u00ebn shfryt\u00ebzoi Arianin, i cili ishte i gatsh\u00ebm t\u00eb m\u00eb bombardonte me fjal\u00eb nga m\u00eb t\u00eb ul\u00ebtat, pasoj\u00eb e problemeve serioze me identitetin e vet. Adela di t&#8217;i manipuloj\u00eb njer\u00ebzit me karakter t\u00eb dob\u00ebt. P\u00ebr k\u00ebt\u00eb e ndihmojn\u00eb gropat e thella q\u00eb ka n\u00eb tabanin e saj etiko-moral. <strong>A ju duket fajtore, apo viktim\u00eb p\u00ebr situat\u00ebn e saj? <\/strong>As fajtore, as viktim\u00eb. M\u00eb duket thjesht autore e situat\u00ebs s\u00eb saj unike. Them &#8220;unike&#8221;, sepse, sipas mendimit tim, ajo nuk i p\u00ebrfaq\u00ebson aspak vajzat e thjeshta dhe fisnike shqiptare. <strong>A mendoni se ajo e penalizon ecurin\u00eb e loj\u00ebs s\u00eb Bjordit? <\/strong>Jo. Bjordi po penalizon veten, sepse edhe ai nuk ka q\u00ebndrueshm\u00ebri etikomorale. Luhatet keqas midis loj\u00ebs s\u00eb tij individuale dhe loj\u00ebs s\u00eb p\u00ebrbashk\u00ebt me Adel\u00ebn. N\u00eb personalitetin e tij ka k\u00ebrcitje. Ky personazh ka probleme serioze me harmonin\u00eb e tij brenda vetes.<\/p>\n<p><strong>\u00c7far\u00eb mendimi ju ka mbetur p\u00ebr Arin?<\/strong><\/p>\n<p>Ai mendim q\u00eb kam shprehur dhe e kam l\u00ebn\u00eb brenda sht\u00ebpis\u00eb. \u00cbsht\u00eb nj\u00eb lloj &#8220;dandy&#8221;, por pa bosht. U paraqit shum\u00eb pak serioz, p\u00ebr ta marr\u00eb seriozisht.<\/p>\n<p><strong>Cilat kan\u00eb qen\u00eb komentet e njer\u00ebzve pasi dol\u00ebt nga &#8220;Big Brother&#8221;?<\/strong><\/p>\n<p>T\u00eb m\u00eb ndjej\u00eb zot\u00ebria i nderuar, gazetari nga Londra, Muhamed Veliu, t\u00eb cilin po e citoj n\u00eb nj\u00eb mesazh q\u00eb m\u00eb ka d\u00ebrguar. M\u00eb duket se n\u00eb k\u00ebt\u00eb mesazh p\u00ebrmblidhen shum\u00eb bukur opinionet q\u00eb kam marr\u00eb deri tani. Ai shkruan: &#8220;Juna, t\u00eb fal\u00ebnderoj nga zemra q\u00eb n\u00eb jav\u00ebt e q\u00ebndrimit n\u00eb BB u ktheve n\u00eb ambasadore t\u00eb vlerave t\u00eb t\u00eb gjith\u00eb ne djemve dhe vajzave shqiptare q\u00eb jetojm\u00eb n\u00eb Evrop\u00eb. Ju fituat simpatin\u00eb e atyre njer\u00ebzve q\u00eb p\u00ebrfaq\u00ebsojn\u00eb qytetarin\u00eb&#8221;.<\/p>\n<p><strong>Po prind\u00ebrit \u00e7far\u00eb reagimi pat\u00ebn?<\/strong><\/p>\n<p>Prind\u00ebrit i kishte marr\u00eb malli p\u00ebr Jun\u00ebn dhe thjesht u \u00e7mall\u00ebn dhe po vazhdojm\u00eb t\u00eb \u00e7mallemi.<\/p>\n<p><strong>Nj\u00ebri nga opinionist\u00ebt pati nj\u00eb reagim t\u00eb ashp\u00ebr ndaj komenteve tuaja ndaj Adel\u00ebs. A mendoni se sot, t\u00eb mbash an\u00ebn e Adel\u00ebs, duket se fiton m\u00eb shpejt simpatin\u00eb e publikut?<\/strong><\/p>\n<p>Mendoj q\u00eb secili duhet t\u00eb mbaj\u00eb an\u00ebn e vet, sipas karakterit dhe personalitetit t\u00eb tij. Sa p\u00ebr &#8220;opinionistin&#8221; Arjan Konomi, ai u tregua oportunist, duke u b\u00ebr\u00eb z\u00ebdh\u00ebn\u00ebs i atij mediokriteti q\u00eb kam p\u00ebrmendur m\u00eb lart.<\/p>\n<p><strong>Si do t\u00eb rrjedh\u00eb jeta e Jun\u00ebs tani? <\/strong><\/p>\n<p>Mat\u00eb normalitet dhe impenjim si deri para 4 jav\u00ebsh.<\/p>\n<p><strong>Tipi i Adit, a mund t\u00eb ishte mashkulli q\u00eb do t\u00eb donit ta kishit n\u00eb krah?<\/strong><\/p>\n<p>N\u00eb asnj\u00eb m\u00ebnyr\u00eb. P\u00ebr mua Adi \u00ebsht\u00eb vet\u00ebm nj\u00eb shakaxhi i zoti, q\u00eb e mbulon shum\u00eb mir\u00eb pjes\u00ebn e m\u00ebrzitshme t\u00eb koh\u00ebs n\u00eb BB.<\/p>\n<p><strong>\u00c7far\u00eb do t&#8217;u thoshit atyre q\u00eb e mendojn\u00eb ndryshe nga ju?<\/strong><\/p>\n<p>E respektoj mendimin e tyre, si\u00e7 respektoj \u00e7do mendim ndryshe n\u00eb p\u00ebrgjith\u00ebsi.<\/p>\n<p><strong>Po fansave?<\/strong><\/p>\n<p>I fal\u00ebnderoj p\u00ebr p\u00ebrkrahjen q\u00eb m\u00eb kan\u00eb dh\u00ebn\u00eb dhe dua t\u00eb shfryt\u00ebzoj rastin p\u00ebr t&#8217;jua th\u00ebn\u00eb me an\u00eb t\u00eb nj\u00eb shprehjeje n\u00eb nj\u00eb k\u00ebng\u00eb t\u00eb STING: &#8220;Be yourself, no matter what they say&#8221;.<\/p>\n","protected":false},"excerpt":{"rendered":"<p>Juna, a ishte &#8220;Big Brother&#8221; si\u00e7 e prisnit? Padyshim q\u00eb ishte si\u00e7 e prisja. Nj\u00eb p\u00ebrballje karakteresh, situatash dhe mentalitetesh, ku elementi telenovel\u00eb, edhe po nuk t\u00eb nxori fitues, t\u00eb garanton arritjen deri n\u00eb finale. E vler\u00ebsuat si nj\u00eb p\u00ebrvoj\u00eb q\u00eb do t\u00eb donit ta riprovonit? E vler\u00ebsova si nj\u00eb p\u00ebrvoj\u00eb q\u00eb do t&#8217;jua rekomandoja [&hellip;]<\/p>\n","protected":false},"author":1,"featured_media":0,"comment_status":"open","ping_status":"closed","sticky":false,"template":"","format":"standard","meta":{"spay_email":"","jetpack_publicize_message":"","jetpack_is_tweetstorm":false,"jetpack_publicize_feature_enabled":true},"categories":[6502],"tags":[5057,6506,6516,9121,6712,7129,8966,1442,8938,6891,6693,6887,9751],"jetpack_publicize_connections":[],"yoast_head":"<!-- This site is optimized with the Yoast SEO plugin v19.1 - https:\/\/yoast.com\/wordpress\/plugins\/seo\/ -->\n<title>Big Brother Albania 2, Intervista, Junida Kule (Juna) - Lajme nga Ulqini<\/title>\n<meta name=\"description\" content=\"Juna, a ishte &quot;Big Brother&quot; si\u00e7 e prisnit? Padyshim q\u00eb ishte si\u00e7 e prisja. Nj\u00eb p\u00ebrballje karakteresh, situatash dhe mentalitetesh, ku elementi telenovel\u00eb,\" \/>\n<meta name=\"robots\" content=\"index, follow, max-snippet:-1, max-image-preview:large, max-video-preview:-1\" \/>\n<link rel=\"canonical\" href=\"https:\/\/www.visit-ulcinj.com\/blog\/2009\/05\/09\/big-brother-albania-2-intervista-junida-kule-juna\/\" \/>\n<meta property=\"og:locale\" content=\"en_US\" \/>\n<meta property=\"og:type\" content=\"article\" \/>\n<meta property=\"og:title\" content=\"Big Brother Albania 2, Intervista, Junida Kule (Juna) - Lajme nga Ulqini\" \/>\n<meta property=\"og:description\" content=\"Juna, a ishte &quot;Big Brother&quot; si\u00e7 e prisnit? Padyshim q\u00eb ishte si\u00e7 e prisja. Nj\u00eb p\u00ebrballje karakteresh, situatash dhe mentalitetesh, ku elementi telenovel\u00eb,\" \/>\n<meta property=\"og:url\" content=\"https:\/\/www.visit-ulcinj.com\/blog\/2009\/05\/09\/big-brother-albania-2-intervista-junida-kule-juna\/\" \/>\n<meta property=\"og:site_name\" content=\"Lajme nga Ulqini\" \/>\n<meta property=\"article:published_time\" content=\"2009-05-09T10:19:50+00:00\" \/>\n<meta property=\"og:image\" content=\"http:\/\/www.visit-ulcinj.com\/blog\/wp-content\/uploads\/2009\/05\/junida-kule-big-brother-albania-2-live.jpg\" \/>\n<meta name=\"twitter:label1\" content=\"Written by\" \/>\n\t<meta name=\"twitter:data1\" content=\"ulqini\" \/>\n\t<meta name=\"twitter:label2\" content=\"Est. reading time\" \/>\n\t<meta name=\"twitter:data2\" content=\"5 minutes\" \/>\n<script type=\"application\/ld+json\" class=\"yoast-schema-graph\">{\"@context\":\"https:\/\/schema.org\",\"@graph\":[{\"@type\":\"WebSite\",\"@id\":\"https:\/\/www.visit-ulcinj.com\/blog\/#website\",\"url\":\"https:\/\/www.visit-ulcinj.com\/blog\/\",\"name\":\"Lajme nga Ulqini\",\"description\":\"Lajme,Vijesti,Ulqini,Ulqin,Crna Gora,Mali i Zi\",\"potentialAction\":[{\"@type\":\"SearchAction\",\"target\":{\"@type\":\"EntryPoint\",\"urlTemplate\":\"https:\/\/www.visit-ulcinj.com\/blog\/?s={search_term_string}\"},\"query-input\":\"required name=search_term_string\"}],\"inLanguage\":\"en-US\"},{\"@type\":\"ImageObject\",\"inLanguage\":\"en-US\",\"@id\":\"https:\/\/www.visit-ulcinj.com\/blog\/2009\/05\/09\/big-brother-albania-2-intervista-junida-kule-juna\/#primaryimage\",\"url\":\"http:\/\/www.visit-ulcinj.com\/blog\/wp-content\/uploads\/2009\/05\/junida-kule-big-brother-albania-2-live.jpg\",\"contentUrl\":\"http:\/\/www.visit-ulcinj.com\/blog\/wp-content\/uploads\/2009\/05\/junida-kule-big-brother-albania-2-live.jpg\"},{\"@type\":\"WebPage\",\"@id\":\"https:\/\/www.visit-ulcinj.com\/blog\/2009\/05\/09\/big-brother-albania-2-intervista-junida-kule-juna\/#webpage\",\"url\":\"https:\/\/www.visit-ulcinj.com\/blog\/2009\/05\/09\/big-brother-albania-2-intervista-junida-kule-juna\/\",\"name\":\"Big Brother Albania 2, Intervista, Junida Kule (Juna) - Lajme nga Ulqini\",\"isPartOf\":{\"@id\":\"https:\/\/www.visit-ulcinj.com\/blog\/#website\"},\"primaryImageOfPage\":{\"@id\":\"https:\/\/www.visit-ulcinj.com\/blog\/2009\/05\/09\/big-brother-albania-2-intervista-junida-kule-juna\/#primaryimage\"},\"datePublished\":\"2009-05-09T10:19:50+00:00\",\"dateModified\":\"2009-05-09T10:19:50+00:00\",\"author\":{\"@id\":\"https:\/\/www.visit-ulcinj.com\/blog\/#\/schema\/person\/dcab619c614d3038751c63bc2aadc06d\"},\"description\":\"Juna, a ishte \\\"Big Brother\\\" si\u00e7 e prisnit? Padyshim q\u00eb ishte si\u00e7 e prisja. Nj\u00eb p\u00ebrballje karakteresh, situatash dhe mentalitetesh, ku elementi telenovel\u00eb,\",\"breadcrumb\":{\"@id\":\"https:\/\/www.visit-ulcinj.com\/blog\/2009\/05\/09\/big-brother-albania-2-intervista-junida-kule-juna\/#breadcrumb\"},\"inLanguage\":\"en-US\",\"potentialAction\":[{\"@type\":\"ReadAction\",\"target\":[\"https:\/\/www.visit-ulcinj.com\/blog\/2009\/05\/09\/big-brother-albania-2-intervista-junida-kule-juna\/\"]}]},{\"@type\":\"BreadcrumbList\",\"@id\":\"https:\/\/www.visit-ulcinj.com\/blog\/2009\/05\/09\/big-brother-albania-2-intervista-junida-kule-juna\/#breadcrumb\",\"itemListElement\":[{\"@type\":\"ListItem\",\"position\":1,\"name\":\"Big Brother Albania 2, Intervista, Junida Kule (Juna)\"}]},{\"@type\":\"Person\",\"@id\":\"https:\/\/www.visit-ulcinj.com\/blog\/#\/schema\/person\/dcab619c614d3038751c63bc2aadc06d\",\"name\":\"ulqini\",\"sameAs\":[\"http:\/\/www.visit-ulcinj.com\"],\"url\":\"https:\/\/www.visit-ulcinj.com\/blog\/author\/admin\/\"}]}<\/script>\n<!-- \/ Yoast SEO plugin. -->","yoast_head_json":{"title":"Big Brother Albania 2, Intervista, Junida Kule (Juna) - Lajme nga Ulqini","description":"Juna, a ishte \"Big Brother\" si\u00e7 e prisnit? Padyshim q\u00eb ishte si\u00e7 e prisja. Nj\u00eb p\u00ebrballje karakteresh, situatash dhe mentalitetesh, ku elementi telenovel\u00eb,","robots":{"index":"index","follow":"follow","max-snippet":"max-snippet:-1","max-image-preview":"max-image-preview:large","max-video-preview":"max-video-preview:-1"},"canonical":"https:\/\/www.visit-ulcinj.com\/blog\/2009\/05\/09\/big-brother-albania-2-intervista-junida-kule-juna\/","og_locale":"en_US","og_type":"article","og_title":"Big Brother Albania 2, Intervista, Junida Kule (Juna) - Lajme nga Ulqini","og_description":"Juna, a ishte \"Big Brother\" si\u00e7 e prisnit? Padyshim q\u00eb ishte si\u00e7 e prisja. Nj\u00eb p\u00ebrballje karakteresh, situatash dhe mentalitetesh, ku elementi telenovel\u00eb,","og_url":"https:\/\/www.visit-ulcinj.com\/blog\/2009\/05\/09\/big-brother-albania-2-intervista-junida-kule-juna\/","og_site_name":"Lajme nga Ulqini","article_published_time":"2009-05-09T10:19:50+00:00","og_image":[{"url":"http:\/\/www.visit-ulcinj.com\/blog\/wp-content\/uploads\/2009\/05\/junida-kule-big-brother-albania-2-live.jpg"}],"twitter_misc":{"Written by":"ulqini","Est. reading time":"5 minutes"},"schema":{"@context":"https:\/\/schema.org","@graph":[{"@type":"WebSite","@id":"https:\/\/www.visit-ulcinj.com\/blog\/#website","url":"https:\/\/www.visit-ulcinj.com\/blog\/","name":"Lajme nga Ulqini","description":"Lajme,Vijesti,Ulqini,Ulqin,Crna Gora,Mali i Zi","potentialAction":[{"@type":"SearchAction","target":{"@type":"EntryPoint","urlTemplate":"https:\/\/www.visit-ulcinj.com\/blog\/?s={search_term_string}"},"query-input":"required name=search_term_string"}],"inLanguage":"en-US"},{"@type":"ImageObject","inLanguage":"en-US","@id":"https:\/\/www.visit-ulcinj.com\/blog\/2009\/05\/09\/big-brother-albania-2-intervista-junida-kule-juna\/#primaryimage","url":"http:\/\/www.visit-ulcinj.com\/blog\/wp-content\/uploads\/2009\/05\/junida-kule-big-brother-albania-2-live.jpg","contentUrl":"http:\/\/www.visit-ulcinj.com\/blog\/wp-content\/uploads\/2009\/05\/junida-kule-big-brother-albania-2-live.jpg"},{"@type":"WebPage","@id":"https:\/\/www.visit-ulcinj.com\/blog\/2009\/05\/09\/big-brother-albania-2-intervista-junida-kule-juna\/#webpage","url":"https:\/\/www.visit-ulcinj.com\/blog\/2009\/05\/09\/big-brother-albania-2-intervista-junida-kule-juna\/","name":"Big Brother Albania 2, Intervista, Junida Kule (Juna) - Lajme nga Ulqini","isPartOf":{"@id":"https:\/\/www.visit-ulcinj.com\/blog\/#website"},"primaryImageOfPage":{"@id":"https:\/\/www.visit-ulcinj.com\/blog\/2009\/05\/09\/big-brother-albania-2-intervista-junida-kule-juna\/#primaryimage"},"datePublished":"2009-05-09T10:19:50+00:00","dateModified":"2009-05-09T10:19:50+00:00","author":{"@id":"https:\/\/www.visit-ulcinj.com\/blog\/#\/schema\/person\/dcab619c614d3038751c63bc2aadc06d"},"description":"Juna, a ishte \"Big Brother\" si\u00e7 e prisnit? Padyshim q\u00eb ishte si\u00e7 e prisja. Nj\u00eb p\u00ebrballje karakteresh, situatash dhe mentalitetesh, ku elementi telenovel\u00eb,","breadcrumb":{"@id":"https:\/\/www.visit-ulcinj.com\/blog\/2009\/05\/09\/big-brother-albania-2-intervista-junida-kule-juna\/#breadcrumb"},"inLanguage":"en-US","potentialAction":[{"@type":"ReadAction","target":["https:\/\/www.visit-ulcinj.com\/blog\/2009\/05\/09\/big-brother-albania-2-intervista-junida-kule-juna\/"]}]},{"@type":"BreadcrumbList","@id":"https:\/\/www.visit-ulcinj.com\/blog\/2009\/05\/09\/big-brother-albania-2-intervista-junida-kule-juna\/#breadcrumb","itemListElement":[{"@type":"ListItem","position":1,"name":"Big Brother Albania 2, Intervista, Junida Kule (Juna)"}]},{"@type":"Person","@id":"https:\/\/www.visit-ulcinj.com\/blog\/#\/schema\/person\/dcab619c614d3038751c63bc2aadc06d","name":"ulqini","sameAs":["http:\/\/www.visit-ulcinj.com"],"url":"https:\/\/www.visit-ulcinj.com\/blog\/author\/admin\/"}]}},"jetpack_featured_media_url":"","jetpack_sharing_enabled":true,"jetpack_shortlink":"https:\/\/wp.me\/pe6lTn-5mZ","_links":{"self":[{"href":"https:\/\/www.visit-ulcinj.com\/blog\/wp-json\/wp\/v2\/posts\/20645"}],"collection":[{"href":"https:\/\/www.visit-ulcinj.com\/blog\/wp-json\/wp\/v2\/posts"}],"about":[{"href":"https:\/\/www.visit-ulcinj.com\/blog\/wp-json\/wp\/v2\/types\/post"}],"author":[{"embeddable":true,"href":"https:\/\/www.visit-ulcinj.com\/blog\/wp-json\/wp\/v2\/users\/1"}],"replies":[{"embeddable":true,"href":"https:\/\/www.visit-ulcinj.com\/blog\/wp-json\/wp\/v2\/comments?post=20645"}],"version-history":[{"count":0,"href":"https:\/\/www.visit-ulcinj.com\/blog\/wp-json\/wp\/v2\/posts\/20645\/revisions"}],"wp:attachment":[{"href":"https:\/\/www.visit-ulcinj.com\/blog\/wp-json\/wp\/v2\/media?parent=20645"}],"wp:term":[{"taxonomy":"category","embeddable":true,"href":"https:\/\/www.visit-ulcinj.com\/blog\/wp-json\/wp\/v2\/categories?post=20645"},{"taxonomy":"post_tag","embeddable":true,"href":"https:\/\/www.visit-ulcinj.com\/blog\/wp-json\/wp\/v2\/tags?post=20645"}],"curies":[{"name":"wp","href":"https:\/\/api.w.org\/{rel}","templated":true}]}}