{"id":20652,"date":"2009-05-09T16:37:36","date_gmt":"2009-05-09T14:37:36","guid":{"rendered":"http:\/\/www.visit-ulcinj.com\/blog\/?p=20652"},"modified":"2009-05-09T16:46:29","modified_gmt":"2009-05-09T14:46:29","slug":"kryetari-hajdinaga-vizitoi-qytete-peje-decan-e-gjakove","status":"publish","type":"post","link":"https:\/\/www.visit-ulcinj.com\/blog\/2009\/05\/09\/kryetari-hajdinaga-vizitoi-qytete-peje-decan-e-gjakove\/","title":{"rendered":"Kryetari Hajdinaga vizitoi qytete Pej\u00eb, De\u00e7an e Gjakov\u00eb"},"content":{"rendered":"<p><a href=\"http:\/\/www.visit-ulcinj.com\/blog\/wp-content\/uploads\/2009\/05\/kryetari-hajdinaga-vizitoi-qytete-peje-decan-e-gjakove.jpg\"><img loading=\"lazy\" class=\"alignleft size-full wp-image-20655\" title=\"kryetari-hajdinaga-vizitoi-qytete-peje-decan-e-gjakove\" src=\"http:\/\/www.visit-ulcinj.com\/blog\/wp-content\/uploads\/2009\/05\/kryetari-hajdinaga-vizitoi-qytete-peje-decan-e-gjakove.jpg\" alt=\"kryetari-hajdinaga-vizitoi-qytete-peje-decan-e-gjakove\" width=\"580\" height=\"380\" \/><\/a><\/p>\n<p><strong>Kryetari Hajdinaga vizitoi qytete Pej\u00eb, De\u00e7an e Gjakov\u00eb<\/strong><\/p>\n<p>Ai u prit nga nikoqir\u00ebt z. Ali Berisha, z. Musa Berisha dhe z. Pal Lekaj. N\u00eb t\u00eb tre takimet u vler\u00ebsua bashk\u00ebpunimi i nd\u00ebrsjellt\u00eb dhe\u00a0 u shpreh gadishm\u00ebri q\u00eb n\u00eb nj\u00eb t\u00eb ardhme t\u00eb af\u00ebrt t\u00eb n\u00ebnshkruhen edhe memorandumet e bashk\u00ebpunimit. Nikoqir\u00ebt shprehen bindjen q\u00eb edhe p\u00ebrkundrejt\u00eb kriz\u00ebs globale interesimi p\u00ebr t\u00eb veruar n\u00eb Ulqin ka qen\u00eb dhe do t\u00eb jet\u00eb permanet, ashtu edhe gjat\u00eb k\u00ebsaj vere. Kryetari Hajdinaga shprehu falenderime n\u00eb em\u00ebr t\u00eb qytetar\u00ebve t\u00eb Ulqinit dhe theksoi q\u00eb Ulqini \u00ebsht\u00eb i gatsh\u00ebm t\u00eb pres\u00eb mysafir\u00ebt\u00a0 dhe do t\u00eb sillet konfom\u00eb kriz\u00ebs q\u00eb na rrethon. T\u00eb gjith\u00eb takimet ishin t\u00eb p\u00ebrcjellura nga medije t\u00eb shumta t\u00eb cilat po i kushtojn\u00eb v\u00ebm\u00ebndje q\u00ebndrimit t\u00eb delegacionit t\u00eb Ulqinit n\u00eb Kosov\u00eb. Sot priten t\u00eb vizitohen dy qendra t\u00eb tjera, nd\u00ebrkoh\u00eb q\u00eb ka mb\u00ebrritur edhe axhenda e detajuar\u00a0 rreth takimeve q\u00eb delegacioni nga Ulqini do t\u00eb ket\u00eb n\u00eb Maqedoni.<\/p>\n<p><strong>Municipality of Ulcinj \/ Ulqin -Montenegro<\/strong><\/p>\n<p><strong>Arsllan Hajdinaga<\/strong><\/p>\n<p><strong>\n\t\t<style type=\"text\/css\">\n\t\t\t#gallery-1 {\n\t\t\t\tmargin: auto;\n\t\t\t}\n\t\t\t#gallery-1 .gallery-item {\n\t\t\t\tfloat: left;\n\t\t\t\tmargin-top: 10px;\n\t\t\t\ttext-align: center;\n\t\t\t\twidth: 33%;\n\t\t\t}\n\t\t\t#gallery-1 img {\n\t\t\t\tborder: 2px solid #cfcfcf;\n\t\t\t}\n\t\t\t#gallery-1 .gallery-caption {\n\t\t\t\tmargin-left: 0;\n\t\t\t}\n\t\t\t\/* see gallery_shortcode() in wp-includes\/media.php *\/\n\t\t<\/style>\n\t\t<div id='gallery-1' class='gallery galleryid-20652 gallery-columns-3 gallery-size-thumbnail'><dl class='gallery-item'>\n\t\t\t<dt class='gallery-icon landscape'>\n\t\t\t\t<a href='https:\/\/www.visit-ulcinj.com\/blog\/2009\/05\/09\/kryetari-hajdinaga-vizitoi-qytete-peje-decan-e-gjakove\/kryetari-hajdinaga-vizitoi-qytete-peje-decan-e-gjakove\/'><img width=\"150\" height=\"150\" src=\"https:\/\/www.visit-ulcinj.com\/blog\/wp-content\/uploads\/2009\/05\/kryetari-hajdinaga-vizitoi-qytete-peje-decan-e-gjakove-150x150.jpg\" class=\"attachment-thumbnail size-thumbnail\" alt=\"\" loading=\"lazy\" \/><\/a>\n\t\t\t<\/dt><\/dl><dl class='gallery-item'>\n\t\t\t<dt class='gallery-icon landscape'>\n\t\t\t\t<a href='https:\/\/www.visit-ulcinj.com\/blog\/2009\/05\/09\/kryetari-hajdinaga-vizitoi-qytete-peje-decan-e-gjakove\/kryetari-hajdinaga-vizitoi-qytete-peje-decan-e-gjakove2\/'><img width=\"150\" height=\"150\" src=\"https:\/\/www.visit-ulcinj.com\/blog\/wp-content\/uploads\/2009\/05\/kryetari-hajdinaga-vizitoi-qytete-peje-decan-e-gjakove2-150x150.jpg\" class=\"attachment-thumbnail size-thumbnail\" alt=\"\" loading=\"lazy\" \/><\/a>\n\t\t\t<\/dt><\/dl><dl class='gallery-item'>\n\t\t\t<dt class='gallery-icon landscape'>\n\t\t\t\t<a href='https:\/\/www.visit-ulcinj.com\/blog\/2009\/05\/09\/kryetari-hajdinaga-vizitoi-qytete-peje-decan-e-gjakove\/kryetari-hajdinaga-vizitoi-qytete-peje-decan-e-gjakove3\/'><img width=\"150\" height=\"150\" src=\"https:\/\/www.visit-ulcinj.com\/blog\/wp-content\/uploads\/2009\/05\/kryetari-hajdinaga-vizitoi-qytete-peje-decan-e-gjakove3-150x150.jpg\" class=\"attachment-thumbnail size-thumbnail\" alt=\"\" loading=\"lazy\" \/><\/a>\n\t\t\t<\/dt><\/dl><br style=\"clear: both\" \/><dl class='gallery-item'>\n\t\t\t<dt class='gallery-icon landscape'>\n\t\t\t\t<a href='https:\/\/www.visit-ulcinj.com\/blog\/2009\/05\/09\/kryetari-hajdinaga-vizitoi-qytete-peje-decan-e-gjakove\/kryetari-hajdinaga-vizitoi-qytete-peje-decan-e-gjakove4\/'><img width=\"150\" height=\"150\" src=\"https:\/\/www.visit-ulcinj.com\/blog\/wp-content\/uploads\/2009\/05\/kryetari-hajdinaga-vizitoi-qytete-peje-decan-e-gjakove4-150x150.jpg\" class=\"attachment-thumbnail size-thumbnail\" alt=\"\" loading=\"lazy\" \/><\/a>\n\t\t\t<\/dt><\/dl><dl class='gallery-item'>\n\t\t\t<dt class='gallery-icon landscape'>\n\t\t\t\t<a href='https:\/\/www.visit-ulcinj.com\/blog\/2009\/05\/09\/kryetari-hajdinaga-vizitoi-qytete-peje-decan-e-gjakove\/kryetari-hajdinaga-vizitoi-qytete-peje-decan-e-gjakove5\/'><img width=\"150\" height=\"150\" src=\"https:\/\/www.visit-ulcinj.com\/blog\/wp-content\/uploads\/2009\/05\/kryetari-hajdinaga-vizitoi-qytete-peje-decan-e-gjakove5-150x150.jpg\" class=\"attachment-thumbnail size-thumbnail\" alt=\"\" loading=\"lazy\" \/><\/a>\n\t\t\t<\/dt><\/dl><dl class='gallery-item'>\n\t\t\t<dt class='gallery-icon landscape'>\n\t\t\t\t<a href='https:\/\/www.visit-ulcinj.com\/blog\/2009\/05\/09\/kryetari-hajdinaga-vizitoi-qytete-peje-decan-e-gjakove\/kryetari-hajdinaga-vizitoi-qytete-peje-decan-e-gjakove6\/'><img width=\"150\" height=\"150\" src=\"https:\/\/www.visit-ulcinj.com\/blog\/wp-content\/uploads\/2009\/05\/kryetari-hajdinaga-vizitoi-qytete-peje-decan-e-gjakove6-150x150.jpg\" class=\"attachment-thumbnail size-thumbnail\" alt=\"\" loading=\"lazy\" \/><\/a>\n\t\t\t<\/dt><\/dl><br style=\"clear: both\" \/>\n\t\t<\/div>\n<\/p>\n<p><\/strong><\/p>\n<!--YouTube Error: bad URL entered-->\n","protected":false},"excerpt":{"rendered":"<p>Kryetari Hajdinaga vizitoi qytete Pej\u00eb, De\u00e7an e Gjakov\u00eb Ai u prit nga nikoqir\u00ebt z. Ali Berisha, z. Musa Berisha dhe z. Pal Lekaj. N\u00eb t\u00eb tre takimet u vler\u00ebsua bashk\u00ebpunimi i nd\u00ebrsjellt\u00eb dhe\u00a0 u shpreh gadishm\u00ebri q\u00eb n\u00eb nj\u00eb t\u00eb ardhme t\u00eb af\u00ebrt t\u00eb n\u00ebnshkruhen edhe memorandumet e bashk\u00ebpunimit. Nikoqir\u00ebt shprehen bindjen q\u00eb edhe p\u00ebrkundrejt\u00eb [&hellip;]<\/p>\n","protected":false},"author":1,"featured_media":0,"comment_status":"open","ping_status":"closed","sticky":false,"template":"","format":"standard","meta":{"spay_email":"","jetpack_publicize_message":"","jetpack_is_tweetstorm":false,"jetpack_publicize_feature_enabled":true},"categories":[1],"tags":[4876,7434,10132,10131,10129,10130,10128,3095,10127,3106],"jetpack_publicize_connections":[],"yoast_head":"<!-- This site is optimized with the Yoast SEO plugin v19.1 - https:\/\/yoast.com\/wordpress\/plugins\/seo\/ -->\n<title>Kryetari Hajdinaga vizitoi qytete Pej\u00eb, De\u00e7an e Gjakov\u00eb - Lajme nga Ulqini<\/title>\n<meta name=\"description\" content=\"Kryetari Hajdinaga vizitoi qytete Pej\u00eb, De\u00e7an e Gjakov\u00eb Ai u prit nga nikoqir\u00ebt z. Ali Berisha, z. Musa Berisha dhe z. Pal Lekaj. N\u00eb t\u00eb tre takimet u\" \/>\n<meta name=\"robots\" content=\"index, follow, max-snippet:-1, max-image-preview:large, max-video-preview:-1\" \/>\n<link rel=\"canonical\" href=\"https:\/\/www.visit-ulcinj.com\/blog\/2009\/05\/09\/kryetari-hajdinaga-vizitoi-qytete-peje-decan-e-gjakove\/\" \/>\n<meta property=\"og:locale\" content=\"en_US\" \/>\n<meta property=\"og:type\" content=\"article\" \/>\n<meta property=\"og:title\" content=\"Kryetari Hajdinaga vizitoi qytete Pej\u00eb, De\u00e7an e Gjakov\u00eb - Lajme nga Ulqini\" \/>\n<meta property=\"og:description\" content=\"Kryetari Hajdinaga vizitoi qytete Pej\u00eb, De\u00e7an e Gjakov\u00eb Ai u prit nga nikoqir\u00ebt z. Ali Berisha, z. Musa Berisha dhe z. Pal Lekaj. N\u00eb t\u00eb tre takimet u\" \/>\n<meta property=\"og:url\" content=\"https:\/\/www.visit-ulcinj.com\/blog\/2009\/05\/09\/kryetari-hajdinaga-vizitoi-qytete-peje-decan-e-gjakove\/\" \/>\n<meta property=\"og:site_name\" content=\"Lajme nga Ulqini\" \/>\n<meta property=\"article:published_time\" content=\"2009-05-09T14:37:36+00:00\" \/>\n<meta property=\"article:modified_time\" content=\"2009-05-09T14:46:29+00:00\" \/>\n<meta property=\"og:image\" content=\"https:\/\/www.visit-ulcinj.com\/blog\/wp-content\/uploads\/2009\/05\/kryetari-hajdinaga-vizitoi-qytete-peje-decan-e-gjakove-150x150.jpg\" \/>\n<meta name=\"twitter:label1\" content=\"Written by\" \/>\n\t<meta name=\"twitter:data1\" content=\"ulqini\" \/>\n\t<meta name=\"twitter:label2\" content=\"Est. reading time\" \/>\n\t<meta name=\"twitter:data2\" content=\"1 minute\" \/>\n<script type=\"application\/ld+json\" class=\"yoast-schema-graph\">{\"@context\":\"https:\/\/schema.org\",\"@graph\":[{\"@type\":\"WebSite\",\"@id\":\"https:\/\/www.visit-ulcinj.com\/blog\/#website\",\"url\":\"https:\/\/www.visit-ulcinj.com\/blog\/\",\"name\":\"Lajme nga Ulqini\",\"description\":\"Lajme,Vijesti,Ulqini,Ulqin,Crna Gora,Mali i Zi\",\"potentialAction\":[{\"@type\":\"SearchAction\",\"target\":{\"@type\":\"EntryPoint\",\"urlTemplate\":\"https:\/\/www.visit-ulcinj.com\/blog\/?s={search_term_string}\"},\"query-input\":\"required name=search_term_string\"}],\"inLanguage\":\"en-US\"},{\"@type\":\"ImageObject\",\"inLanguage\":\"en-US\",\"@id\":\"https:\/\/www.visit-ulcinj.com\/blog\/2009\/05\/09\/kryetari-hajdinaga-vizitoi-qytete-peje-decan-e-gjakove\/#primaryimage\",\"url\":\"https:\/\/www.visit-ulcinj.com\/blog\/wp-content\/uploads\/2009\/05\/kryetari-hajdinaga-vizitoi-qytete-peje-decan-e-gjakove.jpg\",\"contentUrl\":\"https:\/\/www.visit-ulcinj.com\/blog\/wp-content\/uploads\/2009\/05\/kryetari-hajdinaga-vizitoi-qytete-peje-decan-e-gjakove.jpg\",\"width\":\"1010\",\"height\":\"757\"},{\"@type\":\"WebPage\",\"@id\":\"https:\/\/www.visit-ulcinj.com\/blog\/2009\/05\/09\/kryetari-hajdinaga-vizitoi-qytete-peje-decan-e-gjakove\/#webpage\",\"url\":\"https:\/\/www.visit-ulcinj.com\/blog\/2009\/05\/09\/kryetari-hajdinaga-vizitoi-qytete-peje-decan-e-gjakove\/\",\"name\":\"Kryetari Hajdinaga vizitoi qytete Pej\u00eb, De\u00e7an e Gjakov\u00eb - Lajme nga Ulqini\",\"isPartOf\":{\"@id\":\"https:\/\/www.visit-ulcinj.com\/blog\/#website\"},\"primaryImageOfPage\":{\"@id\":\"https:\/\/www.visit-ulcinj.com\/blog\/2009\/05\/09\/kryetari-hajdinaga-vizitoi-qytete-peje-decan-e-gjakove\/#primaryimage\"},\"datePublished\":\"2009-05-09T14:37:36+00:00\",\"dateModified\":\"2009-05-09T14:46:29+00:00\",\"author\":{\"@id\":\"https:\/\/www.visit-ulcinj.com\/blog\/#\/schema\/person\/dcab619c614d3038751c63bc2aadc06d\"},\"description\":\"Kryetari Hajdinaga vizitoi qytete Pej\u00eb, De\u00e7an e Gjakov\u00eb Ai u prit nga nikoqir\u00ebt z. Ali Berisha, z. Musa Berisha dhe z. Pal Lekaj. N\u00eb t\u00eb tre takimet u\",\"breadcrumb\":{\"@id\":\"https:\/\/www.visit-ulcinj.com\/blog\/2009\/05\/09\/kryetari-hajdinaga-vizitoi-qytete-peje-decan-e-gjakove\/#breadcrumb\"},\"inLanguage\":\"en-US\",\"potentialAction\":[{\"@type\":\"ReadAction\",\"target\":[\"https:\/\/www.visit-ulcinj.com\/blog\/2009\/05\/09\/kryetari-hajdinaga-vizitoi-qytete-peje-decan-e-gjakove\/\"]}]},{\"@type\":\"BreadcrumbList\",\"@id\":\"https:\/\/www.visit-ulcinj.com\/blog\/2009\/05\/09\/kryetari-hajdinaga-vizitoi-qytete-peje-decan-e-gjakove\/#breadcrumb\",\"itemListElement\":[{\"@type\":\"ListItem\",\"position\":1,\"name\":\"Kryetari Hajdinaga vizitoi qytete Pej\u00eb, De\u00e7an e Gjakov\u00eb\"}]},{\"@type\":\"Person\",\"@id\":\"https:\/\/www.visit-ulcinj.com\/blog\/#\/schema\/person\/dcab619c614d3038751c63bc2aadc06d\",\"name\":\"ulqini\",\"sameAs\":[\"http:\/\/www.visit-ulcinj.com\"],\"url\":\"https:\/\/www.visit-ulcinj.com\/blog\/author\/admin\/\"}]}<\/script>\n<!-- \/ Yoast SEO plugin. -->","yoast_head_json":{"title":"Kryetari Hajdinaga vizitoi qytete Pej\u00eb, De\u00e7an e Gjakov\u00eb - Lajme nga Ulqini","description":"Kryetari Hajdinaga vizitoi qytete Pej\u00eb, De\u00e7an e Gjakov\u00eb Ai u prit nga nikoqir\u00ebt z. Ali Berisha, z. Musa Berisha dhe z. Pal Lekaj. N\u00eb t\u00eb tre takimet u","robots":{"index":"index","follow":"follow","max-snippet":"max-snippet:-1","max-image-preview":"max-image-preview:large","max-video-preview":"max-video-preview:-1"},"canonical":"https:\/\/www.visit-ulcinj.com\/blog\/2009\/05\/09\/kryetari-hajdinaga-vizitoi-qytete-peje-decan-e-gjakove\/","og_locale":"en_US","og_type":"article","og_title":"Kryetari Hajdinaga vizitoi qytete Pej\u00eb, De\u00e7an e Gjakov\u00eb - Lajme nga Ulqini","og_description":"Kryetari Hajdinaga vizitoi qytete Pej\u00eb, De\u00e7an e Gjakov\u00eb Ai u prit nga nikoqir\u00ebt z. Ali Berisha, z. Musa Berisha dhe z. Pal Lekaj. N\u00eb t\u00eb tre takimet u","og_url":"https:\/\/www.visit-ulcinj.com\/blog\/2009\/05\/09\/kryetari-hajdinaga-vizitoi-qytete-peje-decan-e-gjakove\/","og_site_name":"Lajme nga Ulqini","article_published_time":"2009-05-09T14:37:36+00:00","article_modified_time":"2009-05-09T14:46:29+00:00","og_image":[{"url":"https:\/\/www.visit-ulcinj.com\/blog\/wp-content\/uploads\/2009\/05\/kryetari-hajdinaga-vizitoi-qytete-peje-decan-e-gjakove-150x150.jpg"}],"twitter_misc":{"Written by":"ulqini","Est. reading time":"1 minute"},"schema":{"@context":"https:\/\/schema.org","@graph":[{"@type":"WebSite","@id":"https:\/\/www.visit-ulcinj.com\/blog\/#website","url":"https:\/\/www.visit-ulcinj.com\/blog\/","name":"Lajme nga Ulqini","description":"Lajme,Vijesti,Ulqini,Ulqin,Crna Gora,Mali i Zi","potentialAction":[{"@type":"SearchAction","target":{"@type":"EntryPoint","urlTemplate":"https:\/\/www.visit-ulcinj.com\/blog\/?s={search_term_string}"},"query-input":"required name=search_term_string"}],"inLanguage":"en-US"},{"@type":"ImageObject","inLanguage":"en-US","@id":"https:\/\/www.visit-ulcinj.com\/blog\/2009\/05\/09\/kryetari-hajdinaga-vizitoi-qytete-peje-decan-e-gjakove\/#primaryimage","url":"https:\/\/www.visit-ulcinj.com\/blog\/wp-content\/uploads\/2009\/05\/kryetari-hajdinaga-vizitoi-qytete-peje-decan-e-gjakove.jpg","contentUrl":"https:\/\/www.visit-ulcinj.com\/blog\/wp-content\/uploads\/2009\/05\/kryetari-hajdinaga-vizitoi-qytete-peje-decan-e-gjakove.jpg","width":"1010","height":"757"},{"@type":"WebPage","@id":"https:\/\/www.visit-ulcinj.com\/blog\/2009\/05\/09\/kryetari-hajdinaga-vizitoi-qytete-peje-decan-e-gjakove\/#webpage","url":"https:\/\/www.visit-ulcinj.com\/blog\/2009\/05\/09\/kryetari-hajdinaga-vizitoi-qytete-peje-decan-e-gjakove\/","name":"Kryetari Hajdinaga vizitoi qytete Pej\u00eb, De\u00e7an e Gjakov\u00eb - Lajme nga Ulqini","isPartOf":{"@id":"https:\/\/www.visit-ulcinj.com\/blog\/#website"},"primaryImageOfPage":{"@id":"https:\/\/www.visit-ulcinj.com\/blog\/2009\/05\/09\/kryetari-hajdinaga-vizitoi-qytete-peje-decan-e-gjakove\/#primaryimage"},"datePublished":"2009-05-09T14:37:36+00:00","dateModified":"2009-05-09T14:46:29+00:00","author":{"@id":"https:\/\/www.visit-ulcinj.com\/blog\/#\/schema\/person\/dcab619c614d3038751c63bc2aadc06d"},"description":"Kryetari Hajdinaga vizitoi qytete Pej\u00eb, De\u00e7an e Gjakov\u00eb Ai u prit nga nikoqir\u00ebt z. Ali Berisha, z. Musa Berisha dhe z. Pal Lekaj. N\u00eb t\u00eb tre takimet u","breadcrumb":{"@id":"https:\/\/www.visit-ulcinj.com\/blog\/2009\/05\/09\/kryetari-hajdinaga-vizitoi-qytete-peje-decan-e-gjakove\/#breadcrumb"},"inLanguage":"en-US","potentialAction":[{"@type":"ReadAction","target":["https:\/\/www.visit-ulcinj.com\/blog\/2009\/05\/09\/kryetari-hajdinaga-vizitoi-qytete-peje-decan-e-gjakove\/"]}]},{"@type":"BreadcrumbList","@id":"https:\/\/www.visit-ulcinj.com\/blog\/2009\/05\/09\/kryetari-hajdinaga-vizitoi-qytete-peje-decan-e-gjakove\/#breadcrumb","itemListElement":[{"@type":"ListItem","position":1,"name":"Kryetari Hajdinaga vizitoi qytete Pej\u00eb, De\u00e7an e Gjakov\u00eb"}]},{"@type":"Person","@id":"https:\/\/www.visit-ulcinj.com\/blog\/#\/schema\/person\/dcab619c614d3038751c63bc2aadc06d","name":"ulqini","sameAs":["http:\/\/www.visit-ulcinj.com"],"url":"https:\/\/www.visit-ulcinj.com\/blog\/author\/admin\/"}]}},"jetpack_featured_media_url":"","jetpack_sharing_enabled":true,"jetpack_shortlink":"https:\/\/wp.me\/pe6lTn-5n6","_links":{"self":[{"href":"https:\/\/www.visit-ulcinj.com\/blog\/wp-json\/wp\/v2\/posts\/20652"}],"collection":[{"href":"https:\/\/www.visit-ulcinj.com\/blog\/wp-json\/wp\/v2\/posts"}],"about":[{"href":"https:\/\/www.visit-ulcinj.com\/blog\/wp-json\/wp\/v2\/types\/post"}],"author":[{"embeddable":true,"href":"https:\/\/www.visit-ulcinj.com\/blog\/wp-json\/wp\/v2\/users\/1"}],"replies":[{"embeddable":true,"href":"https:\/\/www.visit-ulcinj.com\/blog\/wp-json\/wp\/v2\/comments?post=20652"}],"version-history":[{"count":0,"href":"https:\/\/www.visit-ulcinj.com\/blog\/wp-json\/wp\/v2\/posts\/20652\/revisions"}],"wp:attachment":[{"href":"https:\/\/www.visit-ulcinj.com\/blog\/wp-json\/wp\/v2\/media?parent=20652"}],"wp:term":[{"taxonomy":"category","embeddable":true,"href":"https:\/\/www.visit-ulcinj.com\/blog\/wp-json\/wp\/v2\/categories?post=20652"},{"taxonomy":"post_tag","embeddable":true,"href":"https:\/\/www.visit-ulcinj.com\/blog\/wp-json\/wp\/v2\/tags?post=20652"}],"curies":[{"name":"wp","href":"https:\/\/api.w.org\/{rel}","templated":true}]}}