{"id":20696,"date":"2009-05-09T17:19:49","date_gmt":"2009-05-09T15:19:49","guid":{"rendered":"http:\/\/www.visit-ulcinj.com\/blog\/?p=20696"},"modified":"2009-05-11T21:57:07","modified_gmt":"2009-05-11T19:57:07","slug":"qytetareve-te-ulqinithajdinaga-ju-uron-diten-e-evropes","status":"publish","type":"post","link":"https:\/\/www.visit-ulcinj.com\/blog\/2009\/05\/09\/qytetareve-te-ulqinithajdinaga-ju-uron-diten-e-evropes\/","title":{"rendered":"Qytetar\u00ebve t\u00eb Ulqinit,Hajdinaga ju uron Dit\u00ebn e Evrop\u00ebs"},"content":{"rendered":"<p><a href=\"http:\/\/www.visit-ulcinj.com\/blog\/wp-content\/uploads\/2009\/05\/kryetari-i-komunes-se-ulqinit_gezim-hajdinaga.jpg\"><img loading=\"lazy\" class=\"alignleft size-full wp-image-20697\" title=\"kryetari-i-komunes-se-ulqinit_gezim-hajdinaga\" src=\"http:\/\/www.visit-ulcinj.com\/blog\/wp-content\/uploads\/2009\/05\/kryetari-i-komunes-se-ulqinit_gezim-hajdinaga.jpg\" alt=\"kryetari-i-komunes-se-ulqinit_gezim-hajdinaga\" width=\"570\" height=\"350\" \/><\/a>Kryetari i Komun\u00ebs s\u00eb Ulqinit G\u00ebzim Hajdinaga, me rastin e Dit\u00ebs s\u00eb Evrop\u00ebs i ka d\u00ebrguar nj\u00eb telegram urimi t\u00eb gjith\u00eb qytetar\u00ebve t\u00eb Ulqinit.<br \/>\nN\u00eb urim nd\u00ebr t\u00eb tjera thuhet.<br \/>\nJu uroj Dit\u00ebn e Evrop\u00ebs i bindur q\u00eb n\u00eb nj\u00eb t\u00eb ardhme t\u00eb af\u00ebrt edhe ne do t\u00eb jemi pjes\u00eb e Evrop\u00ebs s\u00eb bashkuar.<br \/>\nKy \u00ebsht\u00eb synimi yn\u00eb i p\u00ebrbashk\u00ebt.<\/p>\n<p>Me nderime,<br \/>\nI juaji,<br \/>\nKryetari i Komun\u00ebs s\u00eb Ulqinit<strong><br \/>\n<\/strong>G\u00ebzim Hajdinaga<\/p>\n<p><strong>Municipality of Ulcinj \/ Ulqin -Montenegro<\/strong><strong><br \/>\nArsllan Hajdinaga<\/strong><\/p>\n<p><strong><!--YouTube Error: bad URL entered--><br \/>\n<\/strong><\/p>\n","protected":false},"excerpt":{"rendered":"<p>Kryetari i Komun\u00ebs s\u00eb Ulqinit G\u00ebzim Hajdinaga, me rastin e Dit\u00ebs s\u00eb Evrop\u00ebs i ka d\u00ebrguar nj\u00eb telegram urimi t\u00eb gjith\u00eb qytetar\u00ebve t\u00eb Ulqinit. N\u00eb urim nd\u00ebr t\u00eb tjera thuhet. Ju uroj Dit\u00ebn e Evrop\u00ebs i bindur q\u00eb n\u00eb nj\u00eb t\u00eb ardhme t\u00eb af\u00ebrt edhe ne do t\u00eb jemi pjes\u00eb e Evrop\u00ebs s\u00eb bashkuar. Ky [&hellip;]<\/p>\n","protected":false},"author":1,"featured_media":0,"comment_status":"open","ping_status":"closed","sticky":false,"template":"","format":"standard","meta":{"spay_email":"","jetpack_publicize_message":"","jetpack_is_tweetstorm":false,"jetpack_publicize_feature_enabled":true},"categories":[11],"tags":[7630,222,2515,79,9718,200],"jetpack_publicize_connections":[],"yoast_head":"<!-- This site is optimized with the Yoast SEO plugin v19.1 - https:\/\/yoast.com\/wordpress\/plugins\/seo\/ -->\n<title>Qytetar\u00ebve t\u00eb Ulqinit,Hajdinaga ju uron Dit\u00ebn e Evrop\u00ebs - Lajme nga Ulqini<\/title>\n<meta name=\"description\" content=\"Kryetari i Komun\u00ebs s\u00eb Ulqinit G\u00ebzim Hajdinaga, me rastin e Dit\u00ebs s\u00eb Evrop\u00ebs i ka d\u00ebrguar nj\u00eb telegram urimi t\u00eb gjith\u00eb qytetar\u00ebve t\u00eb Ulqinit. N\u00eb urim nd\u00ebr\" \/>\n<meta name=\"robots\" content=\"index, follow, max-snippet:-1, max-image-preview:large, max-video-preview:-1\" \/>\n<link rel=\"canonical\" href=\"https:\/\/www.visit-ulcinj.com\/blog\/2009\/05\/09\/qytetareve-te-ulqinithajdinaga-ju-uron-diten-e-evropes\/\" \/>\n<meta property=\"og:locale\" content=\"en_US\" \/>\n<meta property=\"og:type\" content=\"article\" \/>\n<meta property=\"og:title\" content=\"Qytetar\u00ebve t\u00eb Ulqinit,Hajdinaga ju uron Dit\u00ebn e Evrop\u00ebs - Lajme nga Ulqini\" \/>\n<meta property=\"og:description\" content=\"Kryetari i Komun\u00ebs s\u00eb Ulqinit G\u00ebzim Hajdinaga, me rastin e Dit\u00ebs s\u00eb Evrop\u00ebs i ka d\u00ebrguar nj\u00eb telegram urimi t\u00eb gjith\u00eb qytetar\u00ebve t\u00eb Ulqinit. N\u00eb urim nd\u00ebr\" \/>\n<meta property=\"og:url\" content=\"https:\/\/www.visit-ulcinj.com\/blog\/2009\/05\/09\/qytetareve-te-ulqinithajdinaga-ju-uron-diten-e-evropes\/\" \/>\n<meta property=\"og:site_name\" content=\"Lajme nga Ulqini\" \/>\n<meta property=\"article:published_time\" content=\"2009-05-09T15:19:49+00:00\" \/>\n<meta property=\"article:modified_time\" content=\"2009-05-11T19:57:07+00:00\" \/>\n<meta property=\"og:image\" content=\"http:\/\/www.visit-ulcinj.com\/blog\/wp-content\/uploads\/2009\/05\/kryetari-i-komunes-se-ulqinit_gezim-hajdinaga.jpg\" \/>\n<meta name=\"twitter:label1\" content=\"Written by\" \/>\n\t<meta name=\"twitter:data1\" content=\"ulqini\" \/>\n\t<meta name=\"twitter:label2\" content=\"Est. reading time\" \/>\n\t<meta name=\"twitter:data2\" content=\"1 minute\" \/>\n<script type=\"application\/ld+json\" class=\"yoast-schema-graph\">{\"@context\":\"https:\/\/schema.org\",\"@graph\":[{\"@type\":\"WebSite\",\"@id\":\"https:\/\/www.visit-ulcinj.com\/blog\/#website\",\"url\":\"https:\/\/www.visit-ulcinj.com\/blog\/\",\"name\":\"Lajme nga Ulqini\",\"description\":\"Lajme,Vijesti,Ulqini,Ulqin,Crna Gora,Mali i Zi\",\"potentialAction\":[{\"@type\":\"SearchAction\",\"target\":{\"@type\":\"EntryPoint\",\"urlTemplate\":\"https:\/\/www.visit-ulcinj.com\/blog\/?s={search_term_string}\"},\"query-input\":\"required name=search_term_string\"}],\"inLanguage\":\"en-US\"},{\"@type\":\"ImageObject\",\"inLanguage\":\"en-US\",\"@id\":\"https:\/\/www.visit-ulcinj.com\/blog\/2009\/05\/09\/qytetareve-te-ulqinithajdinaga-ju-uron-diten-e-evropes\/#primaryimage\",\"url\":\"https:\/\/www.visit-ulcinj.com\/blog\/wp-content\/uploads\/2009\/05\/kryetari-i-komunes-se-ulqinit_gezim-hajdinaga.jpg\",\"contentUrl\":\"https:\/\/www.visit-ulcinj.com\/blog\/wp-content\/uploads\/2009\/05\/kryetari-i-komunes-se-ulqinit_gezim-hajdinaga.jpg\",\"width\":\"384\",\"height\":\"288\"},{\"@type\":\"WebPage\",\"@id\":\"https:\/\/www.visit-ulcinj.com\/blog\/2009\/05\/09\/qytetareve-te-ulqinithajdinaga-ju-uron-diten-e-evropes\/#webpage\",\"url\":\"https:\/\/www.visit-ulcinj.com\/blog\/2009\/05\/09\/qytetareve-te-ulqinithajdinaga-ju-uron-diten-e-evropes\/\",\"name\":\"Qytetar\u00ebve t\u00eb Ulqinit,Hajdinaga ju uron Dit\u00ebn e Evrop\u00ebs - Lajme nga Ulqini\",\"isPartOf\":{\"@id\":\"https:\/\/www.visit-ulcinj.com\/blog\/#website\"},\"primaryImageOfPage\":{\"@id\":\"https:\/\/www.visit-ulcinj.com\/blog\/2009\/05\/09\/qytetareve-te-ulqinithajdinaga-ju-uron-diten-e-evropes\/#primaryimage\"},\"datePublished\":\"2009-05-09T15:19:49+00:00\",\"dateModified\":\"2009-05-11T19:57:07+00:00\",\"author\":{\"@id\":\"https:\/\/www.visit-ulcinj.com\/blog\/#\/schema\/person\/dcab619c614d3038751c63bc2aadc06d\"},\"description\":\"Kryetari i Komun\u00ebs s\u00eb Ulqinit G\u00ebzim Hajdinaga, me rastin e Dit\u00ebs s\u00eb Evrop\u00ebs i ka d\u00ebrguar nj\u00eb telegram urimi t\u00eb gjith\u00eb qytetar\u00ebve t\u00eb Ulqinit. N\u00eb urim nd\u00ebr\",\"breadcrumb\":{\"@id\":\"https:\/\/www.visit-ulcinj.com\/blog\/2009\/05\/09\/qytetareve-te-ulqinithajdinaga-ju-uron-diten-e-evropes\/#breadcrumb\"},\"inLanguage\":\"en-US\",\"potentialAction\":[{\"@type\":\"ReadAction\",\"target\":[\"https:\/\/www.visit-ulcinj.com\/blog\/2009\/05\/09\/qytetareve-te-ulqinithajdinaga-ju-uron-diten-e-evropes\/\"]}]},{\"@type\":\"BreadcrumbList\",\"@id\":\"https:\/\/www.visit-ulcinj.com\/blog\/2009\/05\/09\/qytetareve-te-ulqinithajdinaga-ju-uron-diten-e-evropes\/#breadcrumb\",\"itemListElement\":[{\"@type\":\"ListItem\",\"position\":1,\"name\":\"Qytetar\u00ebve t\u00eb Ulqinit,Hajdinaga ju uron Dit\u00ebn e Evrop\u00ebs\"}]},{\"@type\":\"Person\",\"@id\":\"https:\/\/www.visit-ulcinj.com\/blog\/#\/schema\/person\/dcab619c614d3038751c63bc2aadc06d\",\"name\":\"ulqini\",\"sameAs\":[\"http:\/\/www.visit-ulcinj.com\"],\"url\":\"https:\/\/www.visit-ulcinj.com\/blog\/author\/admin\/\"}]}<\/script>\n<!-- \/ Yoast SEO plugin. -->","yoast_head_json":{"title":"Qytetar\u00ebve t\u00eb Ulqinit,Hajdinaga ju uron Dit\u00ebn e Evrop\u00ebs - Lajme nga Ulqini","description":"Kryetari i Komun\u00ebs s\u00eb Ulqinit G\u00ebzim Hajdinaga, me rastin e Dit\u00ebs s\u00eb Evrop\u00ebs i ka d\u00ebrguar nj\u00eb telegram urimi t\u00eb gjith\u00eb qytetar\u00ebve t\u00eb Ulqinit. N\u00eb urim nd\u00ebr","robots":{"index":"index","follow":"follow","max-snippet":"max-snippet:-1","max-image-preview":"max-image-preview:large","max-video-preview":"max-video-preview:-1"},"canonical":"https:\/\/www.visit-ulcinj.com\/blog\/2009\/05\/09\/qytetareve-te-ulqinithajdinaga-ju-uron-diten-e-evropes\/","og_locale":"en_US","og_type":"article","og_title":"Qytetar\u00ebve t\u00eb Ulqinit,Hajdinaga ju uron Dit\u00ebn e Evrop\u00ebs - Lajme nga Ulqini","og_description":"Kryetari i Komun\u00ebs s\u00eb Ulqinit G\u00ebzim Hajdinaga, me rastin e Dit\u00ebs s\u00eb Evrop\u00ebs i ka d\u00ebrguar nj\u00eb telegram urimi t\u00eb gjith\u00eb qytetar\u00ebve t\u00eb Ulqinit. N\u00eb urim nd\u00ebr","og_url":"https:\/\/www.visit-ulcinj.com\/blog\/2009\/05\/09\/qytetareve-te-ulqinithajdinaga-ju-uron-diten-e-evropes\/","og_site_name":"Lajme nga Ulqini","article_published_time":"2009-05-09T15:19:49+00:00","article_modified_time":"2009-05-11T19:57:07+00:00","og_image":[{"url":"http:\/\/www.visit-ulcinj.com\/blog\/wp-content\/uploads\/2009\/05\/kryetari-i-komunes-se-ulqinit_gezim-hajdinaga.jpg"}],"twitter_misc":{"Written by":"ulqini","Est. reading time":"1 minute"},"schema":{"@context":"https:\/\/schema.org","@graph":[{"@type":"WebSite","@id":"https:\/\/www.visit-ulcinj.com\/blog\/#website","url":"https:\/\/www.visit-ulcinj.com\/blog\/","name":"Lajme nga Ulqini","description":"Lajme,Vijesti,Ulqini,Ulqin,Crna Gora,Mali i Zi","potentialAction":[{"@type":"SearchAction","target":{"@type":"EntryPoint","urlTemplate":"https:\/\/www.visit-ulcinj.com\/blog\/?s={search_term_string}"},"query-input":"required name=search_term_string"}],"inLanguage":"en-US"},{"@type":"ImageObject","inLanguage":"en-US","@id":"https:\/\/www.visit-ulcinj.com\/blog\/2009\/05\/09\/qytetareve-te-ulqinithajdinaga-ju-uron-diten-e-evropes\/#primaryimage","url":"https:\/\/www.visit-ulcinj.com\/blog\/wp-content\/uploads\/2009\/05\/kryetari-i-komunes-se-ulqinit_gezim-hajdinaga.jpg","contentUrl":"https:\/\/www.visit-ulcinj.com\/blog\/wp-content\/uploads\/2009\/05\/kryetari-i-komunes-se-ulqinit_gezim-hajdinaga.jpg","width":"384","height":"288"},{"@type":"WebPage","@id":"https:\/\/www.visit-ulcinj.com\/blog\/2009\/05\/09\/qytetareve-te-ulqinithajdinaga-ju-uron-diten-e-evropes\/#webpage","url":"https:\/\/www.visit-ulcinj.com\/blog\/2009\/05\/09\/qytetareve-te-ulqinithajdinaga-ju-uron-diten-e-evropes\/","name":"Qytetar\u00ebve t\u00eb Ulqinit,Hajdinaga ju uron Dit\u00ebn e Evrop\u00ebs - Lajme nga Ulqini","isPartOf":{"@id":"https:\/\/www.visit-ulcinj.com\/blog\/#website"},"primaryImageOfPage":{"@id":"https:\/\/www.visit-ulcinj.com\/blog\/2009\/05\/09\/qytetareve-te-ulqinithajdinaga-ju-uron-diten-e-evropes\/#primaryimage"},"datePublished":"2009-05-09T15:19:49+00:00","dateModified":"2009-05-11T19:57:07+00:00","author":{"@id":"https:\/\/www.visit-ulcinj.com\/blog\/#\/schema\/person\/dcab619c614d3038751c63bc2aadc06d"},"description":"Kryetari i Komun\u00ebs s\u00eb Ulqinit G\u00ebzim Hajdinaga, me rastin e Dit\u00ebs s\u00eb Evrop\u00ebs i ka d\u00ebrguar nj\u00eb telegram urimi t\u00eb gjith\u00eb qytetar\u00ebve t\u00eb Ulqinit. N\u00eb urim nd\u00ebr","breadcrumb":{"@id":"https:\/\/www.visit-ulcinj.com\/blog\/2009\/05\/09\/qytetareve-te-ulqinithajdinaga-ju-uron-diten-e-evropes\/#breadcrumb"},"inLanguage":"en-US","potentialAction":[{"@type":"ReadAction","target":["https:\/\/www.visit-ulcinj.com\/blog\/2009\/05\/09\/qytetareve-te-ulqinithajdinaga-ju-uron-diten-e-evropes\/"]}]},{"@type":"BreadcrumbList","@id":"https:\/\/www.visit-ulcinj.com\/blog\/2009\/05\/09\/qytetareve-te-ulqinithajdinaga-ju-uron-diten-e-evropes\/#breadcrumb","itemListElement":[{"@type":"ListItem","position":1,"name":"Qytetar\u00ebve t\u00eb Ulqinit,Hajdinaga ju uron Dit\u00ebn e Evrop\u00ebs"}]},{"@type":"Person","@id":"https:\/\/www.visit-ulcinj.com\/blog\/#\/schema\/person\/dcab619c614d3038751c63bc2aadc06d","name":"ulqini","sameAs":["http:\/\/www.visit-ulcinj.com"],"url":"https:\/\/www.visit-ulcinj.com\/blog\/author\/admin\/"}]}},"jetpack_featured_media_url":"","jetpack_sharing_enabled":true,"jetpack_shortlink":"https:\/\/wp.me\/pe6lTn-5nO","_links":{"self":[{"href":"https:\/\/www.visit-ulcinj.com\/blog\/wp-json\/wp\/v2\/posts\/20696"}],"collection":[{"href":"https:\/\/www.visit-ulcinj.com\/blog\/wp-json\/wp\/v2\/posts"}],"about":[{"href":"https:\/\/www.visit-ulcinj.com\/blog\/wp-json\/wp\/v2\/types\/post"}],"author":[{"embeddable":true,"href":"https:\/\/www.visit-ulcinj.com\/blog\/wp-json\/wp\/v2\/users\/1"}],"replies":[{"embeddable":true,"href":"https:\/\/www.visit-ulcinj.com\/blog\/wp-json\/wp\/v2\/comments?post=20696"}],"version-history":[{"count":0,"href":"https:\/\/www.visit-ulcinj.com\/blog\/wp-json\/wp\/v2\/posts\/20696\/revisions"}],"wp:attachment":[{"href":"https:\/\/www.visit-ulcinj.com\/blog\/wp-json\/wp\/v2\/media?parent=20696"}],"wp:term":[{"taxonomy":"category","embeddable":true,"href":"https:\/\/www.visit-ulcinj.com\/blog\/wp-json\/wp\/v2\/categories?post=20696"},{"taxonomy":"post_tag","embeddable":true,"href":"https:\/\/www.visit-ulcinj.com\/blog\/wp-json\/wp\/v2\/tags?post=20696"}],"curies":[{"name":"wp","href":"https:\/\/api.w.org\/{rel}","templated":true}]}}