{"id":207,"date":"2008-01-19T10:34:12","date_gmt":"2008-01-19T15:34:12","guid":{"rendered":"http:\/\/www.visit-ulcinj.com\/blog\/2008\/01\/19\/mali-i-zi-do-te-mbaje-zgjedhjet-presidenciale-ne-prill\/"},"modified":"2008-02-12T19:00:13","modified_gmt":"2008-02-13T00:00:13","slug":"mali-i-zi-do-te-mbaje-zgjedhjet-presidenciale-ne-prill","status":"publish","type":"post","link":"https:\/\/www.visit-ulcinj.com\/blog\/2008\/01\/19\/mali-i-zi-do-te-mbaje-zgjedhjet-presidenciale-ne-prill\/","title":{"rendered":"Mali i Zi do t\u00eb mbaj\u00eb zgjedhjet presidenciale m\u00eb 6 prill"},"content":{"rendered":"<p><img loading=\"lazy\" src=\"http:\/\/www.visit-ulcinj.com\/blog\/wp-content\/uploads\/2008\/01\/ranko-krivokapiq.thumbnail.jpg\" style=\"width: 83px; height: 109px\" align=\"left\" border=\"0\" height=\"128\" hspace=\"2\" vspace=\"2\" width=\"82\" \/>Podgoric\u00eb:Zgjedhjet presidenciale do t\u00eb mbahen n\u00eb 6 prill, njoftoi t\u00eb enjten (17 janar) kryetari i parlamentit Ranko Krivokapiq. K\u00ebto do t\u00eb jen\u00eb zgjedhjet e para presidenciale q\u00eb kur Mali i Zi u b\u00eb shtet i pavarur. Krivokapiq u k\u00ebrkoi votuesve t\u00eb marrin pjes\u00eb dhe ftoi BE dhe organizata t\u00eb tjera nd\u00ebrkomb\u00ebtare t\u00eb d\u00ebrgojn\u00eb v\u00ebzhgues.<!--more--> M\u00eb pas gjat\u00eb dit\u00ebs, Partia Demokratike e Socialist\u00ebve (DPS) njoftoi se presidenti aktual Filip Vujanoviq do t\u00eb k\u00ebrkonte rizgjedhje p\u00ebr kryetar t\u00eb Malit t\u00eb Zi. L\u00ebvizja opozitare p\u00ebr Ndryshim po propozon kreun e vet Nebojsha Medojeviq p\u00ebr t\u00eb konkurruar, nd\u00ebrsa Partia Popullore Serbe ka n\u00eb plan t\u00eb propozoj\u00eb Andrija Mandiq.Ai apeloi tek kandidat\u00ebt presidencial\u00eb q\u00eb me sjelljen e tyre t\u00eb kontribuojn\u00eb n\u00eb \u2018kodeksin e nderit dhe respektit, me ato vlera t\u00eb cilat do t\u2019i mbledhin qytetar\u00ebt rreth integrimeve evropiane\u2019.Ai po ashtu ftoi OSBE\u2019n\u00eb, Unionin Evropian dhe organizatat dhe asociacionet tjera nd\u00ebrkomb\u00ebtare q\u00eb t\u2019i p\u00ebrcjellin zgjedhjet. Mes tjerash kryetari i Parlamentit malazez tha \u2018se fituesi tashm\u00eb dihet, nd\u00ebrsa ky \u00ebsht\u00eb vullneti i lir\u00eb i shprehur i qytetar\u00ebve\u2019. Krivokapic shprehi shpres\u00ebn se pas k\u00ebtyre zgjedhjeve Mali i Zi do t\u00eb b\u00ebhet vend edhe m\u00eb demokratik<font face=\"MyriadPro-Regular\" size=\"1\">.<\/font><\/p>\n","protected":false},"excerpt":{"rendered":"<p><img loading=\"lazy\" src=\"http:\/\/www.visit-ulcinj.com\/blog\/wp-content\/uploads\/2008\/01\/ranko-krivokapiq.thumbnail.jpg\" alt=\"Ranko Krivokapiq\" height=\"140\" width=\"140\" \/><\/p>\n","protected":false},"author":1,"featured_media":0,"comment_status":"open","ping_status":"closed","sticky":false,"template":"","format":"standard","meta":{"spay_email":"","jetpack_publicize_message":"","jetpack_is_tweetstorm":false,"jetpack_publicize_feature_enabled":true},"categories":[1],"tags":[],"jetpack_publicize_connections":[],"yoast_head":"<!-- This site is optimized with the Yoast SEO plugin v19.1 - https:\/\/yoast.com\/wordpress\/plugins\/seo\/ -->\n<title>Mali i Zi do t\u00eb mbaj\u00eb zgjedhjet presidenciale m\u00eb 6 prill - Lajme nga Ulqini<\/title>\n<meta name=\"robots\" content=\"index, follow, max-snippet:-1, max-image-preview:large, max-video-preview:-1\" \/>\n<link rel=\"canonical\" href=\"https:\/\/www.visit-ulcinj.com\/blog\/2008\/01\/19\/mali-i-zi-do-te-mbaje-zgjedhjet-presidenciale-ne-prill\/\" \/>\n<meta property=\"og:locale\" content=\"en_US\" \/>\n<meta property=\"og:type\" content=\"article\" \/>\n<meta property=\"og:title\" content=\"Mali i Zi do t\u00eb mbaj\u00eb zgjedhjet presidenciale m\u00eb 6 prill - Lajme nga Ulqini\" \/>\n<meta property=\"og:url\" content=\"https:\/\/www.visit-ulcinj.com\/blog\/2008\/01\/19\/mali-i-zi-do-te-mbaje-zgjedhjet-presidenciale-ne-prill\/\" \/>\n<meta property=\"og:site_name\" content=\"Lajme nga Ulqini\" \/>\n<meta property=\"article:published_time\" content=\"2008-01-19T15:34:12+00:00\" \/>\n<meta property=\"article:modified_time\" content=\"2008-02-13T00:00:13+00:00\" \/>\n<meta property=\"og:image\" content=\"http:\/\/www.visit-ulcinj.com\/blog\/wp-content\/uploads\/2008\/01\/ranko-krivokapiq.thumbnail.jpg\" \/>\n<meta name=\"twitter:label1\" content=\"Written by\" \/>\n\t<meta name=\"twitter:data1\" content=\"ulqini\" \/>\n\t<meta name=\"twitter:label2\" content=\"Est. reading time\" \/>\n\t<meta name=\"twitter:data2\" content=\"1 minute\" \/>\n<script type=\"application\/ld+json\" class=\"yoast-schema-graph\">{\"@context\":\"https:\/\/schema.org\",\"@graph\":[{\"@type\":\"WebSite\",\"@id\":\"https:\/\/www.visit-ulcinj.com\/blog\/#website\",\"url\":\"https:\/\/www.visit-ulcinj.com\/blog\/\",\"name\":\"Lajme nga Ulqini\",\"description\":\"Lajme,Vijesti,Ulqini,Ulqin,Crna Gora,Mali i Zi\",\"potentialAction\":[{\"@type\":\"SearchAction\",\"target\":{\"@type\":\"EntryPoint\",\"urlTemplate\":\"https:\/\/www.visit-ulcinj.com\/blog\/?s={search_term_string}\"},\"query-input\":\"required name=search_term_string\"}],\"inLanguage\":\"en-US\"},{\"@type\":\"ImageObject\",\"inLanguage\":\"en-US\",\"@id\":\"https:\/\/www.visit-ulcinj.com\/blog\/2008\/01\/19\/mali-i-zi-do-te-mbaje-zgjedhjet-presidenciale-ne-prill\/#primaryimage\",\"url\":\"http:\/\/www.visit-ulcinj.com\/blog\/wp-content\/uploads\/2008\/01\/ranko-krivokapiq.thumbnail.jpg\",\"contentUrl\":\"http:\/\/www.visit-ulcinj.com\/blog\/wp-content\/uploads\/2008\/01\/ranko-krivokapiq.thumbnail.jpg\"},{\"@type\":\"WebPage\",\"@id\":\"https:\/\/www.visit-ulcinj.com\/blog\/2008\/01\/19\/mali-i-zi-do-te-mbaje-zgjedhjet-presidenciale-ne-prill\/#webpage\",\"url\":\"https:\/\/www.visit-ulcinj.com\/blog\/2008\/01\/19\/mali-i-zi-do-te-mbaje-zgjedhjet-presidenciale-ne-prill\/\",\"name\":\"Mali i Zi do t\u00eb mbaj\u00eb zgjedhjet presidenciale m\u00eb 6 prill - Lajme nga Ulqini\",\"isPartOf\":{\"@id\":\"https:\/\/www.visit-ulcinj.com\/blog\/#website\"},\"primaryImageOfPage\":{\"@id\":\"https:\/\/www.visit-ulcinj.com\/blog\/2008\/01\/19\/mali-i-zi-do-te-mbaje-zgjedhjet-presidenciale-ne-prill\/#primaryimage\"},\"datePublished\":\"2008-01-19T15:34:12+00:00\",\"dateModified\":\"2008-02-13T00:00:13+00:00\",\"author\":{\"@id\":\"https:\/\/www.visit-ulcinj.com\/blog\/#\/schema\/person\/dcab619c614d3038751c63bc2aadc06d\"},\"breadcrumb\":{\"@id\":\"https:\/\/www.visit-ulcinj.com\/blog\/2008\/01\/19\/mali-i-zi-do-te-mbaje-zgjedhjet-presidenciale-ne-prill\/#breadcrumb\"},\"inLanguage\":\"en-US\",\"potentialAction\":[{\"@type\":\"ReadAction\",\"target\":[\"https:\/\/www.visit-ulcinj.com\/blog\/2008\/01\/19\/mali-i-zi-do-te-mbaje-zgjedhjet-presidenciale-ne-prill\/\"]}]},{\"@type\":\"BreadcrumbList\",\"@id\":\"https:\/\/www.visit-ulcinj.com\/blog\/2008\/01\/19\/mali-i-zi-do-te-mbaje-zgjedhjet-presidenciale-ne-prill\/#breadcrumb\",\"itemListElement\":[{\"@type\":\"ListItem\",\"position\":1,\"name\":\"Mali i Zi do t\u00eb mbaj\u00eb zgjedhjet presidenciale m\u00eb 6 prill\"}]},{\"@type\":\"Person\",\"@id\":\"https:\/\/www.visit-ulcinj.com\/blog\/#\/schema\/person\/dcab619c614d3038751c63bc2aadc06d\",\"name\":\"ulqini\",\"sameAs\":[\"http:\/\/www.visit-ulcinj.com\"],\"url\":\"https:\/\/www.visit-ulcinj.com\/blog\/author\/admin\/\"}]}<\/script>\n<!-- \/ Yoast SEO plugin. -->","yoast_head_json":{"title":"Mali i Zi do t\u00eb mbaj\u00eb zgjedhjet presidenciale m\u00eb 6 prill - Lajme nga Ulqini","robots":{"index":"index","follow":"follow","max-snippet":"max-snippet:-1","max-image-preview":"max-image-preview:large","max-video-preview":"max-video-preview:-1"},"canonical":"https:\/\/www.visit-ulcinj.com\/blog\/2008\/01\/19\/mali-i-zi-do-te-mbaje-zgjedhjet-presidenciale-ne-prill\/","og_locale":"en_US","og_type":"article","og_title":"Mali i Zi do t\u00eb mbaj\u00eb zgjedhjet presidenciale m\u00eb 6 prill - Lajme nga Ulqini","og_url":"https:\/\/www.visit-ulcinj.com\/blog\/2008\/01\/19\/mali-i-zi-do-te-mbaje-zgjedhjet-presidenciale-ne-prill\/","og_site_name":"Lajme nga Ulqini","article_published_time":"2008-01-19T15:34:12+00:00","article_modified_time":"2008-02-13T00:00:13+00:00","og_image":[{"url":"http:\/\/www.visit-ulcinj.com\/blog\/wp-content\/uploads\/2008\/01\/ranko-krivokapiq.thumbnail.jpg"}],"twitter_misc":{"Written by":"ulqini","Est. reading time":"1 minute"},"schema":{"@context":"https:\/\/schema.org","@graph":[{"@type":"WebSite","@id":"https:\/\/www.visit-ulcinj.com\/blog\/#website","url":"https:\/\/www.visit-ulcinj.com\/blog\/","name":"Lajme nga Ulqini","description":"Lajme,Vijesti,Ulqini,Ulqin,Crna Gora,Mali i Zi","potentialAction":[{"@type":"SearchAction","target":{"@type":"EntryPoint","urlTemplate":"https:\/\/www.visit-ulcinj.com\/blog\/?s={search_term_string}"},"query-input":"required name=search_term_string"}],"inLanguage":"en-US"},{"@type":"ImageObject","inLanguage":"en-US","@id":"https:\/\/www.visit-ulcinj.com\/blog\/2008\/01\/19\/mali-i-zi-do-te-mbaje-zgjedhjet-presidenciale-ne-prill\/#primaryimage","url":"http:\/\/www.visit-ulcinj.com\/blog\/wp-content\/uploads\/2008\/01\/ranko-krivokapiq.thumbnail.jpg","contentUrl":"http:\/\/www.visit-ulcinj.com\/blog\/wp-content\/uploads\/2008\/01\/ranko-krivokapiq.thumbnail.jpg"},{"@type":"WebPage","@id":"https:\/\/www.visit-ulcinj.com\/blog\/2008\/01\/19\/mali-i-zi-do-te-mbaje-zgjedhjet-presidenciale-ne-prill\/#webpage","url":"https:\/\/www.visit-ulcinj.com\/blog\/2008\/01\/19\/mali-i-zi-do-te-mbaje-zgjedhjet-presidenciale-ne-prill\/","name":"Mali i Zi do t\u00eb mbaj\u00eb zgjedhjet presidenciale m\u00eb 6 prill - Lajme nga Ulqini","isPartOf":{"@id":"https:\/\/www.visit-ulcinj.com\/blog\/#website"},"primaryImageOfPage":{"@id":"https:\/\/www.visit-ulcinj.com\/blog\/2008\/01\/19\/mali-i-zi-do-te-mbaje-zgjedhjet-presidenciale-ne-prill\/#primaryimage"},"datePublished":"2008-01-19T15:34:12+00:00","dateModified":"2008-02-13T00:00:13+00:00","author":{"@id":"https:\/\/www.visit-ulcinj.com\/blog\/#\/schema\/person\/dcab619c614d3038751c63bc2aadc06d"},"breadcrumb":{"@id":"https:\/\/www.visit-ulcinj.com\/blog\/2008\/01\/19\/mali-i-zi-do-te-mbaje-zgjedhjet-presidenciale-ne-prill\/#breadcrumb"},"inLanguage":"en-US","potentialAction":[{"@type":"ReadAction","target":["https:\/\/www.visit-ulcinj.com\/blog\/2008\/01\/19\/mali-i-zi-do-te-mbaje-zgjedhjet-presidenciale-ne-prill\/"]}]},{"@type":"BreadcrumbList","@id":"https:\/\/www.visit-ulcinj.com\/blog\/2008\/01\/19\/mali-i-zi-do-te-mbaje-zgjedhjet-presidenciale-ne-prill\/#breadcrumb","itemListElement":[{"@type":"ListItem","position":1,"name":"Mali i Zi do t\u00eb mbaj\u00eb zgjedhjet presidenciale m\u00eb 6 prill"}]},{"@type":"Person","@id":"https:\/\/www.visit-ulcinj.com\/blog\/#\/schema\/person\/dcab619c614d3038751c63bc2aadc06d","name":"ulqini","sameAs":["http:\/\/www.visit-ulcinj.com"],"url":"https:\/\/www.visit-ulcinj.com\/blog\/author\/admin\/"}]}},"jetpack_featured_media_url":"","jetpack_sharing_enabled":true,"jetpack_shortlink":"https:\/\/wp.me\/pe6lTn-3l","_links":{"self":[{"href":"https:\/\/www.visit-ulcinj.com\/blog\/wp-json\/wp\/v2\/posts\/207"}],"collection":[{"href":"https:\/\/www.visit-ulcinj.com\/blog\/wp-json\/wp\/v2\/posts"}],"about":[{"href":"https:\/\/www.visit-ulcinj.com\/blog\/wp-json\/wp\/v2\/types\/post"}],"author":[{"embeddable":true,"href":"https:\/\/www.visit-ulcinj.com\/blog\/wp-json\/wp\/v2\/users\/1"}],"replies":[{"embeddable":true,"href":"https:\/\/www.visit-ulcinj.com\/blog\/wp-json\/wp\/v2\/comments?post=207"}],"version-history":[{"count":0,"href":"https:\/\/www.visit-ulcinj.com\/blog\/wp-json\/wp\/v2\/posts\/207\/revisions"}],"wp:attachment":[{"href":"https:\/\/www.visit-ulcinj.com\/blog\/wp-json\/wp\/v2\/media?parent=207"}],"wp:term":[{"taxonomy":"category","embeddable":true,"href":"https:\/\/www.visit-ulcinj.com\/blog\/wp-json\/wp\/v2\/categories?post=207"},{"taxonomy":"post_tag","embeddable":true,"href":"https:\/\/www.visit-ulcinj.com\/blog\/wp-json\/wp\/v2\/tags?post=207"}],"curies":[{"name":"wp","href":"https:\/\/api.w.org\/{rel}","templated":true}]}}