{"id":2070,"date":"2008-06-23T15:33:14","date_gmt":"2008-06-23T20:33:14","guid":{"rendered":"http:\/\/www.visit-ulcinj.com\/blog\/?p=2070"},"modified":"2008-06-23T15:33:14","modified_gmt":"2008-06-23T20:33:14","slug":"shtohen-rastet-e-tortures-policore","status":"publish","type":"post","link":"https:\/\/www.visit-ulcinj.com\/blog\/2008\/06\/23\/shtohen-rastet-e-tortures-policore\/","title":{"rendered":"Shtohen rastet e tortur\u00ebs policore"},"content":{"rendered":"<p><img loading=\"lazy\" class=\"alignleft\" style=\"float: left;\" src=\"http:\/\/www.kohajavore.cg.yu\/slike\/1214207462.jpg\" alt=\"EDINA HASANAGA \u2013 \u00c7OBAJ\" width=\"280\" height=\"210\" \/><strong>Sipas raportit t\u00eb nism\u00ebs s\u00eb t\u00eb rinjve p\u00ebr t\u00eb drejtat e njeriut<\/strong><br \/>\nPodgoric\u00eb &#8211; T\u00eb drejtat e njeriut n\u00eb kat\u00ebr muajt e par\u00eb t\u00eb k\u00ebtij viti n\u00eb p\u00ebrgjith\u00ebsi jan\u00eb respektuar, por ashtu si dhe n\u00eb periudh\u00ebn e kaluar \u00ebsht\u00eb rritur numri i rasteve t\u00eb tortur\u00ebs policore dhe dhun\u00ebs s\u00eb motivuar politikisht, vler\u00ebsohet n\u00eb Raportin e par\u00eb periodik t\u00eb Nism\u00ebs s\u00eb t\u00eb Rinjve p\u00ebr t\u00eb Drejtat e Njeriut.<br \/>\nSipas k\u00ebsaj organizate, numri i rasteve n\u00eb t\u00eb cilat qytetar\u00ebt jan\u00eb ankuar ndaj veprimit t\u00eb n\u00ebpun\u00ebsve t\u00eb Drejtoris\u00eb s\u00eb Policis\u00eb n\u00eb kat\u00ebr muajt e par\u00eb t\u00eb k\u00ebtij viti \u00ebsht\u00eb rritur n\u00eb raport me periudh\u00ebn e nj\u00ebjt\u00eb t\u00eb vitit t\u00eb kaluar.<br \/>\nGjat\u00eb kat\u00ebr muajve t\u00eb par\u00eb t\u00eb k\u00ebtij viti, Nisma e t\u00eb Rinjve ka regjistruar 14 raste n\u00eb t\u00eb cilat qytetar\u00ebt jan\u00eb ankuar ndaj veprimit t\u00eb policis\u00eb.<br \/>\nNisma e t\u00eb Rinjve p\u00ebr t\u00eb Drejtat e Njeriut ka shprehur brengosje p\u00ebr faktin se &#8220;gjykatat nuk e respektojn\u00eb praktik\u00ebn e Gjykat\u00ebs Europiane p\u00ebr t\u00eb Drejtat e Njeriut, p\u00ebr \u00e7do gj\u00eb b\u00ebhet presion i madh ndaj medias&#8221;.<br \/>\nNisma e t\u00eb Rinjve p\u00ebr t\u00eb Drejtat e Njeriut n\u00eb Mal t\u00eb Zi ka sqaruar se monitorimin e saj ndaj respektimit t\u00eb t\u00eb drejtave t\u00eb njeriut do ta fokusoj\u00eb n\u00eb fush\u00ebn e tortur\u00ebs policore dhe dhun\u00ebs s\u00eb motivuar politikisht.<br \/>\nKjo organizat\u00eb ka rikujtuar se tortura \u00ebsht\u00eb e ndaluar me nj\u00eb num\u00ebr aktesh nd\u00ebrkomb\u00ebtare dhe vendore.<br \/>\nSipas hulumtimit t\u00eb Nism\u00ebs s\u00eb t\u00eb Rinjve p\u00ebr t\u00eb Drejtat e Njeriut n\u00eb pjes\u00ebn e par\u00eb t\u00eb k\u00ebtij viti \u00ebsht\u00eb v\u00ebrjetur edhe rritje e numrit t\u00eb presioneve ndaj gazetar\u00ebve dhe medias.<a title=\"EDINA HASANAGA \u2013 \u00c7OBA\" href=\"http:\/http:\/\/www.yihr.org\/press.php\" target=\"_blank\"><img loading=\"lazy\" class=\"alignright\" style=\"float: right;\" src=\"http:\/\/www.yihr.org\/grafika\/yihrlogo.png\" alt=\"YIHR crna gora\" width=\"348\" height=\"104\" \/><\/a><br \/>\n&#8220;Presioni ndaj liris\u00eb s\u00eb t\u00eb shprehurit shprehet m\u00eb s\u00eb shpeshti p\u00ebrmes ankesave dhe aktvendimeve gjyq\u00ebsore, si dhe p\u00ebrmes k\u00ebrc\u00ebnimeve dhe sulmeve fizike&#8221;, thuhet n\u00eb Raport.<br \/>\nN\u00eb raport po ashtu theksohet se q\u00eb nga fillimi i vitit jan\u00eb dh\u00ebn\u00eb tre vendime gjyq\u00ebsore ndaj gazetar\u00ebve dhe mediave p\u00ebr shkak t\u00eb l\u00ebndimeve t\u00eb shkaktuara shpirt\u00ebrore dhe se \u00ebsht\u00eb ngritur nj\u00eb aktpadi.<br \/>\n<strong>Autor \/ Kohapress<\/strong><\/p>\n","protected":false},"excerpt":{"rendered":"<p><img loading=\"lazy\" class=\"alignleft\" style=\"float: left;\" src=\"http:\/\/www.kohajavore.cg.yu\/slike\/1214207462.jpg\" alt=\"EDINA HASANAGA \u2013 \u00c7OBAJ\" width=\"140\" height=\"140\" \/><\/p>\n","protected":false},"author":1,"featured_media":0,"comment_status":"open","ping_status":"closed","sticky":false,"template":"","format":"standard","meta":{"spay_email":"","jetpack_publicize_message":"","jetpack_is_tweetstorm":false,"jetpack_publicize_feature_enabled":true},"categories":[1,12],"tags":[2374,4120,4121],"jetpack_publicize_connections":[],"yoast_head":"<!-- This site is optimized with the Yoast SEO plugin v19.1 - https:\/\/yoast.com\/wordpress\/plugins\/seo\/ -->\n<title>Shtohen rastet e tortur\u00ebs policore - Lajme nga Ulqini<\/title>\n<meta name=\"robots\" content=\"index, follow, max-snippet:-1, max-image-preview:large, max-video-preview:-1\" \/>\n<link rel=\"canonical\" href=\"https:\/\/www.visit-ulcinj.com\/blog\/2008\/06\/23\/shtohen-rastet-e-tortures-policore\/\" \/>\n<meta property=\"og:locale\" content=\"en_US\" \/>\n<meta property=\"og:type\" content=\"article\" \/>\n<meta property=\"og:title\" content=\"Shtohen rastet e tortur\u00ebs policore - Lajme nga Ulqini\" \/>\n<meta property=\"og:url\" content=\"https:\/\/www.visit-ulcinj.com\/blog\/2008\/06\/23\/shtohen-rastet-e-tortures-policore\/\" \/>\n<meta property=\"og:site_name\" content=\"Lajme nga Ulqini\" \/>\n<meta property=\"article:published_time\" content=\"2008-06-23T20:33:14+00:00\" \/>\n<meta property=\"og:image\" content=\"http:\/\/www.kohajavore.cg.yu\/slike\/1214207462.jpg\" \/>\n<meta name=\"twitter:label1\" content=\"Written by\" \/>\n\t<meta name=\"twitter:data1\" content=\"ulqini\" \/>\n\t<meta name=\"twitter:label2\" content=\"Est. reading time\" \/>\n\t<meta name=\"twitter:data2\" content=\"2 minutes\" \/>\n<script type=\"application\/ld+json\" class=\"yoast-schema-graph\">{\"@context\":\"https:\/\/schema.org\",\"@graph\":[{\"@type\":\"WebSite\",\"@id\":\"https:\/\/www.visit-ulcinj.com\/blog\/#website\",\"url\":\"https:\/\/www.visit-ulcinj.com\/blog\/\",\"name\":\"Lajme nga Ulqini\",\"description\":\"Lajme,Vijesti,Ulqini,Ulqin,Crna Gora,Mali i Zi\",\"potentialAction\":[{\"@type\":\"SearchAction\",\"target\":{\"@type\":\"EntryPoint\",\"urlTemplate\":\"https:\/\/www.visit-ulcinj.com\/blog\/?s={search_term_string}\"},\"query-input\":\"required name=search_term_string\"}],\"inLanguage\":\"en-US\"},{\"@type\":\"ImageObject\",\"inLanguage\":\"en-US\",\"@id\":\"https:\/\/www.visit-ulcinj.com\/blog\/2008\/06\/23\/shtohen-rastet-e-tortures-policore\/#primaryimage\",\"url\":\"http:\/\/www.kohajavore.cg.yu\/slike\/1214207462.jpg\",\"contentUrl\":\"http:\/\/www.kohajavore.cg.yu\/slike\/1214207462.jpg\"},{\"@type\":\"WebPage\",\"@id\":\"https:\/\/www.visit-ulcinj.com\/blog\/2008\/06\/23\/shtohen-rastet-e-tortures-policore\/#webpage\",\"url\":\"https:\/\/www.visit-ulcinj.com\/blog\/2008\/06\/23\/shtohen-rastet-e-tortures-policore\/\",\"name\":\"Shtohen rastet e tortur\u00ebs policore - Lajme nga Ulqini\",\"isPartOf\":{\"@id\":\"https:\/\/www.visit-ulcinj.com\/blog\/#website\"},\"primaryImageOfPage\":{\"@id\":\"https:\/\/www.visit-ulcinj.com\/blog\/2008\/06\/23\/shtohen-rastet-e-tortures-policore\/#primaryimage\"},\"datePublished\":\"2008-06-23T20:33:14+00:00\",\"dateModified\":\"2008-06-23T20:33:14+00:00\",\"author\":{\"@id\":\"https:\/\/www.visit-ulcinj.com\/blog\/#\/schema\/person\/dcab619c614d3038751c63bc2aadc06d\"},\"breadcrumb\":{\"@id\":\"https:\/\/www.visit-ulcinj.com\/blog\/2008\/06\/23\/shtohen-rastet-e-tortures-policore\/#breadcrumb\"},\"inLanguage\":\"en-US\",\"potentialAction\":[{\"@type\":\"ReadAction\",\"target\":[\"https:\/\/www.visit-ulcinj.com\/blog\/2008\/06\/23\/shtohen-rastet-e-tortures-policore\/\"]}]},{\"@type\":\"BreadcrumbList\",\"@id\":\"https:\/\/www.visit-ulcinj.com\/blog\/2008\/06\/23\/shtohen-rastet-e-tortures-policore\/#breadcrumb\",\"itemListElement\":[{\"@type\":\"ListItem\",\"position\":1,\"name\":\"Shtohen rastet e tortur\u00ebs policore\"}]},{\"@type\":\"Person\",\"@id\":\"https:\/\/www.visit-ulcinj.com\/blog\/#\/schema\/person\/dcab619c614d3038751c63bc2aadc06d\",\"name\":\"ulqini\",\"sameAs\":[\"http:\/\/www.visit-ulcinj.com\"],\"url\":\"https:\/\/www.visit-ulcinj.com\/blog\/author\/admin\/\"}]}<\/script>\n<!-- \/ Yoast SEO plugin. -->","yoast_head_json":{"title":"Shtohen rastet e tortur\u00ebs policore - Lajme nga Ulqini","robots":{"index":"index","follow":"follow","max-snippet":"max-snippet:-1","max-image-preview":"max-image-preview:large","max-video-preview":"max-video-preview:-1"},"canonical":"https:\/\/www.visit-ulcinj.com\/blog\/2008\/06\/23\/shtohen-rastet-e-tortures-policore\/","og_locale":"en_US","og_type":"article","og_title":"Shtohen rastet e tortur\u00ebs policore - Lajme nga Ulqini","og_url":"https:\/\/www.visit-ulcinj.com\/blog\/2008\/06\/23\/shtohen-rastet-e-tortures-policore\/","og_site_name":"Lajme nga Ulqini","article_published_time":"2008-06-23T20:33:14+00:00","og_image":[{"url":"http:\/\/www.kohajavore.cg.yu\/slike\/1214207462.jpg"}],"twitter_misc":{"Written by":"ulqini","Est. reading time":"2 minutes"},"schema":{"@context":"https:\/\/schema.org","@graph":[{"@type":"WebSite","@id":"https:\/\/www.visit-ulcinj.com\/blog\/#website","url":"https:\/\/www.visit-ulcinj.com\/blog\/","name":"Lajme nga Ulqini","description":"Lajme,Vijesti,Ulqini,Ulqin,Crna Gora,Mali i Zi","potentialAction":[{"@type":"SearchAction","target":{"@type":"EntryPoint","urlTemplate":"https:\/\/www.visit-ulcinj.com\/blog\/?s={search_term_string}"},"query-input":"required name=search_term_string"}],"inLanguage":"en-US"},{"@type":"ImageObject","inLanguage":"en-US","@id":"https:\/\/www.visit-ulcinj.com\/blog\/2008\/06\/23\/shtohen-rastet-e-tortures-policore\/#primaryimage","url":"http:\/\/www.kohajavore.cg.yu\/slike\/1214207462.jpg","contentUrl":"http:\/\/www.kohajavore.cg.yu\/slike\/1214207462.jpg"},{"@type":"WebPage","@id":"https:\/\/www.visit-ulcinj.com\/blog\/2008\/06\/23\/shtohen-rastet-e-tortures-policore\/#webpage","url":"https:\/\/www.visit-ulcinj.com\/blog\/2008\/06\/23\/shtohen-rastet-e-tortures-policore\/","name":"Shtohen rastet e tortur\u00ebs policore - Lajme nga Ulqini","isPartOf":{"@id":"https:\/\/www.visit-ulcinj.com\/blog\/#website"},"primaryImageOfPage":{"@id":"https:\/\/www.visit-ulcinj.com\/blog\/2008\/06\/23\/shtohen-rastet-e-tortures-policore\/#primaryimage"},"datePublished":"2008-06-23T20:33:14+00:00","dateModified":"2008-06-23T20:33:14+00:00","author":{"@id":"https:\/\/www.visit-ulcinj.com\/blog\/#\/schema\/person\/dcab619c614d3038751c63bc2aadc06d"},"breadcrumb":{"@id":"https:\/\/www.visit-ulcinj.com\/blog\/2008\/06\/23\/shtohen-rastet-e-tortures-policore\/#breadcrumb"},"inLanguage":"en-US","potentialAction":[{"@type":"ReadAction","target":["https:\/\/www.visit-ulcinj.com\/blog\/2008\/06\/23\/shtohen-rastet-e-tortures-policore\/"]}]},{"@type":"BreadcrumbList","@id":"https:\/\/www.visit-ulcinj.com\/blog\/2008\/06\/23\/shtohen-rastet-e-tortures-policore\/#breadcrumb","itemListElement":[{"@type":"ListItem","position":1,"name":"Shtohen rastet e tortur\u00ebs policore"}]},{"@type":"Person","@id":"https:\/\/www.visit-ulcinj.com\/blog\/#\/schema\/person\/dcab619c614d3038751c63bc2aadc06d","name":"ulqini","sameAs":["http:\/\/www.visit-ulcinj.com"],"url":"https:\/\/www.visit-ulcinj.com\/blog\/author\/admin\/"}]}},"jetpack_featured_media_url":"","jetpack_sharing_enabled":true,"jetpack_shortlink":"https:\/\/wp.me\/pe6lTn-xo","_links":{"self":[{"href":"https:\/\/www.visit-ulcinj.com\/blog\/wp-json\/wp\/v2\/posts\/2070"}],"collection":[{"href":"https:\/\/www.visit-ulcinj.com\/blog\/wp-json\/wp\/v2\/posts"}],"about":[{"href":"https:\/\/www.visit-ulcinj.com\/blog\/wp-json\/wp\/v2\/types\/post"}],"author":[{"embeddable":true,"href":"https:\/\/www.visit-ulcinj.com\/blog\/wp-json\/wp\/v2\/users\/1"}],"replies":[{"embeddable":true,"href":"https:\/\/www.visit-ulcinj.com\/blog\/wp-json\/wp\/v2\/comments?post=2070"}],"version-history":[{"count":0,"href":"https:\/\/www.visit-ulcinj.com\/blog\/wp-json\/wp\/v2\/posts\/2070\/revisions"}],"wp:attachment":[{"href":"https:\/\/www.visit-ulcinj.com\/blog\/wp-json\/wp\/v2\/media?parent=2070"}],"wp:term":[{"taxonomy":"category","embeddable":true,"href":"https:\/\/www.visit-ulcinj.com\/blog\/wp-json\/wp\/v2\/categories?post=2070"},{"taxonomy":"post_tag","embeddable":true,"href":"https:\/\/www.visit-ulcinj.com\/blog\/wp-json\/wp\/v2\/tags?post=2070"}],"curies":[{"name":"wp","href":"https:\/\/api.w.org\/{rel}","templated":true}]}}