{"id":2073,"date":"2008-06-24T09:14:46","date_gmt":"2008-06-24T14:14:46","guid":{"rendered":"http:\/\/www.visit-ulcinj.com\/blog\/?p=2073"},"modified":"2008-06-24T09:14:46","modified_gmt":"2008-06-24T14:14:46","slug":"dukanovic-politika-prema-kosovu-bice-promisljena","status":"publish","type":"post","link":"https:\/\/www.visit-ulcinj.com\/blog\/2008\/06\/24\/dukanovic-politika-prema-kosovu-bice-promisljena\/","title":{"rendered":"?ukanovi?: Politika prema Kosovu bi?e &#8220;promi\u0161ljena&#8221;"},"content":{"rendered":"<p><a title=\"?ukanovi? i Rehn \" href=\"http:\/\/www.postimees.ee\/foto\/9\/1\/37919447afaa2685d8.jpg\" target=\"_blank\"><img loading=\"lazy\" class=\"alignleft\" style=\"float: left;\" src=\"http:\/\/www.postimees.ee\/foto\/9\/1\/37919447afaa2685d8.jpg\" alt=\"?ukanovi? i Rehn \" width=\"340\" height=\"265\" \/><\/a>BRUXELLES &#8211; Crnogorski premijer Milo ?ukanovi? izjavio je ju?e u Bruxellesu da ?e politika vlasti u Podgorici prema pitanju Kosova biti &#8220;promi\u0161ljena&#8221; i da ?e voditi ra?una kako o aspiracijama Crne Gore da postane ?lanica Evropske unije i NATO, tako i o unutra\u0161njoj stabilnosti.<br \/>\n?ukanovi? je naglasio da ?e stav Crne Gore biti skladu s njenim &#8220;strate\u0161kim i nacionalnim interesima, a to je ?lanstvo u EU i NATO&#8221;.<br \/>\n&#8220;Mi ?emo slijediti politiku EU i NATO ali za nas je unutra\u0161nja stabilnost klju?na pretpostavka za pridru\u017eivanje tim dvema organizacijama&#8221;, rekao je ?ukanovi? posle susreta s evropskim komesarom za pro\u0161irenje Olijem Rehnom.<br \/>\n?ukanovi? je istakao da je na sastanku sa komesarom Rehnom izra\u017eeno zadovoljstvo zbog najava o formiranju &#8220;proevropske&#8221; vlade u Beogradu.<a title=\"?ukanovi? i Rehn \" href=\"http:\/\/cache.daylife.com\/imageserve\/07py2uR9GOg2y\/610x.jpg\" target=\"_blank\"><img loading=\"lazy\" class=\"alignright\" style=\"float: right;\" src=\"http:\/\/cache.daylife.com\/imageserve\/07py2uR9GOg2y\/610x.jpg\" alt=\"?ukanovi? i Rehn \" width=\"210\" height=\"155\" \/><\/a><br \/>\n?ukanovi? i Rehn su istovremeno ocijenili da je na summitu EU pro\u0161le nedjelje izra\u017eena jasna podr\u0161ka evropskoj perspektivi Zapadnog Balkana uprkos negativnom ishodu irskog referenduma o Lisabonskom ugovoru o reformi Unije. Poruka \u0161efova dr\u017eava EU bila je &#8220;kristalno jasna&#8221; po tom pitanju, naglasio je Rehn.<br \/>\n?ukanovi? je najavio da ?e do kraja godine Podgorica podneti kandidaturu za ?lanstvo u EU, te da ?e do tada biti napravljen akcioni plan za ispunjavanje uslova za viznu liberalizaciju za gra?ane Crne Gore.<br \/>\n<strong>Izvor \/ Tanjug<\/strong><\/p>\n","protected":false},"excerpt":{"rendered":"<p><img loading=\"lazy\" class=\"alignleft\" style=\"float: left;\" src=\"http:\/\/www.postimees.ee\/foto\/9\/1\/37919447afaa2685d8.jpg\" alt=\"?ukanovi? i Rehn \" width=\"140\" height=\"140\" \/><\/p>\n","protected":false},"author":1,"featured_media":0,"comment_status":"open","ping_status":"closed","sticky":false,"template":"","format":"standard","meta":{"spay_email":"","jetpack_publicize_message":"","jetpack_is_tweetstorm":false,"jetpack_publicize_feature_enabled":true},"categories":[6,14,12],"tags":[2677,2479,788,1753,4123],"jetpack_publicize_connections":[],"yoast_head":"<!-- This site is optimized with the Yoast SEO plugin v19.1 - https:\/\/yoast.com\/wordpress\/plugins\/seo\/ -->\n<title>?ukanovi?: Politika prema Kosovu bi?e &quot;promi\u0161ljena&quot; - Lajme nga Ulqini<\/title>\n<meta name=\"robots\" content=\"index, follow, max-snippet:-1, max-image-preview:large, max-video-preview:-1\" \/>\n<link rel=\"canonical\" href=\"https:\/\/www.visit-ulcinj.com\/blog\/2008\/06\/24\/dukanovic-politika-prema-kosovu-bice-promisljena\/\" \/>\n<meta property=\"og:locale\" content=\"en_US\" \/>\n<meta property=\"og:type\" content=\"article\" \/>\n<meta property=\"og:title\" content=\"?ukanovi?: Politika prema Kosovu bi?e &quot;promi\u0161ljena&quot; - Lajme nga Ulqini\" \/>\n<meta property=\"og:url\" content=\"https:\/\/www.visit-ulcinj.com\/blog\/2008\/06\/24\/dukanovic-politika-prema-kosovu-bice-promisljena\/\" \/>\n<meta property=\"og:site_name\" content=\"Lajme nga Ulqini\" \/>\n<meta property=\"article:published_time\" content=\"2008-06-24T14:14:46+00:00\" \/>\n<meta property=\"og:image\" content=\"http:\/\/www.postimees.ee\/foto\/9\/1\/37919447afaa2685d8.jpg\" \/>\n<meta name=\"twitter:label1\" content=\"Written by\" \/>\n\t<meta name=\"twitter:data1\" content=\"ulqini\" \/>\n\t<meta name=\"twitter:label2\" content=\"Est. reading time\" \/>\n\t<meta name=\"twitter:data2\" content=\"1 minute\" \/>\n<script type=\"application\/ld+json\" class=\"yoast-schema-graph\">{\"@context\":\"https:\/\/schema.org\",\"@graph\":[{\"@type\":\"WebSite\",\"@id\":\"https:\/\/www.visit-ulcinj.com\/blog\/#website\",\"url\":\"https:\/\/www.visit-ulcinj.com\/blog\/\",\"name\":\"Lajme nga Ulqini\",\"description\":\"Lajme,Vijesti,Ulqini,Ulqin,Crna Gora,Mali i Zi\",\"potentialAction\":[{\"@type\":\"SearchAction\",\"target\":{\"@type\":\"EntryPoint\",\"urlTemplate\":\"https:\/\/www.visit-ulcinj.com\/blog\/?s={search_term_string}\"},\"query-input\":\"required name=search_term_string\"}],\"inLanguage\":\"en-US\"},{\"@type\":\"ImageObject\",\"inLanguage\":\"en-US\",\"@id\":\"https:\/\/www.visit-ulcinj.com\/blog\/2008\/06\/24\/dukanovic-politika-prema-kosovu-bice-promisljena\/#primaryimage\",\"url\":\"http:\/\/www.postimees.ee\/foto\/9\/1\/37919447afaa2685d8.jpg\",\"contentUrl\":\"http:\/\/www.postimees.ee\/foto\/9\/1\/37919447afaa2685d8.jpg\"},{\"@type\":\"WebPage\",\"@id\":\"https:\/\/www.visit-ulcinj.com\/blog\/2008\/06\/24\/dukanovic-politika-prema-kosovu-bice-promisljena\/#webpage\",\"url\":\"https:\/\/www.visit-ulcinj.com\/blog\/2008\/06\/24\/dukanovic-politika-prema-kosovu-bice-promisljena\/\",\"name\":\"?ukanovi?: Politika prema Kosovu bi?e \\\"promi\u0161ljena\\\" - Lajme nga Ulqini\",\"isPartOf\":{\"@id\":\"https:\/\/www.visit-ulcinj.com\/blog\/#website\"},\"primaryImageOfPage\":{\"@id\":\"https:\/\/www.visit-ulcinj.com\/blog\/2008\/06\/24\/dukanovic-politika-prema-kosovu-bice-promisljena\/#primaryimage\"},\"datePublished\":\"2008-06-24T14:14:46+00:00\",\"dateModified\":\"2008-06-24T14:14:46+00:00\",\"author\":{\"@id\":\"https:\/\/www.visit-ulcinj.com\/blog\/#\/schema\/person\/dcab619c614d3038751c63bc2aadc06d\"},\"breadcrumb\":{\"@id\":\"https:\/\/www.visit-ulcinj.com\/blog\/2008\/06\/24\/dukanovic-politika-prema-kosovu-bice-promisljena\/#breadcrumb\"},\"inLanguage\":\"en-US\",\"potentialAction\":[{\"@type\":\"ReadAction\",\"target\":[\"https:\/\/www.visit-ulcinj.com\/blog\/2008\/06\/24\/dukanovic-politika-prema-kosovu-bice-promisljena\/\"]}]},{\"@type\":\"BreadcrumbList\",\"@id\":\"https:\/\/www.visit-ulcinj.com\/blog\/2008\/06\/24\/dukanovic-politika-prema-kosovu-bice-promisljena\/#breadcrumb\",\"itemListElement\":[{\"@type\":\"ListItem\",\"position\":1,\"name\":\"?ukanovi?: Politika prema Kosovu bi?e &#8220;promi\u0161ljena&#8221;\"}]},{\"@type\":\"Person\",\"@id\":\"https:\/\/www.visit-ulcinj.com\/blog\/#\/schema\/person\/dcab619c614d3038751c63bc2aadc06d\",\"name\":\"ulqini\",\"sameAs\":[\"http:\/\/www.visit-ulcinj.com\"],\"url\":\"https:\/\/www.visit-ulcinj.com\/blog\/author\/admin\/\"}]}<\/script>\n<!-- \/ Yoast SEO plugin. -->","yoast_head_json":{"title":"?ukanovi?: Politika prema Kosovu bi?e \"promi\u0161ljena\" - Lajme nga Ulqini","robots":{"index":"index","follow":"follow","max-snippet":"max-snippet:-1","max-image-preview":"max-image-preview:large","max-video-preview":"max-video-preview:-1"},"canonical":"https:\/\/www.visit-ulcinj.com\/blog\/2008\/06\/24\/dukanovic-politika-prema-kosovu-bice-promisljena\/","og_locale":"en_US","og_type":"article","og_title":"?ukanovi?: Politika prema Kosovu bi?e \"promi\u0161ljena\" - Lajme nga Ulqini","og_url":"https:\/\/www.visit-ulcinj.com\/blog\/2008\/06\/24\/dukanovic-politika-prema-kosovu-bice-promisljena\/","og_site_name":"Lajme nga Ulqini","article_published_time":"2008-06-24T14:14:46+00:00","og_image":[{"url":"http:\/\/www.postimees.ee\/foto\/9\/1\/37919447afaa2685d8.jpg"}],"twitter_misc":{"Written by":"ulqini","Est. reading time":"1 minute"},"schema":{"@context":"https:\/\/schema.org","@graph":[{"@type":"WebSite","@id":"https:\/\/www.visit-ulcinj.com\/blog\/#website","url":"https:\/\/www.visit-ulcinj.com\/blog\/","name":"Lajme nga Ulqini","description":"Lajme,Vijesti,Ulqini,Ulqin,Crna Gora,Mali i Zi","potentialAction":[{"@type":"SearchAction","target":{"@type":"EntryPoint","urlTemplate":"https:\/\/www.visit-ulcinj.com\/blog\/?s={search_term_string}"},"query-input":"required name=search_term_string"}],"inLanguage":"en-US"},{"@type":"ImageObject","inLanguage":"en-US","@id":"https:\/\/www.visit-ulcinj.com\/blog\/2008\/06\/24\/dukanovic-politika-prema-kosovu-bice-promisljena\/#primaryimage","url":"http:\/\/www.postimees.ee\/foto\/9\/1\/37919447afaa2685d8.jpg","contentUrl":"http:\/\/www.postimees.ee\/foto\/9\/1\/37919447afaa2685d8.jpg"},{"@type":"WebPage","@id":"https:\/\/www.visit-ulcinj.com\/blog\/2008\/06\/24\/dukanovic-politika-prema-kosovu-bice-promisljena\/#webpage","url":"https:\/\/www.visit-ulcinj.com\/blog\/2008\/06\/24\/dukanovic-politika-prema-kosovu-bice-promisljena\/","name":"?ukanovi?: Politika prema Kosovu bi?e \"promi\u0161ljena\" - Lajme nga Ulqini","isPartOf":{"@id":"https:\/\/www.visit-ulcinj.com\/blog\/#website"},"primaryImageOfPage":{"@id":"https:\/\/www.visit-ulcinj.com\/blog\/2008\/06\/24\/dukanovic-politika-prema-kosovu-bice-promisljena\/#primaryimage"},"datePublished":"2008-06-24T14:14:46+00:00","dateModified":"2008-06-24T14:14:46+00:00","author":{"@id":"https:\/\/www.visit-ulcinj.com\/blog\/#\/schema\/person\/dcab619c614d3038751c63bc2aadc06d"},"breadcrumb":{"@id":"https:\/\/www.visit-ulcinj.com\/blog\/2008\/06\/24\/dukanovic-politika-prema-kosovu-bice-promisljena\/#breadcrumb"},"inLanguage":"en-US","potentialAction":[{"@type":"ReadAction","target":["https:\/\/www.visit-ulcinj.com\/blog\/2008\/06\/24\/dukanovic-politika-prema-kosovu-bice-promisljena\/"]}]},{"@type":"BreadcrumbList","@id":"https:\/\/www.visit-ulcinj.com\/blog\/2008\/06\/24\/dukanovic-politika-prema-kosovu-bice-promisljena\/#breadcrumb","itemListElement":[{"@type":"ListItem","position":1,"name":"?ukanovi?: Politika prema Kosovu bi?e &#8220;promi\u0161ljena&#8221;"}]},{"@type":"Person","@id":"https:\/\/www.visit-ulcinj.com\/blog\/#\/schema\/person\/dcab619c614d3038751c63bc2aadc06d","name":"ulqini","sameAs":["http:\/\/www.visit-ulcinj.com"],"url":"https:\/\/www.visit-ulcinj.com\/blog\/author\/admin\/"}]}},"jetpack_featured_media_url":"","jetpack_sharing_enabled":true,"jetpack_shortlink":"https:\/\/wp.me\/pe6lTn-xr","_links":{"self":[{"href":"https:\/\/www.visit-ulcinj.com\/blog\/wp-json\/wp\/v2\/posts\/2073"}],"collection":[{"href":"https:\/\/www.visit-ulcinj.com\/blog\/wp-json\/wp\/v2\/posts"}],"about":[{"href":"https:\/\/www.visit-ulcinj.com\/blog\/wp-json\/wp\/v2\/types\/post"}],"author":[{"embeddable":true,"href":"https:\/\/www.visit-ulcinj.com\/blog\/wp-json\/wp\/v2\/users\/1"}],"replies":[{"embeddable":true,"href":"https:\/\/www.visit-ulcinj.com\/blog\/wp-json\/wp\/v2\/comments?post=2073"}],"version-history":[{"count":0,"href":"https:\/\/www.visit-ulcinj.com\/blog\/wp-json\/wp\/v2\/posts\/2073\/revisions"}],"wp:attachment":[{"href":"https:\/\/www.visit-ulcinj.com\/blog\/wp-json\/wp\/v2\/media?parent=2073"}],"wp:term":[{"taxonomy":"category","embeddable":true,"href":"https:\/\/www.visit-ulcinj.com\/blog\/wp-json\/wp\/v2\/categories?post=2073"},{"taxonomy":"post_tag","embeddable":true,"href":"https:\/\/www.visit-ulcinj.com\/blog\/wp-json\/wp\/v2\/tags?post=2073"}],"curies":[{"name":"wp","href":"https:\/\/api.w.org\/{rel}","templated":true}]}}