{"id":2081,"date":"2008-06-25T04:19:46","date_gmt":"2008-06-25T09:19:46","guid":{"rendered":"http:\/\/www.visit-ulcinj.com\/blog\/?p=2081"},"modified":"2008-06-25T04:19:46","modified_gmt":"2008-06-25T09:19:46","slug":"politika-malazeze-ndaj-kosoves-eshte-euro-atlantike","status":"publish","type":"post","link":"https:\/\/www.visit-ulcinj.com\/blog\/2008\/06\/25\/politika-malazeze-ndaj-kosoves-eshte-euro-atlantike\/","title":{"rendered":"Politika malazeze ndaj Kosov\u00ebs \u00ebsht\u00eb euro-atlantike"},"content":{"rendered":"<p><img loading=\"lazy\" class=\"alignleft\" style=\"float: left;\" src=\"http:\/\/www.setimes.com\/cocoon\/setimes\/images\/2006\/01\/09\/ANTONELAphoto.jpg\" alt=\"djukanovic _Olli Rehn\" width=\"288\" height=\"190\" \/>Ne ndjekim dhe ndajm\u00eb vlera thelb\u00ebsore evropiane, por ne do t\u00eb ecim me kujdes duke ruajtur suksessh\u00ebm stabilitetin dhe harmonin\u00eb ton\u00eb multietnike, tha kryeministri i Malit t\u00eb Zi, Milo Dukanovi\u00e7.<br \/>\nKomisioneri Evropian Oli Ren theksoi n\u00eb Bruksel r\u00ebnd\u00ebsin\u00eb e konkluzioneve t\u00eb samitit evropian p\u00ebr vendet e Ballkanit, sipas t\u00eb cilave n\u00ebse vendet e rajonit q\u00eb nuk jan\u00eb ende kandidate b\u00ebjn\u00eb progres solid n\u00eb reformat politike dhe ekonomike dhe p\u00ebrmbushin kushtet e nevojshme duhet t\u00eb marrin statusin kandidat.<br \/>\n&#8220;Duhet fillimisht ti referohem konkluzioneve t\u00eb Samitit Evropian, t\u00eb cilat flasin tep\u00ebr qart\u00eb p\u00ebr statusin kandidat i cili do t\u00eb fitohet fal\u00eb meritave t\u00eb secilit vend, me q\u00ebllimin p\u00ebrfundimtar an\u00ebtar\u00ebsimin n\u00eb BE. Kjo p\u00ebrfshin Malin e Zi nj\u00ebsoj si edhe t\u00eb gjitha vendet e tjera t\u00eb rajonit&#8221;, tha<br \/>\nKomisioneri Evropian p\u00ebr zgjerimin, Olli Rehn.<a title=\"djukanovic Olli Rehn\" href=\"http:\/\/www.postimees.ee\/foto\/9\/1\/37919447afaa2685d8.jpg\"><img loading=\"lazy\" class=\"alignright\" style=\"float: right;\" src=\"http:\/\/www.postimees.ee\/foto\/9\/1\/37919447afaa2685d8.jpg\" alt=\"djukanovic _Olli Rehn\" width=\"198\" height=\"160\" \/><\/a><br \/>\nRen takoi Kryeminisrin e Malit t\u00eb Zi, Millo Gjukanovi\u00e7, i cili p\u00ebrs\u00ebriti n\u00eb Bruksel se vendi i tij do t\u00eb aplikoj\u00eb brenda vitit p\u00ebr statusin kandidat, megjith\u00ebse vendi i tij ka nisur zbatimin e Marr\u00ebveshjes s\u00eb nd\u00ebrmjetme t\u00eb Stabilizim-Asociimit nj\u00eb vit pas Shqip\u00ebris\u00eb.<br \/>\n&#8220;E informova Komisionerin Ren se n\u00eb Mal t\u00eb Zi nuk ka ndryshime t\u00eb planeve tona drejt integrimit evropian. Mendojm\u00eb se po i p\u00ebrmbushim sfidat q\u00eb kemi p\u00ebrpara me sukses dhe p\u00ebr k\u00ebt\u00eb ar\u00ebsye kemi shancin por edhe nevoj\u00ebn q\u00eb t\u00eb aplikojm\u00eb p\u00ebr statusin e vendit kandidat gjat\u00eb k\u00ebtij viti, dat\u00eb e cila do t\u00eb gjykohet s\u00ebbashku me partner\u00ebt ton\u00eb evropian\u00eb&#8221;, deklaroi kryeministri i Malit t\u00eb Zi, Milo Dukanovi\u00e7.<br \/>\n<img loading=\"lazy\" class=\"alignleft\" style=\"float: left;\" src=\"http:\/\/www.atacg.org\/images\/logo_r3.jpg\" alt=\"club montenegro\" width=\"165\" height=\"140\" \/>I pyetur p\u00ebr njohjen e Kosov\u00ebs, Millo Gjukanovi\u00e7 n\u00eb Bruksel nuk sqaroi se kur do ta njoh\u00eb Mali i Zi vendin m\u00eb t\u00eb ri n\u00eb Ballkan. Sipas tij politika e Podgoric\u00ebs ndaj Prishtin\u00ebs do jet\u00eb mir\u00eb e menduar dhe q\u00eb u p\u00ebrgjigjet interesave komb\u00ebtare malazeze.&#8221;Kur flas p\u00ebr interesin ton\u00eb komb\u00ebtar nuk ka asnj\u00eb dilem\u00eb se strategjia jon\u00eb \u00ebsht\u00eb an\u00ebtar\u00ebsimi n\u00eb BE dhe n\u00eb Nato dhe ne ndjekim dhe ndajm\u00eb vlera thelb\u00ebsore evropiane me partner\u00ebt tan\u00eb. Por ne do t\u00eb ecim me kujdes duke ruajtur suksessh\u00ebm stabilitetin dhe harmonin\u00eb ton\u00eb multietnike si\u00e7 kemi b\u00ebr\u00eb n\u00eb nj\u00eb dekad\u00eb e gjys\u00ebm q\u00eb ka kaluar&#8221;, tha Gjukanoviq<br \/>\nN\u00eb lidhje me ngrirjen e zgjerimit, Komisioneri Evropian p\u00ebr zgjerimin Oli Ren siguroi se megjith\u00eb kriz\u00ebn e krijuar nga rr\u00ebzimi i traktatit t\u00eb Lisbon\u00ebs n\u00eb Irland\u00eb, Bashkimi Evropian ka pasur gjithnj\u00eb aft\u00ebsin\u00eb t\u00eb rim\u00ebk\u00ebmbet pas krizave t\u00eb tilla. Sipas Ren vendet e Ballkanit nuk duhet t\u00eb tremben pasi ai beson se sfida e reform\u00ebs institucionale t\u00eb BE mund t\u00eb arrihet n\u00eb koh\u00ebn e duhur p\u00ebr t\u00eb mos penguar zgjerimet e m\u00ebtejme.<br \/>\n<strong>Autor \/ Ernest Bunguri<br \/>\nALSAT-M<\/strong><\/p>\n","protected":false},"excerpt":{"rendered":"<p><img loading=\"lazy\" class=\"alignleft\" style=\"float: left;\" src=\"http:\/\/www.setimes.com\/cocoon\/setimes\/images\/2006\/01\/09\/ANTONELAphoto.jpg\" alt=\"djukanovic _Olli Rehn\" width=\"140\" height=\"140\" \/><\/p>\n","protected":false},"author":1,"featured_media":0,"comment_status":"open","ping_status":"closed","sticky":false,"template":"","format":"standard","meta":{"spay_email":"","jetpack_publicize_message":"","jetpack_is_tweetstorm":false,"jetpack_publicize_feature_enabled":true},"categories":[1,12],"tags":[2479,3482,4132,2409,95,1753,4128],"jetpack_publicize_connections":[],"yoast_head":"<!-- This site is optimized with the Yoast SEO plugin v19.1 - https:\/\/yoast.com\/wordpress\/plugins\/seo\/ -->\n<title>Politika malazeze ndaj Kosov\u00ebs \u00ebsht\u00eb euro-atlantike - Lajme nga Ulqini<\/title>\n<meta name=\"robots\" content=\"index, follow, max-snippet:-1, max-image-preview:large, max-video-preview:-1\" \/>\n<link rel=\"canonical\" href=\"https:\/\/www.visit-ulcinj.com\/blog\/2008\/06\/25\/politika-malazeze-ndaj-kosoves-eshte-euro-atlantike\/\" \/>\n<meta property=\"og:locale\" content=\"en_US\" \/>\n<meta property=\"og:type\" content=\"article\" \/>\n<meta property=\"og:title\" content=\"Politika malazeze ndaj Kosov\u00ebs \u00ebsht\u00eb euro-atlantike - Lajme nga Ulqini\" \/>\n<meta property=\"og:url\" content=\"https:\/\/www.visit-ulcinj.com\/blog\/2008\/06\/25\/politika-malazeze-ndaj-kosoves-eshte-euro-atlantike\/\" \/>\n<meta property=\"og:site_name\" content=\"Lajme nga Ulqini\" \/>\n<meta property=\"article:published_time\" content=\"2008-06-25T09:19:46+00:00\" \/>\n<meta property=\"og:image\" content=\"http:\/\/www.setimes.com\/cocoon\/setimes\/images\/2006\/01\/09\/ANTONELAphoto.jpg\" \/>\n<meta name=\"twitter:label1\" content=\"Written by\" \/>\n\t<meta name=\"twitter:data1\" content=\"ulqini\" \/>\n\t<meta name=\"twitter:label2\" content=\"Est. reading time\" \/>\n\t<meta name=\"twitter:data2\" content=\"2 minutes\" \/>\n<script type=\"application\/ld+json\" class=\"yoast-schema-graph\">{\"@context\":\"https:\/\/schema.org\",\"@graph\":[{\"@type\":\"WebSite\",\"@id\":\"https:\/\/www.visit-ulcinj.com\/blog\/#website\",\"url\":\"https:\/\/www.visit-ulcinj.com\/blog\/\",\"name\":\"Lajme nga Ulqini\",\"description\":\"Lajme,Vijesti,Ulqini,Ulqin,Crna Gora,Mali i Zi\",\"potentialAction\":[{\"@type\":\"SearchAction\",\"target\":{\"@type\":\"EntryPoint\",\"urlTemplate\":\"https:\/\/www.visit-ulcinj.com\/blog\/?s={search_term_string}\"},\"query-input\":\"required name=search_term_string\"}],\"inLanguage\":\"en-US\"},{\"@type\":\"ImageObject\",\"inLanguage\":\"en-US\",\"@id\":\"https:\/\/www.visit-ulcinj.com\/blog\/2008\/06\/25\/politika-malazeze-ndaj-kosoves-eshte-euro-atlantike\/#primaryimage\",\"url\":\"http:\/\/www.setimes.com\/cocoon\/setimes\/images\/2006\/01\/09\/ANTONELAphoto.jpg\",\"contentUrl\":\"http:\/\/www.setimes.com\/cocoon\/setimes\/images\/2006\/01\/09\/ANTONELAphoto.jpg\"},{\"@type\":\"WebPage\",\"@id\":\"https:\/\/www.visit-ulcinj.com\/blog\/2008\/06\/25\/politika-malazeze-ndaj-kosoves-eshte-euro-atlantike\/#webpage\",\"url\":\"https:\/\/www.visit-ulcinj.com\/blog\/2008\/06\/25\/politika-malazeze-ndaj-kosoves-eshte-euro-atlantike\/\",\"name\":\"Politika malazeze ndaj Kosov\u00ebs \u00ebsht\u00eb euro-atlantike - Lajme nga Ulqini\",\"isPartOf\":{\"@id\":\"https:\/\/www.visit-ulcinj.com\/blog\/#website\"},\"primaryImageOfPage\":{\"@id\":\"https:\/\/www.visit-ulcinj.com\/blog\/2008\/06\/25\/politika-malazeze-ndaj-kosoves-eshte-euro-atlantike\/#primaryimage\"},\"datePublished\":\"2008-06-25T09:19:46+00:00\",\"dateModified\":\"2008-06-25T09:19:46+00:00\",\"author\":{\"@id\":\"https:\/\/www.visit-ulcinj.com\/blog\/#\/schema\/person\/dcab619c614d3038751c63bc2aadc06d\"},\"breadcrumb\":{\"@id\":\"https:\/\/www.visit-ulcinj.com\/blog\/2008\/06\/25\/politika-malazeze-ndaj-kosoves-eshte-euro-atlantike\/#breadcrumb\"},\"inLanguage\":\"en-US\",\"potentialAction\":[{\"@type\":\"ReadAction\",\"target\":[\"https:\/\/www.visit-ulcinj.com\/blog\/2008\/06\/25\/politika-malazeze-ndaj-kosoves-eshte-euro-atlantike\/\"]}]},{\"@type\":\"BreadcrumbList\",\"@id\":\"https:\/\/www.visit-ulcinj.com\/blog\/2008\/06\/25\/politika-malazeze-ndaj-kosoves-eshte-euro-atlantike\/#breadcrumb\",\"itemListElement\":[{\"@type\":\"ListItem\",\"position\":1,\"name\":\"Politika malazeze ndaj Kosov\u00ebs \u00ebsht\u00eb euro-atlantike\"}]},{\"@type\":\"Person\",\"@id\":\"https:\/\/www.visit-ulcinj.com\/blog\/#\/schema\/person\/dcab619c614d3038751c63bc2aadc06d\",\"name\":\"ulqini\",\"sameAs\":[\"http:\/\/www.visit-ulcinj.com\"],\"url\":\"https:\/\/www.visit-ulcinj.com\/blog\/author\/admin\/\"}]}<\/script>\n<!-- \/ Yoast SEO plugin. -->","yoast_head_json":{"title":"Politika malazeze ndaj Kosov\u00ebs \u00ebsht\u00eb euro-atlantike - Lajme nga Ulqini","robots":{"index":"index","follow":"follow","max-snippet":"max-snippet:-1","max-image-preview":"max-image-preview:large","max-video-preview":"max-video-preview:-1"},"canonical":"https:\/\/www.visit-ulcinj.com\/blog\/2008\/06\/25\/politika-malazeze-ndaj-kosoves-eshte-euro-atlantike\/","og_locale":"en_US","og_type":"article","og_title":"Politika malazeze ndaj Kosov\u00ebs \u00ebsht\u00eb euro-atlantike - Lajme nga Ulqini","og_url":"https:\/\/www.visit-ulcinj.com\/blog\/2008\/06\/25\/politika-malazeze-ndaj-kosoves-eshte-euro-atlantike\/","og_site_name":"Lajme nga Ulqini","article_published_time":"2008-06-25T09:19:46+00:00","og_image":[{"url":"http:\/\/www.setimes.com\/cocoon\/setimes\/images\/2006\/01\/09\/ANTONELAphoto.jpg"}],"twitter_misc":{"Written by":"ulqini","Est. reading time":"2 minutes"},"schema":{"@context":"https:\/\/schema.org","@graph":[{"@type":"WebSite","@id":"https:\/\/www.visit-ulcinj.com\/blog\/#website","url":"https:\/\/www.visit-ulcinj.com\/blog\/","name":"Lajme nga Ulqini","description":"Lajme,Vijesti,Ulqini,Ulqin,Crna Gora,Mali i Zi","potentialAction":[{"@type":"SearchAction","target":{"@type":"EntryPoint","urlTemplate":"https:\/\/www.visit-ulcinj.com\/blog\/?s={search_term_string}"},"query-input":"required name=search_term_string"}],"inLanguage":"en-US"},{"@type":"ImageObject","inLanguage":"en-US","@id":"https:\/\/www.visit-ulcinj.com\/blog\/2008\/06\/25\/politika-malazeze-ndaj-kosoves-eshte-euro-atlantike\/#primaryimage","url":"http:\/\/www.setimes.com\/cocoon\/setimes\/images\/2006\/01\/09\/ANTONELAphoto.jpg","contentUrl":"http:\/\/www.setimes.com\/cocoon\/setimes\/images\/2006\/01\/09\/ANTONELAphoto.jpg"},{"@type":"WebPage","@id":"https:\/\/www.visit-ulcinj.com\/blog\/2008\/06\/25\/politika-malazeze-ndaj-kosoves-eshte-euro-atlantike\/#webpage","url":"https:\/\/www.visit-ulcinj.com\/blog\/2008\/06\/25\/politika-malazeze-ndaj-kosoves-eshte-euro-atlantike\/","name":"Politika malazeze ndaj Kosov\u00ebs \u00ebsht\u00eb euro-atlantike - Lajme nga Ulqini","isPartOf":{"@id":"https:\/\/www.visit-ulcinj.com\/blog\/#website"},"primaryImageOfPage":{"@id":"https:\/\/www.visit-ulcinj.com\/blog\/2008\/06\/25\/politika-malazeze-ndaj-kosoves-eshte-euro-atlantike\/#primaryimage"},"datePublished":"2008-06-25T09:19:46+00:00","dateModified":"2008-06-25T09:19:46+00:00","author":{"@id":"https:\/\/www.visit-ulcinj.com\/blog\/#\/schema\/person\/dcab619c614d3038751c63bc2aadc06d"},"breadcrumb":{"@id":"https:\/\/www.visit-ulcinj.com\/blog\/2008\/06\/25\/politika-malazeze-ndaj-kosoves-eshte-euro-atlantike\/#breadcrumb"},"inLanguage":"en-US","potentialAction":[{"@type":"ReadAction","target":["https:\/\/www.visit-ulcinj.com\/blog\/2008\/06\/25\/politika-malazeze-ndaj-kosoves-eshte-euro-atlantike\/"]}]},{"@type":"BreadcrumbList","@id":"https:\/\/www.visit-ulcinj.com\/blog\/2008\/06\/25\/politika-malazeze-ndaj-kosoves-eshte-euro-atlantike\/#breadcrumb","itemListElement":[{"@type":"ListItem","position":1,"name":"Politika malazeze ndaj Kosov\u00ebs \u00ebsht\u00eb euro-atlantike"}]},{"@type":"Person","@id":"https:\/\/www.visit-ulcinj.com\/blog\/#\/schema\/person\/dcab619c614d3038751c63bc2aadc06d","name":"ulqini","sameAs":["http:\/\/www.visit-ulcinj.com"],"url":"https:\/\/www.visit-ulcinj.com\/blog\/author\/admin\/"}]}},"jetpack_featured_media_url":"","jetpack_sharing_enabled":true,"jetpack_shortlink":"https:\/\/wp.me\/pe6lTn-xz","_links":{"self":[{"href":"https:\/\/www.visit-ulcinj.com\/blog\/wp-json\/wp\/v2\/posts\/2081"}],"collection":[{"href":"https:\/\/www.visit-ulcinj.com\/blog\/wp-json\/wp\/v2\/posts"}],"about":[{"href":"https:\/\/www.visit-ulcinj.com\/blog\/wp-json\/wp\/v2\/types\/post"}],"author":[{"embeddable":true,"href":"https:\/\/www.visit-ulcinj.com\/blog\/wp-json\/wp\/v2\/users\/1"}],"replies":[{"embeddable":true,"href":"https:\/\/www.visit-ulcinj.com\/blog\/wp-json\/wp\/v2\/comments?post=2081"}],"version-history":[{"count":0,"href":"https:\/\/www.visit-ulcinj.com\/blog\/wp-json\/wp\/v2\/posts\/2081\/revisions"}],"wp:attachment":[{"href":"https:\/\/www.visit-ulcinj.com\/blog\/wp-json\/wp\/v2\/media?parent=2081"}],"wp:term":[{"taxonomy":"category","embeddable":true,"href":"https:\/\/www.visit-ulcinj.com\/blog\/wp-json\/wp\/v2\/categories?post=2081"},{"taxonomy":"post_tag","embeddable":true,"href":"https:\/\/www.visit-ulcinj.com\/blog\/wp-json\/wp\/v2\/tags?post=2081"}],"curies":[{"name":"wp","href":"https:\/\/api.w.org\/{rel}","templated":true}]}}