{"id":2084,"date":"2008-06-27T08:25:47","date_gmt":"2008-06-27T13:25:47","guid":{"rendered":"http:\/\/www.visit-ulcinj.com\/blog\/?p=2084"},"modified":"2008-06-27T08:25:47","modified_gmt":"2008-06-27T13:25:47","slug":"nje-vrasje-e-dyfishte-trondit-krajen","status":"publish","type":"post","link":"https:\/\/www.visit-ulcinj.com\/blog\/2008\/06\/27\/nje-vrasje-e-dyfishte-trondit-krajen\/","title":{"rendered":"Nj\u00eb vrasje e dyfisht\u00eb trondit Kraj\u00ebn"},"content":{"rendered":"<p><img loading=\"lazy\" class=\"alignleft\" style=\"float: left;\" src=\"http:\/\/www.nezavisne.com\/var\/slike\/slika_tumb2.php?slika=9488&amp;sirinaID=200&amp;visinaID=130\" alt=\"ostros\" width=\"200\" height=\"131\" \/>V\u00ebllez\u00ebrit Musa (44) dhe Shuquri Canoviq (42) jan\u00eb ekzekutuar t\u00eb mart\u00ebn n\u00eb fshatin Runj t\u00eb Kraj\u00ebs.<br \/>\nVrasesi \u00ebsht\u00eb m\u00ebsuesi, Xhevdet Markoviqi (56), i cili nga dy pistoleta ka hapur zjarr, duke i l\u00ebn\u00eb t\u00eb vdekur dy v\u00ebllez\u00ebrit Canoviq.<br \/>\nPas kryerjes s\u00eb krimit m\u00ebsuesi \u00ebsht\u00eb vet\u00ebdor\u00ebzuar n\u00eb stacionin policor duke dor\u00ebzuar dhe arm\u00ebt e krimit.<br \/>\nSi\u00e7 m\u00ebsohet nga burimet e besueshme sherri n\u00eb mes dy familjeve ka filluar p\u00ebr motive prone. Sipas burimeve m\u00ebsuesi m\u00eb her\u00ebt ishte ankuar n\u00eb polici p\u00ebr sjelljet e dy<a title=\"berjashi beqir\" href=\"http:\/\/www.skole.cg.yu\/078\/sluzbe.gif\" target=\"_blank\"><img loading=\"lazy\" class=\"alignright\" style=\"float: right;\" src=\"http:\/\/www.skole.cg.yu\/078\/sluzbe.gif\" alt=\"Beqir Berjashi\" width=\"132\" height=\"93\" \/><\/a> v\u00ebllez\u00ebrve, duke i akuzuar ata se nuk e linin t\u00eb qet\u00eb.<br \/>\nM\u00ebsuesi Xhevdet, si\u00e7 njihet n\u00eb Kraj\u00eb, \u00ebsht\u00eb n\u00eb prag t\u00eb pensionit dhe njihet n\u00eb vend si njeri i ndersh\u00ebm dhe i qet\u00eb.<br \/>\nDrejtori i Shkoll\u00ebs ku punonte m\u00ebsuesi, Beqir Berjasheviq, deklaroi se ngjarja nuk \u00ebsht\u00eb tragjedi vet\u00ebm p\u00ebr familjet por p\u00ebr t\u00eb gjith\u00eb zon\u00ebn.<br \/>\n<img loading=\"lazy\" class=\"alignleft\" style=\"float: left;\" src=\"http:\/\/www.skole.cg.yu\/078\/foto5.gif\" alt=\"foto nga shkolla e krajes\" width=\"260\" height=\"171\" \/> Burimet nga policia deklarojn\u00eb se pik\u00ebrisht t\u00eb mart\u00ebn ishte caktuar seanca gjyq\u00ebsore, ku dhe ka ardhur deri te konflikti i cili ka p\u00ebrfunduar me vrasje.<br \/>\nGjykat\u00ebsi hetues i Gjykat\u00ebs s\u00eb Lart\u00eb n\u00eb Podgoric\u00eb, Mushika Dujoviq ka kryer hetimet n\u00eb vendin e ngjarjes dhe ka v\u00ebrtetuar identitetin e t\u00eb vrar\u00ebve, por nuk ka dashur t\u00eb komentoj\u00eb rastin p\u00ebr arsye t\u00eb hetimeve.<br \/>\n<strong>Autor \/ G\u00ebzim Ibro\u00e7i<br \/>\nBurimi \/ Telegrafi<\/strong><\/p>\n","protected":false},"excerpt":{"rendered":"<p><img loading=\"lazy\" class=\"alignleft\" style=\"float: left;\" src=\"http:\/\/www.nezavisne.com\/var\/slike\/slika_tumb2.php?slika=9488&amp;sirinaID=200&amp;visinaID=130\" alt=\"ostros\" width=\"140\" height=\"140\" \/><\/p>\n","protected":false},"author":1,"featured_media":0,"comment_status":"open","ping_status":"closed","sticky":false,"template":"","format":"standard","meta":{"spay_email":"","jetpack_publicize_message":"","jetpack_is_tweetstorm":false,"jetpack_publicize_feature_enabled":true},"categories":[1,12],"tags":[4145,2158,4149,1653,4147,4146,4148],"jetpack_publicize_connections":[],"yoast_head":"<!-- This site is optimized with the Yoast SEO plugin v19.1 - https:\/\/yoast.com\/wordpress\/plugins\/seo\/ -->\n<title>Nj\u00eb vrasje e dyfisht\u00eb trondit Kraj\u00ebn - Lajme nga Ulqini<\/title>\n<meta name=\"robots\" content=\"index, follow, max-snippet:-1, max-image-preview:large, max-video-preview:-1\" \/>\n<link rel=\"canonical\" href=\"https:\/\/www.visit-ulcinj.com\/blog\/2008\/06\/27\/nje-vrasje-e-dyfishte-trondit-krajen\/\" \/>\n<meta property=\"og:locale\" content=\"en_US\" \/>\n<meta property=\"og:type\" content=\"article\" \/>\n<meta property=\"og:title\" content=\"Nj\u00eb vrasje e dyfisht\u00eb trondit Kraj\u00ebn - Lajme nga Ulqini\" \/>\n<meta property=\"og:url\" content=\"https:\/\/www.visit-ulcinj.com\/blog\/2008\/06\/27\/nje-vrasje-e-dyfishte-trondit-krajen\/\" \/>\n<meta property=\"og:site_name\" content=\"Lajme nga Ulqini\" \/>\n<meta property=\"article:published_time\" content=\"2008-06-27T13:25:47+00:00\" \/>\n<meta property=\"og:image\" content=\"http:\/\/www.nezavisne.com\/var\/slike\/slika_tumb2.php?slika=9488&#038;sirinaID=200&#038;visinaID=130\" \/>\n<meta name=\"twitter:label1\" content=\"Written by\" \/>\n\t<meta name=\"twitter:data1\" content=\"ulqini\" \/>\n\t<meta name=\"twitter:label2\" content=\"Est. reading time\" \/>\n\t<meta name=\"twitter:data2\" content=\"1 minute\" \/>\n<script type=\"application\/ld+json\" class=\"yoast-schema-graph\">{\"@context\":\"https:\/\/schema.org\",\"@graph\":[{\"@type\":\"WebSite\",\"@id\":\"https:\/\/www.visit-ulcinj.com\/blog\/#website\",\"url\":\"https:\/\/www.visit-ulcinj.com\/blog\/\",\"name\":\"Lajme nga Ulqini\",\"description\":\"Lajme,Vijesti,Ulqini,Ulqin,Crna Gora,Mali i Zi\",\"potentialAction\":[{\"@type\":\"SearchAction\",\"target\":{\"@type\":\"EntryPoint\",\"urlTemplate\":\"https:\/\/www.visit-ulcinj.com\/blog\/?s={search_term_string}\"},\"query-input\":\"required name=search_term_string\"}],\"inLanguage\":\"en-US\"},{\"@type\":\"ImageObject\",\"inLanguage\":\"en-US\",\"@id\":\"https:\/\/www.visit-ulcinj.com\/blog\/2008\/06\/27\/nje-vrasje-e-dyfishte-trondit-krajen\/#primaryimage\",\"url\":\"http:\/\/www.nezavisne.com\/var\/slike\/slika_tumb2.php?slika=9488&amp;sirinaID=200&amp;visinaID=130\",\"contentUrl\":\"http:\/\/www.nezavisne.com\/var\/slike\/slika_tumb2.php?slika=9488&amp;sirinaID=200&amp;visinaID=130\"},{\"@type\":\"WebPage\",\"@id\":\"https:\/\/www.visit-ulcinj.com\/blog\/2008\/06\/27\/nje-vrasje-e-dyfishte-trondit-krajen\/#webpage\",\"url\":\"https:\/\/www.visit-ulcinj.com\/blog\/2008\/06\/27\/nje-vrasje-e-dyfishte-trondit-krajen\/\",\"name\":\"Nj\u00eb vrasje e dyfisht\u00eb trondit Kraj\u00ebn - Lajme nga Ulqini\",\"isPartOf\":{\"@id\":\"https:\/\/www.visit-ulcinj.com\/blog\/#website\"},\"primaryImageOfPage\":{\"@id\":\"https:\/\/www.visit-ulcinj.com\/blog\/2008\/06\/27\/nje-vrasje-e-dyfishte-trondit-krajen\/#primaryimage\"},\"datePublished\":\"2008-06-27T13:25:47+00:00\",\"dateModified\":\"2008-06-27T13:25:47+00:00\",\"author\":{\"@id\":\"https:\/\/www.visit-ulcinj.com\/blog\/#\/schema\/person\/dcab619c614d3038751c63bc2aadc06d\"},\"breadcrumb\":{\"@id\":\"https:\/\/www.visit-ulcinj.com\/blog\/2008\/06\/27\/nje-vrasje-e-dyfishte-trondit-krajen\/#breadcrumb\"},\"inLanguage\":\"en-US\",\"potentialAction\":[{\"@type\":\"ReadAction\",\"target\":[\"https:\/\/www.visit-ulcinj.com\/blog\/2008\/06\/27\/nje-vrasje-e-dyfishte-trondit-krajen\/\"]}]},{\"@type\":\"BreadcrumbList\",\"@id\":\"https:\/\/www.visit-ulcinj.com\/blog\/2008\/06\/27\/nje-vrasje-e-dyfishte-trondit-krajen\/#breadcrumb\",\"itemListElement\":[{\"@type\":\"ListItem\",\"position\":1,\"name\":\"Nj\u00eb vrasje e dyfisht\u00eb trondit Kraj\u00ebn\"}]},{\"@type\":\"Person\",\"@id\":\"https:\/\/www.visit-ulcinj.com\/blog\/#\/schema\/person\/dcab619c614d3038751c63bc2aadc06d\",\"name\":\"ulqini\",\"sameAs\":[\"http:\/\/www.visit-ulcinj.com\"],\"url\":\"https:\/\/www.visit-ulcinj.com\/blog\/author\/admin\/\"}]}<\/script>\n<!-- \/ Yoast SEO plugin. -->","yoast_head_json":{"title":"Nj\u00eb vrasje e dyfisht\u00eb trondit Kraj\u00ebn - Lajme nga Ulqini","robots":{"index":"index","follow":"follow","max-snippet":"max-snippet:-1","max-image-preview":"max-image-preview:large","max-video-preview":"max-video-preview:-1"},"canonical":"https:\/\/www.visit-ulcinj.com\/blog\/2008\/06\/27\/nje-vrasje-e-dyfishte-trondit-krajen\/","og_locale":"en_US","og_type":"article","og_title":"Nj\u00eb vrasje e dyfisht\u00eb trondit Kraj\u00ebn - Lajme nga Ulqini","og_url":"https:\/\/www.visit-ulcinj.com\/blog\/2008\/06\/27\/nje-vrasje-e-dyfishte-trondit-krajen\/","og_site_name":"Lajme nga Ulqini","article_published_time":"2008-06-27T13:25:47+00:00","og_image":[{"url":"http:\/\/www.nezavisne.com\/var\/slike\/slika_tumb2.php?slika=9488&amp;sirinaID=200&amp;visinaID=130"}],"twitter_misc":{"Written by":"ulqini","Est. reading time":"1 minute"},"schema":{"@context":"https:\/\/schema.org","@graph":[{"@type":"WebSite","@id":"https:\/\/www.visit-ulcinj.com\/blog\/#website","url":"https:\/\/www.visit-ulcinj.com\/blog\/","name":"Lajme nga Ulqini","description":"Lajme,Vijesti,Ulqini,Ulqin,Crna Gora,Mali i Zi","potentialAction":[{"@type":"SearchAction","target":{"@type":"EntryPoint","urlTemplate":"https:\/\/www.visit-ulcinj.com\/blog\/?s={search_term_string}"},"query-input":"required name=search_term_string"}],"inLanguage":"en-US"},{"@type":"ImageObject","inLanguage":"en-US","@id":"https:\/\/www.visit-ulcinj.com\/blog\/2008\/06\/27\/nje-vrasje-e-dyfishte-trondit-krajen\/#primaryimage","url":"http:\/\/www.nezavisne.com\/var\/slike\/slika_tumb2.php?slika=9488&amp;sirinaID=200&amp;visinaID=130","contentUrl":"http:\/\/www.nezavisne.com\/var\/slike\/slika_tumb2.php?slika=9488&amp;sirinaID=200&amp;visinaID=130"},{"@type":"WebPage","@id":"https:\/\/www.visit-ulcinj.com\/blog\/2008\/06\/27\/nje-vrasje-e-dyfishte-trondit-krajen\/#webpage","url":"https:\/\/www.visit-ulcinj.com\/blog\/2008\/06\/27\/nje-vrasje-e-dyfishte-trondit-krajen\/","name":"Nj\u00eb vrasje e dyfisht\u00eb trondit Kraj\u00ebn - Lajme nga Ulqini","isPartOf":{"@id":"https:\/\/www.visit-ulcinj.com\/blog\/#website"},"primaryImageOfPage":{"@id":"https:\/\/www.visit-ulcinj.com\/blog\/2008\/06\/27\/nje-vrasje-e-dyfishte-trondit-krajen\/#primaryimage"},"datePublished":"2008-06-27T13:25:47+00:00","dateModified":"2008-06-27T13:25:47+00:00","author":{"@id":"https:\/\/www.visit-ulcinj.com\/blog\/#\/schema\/person\/dcab619c614d3038751c63bc2aadc06d"},"breadcrumb":{"@id":"https:\/\/www.visit-ulcinj.com\/blog\/2008\/06\/27\/nje-vrasje-e-dyfishte-trondit-krajen\/#breadcrumb"},"inLanguage":"en-US","potentialAction":[{"@type":"ReadAction","target":["https:\/\/www.visit-ulcinj.com\/blog\/2008\/06\/27\/nje-vrasje-e-dyfishte-trondit-krajen\/"]}]},{"@type":"BreadcrumbList","@id":"https:\/\/www.visit-ulcinj.com\/blog\/2008\/06\/27\/nje-vrasje-e-dyfishte-trondit-krajen\/#breadcrumb","itemListElement":[{"@type":"ListItem","position":1,"name":"Nj\u00eb vrasje e dyfisht\u00eb trondit Kraj\u00ebn"}]},{"@type":"Person","@id":"https:\/\/www.visit-ulcinj.com\/blog\/#\/schema\/person\/dcab619c614d3038751c63bc2aadc06d","name":"ulqini","sameAs":["http:\/\/www.visit-ulcinj.com"],"url":"https:\/\/www.visit-ulcinj.com\/blog\/author\/admin\/"}]}},"jetpack_featured_media_url":"","jetpack_sharing_enabled":true,"jetpack_shortlink":"https:\/\/wp.me\/pe6lTn-xC","_links":{"self":[{"href":"https:\/\/www.visit-ulcinj.com\/blog\/wp-json\/wp\/v2\/posts\/2084"}],"collection":[{"href":"https:\/\/www.visit-ulcinj.com\/blog\/wp-json\/wp\/v2\/posts"}],"about":[{"href":"https:\/\/www.visit-ulcinj.com\/blog\/wp-json\/wp\/v2\/types\/post"}],"author":[{"embeddable":true,"href":"https:\/\/www.visit-ulcinj.com\/blog\/wp-json\/wp\/v2\/users\/1"}],"replies":[{"embeddable":true,"href":"https:\/\/www.visit-ulcinj.com\/blog\/wp-json\/wp\/v2\/comments?post=2084"}],"version-history":[{"count":0,"href":"https:\/\/www.visit-ulcinj.com\/blog\/wp-json\/wp\/v2\/posts\/2084\/revisions"}],"wp:attachment":[{"href":"https:\/\/www.visit-ulcinj.com\/blog\/wp-json\/wp\/v2\/media?parent=2084"}],"wp:term":[{"taxonomy":"category","embeddable":true,"href":"https:\/\/www.visit-ulcinj.com\/blog\/wp-json\/wp\/v2\/categories?post=2084"},{"taxonomy":"post_tag","embeddable":true,"href":"https:\/\/www.visit-ulcinj.com\/blog\/wp-json\/wp\/v2\/tags?post=2084"}],"curies":[{"name":"wp","href":"https:\/\/api.w.org\/{rel}","templated":true}]}}