{"id":20868,"date":"2009-05-11T16:48:21","date_gmt":"2009-05-11T14:48:21","guid":{"rendered":"http:\/\/www.visit-ulcinj.com\/blog\/?p=20868"},"modified":"2009-05-13T20:38:24","modified_gmt":"2009-05-13T18:38:24","slug":"canka-ulqini-si-las-vegasi","status":"publish","type":"post","link":"https:\/\/www.visit-ulcinj.com\/blog\/2009\/05\/11\/canka-ulqini-si-las-vegasi\/","title":{"rendered":"Canka: Ulqini si Las Vegasi!?"},"content":{"rendered":"<p><a href=\"http:\/\/www.visit-ulcinj.com\/blog\/wp-content\/uploads\/2009\/05\/monitoring-group-mogul_ulcinj_ulqin_montenegro8.jpg\"><img loading=\"lazy\" class=\"alignleft size-full wp-image-20869\" title=\"monitoring-group-mogul_ulcinj_ulqin_montenegro8\" src=\"http:\/\/www.visit-ulcinj.com\/blog\/wp-content\/uploads\/2009\/05\/monitoring-group-mogul_ulcinj_ulqin_montenegro8.jpg\" alt=\"monitoring-group-mogul_ulcinj_ulqin_montenegro8\" width=\"580\" height=\"341\" \/><\/a>Aleks de Tokvill para 170 vitesh, n\u00eb librin e vet monumental \u201cMbi demokracin\u00eb n\u00eb Amerik\u00eb\u201d shkroi se n\u00eb komun\u00eb mb\u00ebshtetet fuqia e popujve t\u00eb lir\u00eb. Institucionet e komun\u00ebs jan\u00eb p\u00ebr lirin\u00eb ajo q\u00eb jan\u00eb shkollat fillore p\u00ebr shkenc\u00ebn, ato lirin\u00eb ia b\u00ebjn\u00eb t\u00eb arritshme popullit. Pa institucione komunale, tha Tokvill, nj\u00eb komb, mund t\u2019i krijoj\u00eb vetvetes pushtet t\u00eb lir\u00eb, por nuk mund t\u00eb ket\u00eb shpirt liridash\u00ebs.<\/p>\n<p>Duket se n\u00eb Ulqin dal\u00ebngadal\u00eb po arrihet konsensusi: duhet t\u00eb anulohet tenderi p\u00ebr Valdanosin. Sepse, firma britanike \u201cCubus Lux\u201d, e cila \u00ebsht\u00eb ftuar n\u00eb negociata p\u00ebr rentimin 30-vje\u00e7ar t\u00eb k\u00ebtij gjiri t\u00eb pap\u00ebrs\u00ebritsh\u00ebm \u00ebsht\u00eb nj\u00eb kompani e vog\u00ebl dhe nuk mund t\u2019i plot\u00ebsoj\u00eb kushtet q\u00eb ka cekur n\u00eb ofert\u00eb.<\/p>\n<p>\u201cMos lejoni q\u00eb Ulqinit t\u00eb b\u00ebhet Las Vegas!\u201d, i tha n\u00ebnshkruesit t\u00eb k\u00ebtyre rreshtave nj\u00eb tet\u00ebdhjet\u00eb vje\u00e7ar nga Kotorri. E ky zot\u00ebri, q\u00eb ka lundruar anek\u00ebnd bot\u00ebs, e di fare mir\u00eb se kompania \u201cCubus Lux\u201d menaxhon tre kazino n\u00eb bregun adriatik: \u201cLas Vegas Casino\u201d n\u00eb hotelin \u201cHistria\u201d n\u00eb Pula dhe kazinot\u00eb n\u00eb hotelet \u201cBelvedere\u201d dhe \u201cNarcis\u201d n\u00eb Rabac. Vitin e kaluar, pasuria e k\u00ebsaj kompanie e cila kryesisht ushtron veprimtarin\u00eb n\u00eb Kroaci, \u00e7mohet n\u00eb 45 milion\u00eb euro. N\u00eb vitin 2002 ajo n\u00eb Pula \u00ebsht\u00eb regjistruar si \u201cNd\u00ebrmarrje p\u00ebr organizimin e lojrave t\u00eb fatit, bixhozit dhe bastit\u201d. P\u00ebrfaq\u00ebsuesit e \u201cMogul-it\u201d, (grupi Monitoring i Ulqinit) konsiderojn\u00eb se \u201cCubus Lux\u201d nuk i plot\u00ebson kushtet e tenderit. \u201cKjo kompani nuk \u00ebsht\u00eb operater nd\u00ebrkomb\u00ebtar i hoteleve dhe brend q\u00eb \u00ebsht\u00eb i shquar dhe i njohur nd\u00ebrkomb\u00ebtarisht dhe nuk ka p\u00ebrvoj\u00eb t\u00eb mjaftueshme n\u00eb planifikimin, zhvillimin dhe menaxhimin e hoteleve t\u00eb cil\u00ebt sipas standardit nd\u00ebrkomb\u00ebtar jan\u00eb t\u00eb nivelit kat\u00ebr plus yje e m\u00eb shum\u00eb, pohon bashk\u00ebrenduesi i k\u00ebtij grupi t\u00eb organizatave joqeveritare t\u00eb Ulqinit Xhemal Peroviq.<\/p>\n<p>Ai thot\u00eb se n\u00eb shembullin e Valdanosit, si dhe n\u00eb nj\u00eb s\u00ebr\u00eb rastesh n\u00eb procesin e privatizimit n\u00eb Komun\u00ebn e Ulqinit, n\u00eb realitet kemi t\u00eb b\u00ebjm\u00eb me uzurpimin e lokalitetit me q\u00ebllim t\u00eb st\u00ebrshitjes eventuale. Dhe v\u00ebrtet\u00eb: p\u00ebrpos p\u00ebrs\u00ebritjes s\u00eb dokrrave mbi investimet e m\u00ebdha dhe zhvillimin, askush nga zyrtar\u00ebt malazez\u00eb dhe lokal\u00eb ende nuk e ka th\u00ebn\u00eb qart\u00eb se \u00e7far\u00eb dobie do t\u00eb realizoj\u00eb qytetar\u00ebt e Ulqinit dhe Komuna e tyre n\u00eb rast se Valdanosi, Plazhi i Madh dhe Ada, respektivisht 80% e plazheve t\u00eb tyre t\u00eb jen\u00eb n\u00ebn kontrollin prej disa dekadash t\u00eb rentuesve.<\/p>\n<p>Tubimi i paradokohsh\u00ebm n\u00eb organizimin e K\u00ebshillit p\u00ebr Rikthimin e Ullishtave n\u00eb Valdanos tregoi se n\u00eb Ulqin \u00ebsht\u00eb krijuar masa kritike e energjis\u00eb dhe se \u00e7dokush duhet ta kryej\u00eb pjes\u00ebn e vet t\u00eb pun\u00ebs n\u00eb m\u00ebnyr\u00eb q\u00eb t\u00eb pakt\u00ebn ky lokalitet t\u00eb ruhet si pasuri publike dhe private.<\/p>\n<p>Nj\u00eb p\u00ebrgjegj\u00ebsi e madhe n\u00eb radh\u00eb t\u00eb par\u00eb bie mbi an\u00ebtar\u00ebt e K\u00ebshillit: ata kurr\u00ebsesi nuk guxojn\u00eb t\u00eb heqin dor\u00eb nga asnj\u00eb k\u00ebrkes\u00eb q\u00eb kan\u00eb paraqitur ata vet\u00eb. E kjo do t\u00eb thot\u00eb: toka e shpron\u00ebsuar n\u00eb Valdanos duhet t\u2019u kthehet ish-pronar\u00ebve. Deri n\u00eb ullirin e fundit! Ai q\u00eb do t\u00eb tentoj\u00eb t\u00eb b\u00ebj\u00eb pazarll\u00ebk me k\u00ebt\u00eb parim, do t\u00eb njolloset nga njer\u00ebzit dhe nga historia.<\/p>\n<p>Syt\u00eb e publikut jan\u00eb drejtuar edhe nga prefekti, i cili nj\u00ebherazi \u00ebsht\u00eb edhe an\u00ebtar i Komisionit t\u00eb tenderimit, por edhe nga Parlamenti komunal ku do t\u00eb duhej t\u00eb hapej debati i gjer\u00eb lidhur me k\u00ebta tender.<\/p>\n<p>\u00cbsht\u00eb thjesht e pakuptueshme q\u00eb kjo nuk \u00ebsht\u00eb b\u00ebr\u00eb ende! N\u00ebse dihet historiku i qytetit, at\u00ebher\u00eb mund t\u00eb nxirret konkluzion se ai ka p\u00ebrjetuar prosperitet vet\u00ebm at\u00ebher\u00eb kur ka g\u00ebzuar vet\u00ebqeverisjen lokale. N\u00eb k\u00ebt\u00eb \u00e7\u00ebshtje ky\u00e7e, kur vendoset p\u00ebr hap\u00ebsir\u00ebn, ajo fitohet ose humbet!<\/p>\n<p>Aleks de Tokvill para 170 vitesh, n\u00eb librin e vet monumental \u201cMbi demokracin\u00eb n\u00eb Amerik\u00eb\u201d shkroi se n\u00eb komun\u00eb mb\u00ebshtetet fuqia e popujve t\u00eb lir\u00eb. Institucionet e komun\u00ebs jan\u00eb p\u00ebr lirin\u00eb ajo q\u00eb jan\u00eb shkollat fillore p\u00ebr shkenc\u00ebn, ato lirin\u00eb ia b\u00ebjn\u00eb t\u00eb arritshme popullit. Pa institucione komunale, tha Tokvill, nj\u00eb komb, mund t\u2019i krijoj\u00eb vetvetes pushtet t\u00eb lir\u00eb, por nuk mund t\u00eb ket\u00eb shpirt liridash\u00ebs.<\/p>\n<p>Pra, qyteti \u00ebsht\u00eb vend i rehatsh\u00ebm i jetes\u00ebs vet\u00ebm n\u00ebse zhvillon frym\u00ebn liridash\u00ebse dhe p\u00ebrkujdesjen p\u00ebr njer\u00ebzit. Kurse ulliri, kjo pem\u00eb e bekuar e mrrekullueshme, \u00ebsht\u00eb gjithashtu pjes\u00eb e jona. S\u00eb k\u00ebndejmi, pjes\u00ebn e vet t\u00eb pun\u00ebs duhet ta kryejn\u00eb edhe organizatat ekologjike. Ato tani duhet ta d\u00ebshmojn\u00eb dometh\u00ebnien e ekzistimit t\u00eb vet. Krahas k\u00ebsaj, ato duhet t\u00eb sugjerojn\u00eb edhe p\u00ebr r\u00ebnd\u00ebsin\u00eb e zhvillimit t\u00eb q\u00ebndruesh\u00ebm n\u00eb Plazhin e Madh dhe n\u00eb Ad\u00eb. N\u00eb k\u00ebt\u00eb aspekt ato do t\u00eb ken\u00eb mb\u00ebshtetjen e organizatave nd\u00ebrkomb\u00ebtare, e t\u00eb mos flasim p\u00ebr kushtetut\u00ebn dhe ligjet e k\u00ebtij vendi.<\/p>\n<p>P\u00ebrndryshe, q\u00eb t\u00eb gjitha k\u00ebto jan\u00eb sh\u00ebnuar n\u00eb m\u00ebnyr\u00eb t\u00eb mrrekullueshme dhe t\u00eb holl\u00ebsishme edhe n\u00eb projektin e Bank\u00ebs Bot\u00ebrore mbi domosdoshm\u00ebrin\u00eb e zhvillimit t\u00eb turizmit t\u00eb qendruesh\u00ebm n\u00eb Plazhin e Madh.<\/p>\n<p><strong>Mustafa Canka<\/strong><\/p>\n<p><strong>Koha Javore<\/strong><\/p>\n<p><strong>\n\t\t<style type=\"text\/css\">\n\t\t\t#gallery-1 {\n\t\t\t\tmargin: auto;\n\t\t\t}\n\t\t\t#gallery-1 .gallery-item {\n\t\t\t\tfloat: left;\n\t\t\t\tmargin-top: 10px;\n\t\t\t\ttext-align: center;\n\t\t\t\twidth: 33%;\n\t\t\t}\n\t\t\t#gallery-1 img {\n\t\t\t\tborder: 2px solid #cfcfcf;\n\t\t\t}\n\t\t\t#gallery-1 .gallery-caption {\n\t\t\t\tmargin-left: 0;\n\t\t\t}\n\t\t\t\/* see gallery_shortcode() in wp-includes\/media.php *\/\n\t\t<\/style>\n\t\t<div id='gallery-1' class='gallery galleryid-20868 gallery-columns-3 gallery-size-thumbnail'><dl class='gallery-item'>\n\t\t\t<dt class='gallery-icon landscape'>\n\t\t\t\t<a href='https:\/\/www.visit-ulcinj.com\/blog\/2009\/05\/11\/canka-ulqini-si-las-vegasi\/monitoring-group-mogul_ulcinj_ulqin_montenegro8\/'><img width=\"150\" height=\"150\" src=\"https:\/\/www.visit-ulcinj.com\/blog\/wp-content\/uploads\/2009\/05\/monitoring-group-mogul_ulcinj_ulqin_montenegro8-150x150.jpg\" class=\"attachment-thumbnail size-thumbnail\" alt=\"\" loading=\"lazy\" \/><\/a>\n\t\t\t<\/dt><\/dl><dl class='gallery-item'>\n\t\t\t<dt class='gallery-icon portrait'>\n\t\t\t\t<a href='https:\/\/www.visit-ulcinj.com\/blog\/2009\/05\/11\/canka-ulqini-si-las-vegasi\/monitoring-group-mogul-_ulcinj-_ulqin_montenegro7\/'><img width=\"143\" height=\"150\" src=\"https:\/\/www.visit-ulcinj.com\/blog\/wp-content\/uploads\/2009\/05\/monitoring-group-mogul-_ulcinj-_ulqin_montenegro7-143x150.jpg\" class=\"attachment-thumbnail size-thumbnail\" alt=\"\" loading=\"lazy\" \/><\/a>\n\t\t\t<\/dt><\/dl><dl class='gallery-item'>\n\t\t\t<dt class='gallery-icon landscape'>\n\t\t\t\t<a href='https:\/\/www.visit-ulcinj.com\/blog\/2009\/05\/11\/canka-ulqini-si-las-vegasi\/monitoring-group-mogul-_ulcinj-_ulqin_montenegro\/'><img width=\"150\" height=\"150\" src=\"https:\/\/www.visit-ulcinj.com\/blog\/wp-content\/uploads\/2009\/05\/monitoring-group-mogul-_ulcinj-_ulqin_montenegro-150x150.jpg\" class=\"attachment-thumbnail size-thumbnail\" alt=\"\" loading=\"lazy\" \/><\/a>\n\t\t\t<\/dt><\/dl><br style=\"clear: both\" \/><dl class='gallery-item'>\n\t\t\t<dt class='gallery-icon landscape'>\n\t\t\t\t<a href='https:\/\/www.visit-ulcinj.com\/blog\/2009\/05\/11\/canka-ulqini-si-las-vegasi\/mustafa-canka_xhemal-perovic_nvo-mogul\/'><img width=\"150\" height=\"150\" src=\"https:\/\/www.visit-ulcinj.com\/blog\/wp-content\/uploads\/2009\/05\/mustafa-canka_xhemal-perovic_nvo-mogul-150x150.jpg\" class=\"attachment-thumbnail size-thumbnail\" alt=\"\" loading=\"lazy\" \/><\/a>\n\t\t\t<\/dt><\/dl><dl class='gallery-item'>\n\t\t\t<dt class='gallery-icon landscape'>\n\t\t\t\t<a href='https:\/\/www.visit-ulcinj.com\/blog\/2009\/05\/11\/canka-ulqini-si-las-vegasi\/nvo_mogul_ulcinj_crna-gora\/'><img width=\"150\" height=\"150\" src=\"https:\/\/www.visit-ulcinj.com\/blog\/wp-content\/uploads\/2009\/05\/nvo_mogul_ulcinj_crna-gora-150x150.jpg\" class=\"attachment-thumbnail size-thumbnail\" alt=\"\" loading=\"lazy\" \/><\/a>\n\t\t\t<\/dt><\/dl><dl class='gallery-item'>\n\t\t\t<dt class='gallery-icon landscape'>\n\t\t\t\t<a href='https:\/\/www.visit-ulcinj.com\/blog\/2009\/05\/11\/canka-ulqini-si-las-vegasi\/monitoring-group-mogul-_ulcinj-_ulqin_montenegro1\/'><img width=\"150\" height=\"150\" src=\"https:\/\/www.visit-ulcinj.com\/blog\/wp-content\/uploads\/2009\/05\/monitoring-group-mogul-_ulcinj-_ulqin_montenegro1-150x150.jpg\" class=\"attachment-thumbnail size-thumbnail\" alt=\"\" loading=\"lazy\" \/><\/a>\n\t\t\t<\/dt><\/dl><br style=\"clear: both\" \/><dl class='gallery-item'>\n\t\t\t<dt class='gallery-icon landscape'>\n\t\t\t\t<a href='https:\/\/www.visit-ulcinj.com\/blog\/2009\/05\/11\/canka-ulqini-si-las-vegasi\/monitoring-group-mogul-_ulcinj-_ulqin_montenegro2\/'><img width=\"150\" height=\"150\" src=\"https:\/\/www.visit-ulcinj.com\/blog\/wp-content\/uploads\/2009\/05\/monitoring-group-mogul-_ulcinj-_ulqin_montenegro2-150x150.jpg\" class=\"attachment-thumbnail size-thumbnail\" alt=\"\" loading=\"lazy\" \/><\/a>\n\t\t\t<\/dt><\/dl><dl class='gallery-item'>\n\t\t\t<dt class='gallery-icon landscape'>\n\t\t\t\t<a href='https:\/\/www.visit-ulcinj.com\/blog\/2009\/05\/11\/canka-ulqini-si-las-vegasi\/monitoring-group-mogul-_ulcinj-_ulqin_montenegro3\/'><img width=\"150\" height=\"150\" src=\"https:\/\/www.visit-ulcinj.com\/blog\/wp-content\/uploads\/2009\/05\/monitoring-group-mogul-_ulcinj-_ulqin_montenegro3-150x150.jpg\" class=\"attachment-thumbnail size-thumbnail\" alt=\"\" loading=\"lazy\" \/><\/a>\n\t\t\t<\/dt><\/dl><dl class='gallery-item'>\n\t\t\t<dt class='gallery-icon landscape'>\n\t\t\t\t<a href='https:\/\/www.visit-ulcinj.com\/blog\/2009\/05\/11\/canka-ulqini-si-las-vegasi\/monitoring-group-mogul-_ulcinj-_ulqin_montenegro4\/'><img width=\"150\" height=\"150\" src=\"https:\/\/www.visit-ulcinj.com\/blog\/wp-content\/uploads\/2009\/05\/monitoring-group-mogul-_ulcinj-_ulqin_montenegro4-150x150.jpg\" class=\"attachment-thumbnail size-thumbnail\" alt=\"\" loading=\"lazy\" \/><\/a>\n\t\t\t<\/dt><\/dl><br style=\"clear: both\" \/><dl class='gallery-item'>\n\t\t\t<dt class='gallery-icon landscape'>\n\t\t\t\t<a href='https:\/\/www.visit-ulcinj.com\/blog\/2009\/05\/11\/canka-ulqini-si-las-vegasi\/monitoring-group-mogul-_ulcinj-_ulqin_montenegro5\/'><img width=\"150\" height=\"150\" src=\"https:\/\/www.visit-ulcinj.com\/blog\/wp-content\/uploads\/2009\/05\/monitoring-group-mogul-_ulcinj-_ulqin_montenegro5-150x150.jpg\" class=\"attachment-thumbnail size-thumbnail\" alt=\"\" loading=\"lazy\" \/><\/a>\n\t\t\t<\/dt><\/dl><dl class='gallery-item'>\n\t\t\t<dt class='gallery-icon landscape'>\n\t\t\t\t<a href='https:\/\/www.visit-ulcinj.com\/blog\/2009\/05\/11\/canka-ulqini-si-las-vegasi\/monitoring-group-mogul-_ulcinj-_ulqin_montenegro6\/'><img width=\"150\" height=\"150\" src=\"https:\/\/www.visit-ulcinj.com\/blog\/wp-content\/uploads\/2009\/05\/monitoring-group-mogul-_ulcinj-_ulqin_montenegro6-150x150.jpg\" class=\"attachment-thumbnail size-thumbnail\" alt=\"\" loading=\"lazy\" \/><\/a>\n\t\t\t<\/dt><\/dl><dl class='gallery-item'>\n\t\t\t<dt class='gallery-icon landscape'>\n\t\t\t\t<a href='https:\/\/www.visit-ulcinj.com\/blog\/2009\/05\/11\/canka-ulqini-si-las-vegasi\/valdanos_ulcinj_ulqin-montenegro\/'><img width=\"150\" height=\"150\" src=\"https:\/\/www.visit-ulcinj.com\/blog\/wp-content\/uploads\/2009\/05\/valdanos_ulcinj_ulqin-montenegro-150x150.jpg\" class=\"attachment-thumbnail size-thumbnail\" alt=\"\" loading=\"lazy\" \/><\/a>\n\t\t\t<\/dt><\/dl><br style=\"clear: both\" \/>\n\t\t<\/div>\n<\/p>\n<p><\/strong><\/p>\n<p><strong><!--YouTube Error: bad URL entered--><\/strong><\/p>\n<p style=\"text-align: center;\"><a class=\"aligncenter\" title=\"???? ????,?????,Ulcinj,Montenegru,??????????,?ernoqoriya,Besplatni internet oglasi,Besplatni oglasi,besplatni mali oglasi,besplatni turisti\u00e8ki oglasi,oglasi, usluge, turizam,Turisti\u00e8ke usluge,Doma?i turizam,Besplatni Oglasnik,Brzi Oglasi Besplatno,Besplatno OglasavanjeTurizam,besplatni oglasi sa slikom,Turisticki informator besplatni,li\u00e8ni-oglasi,BESPLATNI Turisticki OGLASI SA SLIKAMA,BESPLATNI Turisticki Oglasi saVideom,turisticki smestaj oglasi,Turisti\u00e8ki vodi\u00e8 balkana,BESPLATNA REZERVACIJA SMESTAJA,Postavite besplatno Vas oglas,FREE TOURIST GUIDES,Izdavanje-Turizam oglasi,Balkan Turisticki vodic,shpallje turistike falas,Shpallje Falas,Shpallje falas per Komplekse Turistike,Lajmerime,Njoftime,shpallje shqip per shqiptaret ne shqiperi kosova maqedoni,mal te zi,???????????,Montenegiro,?ern? Hora,??????????,Cz\u00f4rnog?ra,Cz\u00f4rn\u00f4 G?ra,Carna G?ra,T?ernogooria,?ernogoriya,Montain\u00e9agr?,Montenegwo,?orna Hora,Montenegr?,M?ntenigro,Chernogoriya ,\u00c7\u00earnogor\u00ee ,?????????,????????? ,??????? ,Montes Nigrae,Mons Niger,M\u00f4ntenegr\u00f4,Muntenegru,??????????,Czarnog?ra,Muntinigru,Muntenegro,&lt;br &gt;&lt;\/a&gt; Muntenegru,\t?ierna Hora,Cxerngora,????????,?rna gora,Moontineegro,?ornog\u00f9ra,?ernogori?a,Chernogoriya,Mont\u00f5negro,????? ???? ,?r?na Gora,?r?nogorije,?ernogorija,?arnahoryja,??????????,???????????????????? ,?ern\u00f4g\u00f4riy\u00e2,M\u00fbnt\u00een\u00ee?r\u00fb,????? ?????? ,????????,??????????,???????????,M\u00e2nten\u00eegro,???? ????? ,????????,M\u00f4ntenegr\u00f4,????????????,???????????,????????????, ??????????? ,????????????,??????????? ,\u008d\u2022?R\/?K?R ,\u0192\u201a\u0192\u201c\u0192e\u0192l\u0192O\u0192\u008d,\u00b8???\u00b3?\u00b1?\u2022? ,Muntenegru, ????? ????, Montenegr?,chambres ? louer ? ulcinj, location de vacance, location saisonni?res, louer villa,location de vacance, Locations vacance, h?bergements vacances, locations villa, logements de vacances, location maison avec piscine, Location vacance, locations de vacance, h?bergements de vacances, location villa, locations entre particulier, logements vacance, vacances ? Mont?n?gro - location ? Ulcinj ,location  de bigorre,Urlaub in Ulcinj -Montenegro,Hotelbewertungen Ulcinj,Reisen Ulcinj, Urlaub Ulcinj,Hotel in Serbien und Montenegro von Urlaubern bewertet,Billig Urlaub in Ulcinj,ferienh?user,ferienwohnung,Billige Ferienh?user,Ferienwohnung ULCINJ,Ferien an der Adria,Urlaub im Ferienhaus ulcinjBilligreisen Ulcinj,Pauschalreisen,FKK Strand Ada Bojana ulcinj,Last Minute Angebote ulcinj,Preise f?r Lastminute,Kleinanzeigen gratis,Ausflug nach Ulcinj,FKK-Reisen ada bojana,FKK-Urlaub ulcinj,Privatni smje?taj,rezervacija smje?taja,apartmani,sobe,ku?e,odmor,sobe za odmor ulcinj,Pretra?ivanje privatnog smje?taja,rooms rent accommodation ulcinj, rentail private accommodation ulcinj,?elite rezervirati privatni smje?taj,Private accommodation,Smje?taj ulcinj,Pushime Verore ulqin,pushime t? lira n? ulqin,Pushime ne plazh,Pushime te kendshme,dhoma per pushime ulqin,dhoma me qera ulqin,dhoma te lira ulqin,pushime te lira ulqin,mali i zi,kosova,maqedoni,shqiperi,Pushime ne det te ulqinit,godi?nji odmor u ulcinj,odmor u ulcinj,Ku?a za odmor,kuda na odmor,ljetovanje u ulcinj,slobodne sobe,dhoma te lira,ku?a uz more,turisti?ka ponuda,odmor i zabava,povolne cene,sobe,usluge,Mjesto za Va? odmor , Place for Your holiday,Odmor portal,putovanaja,Iznajmljivanje soba ulcinj,odmor ulcinj info,Va?e mjesto za odmor ulcinj,nudisticka plaza ada bojana,smjestaj ponuda ulcinj,lokacioni i dhomave ulqin,deti,plazhet e bukura,diskoteka,zbavitja,.\" href=\"http:\/\/www.visit-ulcinj.com\/tourism\/\" target=\"_blank\"><img loading=\"lazy\" class=\"aligncenter\" title=\"SHPALLJE TURISTIKE FALAS,FREE TOURIST GUIDES,BESPLATNI TURISTI?KI OGLASI,balkan holiday rentals,ALBANIJA,ALBANIA,SHQIPERIJA,CRNA GORA,HRVATSKA,KROACIA,SLOVENIJA,MAKEDONIJA,MAKEDONIA,SRBIJA,MONTENEGRO,MALI I ZI,\" src=\"http:\/\/www.visit-ulcinj.com\/blog\/wp-content\/uploads\/2008\/09\/balkanholidayrentals.gif\" alt=\"Apatin,  Aran?elovac,  ?uprija,  ?a?ak,  ?apljina,  ?itluk,  ?abac,  ?ipovo,  ?iroki Brijeg,  ?ep?e,  ?ivinice,  Ba?ka Palanka,  Banja Luka,  Banovi?i,  Be?ej,  beograd,  Biha?,  Bijeljina,  Bor,  Bor?a,  Bosanska Gradi?ka,  Bosanska Krupa,  Bosanski ?amac,  Bosanski Brod,  Bosanski Novi,  Br?ko,  Bu?im,  Bugojno,  Cazin,  Crna Gora,  Derventa,  Doboj,  Donji Vakuf,  Drvar,  Dubrovnik,  Fo?a,  Fojnica,  Glamo?,  Gora?de,  Gornji Milanovac,  Gornji Vakuf,  gostivar,  Gra?anica,  Grada?ac,  Gradiska,  Grahovo,  Had?i?i,  Ilid?a,  In?ija,  Jablanica,  Jagodina,  Jajce,  Kakanj,  Kalu?erica,  Kikinda,  Klju?,  Konjic,  Kotor Varo?,  Kragujevac,  Kraljevo,  Kru?evac,  Kula,  Kupres,  Lakta?i,  Lazarevac,  Leskovac,  Livno,  Ljubinje,  ljublana,  Ljubu?ki,  Loznica,  Lukavac,  Maglaj,  Mladenovac,  Modri?a,  montenegro erlajnz,  mostar,  Mrkonji? Grad,  Neum,  Ni?,  Novi Pazar,  Novi Sad,  Novi Travnik,  Obrenovac,  Od?ak,  ohrid,  Ora?je,  Pale,  Pan?evo,  Para?in,  Pirot,  Po?arevac,  Podgorica,  Priboj,  Prijedor,  Prokuplje,  Prozor,  pula,  rijeka,  Ruma,  Sanski Most,  Sarajevo,  Senta,  serbija,  sibenik,  skopje,  Smederevo,  Smederevska Palanka,  Sokolac,  Sombor,  split,  Srebrenica,  Srebrenik,  Sremska Mitrovica,  Stolac,  Struga,  Subotica,  Temerin,  Tesli?,  tetovo,  Travnik,  Trebinje,  tuzla,  U?ice,  ulcinj,  Valjevo,  Velika Kladu?a,  Vi?egrad,  Visoko,  Vitez,  Vogo??a,  vojvodina,  Vranje,  Vr?ac,  Vrbas,  zadar,  Zagreb,  Zaje?ar,  Zavidovi?i,  Zenica,  Zrenjanin,  Zvornik,copacabana ulcinj,  h?tels,  hotel ulqin,  Kosova,  Mali i Zi,  Maqedonija,  Montenegro,  montenegro tourisme plage,  montenegro ulcinj,  Shpallje Falas,  Shpallje Falas per shitjen e shtepis se juaj,  Shpallje Falas per villat e juaj,  Shpallje Falas Real Estate,  Shpallje Falas turistike,  shqiperija,  tourisme,  Ulci?,  ulcinj,  ulqin,  ulqin hotel,  ulqini,  ulqini 2007,Ada Bojana,  Alba?czyk,  Cita di Dolcino,  Copacabana,  Czarnog?ra,  Czarnog?rzec,  Don Kichota,  Ma\u00b3a Pla?a,  Mandra,  MIGUEL DE SERVANTES,  p?\u00b3wyspy Marjan,  Pla?a Valdanos,  Rzeka Bojana,  Shas \/ ?as \/ Sva?,  Ulci?,  Ulcinjsk\u00b9 Riwier?,  Wielka Pla?a,  Wyspa Bojana,GORA,??????????,???????,??????????, ?ern? Hora,TO ULCINJ \/ ULQIN,MONTENEGRO, Czarnog?ra, Muntenegru, ????? ????, Montenegr?,villa ? louer ? ulcinj, location de vacance, location saisonni?res, louer chambres,location de vacance, Locations vacance, h?bergements vacances, locations villa, logements de vacances, location maison avec piscine, Location vacance, locations de vacance, h?bergements de vacances, location, locations entre particulier, logements vacance, vacances ? Mont?n?gro - location ? Ulcinj ,location  de bigorre,Albaniku,  Artana,  Bujanoci,  Burimi,  Dardana,  Dardan?,  De?an,  Dibra,  Drenas,  Drenasi,  Ferizaj,  Ferizaji,  Fush? Kosova,Besplatni internet oglasi,Besplatni oglasi,besplatni mali oglasi,besplatni turisti?ki oglasi,oglasi, usluge, turizam,Turisti?ke usluge,Doma?i turizam,Besplatni Oglasnik,Brzi Oglasi Besplatno,Besplatno OglasavanjeTurizam,besplatni oglasi sa slikom,Turisticki informator besplatni,li?ni-oglasi,BESPLATNI Turisticki OGLASI SA SLIKAMA,BESPLATNI Turisticki Oglasi saVideom,turisticki smestaj oglasi,Turisti?ki vodi? balkana,BESPLATNA REZERVACIJA SMESTAJA,Postavite besplatno Vas oglas,FREE TOURIST GUIDES,Izdavanje-Turizam oglasi,Balkan Turisticki vodic,shpallje turistike falas,Shpallje Falas,Shpallje falas per Komplekse Turistike,Lajmerime,Njoftime,shpallje shqip per shqiptaret ne shqiperi kosova maqedoni,mal te zi,Fush? Kosov?,  Gjakova,  Gjakov?,  Gjilan,  Gjilani,  Gostivari,  Istog,  Istog\u2022,  Ka?anik,  Ka?aniku,  Kastrioti,  K?r?ova,  Klina,  Klin?,  Kumanova,  Leposaviq,  Leskovci,  Likova,  Lipjan,  Lipjani,  Malisheva,  Malishev?,  Manastiri,  Medvegja,  Mitrovica,  Mitrovic?,  Novob?rd?,  Obiliq\u2022 Rahovec,  Ohri,  Peja,  Pej?,  Podujeva,  Podujev?,  Presheva,  Prishtina,  Prishtin?,  Prizren,  Prizreni,  Rahoveci,  Sharri,  Sharri (Kosov?),  Shkupi,  Sht?rpca,  Sht?rpc?,  Shtime,  Sk?nderaj,  Struga,  Tetova,  Theranda,  Therand?,  Triumf Riza,  Veleshta,  Viti,  Vitia,  Vushtrri,  Vushtrria,  Zubin Potok,  Zubin Potoku,  Zvecan,  Zve?ani,Struga,Gostivari,Gostivar,Ker?ova,Tirana,Durr?si,Elbasani,Shkodra,Tuzi,Vlora, Kor?a,Fieri,Berati,Lushnja ,Kavaja,Pogradeci,La?i,Gjirokastra,Patosi,Kruja,Ku?ova,Kuk?si,Lezha,Saranda,Peshkopia,Burreli,C?rriku,?orovoda,Shijaku,Librazhdi,Tepelena,Gramshi,Poli?ani,Bulqiza,P?rmeti,Fush?Kruja,Kamza,Rr?sheni,Ballshi,Mamurrasi,BajramCurri,Erseka,Peqini,Divjaka,Selenica,Bilishti,Roskoveci,Puka,Memaliaj,Rrogozhina,Ura Vajgurore,Himara,Delvina,Vora,Kopliku,Maliqi,P?rrenjasi,Kruma, Libohova,Orikumi,Fush?-Arr?za,Sh?ngjini,Rubiku,Miloti, Leskoviku,Konispoli,K?lcyra,Krasta,K?rraba,Manastiri,Hara?ina,Likova,Prilepi,Zajazi,Vrap?ishti,Bogovin?,\" width=\"520\" height=\"120\" \/><\/a><\/p>\n","protected":false},"excerpt":{"rendered":"<p>Aleks de Tokvill para 170 vitesh, n\u00eb librin e vet monumental \u201cMbi demokracin\u00eb n\u00eb Amerik\u00eb\u201d shkroi se n\u00eb komun\u00eb mb\u00ebshtetet fuqia e popujve t\u00eb lir\u00eb. Institucionet e komun\u00ebs jan\u00eb p\u00ebr lirin\u00eb ajo q\u00eb jan\u00eb shkollat fillore p\u00ebr shkenc\u00ebn, ato lirin\u00eb ia b\u00ebjn\u00eb t\u00eb arritshme popullit. Pa institucione komunale, tha Tokvill, nj\u00eb komb, mund t\u2019i krijoj\u00eb [&hellip;]<\/p>\n","protected":false},"author":1,"featured_media":0,"comment_status":"open","ping_status":"closed","sticky":false,"template":"","format":"standard","meta":{"spay_email":"","jetpack_publicize_message":"","jetpack_is_tweetstorm":false,"jetpack_publicize_feature_enabled":true},"categories":[11],"tags":[10199,10193,10198,10197,10192,10196,10191,5276,10194,200,18,561,10195],"jetpack_publicize_connections":[],"yoast_head":"<!-- This site is optimized with the Yoast SEO plugin v19.1 - https:\/\/yoast.com\/wordpress\/plugins\/seo\/ -->\n<title>Canka: Ulqini si Las Vegasi!? - Lajme nga Ulqini<\/title>\n<meta name=\"description\" content=\"Aleks de Tokvill para 170 vitesh, n\u00eb librin e vet monumental \u201cMbi demokracin\u00eb n\u00eb Amerik\u00eb\u201d shkroi se n\u00eb komun\u00eb mb\u00ebshtetet fuqia e popujve t\u00eb lir\u00eb.\" \/>\n<meta name=\"robots\" content=\"index, follow, max-snippet:-1, max-image-preview:large, max-video-preview:-1\" \/>\n<link rel=\"canonical\" href=\"https:\/\/www.visit-ulcinj.com\/blog\/2009\/05\/11\/canka-ulqini-si-las-vegasi\/\" \/>\n<meta property=\"og:locale\" content=\"en_US\" \/>\n<meta property=\"og:type\" content=\"article\" \/>\n<meta property=\"og:title\" content=\"Canka: Ulqini si Las Vegasi!? - Lajme nga Ulqini\" \/>\n<meta property=\"og:description\" content=\"Aleks de Tokvill para 170 vitesh, n\u00eb librin e vet monumental \u201cMbi demokracin\u00eb n\u00eb Amerik\u00eb\u201d shkroi se n\u00eb komun\u00eb mb\u00ebshtetet fuqia e popujve t\u00eb lir\u00eb.\" \/>\n<meta property=\"og:url\" content=\"https:\/\/www.visit-ulcinj.com\/blog\/2009\/05\/11\/canka-ulqini-si-las-vegasi\/\" \/>\n<meta property=\"og:site_name\" content=\"Lajme nga Ulqini\" \/>\n<meta property=\"article:published_time\" content=\"2009-05-11T14:48:21+00:00\" \/>\n<meta property=\"article:modified_time\" content=\"2009-05-13T18:38:24+00:00\" \/>\n<meta property=\"og:image\" content=\"https:\/\/www.visit-ulcinj.com\/blog\/wp-content\/uploads\/2009\/05\/monitoring-group-mogul_ulcinj_ulqin_montenegro8-150x150.jpg\" \/>\n<meta name=\"twitter:label1\" content=\"Written by\" \/>\n\t<meta name=\"twitter:data1\" content=\"ulqini\" \/>\n\t<meta name=\"twitter:label2\" content=\"Est. reading time\" \/>\n\t<meta name=\"twitter:data2\" content=\"5 minutes\" \/>\n<script type=\"application\/ld+json\" class=\"yoast-schema-graph\">{\"@context\":\"https:\/\/schema.org\",\"@graph\":[{\"@type\":\"WebSite\",\"@id\":\"https:\/\/www.visit-ulcinj.com\/blog\/#website\",\"url\":\"https:\/\/www.visit-ulcinj.com\/blog\/\",\"name\":\"Lajme nga Ulqini\",\"description\":\"Lajme,Vijesti,Ulqini,Ulqin,Crna Gora,Mali i Zi\",\"potentialAction\":[{\"@type\":\"SearchAction\",\"target\":{\"@type\":\"EntryPoint\",\"urlTemplate\":\"https:\/\/www.visit-ulcinj.com\/blog\/?s={search_term_string}\"},\"query-input\":\"required name=search_term_string\"}],\"inLanguage\":\"en-US\"},{\"@type\":\"ImageObject\",\"inLanguage\":\"en-US\",\"@id\":\"https:\/\/www.visit-ulcinj.com\/blog\/2009\/05\/11\/canka-ulqini-si-las-vegasi\/#primaryimage\",\"url\":\"https:\/\/www.visit-ulcinj.com\/blog\/wp-content\/uploads\/2009\/05\/monitoring-group-mogul_ulcinj_ulqin_montenegro8.jpg\",\"contentUrl\":\"https:\/\/www.visit-ulcinj.com\/blog\/wp-content\/uploads\/2009\/05\/monitoring-group-mogul_ulcinj_ulqin_montenegro8.jpg\",\"width\":\"1024\",\"height\":\"341\"},{\"@type\":\"WebPage\",\"@id\":\"https:\/\/www.visit-ulcinj.com\/blog\/2009\/05\/11\/canka-ulqini-si-las-vegasi\/#webpage\",\"url\":\"https:\/\/www.visit-ulcinj.com\/blog\/2009\/05\/11\/canka-ulqini-si-las-vegasi\/\",\"name\":\"Canka: Ulqini si Las Vegasi!? - Lajme nga Ulqini\",\"isPartOf\":{\"@id\":\"https:\/\/www.visit-ulcinj.com\/blog\/#website\"},\"primaryImageOfPage\":{\"@id\":\"https:\/\/www.visit-ulcinj.com\/blog\/2009\/05\/11\/canka-ulqini-si-las-vegasi\/#primaryimage\"},\"datePublished\":\"2009-05-11T14:48:21+00:00\",\"dateModified\":\"2009-05-13T18:38:24+00:00\",\"author\":{\"@id\":\"https:\/\/www.visit-ulcinj.com\/blog\/#\/schema\/person\/dcab619c614d3038751c63bc2aadc06d\"},\"description\":\"Aleks de Tokvill para 170 vitesh, n\u00eb librin e vet monumental \u201cMbi demokracin\u00eb n\u00eb Amerik\u00eb\u201d shkroi se n\u00eb komun\u00eb mb\u00ebshtetet fuqia e popujve t\u00eb lir\u00eb.\",\"breadcrumb\":{\"@id\":\"https:\/\/www.visit-ulcinj.com\/blog\/2009\/05\/11\/canka-ulqini-si-las-vegasi\/#breadcrumb\"},\"inLanguage\":\"en-US\",\"potentialAction\":[{\"@type\":\"ReadAction\",\"target\":[\"https:\/\/www.visit-ulcinj.com\/blog\/2009\/05\/11\/canka-ulqini-si-las-vegasi\/\"]}]},{\"@type\":\"BreadcrumbList\",\"@id\":\"https:\/\/www.visit-ulcinj.com\/blog\/2009\/05\/11\/canka-ulqini-si-las-vegasi\/#breadcrumb\",\"itemListElement\":[{\"@type\":\"ListItem\",\"position\":1,\"name\":\"Canka: Ulqini si Las Vegasi!?\"}]},{\"@type\":\"Person\",\"@id\":\"https:\/\/www.visit-ulcinj.com\/blog\/#\/schema\/person\/dcab619c614d3038751c63bc2aadc06d\",\"name\":\"ulqini\",\"sameAs\":[\"http:\/\/www.visit-ulcinj.com\"],\"url\":\"https:\/\/www.visit-ulcinj.com\/blog\/author\/admin\/\"}]}<\/script>\n<!-- \/ Yoast SEO plugin. -->","yoast_head_json":{"title":"Canka: Ulqini si Las Vegasi!? - Lajme nga Ulqini","description":"Aleks de Tokvill para 170 vitesh, n\u00eb librin e vet monumental \u201cMbi demokracin\u00eb n\u00eb Amerik\u00eb\u201d shkroi se n\u00eb komun\u00eb mb\u00ebshtetet fuqia e popujve t\u00eb lir\u00eb.","robots":{"index":"index","follow":"follow","max-snippet":"max-snippet:-1","max-image-preview":"max-image-preview:large","max-video-preview":"max-video-preview:-1"},"canonical":"https:\/\/www.visit-ulcinj.com\/blog\/2009\/05\/11\/canka-ulqini-si-las-vegasi\/","og_locale":"en_US","og_type":"article","og_title":"Canka: Ulqini si Las Vegasi!? - Lajme nga Ulqini","og_description":"Aleks de Tokvill para 170 vitesh, n\u00eb librin e vet monumental \u201cMbi demokracin\u00eb n\u00eb Amerik\u00eb\u201d shkroi se n\u00eb komun\u00eb mb\u00ebshtetet fuqia e popujve t\u00eb lir\u00eb.","og_url":"https:\/\/www.visit-ulcinj.com\/blog\/2009\/05\/11\/canka-ulqini-si-las-vegasi\/","og_site_name":"Lajme nga Ulqini","article_published_time":"2009-05-11T14:48:21+00:00","article_modified_time":"2009-05-13T18:38:24+00:00","og_image":[{"url":"https:\/\/www.visit-ulcinj.com\/blog\/wp-content\/uploads\/2009\/05\/monitoring-group-mogul_ulcinj_ulqin_montenegro8-150x150.jpg"}],"twitter_misc":{"Written by":"ulqini","Est. reading time":"5 minutes"},"schema":{"@context":"https:\/\/schema.org","@graph":[{"@type":"WebSite","@id":"https:\/\/www.visit-ulcinj.com\/blog\/#website","url":"https:\/\/www.visit-ulcinj.com\/blog\/","name":"Lajme nga Ulqini","description":"Lajme,Vijesti,Ulqini,Ulqin,Crna Gora,Mali i Zi","potentialAction":[{"@type":"SearchAction","target":{"@type":"EntryPoint","urlTemplate":"https:\/\/www.visit-ulcinj.com\/blog\/?s={search_term_string}"},"query-input":"required name=search_term_string"}],"inLanguage":"en-US"},{"@type":"ImageObject","inLanguage":"en-US","@id":"https:\/\/www.visit-ulcinj.com\/blog\/2009\/05\/11\/canka-ulqini-si-las-vegasi\/#primaryimage","url":"https:\/\/www.visit-ulcinj.com\/blog\/wp-content\/uploads\/2009\/05\/monitoring-group-mogul_ulcinj_ulqin_montenegro8.jpg","contentUrl":"https:\/\/www.visit-ulcinj.com\/blog\/wp-content\/uploads\/2009\/05\/monitoring-group-mogul_ulcinj_ulqin_montenegro8.jpg","width":"1024","height":"341"},{"@type":"WebPage","@id":"https:\/\/www.visit-ulcinj.com\/blog\/2009\/05\/11\/canka-ulqini-si-las-vegasi\/#webpage","url":"https:\/\/www.visit-ulcinj.com\/blog\/2009\/05\/11\/canka-ulqini-si-las-vegasi\/","name":"Canka: Ulqini si Las Vegasi!? - Lajme nga Ulqini","isPartOf":{"@id":"https:\/\/www.visit-ulcinj.com\/blog\/#website"},"primaryImageOfPage":{"@id":"https:\/\/www.visit-ulcinj.com\/blog\/2009\/05\/11\/canka-ulqini-si-las-vegasi\/#primaryimage"},"datePublished":"2009-05-11T14:48:21+00:00","dateModified":"2009-05-13T18:38:24+00:00","author":{"@id":"https:\/\/www.visit-ulcinj.com\/blog\/#\/schema\/person\/dcab619c614d3038751c63bc2aadc06d"},"description":"Aleks de Tokvill para 170 vitesh, n\u00eb librin e vet monumental \u201cMbi demokracin\u00eb n\u00eb Amerik\u00eb\u201d shkroi se n\u00eb komun\u00eb mb\u00ebshtetet fuqia e popujve t\u00eb lir\u00eb.","breadcrumb":{"@id":"https:\/\/www.visit-ulcinj.com\/blog\/2009\/05\/11\/canka-ulqini-si-las-vegasi\/#breadcrumb"},"inLanguage":"en-US","potentialAction":[{"@type":"ReadAction","target":["https:\/\/www.visit-ulcinj.com\/blog\/2009\/05\/11\/canka-ulqini-si-las-vegasi\/"]}]},{"@type":"BreadcrumbList","@id":"https:\/\/www.visit-ulcinj.com\/blog\/2009\/05\/11\/canka-ulqini-si-las-vegasi\/#breadcrumb","itemListElement":[{"@type":"ListItem","position":1,"name":"Canka: Ulqini si Las Vegasi!?"}]},{"@type":"Person","@id":"https:\/\/www.visit-ulcinj.com\/blog\/#\/schema\/person\/dcab619c614d3038751c63bc2aadc06d","name":"ulqini","sameAs":["http:\/\/www.visit-ulcinj.com"],"url":"https:\/\/www.visit-ulcinj.com\/blog\/author\/admin\/"}]}},"jetpack_featured_media_url":"","jetpack_sharing_enabled":true,"jetpack_shortlink":"https:\/\/wp.me\/pe6lTn-5qA","_links":{"self":[{"href":"https:\/\/www.visit-ulcinj.com\/blog\/wp-json\/wp\/v2\/posts\/20868"}],"collection":[{"href":"https:\/\/www.visit-ulcinj.com\/blog\/wp-json\/wp\/v2\/posts"}],"about":[{"href":"https:\/\/www.visit-ulcinj.com\/blog\/wp-json\/wp\/v2\/types\/post"}],"author":[{"embeddable":true,"href":"https:\/\/www.visit-ulcinj.com\/blog\/wp-json\/wp\/v2\/users\/1"}],"replies":[{"embeddable":true,"href":"https:\/\/www.visit-ulcinj.com\/blog\/wp-json\/wp\/v2\/comments?post=20868"}],"version-history":[{"count":0,"href":"https:\/\/www.visit-ulcinj.com\/blog\/wp-json\/wp\/v2\/posts\/20868\/revisions"}],"wp:attachment":[{"href":"https:\/\/www.visit-ulcinj.com\/blog\/wp-json\/wp\/v2\/media?parent=20868"}],"wp:term":[{"taxonomy":"category","embeddable":true,"href":"https:\/\/www.visit-ulcinj.com\/blog\/wp-json\/wp\/v2\/categories?post=20868"},{"taxonomy":"post_tag","embeddable":true,"href":"https:\/\/www.visit-ulcinj.com\/blog\/wp-json\/wp\/v2\/tags?post=20868"}],"curies":[{"name":"wp","href":"https:\/\/api.w.org\/{rel}","templated":true}]}}