{"id":20896,"date":"2009-05-11T19:29:48","date_gmt":"2009-05-11T17:29:48","guid":{"rendered":"http:\/\/www.visit-ulcinj.com\/blog\/?p=20896"},"modified":"2009-05-13T20:26:04","modified_gmt":"2009-05-13T18:26:04","slug":"interviste-me-kengetarin-valdet-luka","status":"publish","type":"post","link":"https:\/\/www.visit-ulcinj.com\/blog\/2009\/05\/11\/interviste-me-kengetarin-valdet-luka\/","title":{"rendered":"Intervist\u00eb me k\u00ebng\u00ebtarin Valdet Luka"},"content":{"rendered":"<p><strong><a href=\"http:\/\/www.visit-ulcinj.com\/blog\/wp-content\/uploads\/2009\/05\/valdet-luka_ulqin.jpg\"><img loading=\"lazy\" class=\"alignleft size-full wp-image-20897\" title=\"valdet-luka_ulqin\" src=\"http:\/\/www.visit-ulcinj.com\/blog\/wp-content\/uploads\/2009\/05\/valdet-luka_ulqin.jpg\" alt=\"valdet-luka_ulqin\" width=\"580\" height=\"704\" \/><\/a>Kur k\u00ebndoj \u201clive\u201d, e ndiej k\u00ebng\u00ebn<\/strong><br \/>\n<strong>Koha javore: <\/strong>Ju b\u00ebni pjes\u00eb tek ata k\u00ebng\u00ebtar\u00eb q\u00eb kan\u00eb filluar t\u00eb luajn\u00eb me instrument p\u00ebr t\u00eb kaluar m\u00eb pas te k\u00ebnga. Pse e keni l\u00ebn\u00eb fizarmonik\u00ebn, apo m\u00eb sakt\u00eb e keni n\u00eb plan t\u00eb dyt\u00eb, p\u00ebr t\u2019u marr\u00eb me k\u00ebng\u00ebn? Si ndodhi kjo?<br \/>\n<strong>V. Luka: <\/strong>Ndodhi krejt papritmas dhe as q\u00eb m\u00eb shkonte nd\u00ebrmend se karrier\u00ebn time do ta vazhdoja si k\u00ebng\u00ebtar sepse isha i dashuruar pas fizarmonik\u00ebs, por ja q\u00eb ndodhi. Un\u00eb e shpjegoj k\u00ebt\u00eb si nj\u00eb dukuri t\u00eb pashmangshme q\u00eb mund t\u2019i ndodh\u00eb \u00e7do njeriu q\u00eb merret me muzik\u00eb sepse k\u00ebnga t\u00eb intrigon dhe \u00e7dokush ka d\u00ebshir\u00eb q\u00eb ta provoj\u00eb z\u00ebrin si dhe mund\u00ebsit\u00eb e veta n\u00eb k\u00ebt\u00eb pik\u00ebpamje.<br \/>\nPra, k\u00ebnga t\u00eb b\u00ebn p\u00ebr vete dhe n\u00ebse n\u00eb fillim pritesh mir\u00eb nga publiku, at\u00ebher\u00eb keni nj\u00eb arsye madhore q\u00eb t\u00eb vazhdoni k\u00ebt\u00eb rrug\u00eb. Un\u00eb nuk e kam l\u00ebn\u00eb fizarmonik\u00ebn, por p\u00ebr momentin jam m\u00eb i njohur si k\u00ebng\u00ebtar duke ndar\u00eb k\u00ebshtu fatin e shumic\u00ebs q\u00eb merren me muzik\u00eb.<br \/>\nK\u00ebng\u00ebtar\u00ebt jan\u00eb n\u00eb fokus t\u00eb mediave dhe publikut, rrjedhimisht edhe m\u00eb t\u00eb njohur, kurse instrumentist\u00ebt kan\u00eb po ashtu merita t\u00eb m\u00ebdha n\u00eb muzik\u00eb, por ata q\u00ebndrojn\u00eb n\u00eb prapasken\u00eb. Vet\u00eb natyra e k\u00ebtij profesioni \u00ebsht\u00eb e till\u00eb.<\/p>\n<p><strong>Koha javore:<\/strong> Ku ndjeheni m\u00eb mir\u00eb, si k\u00ebng\u00ebtar apo instrumentist?<br \/>\n<strong>V. Luka:<\/strong> E ndiej veten mir\u00eb kur k\u00ebndoj. Po aq mir\u00eb dhe bukur ndjehem si instrumentist, por kur k\u00ebndoj dhe luaj nj\u00ebkoh\u00ebsisht n\u00eb fizarmonik\u00eb, at\u00ebher\u00eb ndjehem m\u00eb s\u00eb miri dhe jam m\u00eb i lumtur.<\/p>\n<p><strong>Koha javore: <\/strong>Pse jeni p\u00ebrcaktuar p\u00ebr muzik\u00eb popullore?<br \/>\n<strong>V. Luka:<\/strong> P\u00ebr muzik\u00ebn popullore jam p\u00ebrcaktuar sepse ajo m\u00eb p\u00eblqen m\u00eb s\u00eb shumti. E kam m\u00eb af\u00ebr sepse jam rritur me k\u00ebng\u00ebt popullore.<\/p>\n<p><strong>Koha javore: <\/strong>Keni menduar ndonj\u00ebher\u00eb t\u00eb k\u00ebndoni n\u00eb ndonj\u00eb rrym\u00eb tjet\u00ebr muzikore?<br \/>\n<strong>V. Luka: <\/strong>Nuk kam menduar asnj\u00ebher\u00eb t\u00eb k\u00ebndoj n\u00eb ndonj\u00eb rrym\u00eb tjet\u00ebr muzikore sepse nuk e gjej veten aty dhe nuk m\u00eb shkon p\u00ebr dore asnj\u00eb rrym\u00eb tjet\u00ebr q\u00eb nuk \u00ebsht\u00eb af\u00ebr muzik\u00ebs popullore.<br \/>\n<strong><br \/>\nKoha javore: <\/strong>Cili \u00ebsht\u00eb frym\u00ebzimi Juaj n\u00eb muzik\u00eb? Keni nj\u00eb idhull q\u00eb d\u00ebshironi ta ndiqni?<br \/>\n<strong>V. Luka:<\/strong> N\u00eb muzik\u00eb njeriu leht\u00eb e gjen inspirimin n\u00ebse ke interesim dhe talent. Mund t\u00eb fillosh t\u00eb merresh me muzik\u00eb, por nuk mund t\u00eb vazhdosh n\u00ebse nuk ke inspirim dhe vullnet, d\u00ebshir\u00eb dhe k\u00ebnaq\u00ebsi. Sepse t\u00eb mban gjall\u00eb \u00ebndrra q\u00eb nj\u00eb dit\u00eb do t\u00eb k\u00ebndosh si Dani apo Meda, Sinani, Bujari apo dikush tjet\u00ebr, q\u00eb \u00ebsht\u00eb m\u00eb i p\u00eblqyer nga publiku vite me radh\u00eb n\u00eb sken\u00ebn muzikore shqiptare. Ata jan\u00eb idhujt e gjenerat\u00ebs sime dhe mjedisit ku jetoj, \u00e7ka medoemos \u00ebsht\u00eb reflektuar edhe tek un\u00eb.<\/p>\n<p><strong>Koha javore:<\/strong> Preferoni t\u00eb k\u00ebndoni live apo play back?<br \/>\n<strong>V. Luka: <\/strong>T\u00eb k\u00ebndosh \u201clive\u201d \u00ebsht\u00eb m\u00eb bukur. At\u00ebher\u00eb e ndiej k\u00ebng\u00ebn dhe e interpretoj si rezultat i gjendjes sime shpirt\u00ebrore t\u00eb momentit kur jam m\u00eb af\u00ebr publikut. Besoj se asnj\u00eb k\u00ebng\u00ebtar nuk preferon t\u00eb k\u00ebndoj\u00eb &#8220;play back&#8221;, por ja q\u00eb kjo gj\u00eb \u00ebsht\u00eb e domosdoshme n\u00eb raste t\u00eb ndryshme, kur k\u00ebrkon momenti apo arsyeja objektive, si n\u00eb rastin e lodhjes fizike t\u00eb k\u00ebng\u00ebtarit. Sepse nuk duhet harruar fakti q\u00eb edhe ne jemi njer\u00ebz e jo vegla muzikore.<br \/>\nUn\u00eb preferoj t\u00eb k\u00ebndoj \u201clive\u201d, nd\u00ebrsa \u201cplay back\u201d k\u00ebndoj vet\u00ebm kur b\u00ebj regjistrimin e spoteve, pasi q\u00eb nj\u00eb gj\u00eb t\u00eb till\u00eb e k\u00ebrkojn\u00eb organizatori i programit apo producent\u00ebt e sht\u00ebpive muzikore.<\/p>\n<p><strong>Koha javore:<\/strong> Deri tani, me sa di, nuk keni dal\u00eb me ndonj\u00eb album t\u00eb vetin? Po merreni me p\u00ebrgatitjen e ndonj\u00eb albumi?<br \/>\n<strong>V. Luka:<\/strong> Tani jam duke p\u00ebrgatitur albumin tim t\u00eb par\u00eb. Shpresoj se n\u00eb t\u00eb ardhmen do t\u2019i p\u00ebrkushtohem m\u00eb shum\u00eb p\u00ebrgatitjeve t\u00eb CD-ve dhe video-klipeve se deri tani. Kuptohet q\u00eb kjo gj\u00eb do pun\u00eb dhe p\u00ebrkushtim, por \u00e7do gj\u00eb arrihet vet\u00ebm me pun\u00eb dhe dashuri p\u00ebr k\u00ebng\u00ebn, muzik\u00ebn dhe d\u00ebgjuesit.<\/p>\n<p><strong>Bisedoi: I. Kallaba<br \/>\nKoha Javore<\/strong><\/p>\n<p><br \/>\n<!--YouTube Error: bad URL entered--><\/p>\n<p style=\"text-align: center;\"><a class=\"aligncenter\" title=\"???? ????,?????,Ulcinj,Montenegru,??????????,?ernoqoriya,Besplatni internet oglasi,Besplatni oglasi,besplatni mali oglasi,besplatni turisti\u00e8ki oglasi,oglasi, usluge, turizam,Turisti\u00e8ke usluge,Doma?i turizam,Besplatni Oglasnik,Brzi Oglasi Besplatno,Besplatno OglasavanjeTurizam,besplatni oglasi sa slikom,Turisticki informator besplatni,li\u00e8ni-oglasi,BESPLATNI Turisticki OGLASI SA SLIKAMA,BESPLATNI Turisticki Oglasi saVideom,turisticki smestaj oglasi,Turisti\u00e8ki vodi\u00e8 balkana,BESPLATNA REZERVACIJA SMESTAJA,Postavite besplatno Vas oglas,FREE TOURIST GUIDES,Izdavanje-Turizam oglasi,Balkan Turisticki vodic,shpallje turistike falas,Shpallje Falas,Shpallje falas per Komplekse Turistike,Lajmerime,Njoftime,shpallje shqip per shqiptaret ne shqiperi kosova maqedoni,mal te zi,???????????,Montenegiro,?ern? Hora,??????????,Cz\u00f4rnog?ra,Cz\u00f4rn\u00f4 G?ra,Carna G?ra,T?ernogooria,?ernogoriya,Montain\u00e9agr?,Montenegwo,?orna Hora,Montenegr?,M?ntenigro,Chernogoriya ,\u00c7\u00earnogor\u00ee ,?????????,????????? ,??????? ,Montes Nigrae,Mons Niger,M\u00f4ntenegr\u00f4,Muntenegru,??????????,Czarnog?ra,Muntinigru,Muntenegro,&lt;br &gt;&lt;\/a&gt; Muntenegru,\t?ierna Hora,Cxerngora,????????,?rna gora,Moontineegro,?ornog\u00f9ra,?ernogori?a,Chernogoriya,Mont\u00f5negro,????? ???? ,?r?na Gora,?r?nogorije,?ernogorija,?arnahoryja,??????????,???????????????????? ,?ern\u00f4g\u00f4riy\u00e2,M\u00fbnt\u00een\u00ee?r\u00fb,????? ?????? ,????????,??????????,???????????,M\u00e2nten\u00eegro,???? ????? ,????????,M\u00f4ntenegr\u00f4,????????????,???????????,????????????, ??????????? ,????????????,??????????? ,\u008d\u2022?R\/?K?R ,\u0192\u201a\u0192\u201c\u0192e\u0192l\u0192O\u0192\u008d,\u00b8???\u00b3?\u00b1?\u2022? ,Muntenegru, ????? ????, Montenegr?,chambres ? louer ? ulcinj, location de vacance, location saisonni?res, louer villa,location de vacance, Locations vacance, h?bergements vacances, locations villa, logements de vacances, location maison avec piscine, Location vacance, locations de vacance, h?bergements de vacances, location villa, locations entre particulier, logements vacance, vacances ? Mont?n?gro - location ? Ulcinj ,location  de bigorre,Urlaub in Ulcinj -Montenegro,Hotelbewertungen Ulcinj,Reisen Ulcinj, Urlaub Ulcinj,Hotel in Serbien und Montenegro von Urlaubern bewertet,Billig Urlaub in Ulcinj,ferienh?user,ferienwohnung,Billige Ferienh?user,Ferienwohnung ULCINJ,Ferien an der Adria,Urlaub im Ferienhaus ulcinjBilligreisen Ulcinj,Pauschalreisen,FKK Strand Ada Bojana ulcinj,Last Minute Angebote ulcinj,Preise f?r Lastminute,Kleinanzeigen gratis,Ausflug nach Ulcinj,FKK-Reisen ada bojana,FKK-Urlaub ulcinj,Privatni smje?taj,rezervacija smje?taja,apartmani,sobe,ku?e,odmor,sobe za odmor ulcinj,Pretra?ivanje privatnog smje?taja,rooms rent accommodation ulcinj, rentail private accommodation ulcinj,?elite rezervirati privatni smje?taj,Private accommodation,Smje?taj ulcinj,Pushime Verore ulqin,pushime t? lira n? ulqin,Pushime ne plazh,Pushime te kendshme,dhoma per pushime ulqin,dhoma me qera ulqin,dhoma te lira ulqin,pushime te lira ulqin,mali i zi,kosova,maqedoni,shqiperi,Pushime ne det te ulqinit,godi?nji odmor u ulcinj,odmor u ulcinj,Ku?a za odmor,kuda na odmor,ljetovanje u ulcinj,slobodne sobe,dhoma te lira,ku?a uz more,turisti?ka ponuda,odmor i zabava,povolne cene,sobe,usluge,Mjesto za Va? odmor , Place for Your holiday,Odmor portal,putovanaja,Iznajmljivanje soba ulcinj,odmor ulcinj info,Va?e mjesto za odmor ulcinj,nudisticka plaza ada bojana,smjestaj ponuda ulcinj,lokacioni i dhomave ulqin,deti,plazhet e bukura,diskoteka,zbavitja,.\" href=\"http:\/\/www.visit-ulcinj.com\/tourism\/\" target=\"_blank\"><img loading=\"lazy\" class=\"aligncenter\" title=\"SHPALLJE TURISTIKE FALAS,FREE TOURIST GUIDES,BESPLATNI TURISTI?KI OGLASI,balkan holiday rentals,ALBANIJA,ALBANIA,SHQIPERIJA,CRNA GORA,HRVATSKA,KROACIA,SLOVENIJA,MAKEDONIJA,MAKEDONIA,SRBIJA,MONTENEGRO,MALI I ZI,\" src=\"http:\/\/www.visit-ulcinj.com\/blog\/wp-content\/uploads\/2008\/09\/balkanholidayrentals.gif\" alt=\"Apatin,  Aran?elovac,  ?uprija,  ?a?ak,  ?apljina,  ?itluk,  ?abac,  ?ipovo,  ?iroki Brijeg,  ?ep?e,  ?ivinice,  Ba?ka Palanka,  Banja Luka,  Banovi?i,  Be?ej,  beograd,  Biha?,  Bijeljina,  Bor,  Bor?a,  Bosanska Gradi?ka,  Bosanska Krupa,  Bosanski ?amac,  Bosanski Brod,  Bosanski Novi,  Br?ko,  Bu?im,  Bugojno,  Cazin,  Crna Gora,  Derventa,  Doboj,  Donji Vakuf,  Drvar,  Dubrovnik,  Fo?a,  Fojnica,  Glamo?,  Gora?de,  Gornji Milanovac,  Gornji Vakuf,  gostivar,  Gra?anica,  Grada?ac,  Gradiska,  Grahovo,  Had?i?i,  Ilid?a,  In?ija,  Jablanica,  Jagodina,  Jajce,  Kakanj,  Kalu?erica,  Kikinda,  Klju?,  Konjic,  Kotor Varo?,  Kragujevac,  Kraljevo,  Kru?evac,  Kula,  Kupres,  Lakta?i,  Lazarevac,  Leskovac,  Livno,  Ljubinje,  ljublana,  Ljubu?ki,  Loznica,  Lukavac,  Maglaj,  Mladenovac,  Modri?a,  montenegro erlajnz,  mostar,  Mrkonji? Grad,  Neum,  Ni?,  Novi Pazar,  Novi Sad,  Novi Travnik,  Obrenovac,  Od?ak,  ohrid,  Ora?je,  Pale,  Pan?evo,  Para?in,  Pirot,  Po?arevac,  Podgorica,  Priboj,  Prijedor,  Prokuplje,  Prozor,  pula,  rijeka,  Ruma,  Sanski Most,  Sarajevo,  Senta,  serbija,  sibenik,  skopje,  Smederevo,  Smederevska Palanka,  Sokolac,  Sombor,  split,  Srebrenica,  Srebrenik,  Sremska Mitrovica,  Stolac,  Struga,  Subotica,  Temerin,  Tesli?,  tetovo,  Travnik,  Trebinje,  tuzla,  U?ice,  ulcinj,  Valjevo,  Velika Kladu?a,  Vi?egrad,  Visoko,  Vitez,  Vogo??a,  vojvodina,  Vranje,  Vr?ac,  Vrbas,  zadar,  Zagreb,  Zaje?ar,  Zavidovi?i,  Zenica,  Zrenjanin,  Zvornik,copacabana ulcinj,  h?tels,  hotel ulqin,  Kosova,  Mali i Zi,  Maqedonija,  Montenegro,  montenegro tourisme plage,  montenegro ulcinj,  Shpallje Falas,  Shpallje Falas per shitjen e shtepis se juaj,  Shpallje Falas per villat e juaj,  Shpallje Falas Real Estate,  Shpallje Falas turistike,  shqiperija,  tourisme,  Ulci?,  ulcinj,  ulqin,  ulqin hotel,  ulqini,  ulqini 2007,Ada Bojana,  Alba?czyk,  Cita di Dolcino,  Copacabana,  Czarnog?ra,  Czarnog?rzec,  Don Kichota,  Ma\u00b3a Pla?a,  Mandra,  MIGUEL DE SERVANTES,  p?\u00b3wyspy Marjan,  Pla?a Valdanos,  Rzeka Bojana,  Shas \/ ?as \/ Sva?,  Ulci?,  Ulcinjsk\u00b9 Riwier?,  Wielka Pla?a,  Wyspa Bojana,GORA,??????????,???????,??????????, ?ern? Hora,TO ULCINJ \/ ULQIN,MONTENEGRO, Czarnog?ra, Muntenegru, ????? ????, Montenegr?,villa ? louer ? ulcinj, location de vacance, location saisonni?res, louer chambres,location de vacance, Locations vacance, h?bergements vacances, locations villa, logements de vacances, location maison avec piscine, Location vacance, locations de vacance, h?bergements de vacances, location, locations entre particulier, logements vacance, vacances ? Mont?n?gro - location ? Ulcinj ,location  de bigorre,Albaniku,  Artana,  Bujanoci,  Burimi,  Dardana,  Dardan?,  De?an,  Dibra,  Drenas,  Drenasi,  Ferizaj,  Ferizaji,  Fush? Kosova,Besplatni internet oglasi,Besplatni oglasi,besplatni mali oglasi,besplatni turisti?ki oglasi,oglasi, usluge, turizam,Turisti?ke usluge,Doma?i turizam,Besplatni Oglasnik,Brzi Oglasi Besplatno,Besplatno OglasavanjeTurizam,besplatni oglasi sa slikom,Turisticki informator besplatni,li?ni-oglasi,BESPLATNI Turisticki OGLASI SA SLIKAMA,BESPLATNI Turisticki Oglasi saVideom,turisticki smestaj oglasi,Turisti?ki vodi? balkana,BESPLATNA REZERVACIJA SMESTAJA,Postavite besplatno Vas oglas,FREE TOURIST GUIDES,Izdavanje-Turizam oglasi,Balkan Turisticki vodic,shpallje turistike falas,Shpallje Falas,Shpallje falas per Komplekse Turistike,Lajmerime,Njoftime,shpallje shqip per shqiptaret ne shqiperi kosova maqedoni,mal te zi,Fush? Kosov?,  Gjakova,  Gjakov?,  Gjilan,  Gjilani,  Gostivari,  Istog,  Istog\u2022,  Ka?anik,  Ka?aniku,  Kastrioti,  K?r?ova,  Klina,  Klin?,  Kumanova,  Leposaviq,  Leskovci,  Likova,  Lipjan,  Lipjani,  Malisheva,  Malishev?,  Manastiri,  Medvegja,  Mitrovica,  Mitrovic?,  Novob?rd?,  Obiliq\u2022 Rahovec,  Ohri,  Peja,  Pej?,  Podujeva,  Podujev?,  Presheva,  Prishtina,  Prishtin?,  Prizren,  Prizreni,  Rahoveci,  Sharri,  Sharri (Kosov?),  Shkupi,  Sht?rpca,  Sht?rpc?,  Shtime,  Sk?nderaj,  Struga,  Tetova,  Theranda,  Therand?,  Triumf Riza,  Veleshta,  Viti,  Vitia,  Vushtrri,  Vushtrria,  Zubin Potok,  Zubin Potoku,  Zvecan,  Zve?ani,Struga,Gostivari,Gostivar,Ker?ova,Tirana,Durr?si,Elbasani,Shkodra,Tuzi,Vlora, Kor?a,Fieri,Berati,Lushnja ,Kavaja,Pogradeci,La?i,Gjirokastra,Patosi,Kruja,Ku?ova,Kuk?si,Lezha,Saranda,Peshkopia,Burreli,C?rriku,?orovoda,Shijaku,Librazhdi,Tepelena,Gramshi,Poli?ani,Bulqiza,P?rmeti,Fush?Kruja,Kamza,Rr?sheni,Ballshi,Mamurrasi,BajramCurri,Erseka,Peqini,Divjaka,Selenica,Bilishti,Roskoveci,Puka,Memaliaj,Rrogozhina,Ura Vajgurore,Himara,Delvina,Vora,Kopliku,Maliqi,P?rrenjasi,Kruma, Libohova,Orikumi,Fush?-Arr?za,Sh?ngjini,Rubiku,Miloti, Leskoviku,Konispoli,K?lcyra,Krasta,K?rraba,Manastiri,Hara?ina,Likova,Prilepi,Zajazi,Vrap?ishti,Bogovin?,\" width=\"520\" height=\"120\" \/><\/a><\/p>\n","protected":false},"excerpt":{"rendered":"<p>Kur k\u00ebndoj \u201clive\u201d, e ndiej k\u00ebng\u00ebn Koha javore: Ju b\u00ebni pjes\u00eb tek ata k\u00ebng\u00ebtar\u00eb q\u00eb kan\u00eb filluar t\u00eb luajn\u00eb me instrument p\u00ebr t\u00eb kaluar m\u00eb pas te k\u00ebnga. Pse e keni l\u00ebn\u00eb fizarmonik\u00ebn, apo m\u00eb sakt\u00eb e keni n\u00eb plan t\u00eb dyt\u00eb, p\u00ebr t\u2019u marr\u00eb me k\u00ebng\u00ebn? Si ndodhi kjo? V. Luka: Ndodhi krejt papritmas [&hellip;]<\/p>\n","protected":false},"author":1,"featured_media":0,"comment_status":"open","ping_status":"closed","sticky":false,"template":"","format":"standard","meta":{"spay_email":"","jetpack_publicize_message":"","jetpack_is_tweetstorm":false,"jetpack_publicize_feature_enabled":true},"categories":[1],"tags":[212,10203,3220,10202,214,2158,3500,10204,1653,2083,213,3222],"jetpack_publicize_connections":[],"yoast_head":"<!-- This site is optimized with the Yoast SEO plugin v19.1 - https:\/\/yoast.com\/wordpress\/plugins\/seo\/ -->\n<title>Intervist\u00eb me k\u00ebng\u00ebtarin Valdet Luka - Lajme nga Ulqini<\/title>\n<meta name=\"description\" content=\"Kur k\u00ebndoj \u201clive\u201d, e ndiej k\u00ebng\u00ebn Koha javore: Ju b\u00ebni pjes\u00eb tek ata k\u00ebng\u00ebtar\u00eb q\u00eb kan\u00eb filluar t\u00eb luajn\u00eb me instrument p\u00ebr t\u00eb kaluar m\u00eb pas te k\u00ebnga. Pse\" \/>\n<meta name=\"robots\" content=\"index, follow, max-snippet:-1, max-image-preview:large, max-video-preview:-1\" \/>\n<link rel=\"canonical\" href=\"https:\/\/www.visit-ulcinj.com\/blog\/2009\/05\/11\/interviste-me-kengetarin-valdet-luka\/\" \/>\n<meta property=\"og:locale\" content=\"en_US\" \/>\n<meta property=\"og:type\" content=\"article\" \/>\n<meta property=\"og:title\" content=\"Intervist\u00eb me k\u00ebng\u00ebtarin Valdet Luka - Lajme nga Ulqini\" \/>\n<meta property=\"og:description\" content=\"Kur k\u00ebndoj \u201clive\u201d, e ndiej k\u00ebng\u00ebn Koha javore: Ju b\u00ebni pjes\u00eb tek ata k\u00ebng\u00ebtar\u00eb q\u00eb kan\u00eb filluar t\u00eb luajn\u00eb me instrument p\u00ebr t\u00eb kaluar m\u00eb pas te k\u00ebnga. Pse\" \/>\n<meta property=\"og:url\" content=\"https:\/\/www.visit-ulcinj.com\/blog\/2009\/05\/11\/interviste-me-kengetarin-valdet-luka\/\" \/>\n<meta property=\"og:site_name\" content=\"Lajme nga Ulqini\" \/>\n<meta property=\"article:published_time\" content=\"2009-05-11T17:29:48+00:00\" \/>\n<meta property=\"article:modified_time\" content=\"2009-05-13T18:26:04+00:00\" \/>\n<meta property=\"og:image\" content=\"https:\/\/www.visit-ulcinj.com\/blog\/wp-content\/uploads\/2009\/05\/valdet-luka_ulqin-150x150.jpg\" \/>\n<meta name=\"twitter:label1\" content=\"Written by\" \/>\n\t<meta name=\"twitter:data1\" content=\"ulqini\" \/>\n\t<meta name=\"twitter:label2\" content=\"Est. reading time\" \/>\n\t<meta name=\"twitter:data2\" content=\"4 minutes\" \/>\n<script type=\"application\/ld+json\" class=\"yoast-schema-graph\">{\"@context\":\"https:\/\/schema.org\",\"@graph\":[{\"@type\":\"WebSite\",\"@id\":\"https:\/\/www.visit-ulcinj.com\/blog\/#website\",\"url\":\"https:\/\/www.visit-ulcinj.com\/blog\/\",\"name\":\"Lajme nga Ulqini\",\"description\":\"Lajme,Vijesti,Ulqini,Ulqin,Crna Gora,Mali i Zi\",\"potentialAction\":[{\"@type\":\"SearchAction\",\"target\":{\"@type\":\"EntryPoint\",\"urlTemplate\":\"https:\/\/www.visit-ulcinj.com\/blog\/?s={search_term_string}\"},\"query-input\":\"required name=search_term_string\"}],\"inLanguage\":\"en-US\"},{\"@type\":\"ImageObject\",\"inLanguage\":\"en-US\",\"@id\":\"https:\/\/www.visit-ulcinj.com\/blog\/2009\/05\/11\/interviste-me-kengetarin-valdet-luka\/#primaryimage\",\"url\":\"http:\/\/www.visit-ulcinj.com\/blog\/wp-content\/uploads\/2009\/05\/valdet-luka_ulqin.jpg\",\"contentUrl\":\"http:\/\/www.visit-ulcinj.com\/blog\/wp-content\/uploads\/2009\/05\/valdet-luka_ulqin.jpg\"},{\"@type\":\"WebPage\",\"@id\":\"https:\/\/www.visit-ulcinj.com\/blog\/2009\/05\/11\/interviste-me-kengetarin-valdet-luka\/#webpage\",\"url\":\"https:\/\/www.visit-ulcinj.com\/blog\/2009\/05\/11\/interviste-me-kengetarin-valdet-luka\/\",\"name\":\"Intervist\u00eb me k\u00ebng\u00ebtarin Valdet Luka - Lajme nga Ulqini\",\"isPartOf\":{\"@id\":\"https:\/\/www.visit-ulcinj.com\/blog\/#website\"},\"primaryImageOfPage\":{\"@id\":\"https:\/\/www.visit-ulcinj.com\/blog\/2009\/05\/11\/interviste-me-kengetarin-valdet-luka\/#primaryimage\"},\"datePublished\":\"2009-05-11T17:29:48+00:00\",\"dateModified\":\"2009-05-13T18:26:04+00:00\",\"author\":{\"@id\":\"https:\/\/www.visit-ulcinj.com\/blog\/#\/schema\/person\/dcab619c614d3038751c63bc2aadc06d\"},\"description\":\"Kur k\u00ebndoj \u201clive\u201d, e ndiej k\u00ebng\u00ebn Koha javore: Ju b\u00ebni pjes\u00eb tek ata k\u00ebng\u00ebtar\u00eb q\u00eb kan\u00eb filluar t\u00eb luajn\u00eb me instrument p\u00ebr t\u00eb kaluar m\u00eb pas te k\u00ebnga. Pse\",\"breadcrumb\":{\"@id\":\"https:\/\/www.visit-ulcinj.com\/blog\/2009\/05\/11\/interviste-me-kengetarin-valdet-luka\/#breadcrumb\"},\"inLanguage\":\"en-US\",\"potentialAction\":[{\"@type\":\"ReadAction\",\"target\":[\"https:\/\/www.visit-ulcinj.com\/blog\/2009\/05\/11\/interviste-me-kengetarin-valdet-luka\/\"]}]},{\"@type\":\"BreadcrumbList\",\"@id\":\"https:\/\/www.visit-ulcinj.com\/blog\/2009\/05\/11\/interviste-me-kengetarin-valdet-luka\/#breadcrumb\",\"itemListElement\":[{\"@type\":\"ListItem\",\"position\":1,\"name\":\"Intervist\u00eb me k\u00ebng\u00ebtarin Valdet Luka\"}]},{\"@type\":\"Person\",\"@id\":\"https:\/\/www.visit-ulcinj.com\/blog\/#\/schema\/person\/dcab619c614d3038751c63bc2aadc06d\",\"name\":\"ulqini\",\"sameAs\":[\"http:\/\/www.visit-ulcinj.com\"],\"url\":\"https:\/\/www.visit-ulcinj.com\/blog\/author\/admin\/\"}]}<\/script>\n<!-- \/ Yoast SEO plugin. -->","yoast_head_json":{"title":"Intervist\u00eb me k\u00ebng\u00ebtarin Valdet Luka - Lajme nga Ulqini","description":"Kur k\u00ebndoj \u201clive\u201d, e ndiej k\u00ebng\u00ebn Koha javore: Ju b\u00ebni pjes\u00eb tek ata k\u00ebng\u00ebtar\u00eb q\u00eb kan\u00eb filluar t\u00eb luajn\u00eb me instrument p\u00ebr t\u00eb kaluar m\u00eb pas te k\u00ebnga. Pse","robots":{"index":"index","follow":"follow","max-snippet":"max-snippet:-1","max-image-preview":"max-image-preview:large","max-video-preview":"max-video-preview:-1"},"canonical":"https:\/\/www.visit-ulcinj.com\/blog\/2009\/05\/11\/interviste-me-kengetarin-valdet-luka\/","og_locale":"en_US","og_type":"article","og_title":"Intervist\u00eb me k\u00ebng\u00ebtarin Valdet Luka - Lajme nga Ulqini","og_description":"Kur k\u00ebndoj \u201clive\u201d, e ndiej k\u00ebng\u00ebn Koha javore: Ju b\u00ebni pjes\u00eb tek ata k\u00ebng\u00ebtar\u00eb q\u00eb kan\u00eb filluar t\u00eb luajn\u00eb me instrument p\u00ebr t\u00eb kaluar m\u00eb pas te k\u00ebnga. Pse","og_url":"https:\/\/www.visit-ulcinj.com\/blog\/2009\/05\/11\/interviste-me-kengetarin-valdet-luka\/","og_site_name":"Lajme nga Ulqini","article_published_time":"2009-05-11T17:29:48+00:00","article_modified_time":"2009-05-13T18:26:04+00:00","og_image":[{"url":"https:\/\/www.visit-ulcinj.com\/blog\/wp-content\/uploads\/2009\/05\/valdet-luka_ulqin-150x150.jpg"}],"twitter_misc":{"Written by":"ulqini","Est. reading time":"4 minutes"},"schema":{"@context":"https:\/\/schema.org","@graph":[{"@type":"WebSite","@id":"https:\/\/www.visit-ulcinj.com\/blog\/#website","url":"https:\/\/www.visit-ulcinj.com\/blog\/","name":"Lajme nga Ulqini","description":"Lajme,Vijesti,Ulqini,Ulqin,Crna Gora,Mali i Zi","potentialAction":[{"@type":"SearchAction","target":{"@type":"EntryPoint","urlTemplate":"https:\/\/www.visit-ulcinj.com\/blog\/?s={search_term_string}"},"query-input":"required name=search_term_string"}],"inLanguage":"en-US"},{"@type":"ImageObject","inLanguage":"en-US","@id":"https:\/\/www.visit-ulcinj.com\/blog\/2009\/05\/11\/interviste-me-kengetarin-valdet-luka\/#primaryimage","url":"http:\/\/www.visit-ulcinj.com\/blog\/wp-content\/uploads\/2009\/05\/valdet-luka_ulqin.jpg","contentUrl":"http:\/\/www.visit-ulcinj.com\/blog\/wp-content\/uploads\/2009\/05\/valdet-luka_ulqin.jpg"},{"@type":"WebPage","@id":"https:\/\/www.visit-ulcinj.com\/blog\/2009\/05\/11\/interviste-me-kengetarin-valdet-luka\/#webpage","url":"https:\/\/www.visit-ulcinj.com\/blog\/2009\/05\/11\/interviste-me-kengetarin-valdet-luka\/","name":"Intervist\u00eb me k\u00ebng\u00ebtarin Valdet Luka - Lajme nga Ulqini","isPartOf":{"@id":"https:\/\/www.visit-ulcinj.com\/blog\/#website"},"primaryImageOfPage":{"@id":"https:\/\/www.visit-ulcinj.com\/blog\/2009\/05\/11\/interviste-me-kengetarin-valdet-luka\/#primaryimage"},"datePublished":"2009-05-11T17:29:48+00:00","dateModified":"2009-05-13T18:26:04+00:00","author":{"@id":"https:\/\/www.visit-ulcinj.com\/blog\/#\/schema\/person\/dcab619c614d3038751c63bc2aadc06d"},"description":"Kur k\u00ebndoj \u201clive\u201d, e ndiej k\u00ebng\u00ebn Koha javore: Ju b\u00ebni pjes\u00eb tek ata k\u00ebng\u00ebtar\u00eb q\u00eb kan\u00eb filluar t\u00eb luajn\u00eb me instrument p\u00ebr t\u00eb kaluar m\u00eb pas te k\u00ebnga. Pse","breadcrumb":{"@id":"https:\/\/www.visit-ulcinj.com\/blog\/2009\/05\/11\/interviste-me-kengetarin-valdet-luka\/#breadcrumb"},"inLanguage":"en-US","potentialAction":[{"@type":"ReadAction","target":["https:\/\/www.visit-ulcinj.com\/blog\/2009\/05\/11\/interviste-me-kengetarin-valdet-luka\/"]}]},{"@type":"BreadcrumbList","@id":"https:\/\/www.visit-ulcinj.com\/blog\/2009\/05\/11\/interviste-me-kengetarin-valdet-luka\/#breadcrumb","itemListElement":[{"@type":"ListItem","position":1,"name":"Intervist\u00eb me k\u00ebng\u00ebtarin Valdet Luka"}]},{"@type":"Person","@id":"https:\/\/www.visit-ulcinj.com\/blog\/#\/schema\/person\/dcab619c614d3038751c63bc2aadc06d","name":"ulqini","sameAs":["http:\/\/www.visit-ulcinj.com"],"url":"https:\/\/www.visit-ulcinj.com\/blog\/author\/admin\/"}]}},"jetpack_featured_media_url":"","jetpack_sharing_enabled":true,"jetpack_shortlink":"https:\/\/wp.me\/pe6lTn-5r2","_links":{"self":[{"href":"https:\/\/www.visit-ulcinj.com\/blog\/wp-json\/wp\/v2\/posts\/20896"}],"collection":[{"href":"https:\/\/www.visit-ulcinj.com\/blog\/wp-json\/wp\/v2\/posts"}],"about":[{"href":"https:\/\/www.visit-ulcinj.com\/blog\/wp-json\/wp\/v2\/types\/post"}],"author":[{"embeddable":true,"href":"https:\/\/www.visit-ulcinj.com\/blog\/wp-json\/wp\/v2\/users\/1"}],"replies":[{"embeddable":true,"href":"https:\/\/www.visit-ulcinj.com\/blog\/wp-json\/wp\/v2\/comments?post=20896"}],"version-history":[{"count":0,"href":"https:\/\/www.visit-ulcinj.com\/blog\/wp-json\/wp\/v2\/posts\/20896\/revisions"}],"wp:attachment":[{"href":"https:\/\/www.visit-ulcinj.com\/blog\/wp-json\/wp\/v2\/media?parent=20896"}],"wp:term":[{"taxonomy":"category","embeddable":true,"href":"https:\/\/www.visit-ulcinj.com\/blog\/wp-json\/wp\/v2\/categories?post=20896"},{"taxonomy":"post_tag","embeddable":true,"href":"https:\/\/www.visit-ulcinj.com\/blog\/wp-json\/wp\/v2\/tags?post=20896"}],"curies":[{"name":"wp","href":"https:\/\/api.w.org\/{rel}","templated":true}]}}