{"id":20931,"date":"2009-05-11T21:52:12","date_gmt":"2009-05-11T19:52:12","guid":{"rendered":"http:\/\/www.visit-ulcinj.com\/blog\/?p=20931"},"modified":"2009-05-12T12:54:25","modified_gmt":"2009-05-12T10:54:25","slug":"gezim-hajdinaga-prezanton-ulqinin-ne-maqedoni","status":"publish","type":"post","link":"https:\/\/www.visit-ulcinj.com\/blog\/2009\/05\/11\/gezim-hajdinaga-prezanton-ulqinin-ne-maqedoni\/","title":{"rendered":"G\u00ebzim Hajdinaga  prezanton Ulqinin n\u00eb Maqedoni"},"content":{"rendered":"<p><a href=\"http:\/\/www.visit-ulcinj.com\/blog\/wp-content\/uploads\/2009\/05\/konferenca-per-gazetare-shkup-2_gezim-hajdinaga-prezanton-ulqinin-ne-maqedoni.jpg\"><img loading=\"lazy\" class=\"alignleft size-full wp-image-20940\" title=\"konferenca-per-gazetare-shkup-2_gezim-hajdinaga-prezanton-ulqinin-ne-maqedoni\" src=\"http:\/\/www.visit-ulcinj.com\/blog\/wp-content\/uploads\/2009\/05\/konferenca-per-gazetare-shkup-2_gezim-hajdinaga-prezanton-ulqinin-ne-maqedoni.jpg\" alt=\"konferenca-per-gazetare-shkup-2_gezim-hajdinaga-prezanton-ulqinin-ne-maqedoni\" width=\"570\" height=\"400\" \/><\/a>Pas prezantimit t\u00eb suksesh\u00ebm t\u00eb ofert\u00ebs turistike n\u00eb tet\u00eb qendra t\u00eb Kosov\u00ebs sot kryetari Hajdinaga filloi turin e ri t\u00eb prezantimeve n\u00eb Maqedoni.<\/p>\n<p>Fillimisht n\u00eb kryeqytetin e vendit Shkupin, zoti Hajdinaga u takua me z\u00ebv\u00ebnd\u00ebskryeministrin z.Abdilhaqim Ademi.<\/p>\n<p>P\u00ebr nj\u00eb or\u00eb sa zgjati takimi u preken nj\u00eb s\u00ebr\u00eb \u00e7\u00ebshtjesh t\u00eb r\u00ebnd\u00ebsishme, e n\u00eb ve\u00e7anti ato qe kan\u00eb t\u00eb b\u00ebjn\u00eb me bashk\u00ebpunimin e nd\u00ebrsjellt\u00eb.<\/p>\n<p>z. Ademi, foli p\u00ebr zhvillimin e proceseve demokratike ne vend dhe p\u00ebr zgjedhjet e zhvilluara, aplikimin e marr\u00ebveshjes s\u00eb Ohrit dhe pozit\u00ebn e shqiptar\u00ebve, nd\u00ebrkoh\u00eb q\u00eb gjat\u00eb u ndal p\u00ebr bashk\u00ebpunimin\u00a0 e Ulqinit me qendra t\u00eb ndryshme t\u00eb Maqedonis\u00eb ve\u00e7mas me ata ku shqiptar\u00ebt p\u00ebrb\u00ebjn\u00eb shumic\u00ebn.<\/p>\n<p>Ve\u00e7mas interesim tregoi p\u00ebr p\u00ebrgatitjet q\u00eb jan\u00eb b\u00ebr\u00eb n\u00eb fush\u00ebn e turizmit, \u00e7mimet e ofert\u00ebs dhe shprehu bindjen q\u00eb edhe k\u00ebt\u00eb ver\u00eb mysafir\u00eb t\u00eb shumt\u00eb nga Maqedonia do t\u00eb vizitojn\u00eb Ulqinin.<\/p>\n<p>Nga ana tjet\u00ebr Kryetari Hajdinaga i shprehu mir\u00ebnjohje p\u00ebr pritjen\u00a0\u00a0 dhe detalisht\u00a0 foli p\u00ebr p\u00ebrgatitjet q\u00eb jan\u00eb b\u00ebr\u00eb n\u00eb nivel t\u00eb komun\u00ebs dhe republik\u00ebs, p\u00ebr leht\u00ebsirat e krijuara p\u00ebr afarist\u00ebt e turizmit, \u00e7mimet dhe t\u00eb gjith\u00eb at\u00eb q\u00eb pritet t\u00eb realizohet gjat\u00eb sezonit turistik.<\/p>\n<p>I bindur q\u00eb edhe sezoni 2009 do t\u00eb jet\u00eb i suksesh\u00ebm z. Hajdinaga u shpreh i gatsh\u00ebm p\u00ebr bashk\u00ebpunim n\u00eb fusha t\u00eb ndryshme me disa\u00a0 nga qytetet e Maqedonis\u00eb, duke ve\u00e7uar Strug\u00ebn, Shkupin, respektivisht \u00c7airin, Tetov\u00ebn, Gostivarin etj.<\/p>\n<p>Nj\u00eb takim\u00a0 tjet\u00ebr i r\u00ebnd\u00ebsish\u00ebm ishte ai i kryetarit Hajdinaga\u00a0 me Ministrin e ekonomise\u00a0 Dr. Fatmir Besimi.ku fokusimi q\u00ebndrore ishte n\u00eb fushen e turizmit dhe valorizimet q\u00eb priten t\u00eb realizohen\u00a0 n\u00eb qytetin ton\u00eb.<\/p>\n<p>T\u00eb dy bashk\u00ebbiseduesit vler\u00ebsuan takimet dhe ishin t\u00eb mendimit q\u00eb\u00a0\u00a0 k\u00ebto i ndihmojn\u00eb bashk\u00ebpunimit nd\u00ebrmjet qyteteve dhe vendeve t\u00eb rajonit.<\/p>\n<p><strong><\/p>\n<p>Interesimi nga ana e masmedjeve ishte tejet i madh p\u00ebr k\u00ebto takime.<\/strong><\/p>\n<p>Dita e par\u00eb e q\u00ebndrimit n\u00eb Shkup u p\u00ebrmbyll me nj\u00eb vizit\u00eb Komun\u00ebs s\u00eb \u00c7airit, njer\u00ebs nga l0 komunat e Shkupit, komun\u00eb me shumic\u00eb shqiptare.<\/p>\n<p>Po sot n\u00eb Shkup qendroi dhe nj\u00eb delegacion i zgjeruar i Podgoric\u00ebs\u00a0 i kryesuar nga Ministri i turizmit Neneziq, Drejtori i Organizat\u00ebs nacionale turistike Sasha Radoviq dhe Ambasadori i Malit t\u00eb Zi n\u00eb Shkup Dushko Llalliqeviq n\u00eb prani t\u00eb nj\u00eb numri t\u00eb madh t\u00eb t\u00eb ftuarve u\u00a0 b\u00eb prezantimi i ofert\u00ebs turistike t\u00eb Malit t\u00eb Zi n\u00eb Maqedoni.<\/p>\n<p>N\u00eb or\u00ebt e mbr\u00ebmjes kryetari i Ulqinit z G\u00ebzim Hajdinaga do t\u00eb organizoj\u00eb nj\u00eb pritje koktej p\u00ebr pun\u00ebtor\u00ebt dhe zyrtar\u00ebt e turizmit n\u00eb Shkup, nd\u00ebrkoh\u00eb q\u00eb nes\u00ebr priten t\u00eb vizitohen qendrat Tetov\u00eb e Gostivar.<\/p>\n\n\t\t<style type=\"text\/css\">\n\t\t\t#gallery-1 {\n\t\t\t\tmargin: auto;\n\t\t\t}\n\t\t\t#gallery-1 .gallery-item {\n\t\t\t\tfloat: left;\n\t\t\t\tmargin-top: 10px;\n\t\t\t\ttext-align: center;\n\t\t\t\twidth: 33%;\n\t\t\t}\n\t\t\t#gallery-1 img {\n\t\t\t\tborder: 2px solid #cfcfcf;\n\t\t\t}\n\t\t\t#gallery-1 .gallery-caption {\n\t\t\t\tmargin-left: 0;\n\t\t\t}\n\t\t\t\/* see gallery_shortcode() in wp-includes\/media.php *\/\n\t\t<\/style>\n\t\t<div id='gallery-1' class='gallery galleryid-20931 gallery-columns-3 gallery-size-thumbnail'><dl class='gallery-item'>\n\t\t\t<dt class='gallery-icon landscape'>\n\t\t\t\t<a href='https:\/\/www.visit-ulcinj.com\/blog\/2009\/05\/11\/gezim-hajdinaga-prezanton-ulqinin-ne-maqedoni\/gezim-hajdinaga-prezanton-ulqinin-ne-maqedoni\/'><img width=\"150\" height=\"150\" src=\"https:\/\/www.visit-ulcinj.com\/blog\/wp-content\/uploads\/2009\/05\/gezim-hajdinaga-prezanton-ulqinin-ne-maqedoni-150x150.jpg\" class=\"attachment-thumbnail size-thumbnail\" alt=\"\" loading=\"lazy\" \/><\/a>\n\t\t\t<\/dt><\/dl><dl class='gallery-item'>\n\t\t\t<dt class='gallery-icon landscape'>\n\t\t\t\t<a href='https:\/\/www.visit-ulcinj.com\/blog\/2009\/05\/11\/gezim-hajdinaga-prezanton-ulqinin-ne-maqedoni\/komuna-e-cairit-1_gezim-hajdinaga-prezanton-ulqinin-ne-maqedoni\/'><img width=\"150\" height=\"150\" src=\"https:\/\/www.visit-ulcinj.com\/blog\/wp-content\/uploads\/2009\/05\/komuna-e-cairit-1_gezim-hajdinaga-prezanton-ulqinin-ne-maqedoni-150x150.jpg\" class=\"attachment-thumbnail size-thumbnail\" alt=\"\" loading=\"lazy\" \/><\/a>\n\t\t\t<\/dt><\/dl><dl class='gallery-item'>\n\t\t\t<dt class='gallery-icon landscape'>\n\t\t\t\t<a href='https:\/\/www.visit-ulcinj.com\/blog\/2009\/05\/11\/gezim-hajdinaga-prezanton-ulqinin-ne-maqedoni\/komuna-e-mitrovices-1_gezim-hajdinaga-prezanton-ulqinin-ne-mitrovice\/'><img width=\"150\" height=\"150\" src=\"https:\/\/www.visit-ulcinj.com\/blog\/wp-content\/uploads\/2009\/05\/komuna-e-mitrovices-1_gezim-hajdinaga-prezanton-ulqinin-ne-mitrovice-150x150.jpg\" class=\"attachment-thumbnail size-thumbnail\" alt=\"\" loading=\"lazy\" \/><\/a>\n\t\t\t<\/dt><\/dl><br style=\"clear: both\" \/><dl class='gallery-item'>\n\t\t\t<dt class='gallery-icon landscape'>\n\t\t\t\t<a href='https:\/\/www.visit-ulcinj.com\/blog\/2009\/05\/11\/gezim-hajdinaga-prezanton-ulqinin-ne-maqedoni\/komune-e-ferizajit-1_gezim-hajdinaga-prezanton-ulqinin-ne-ferizaj\/'><img width=\"150\" height=\"150\" src=\"https:\/\/www.visit-ulcinj.com\/blog\/wp-content\/uploads\/2009\/05\/komune-e-ferizajit-1_gezim-hajdinaga-prezanton-ulqinin-ne-ferizaj-150x150.jpg\" class=\"attachment-thumbnail size-thumbnail\" alt=\"\" loading=\"lazy\" \/><\/a>\n\t\t\t<\/dt><\/dl><dl class='gallery-item'>\n\t\t\t<dt class='gallery-icon landscape'>\n\t\t\t\t<a href='https:\/\/www.visit-ulcinj.com\/blog\/2009\/05\/11\/gezim-hajdinaga-prezanton-ulqinin-ne-maqedoni\/komune-e-ferizajit-2_gezim-hajdinaga-prezanton-ulqinin-ne-ferizaj\/'><img width=\"150\" height=\"150\" src=\"https:\/\/www.visit-ulcinj.com\/blog\/wp-content\/uploads\/2009\/05\/komune-e-ferizajit-2_gezim-hajdinaga-prezanton-ulqinin-ne-ferizaj-150x150.jpg\" class=\"attachment-thumbnail size-thumbnail\" alt=\"\" loading=\"lazy\" \/><\/a>\n\t\t\t<\/dt><\/dl><dl class='gallery-item'>\n\t\t\t<dt class='gallery-icon landscape'>\n\t\t\t\t<a href='https:\/\/www.visit-ulcinj.com\/blog\/2009\/05\/11\/gezim-hajdinaga-prezanton-ulqinin-ne-maqedoni\/komune-e-gjilanit-1_gezim-hajdinaga-prezanton-ulqinin-ne-gjilan\/'><img width=\"150\" height=\"150\" src=\"https:\/\/www.visit-ulcinj.com\/blog\/wp-content\/uploads\/2009\/05\/komune-e-gjilanit-1_gezim-hajdinaga-prezanton-ulqinin-ne-gjilan-150x150.jpg\" class=\"attachment-thumbnail size-thumbnail\" alt=\"\" loading=\"lazy\" \/><\/a>\n\t\t\t<\/dt><\/dl><br style=\"clear: both\" \/><dl class='gallery-item'>\n\t\t\t<dt class='gallery-icon landscape'>\n\t\t\t\t<a href='https:\/\/www.visit-ulcinj.com\/blog\/2009\/05\/11\/gezim-hajdinaga-prezanton-ulqinin-ne-maqedoni\/konferenca-per-gazetare-shkup-1_gezim-hajdinaga-prezanton-ulqinin-ne-maqedoni\/'><img width=\"150\" height=\"150\" src=\"https:\/\/www.visit-ulcinj.com\/blog\/wp-content\/uploads\/2009\/05\/konferenca-per-gazetare-shkup-1_gezim-hajdinaga-prezanton-ulqinin-ne-maqedoni-150x150.jpg\" class=\"attachment-thumbnail size-thumbnail\" alt=\"\" loading=\"lazy\" \/><\/a>\n\t\t\t<\/dt><\/dl><dl class='gallery-item'>\n\t\t\t<dt class='gallery-icon landscape'>\n\t\t\t\t<a href='https:\/\/www.visit-ulcinj.com\/blog\/2009\/05\/11\/gezim-hajdinaga-prezanton-ulqinin-ne-maqedoni\/konferenca-per-gazetare-shkup-2_gezim-hajdinaga-prezanton-ulqinin-ne-maqedoni\/'><img width=\"150\" height=\"150\" src=\"https:\/\/www.visit-ulcinj.com\/blog\/wp-content\/uploads\/2009\/05\/konferenca-per-gazetare-shkup-2_gezim-hajdinaga-prezanton-ulqinin-ne-maqedoni-150x150.jpg\" class=\"attachment-thumbnail size-thumbnail\" alt=\"\" loading=\"lazy\" \/><\/a>\n\t\t\t<\/dt><\/dl><dl class='gallery-item'>\n\t\t\t<dt class='gallery-icon landscape'>\n\t\t\t\t<a href='https:\/\/www.visit-ulcinj.com\/blog\/2009\/05\/11\/gezim-hajdinaga-prezanton-ulqinin-ne-maqedoni\/ministri-i-ekonomise-1_gezim-hajdinaga-prezanton-ulqinin\/'><img width=\"150\" height=\"150\" src=\"https:\/\/www.visit-ulcinj.com\/blog\/wp-content\/uploads\/2009\/05\/ministri-i-ekonomise-1_gezim-hajdinaga-prezanton-ulqinin-150x150.jpg\" class=\"attachment-thumbnail size-thumbnail\" alt=\"\" loading=\"lazy\" \/><\/a>\n\t\t\t<\/dt><\/dl><br style=\"clear: both\" \/><dl class='gallery-item'>\n\t\t\t<dt class='gallery-icon landscape'>\n\t\t\t\t<a href='https:\/\/www.visit-ulcinj.com\/blog\/2009\/05\/11\/gezim-hajdinaga-prezanton-ulqinin-ne-maqedoni\/ministri-i-ekonomise-2_gezim-hajdinaga-prezanton-ulqinin\/'><img width=\"150\" height=\"150\" src=\"https:\/\/www.visit-ulcinj.com\/blog\/wp-content\/uploads\/2009\/05\/ministri-i-ekonomise-2_gezim-hajdinaga-prezanton-ulqinin-150x150.jpg\" class=\"attachment-thumbnail size-thumbnail\" alt=\"\" loading=\"lazy\" \/><\/a>\n\t\t\t<\/dt><\/dl><dl class='gallery-item'>\n\t\t\t<dt class='gallery-icon landscape'>\n\t\t\t\t<a href='https:\/\/www.visit-ulcinj.com\/blog\/2009\/05\/11\/gezim-hajdinaga-prezanton-ulqinin-ne-maqedoni\/zevendeskryeministri-1_gezim-hajdinaga-prezanton-ulqinin-ne-maqedoni\/'><img width=\"150\" height=\"150\" src=\"https:\/\/www.visit-ulcinj.com\/blog\/wp-content\/uploads\/2009\/05\/zevendeskryeministri-1_gezim-hajdinaga-prezanton-ulqinin-ne-maqedoni-150x150.jpg\" class=\"attachment-thumbnail size-thumbnail\" alt=\"\" loading=\"lazy\" \/><\/a>\n\t\t\t<\/dt><\/dl><dl class='gallery-item'>\n\t\t\t<dt class='gallery-icon landscape'>\n\t\t\t\t<a href='https:\/\/www.visit-ulcinj.com\/blog\/2009\/05\/11\/gezim-hajdinaga-prezanton-ulqinin-ne-maqedoni\/zevendeskryeministri-2_gezim-hajdinaga-prezanton-ulqinin-ne-maqedoni\/'><img width=\"150\" height=\"150\" src=\"https:\/\/www.visit-ulcinj.com\/blog\/wp-content\/uploads\/2009\/05\/zevendeskryeministri-2_gezim-hajdinaga-prezanton-ulqinin-ne-maqedoni-150x150.jpg\" class=\"attachment-thumbnail size-thumbnail\" alt=\"\" loading=\"lazy\" \/><\/a>\n\t\t\t<\/dt><\/dl><br style=\"clear: both\" \/><dl class='gallery-item'>\n\t\t\t<dt class='gallery-icon landscape'>\n\t\t\t\t<a href='https:\/\/www.visit-ulcinj.com\/blog\/2009\/05\/11\/gezim-hajdinaga-prezanton-ulqinin-ne-maqedoni\/zevendeskryeministri-3_gezim-hajdinaga-prezanton-ulqinin-ne-maqedoni\/'><img width=\"150\" height=\"150\" src=\"https:\/\/www.visit-ulcinj.com\/blog\/wp-content\/uploads\/2009\/05\/zevendeskryeministri-3_gezim-hajdinaga-prezanton-ulqinin-ne-maqedoni-150x150.jpg\" class=\"attachment-thumbnail size-thumbnail\" alt=\"\" loading=\"lazy\" \/><\/a>\n\t\t\t<\/dt><\/dl>\n\t\t\t<br style='clear: both' \/>\n\t\t<\/div>\n\n<p>[flv width=&#8221;580&#8243; height=&#8221;380&#8243;]http:\/\/tours-tv.com\/objects\/ulcinj\/Ulcinj.flv[\/flv]<\/p>\n","protected":false},"excerpt":{"rendered":"<p>Pas prezantimit t\u00eb suksesh\u00ebm t\u00eb ofert\u00ebs turistike n\u00eb tet\u00eb qendra t\u00eb Kosov\u00ebs sot kryetari Hajdinaga filloi turin e ri t\u00eb prezantimeve n\u00eb Maqedoni. Fillimisht n\u00eb kryeqytetin e vendit Shkupin, zoti Hajdinaga u takua me z\u00ebv\u00ebnd\u00ebskryeministrin z.Abdilhaqim Ademi. P\u00ebr nj\u00eb or\u00eb sa zgjati takimi u preken nj\u00eb s\u00ebr\u00eb \u00e7\u00ebshtjesh t\u00eb r\u00ebnd\u00ebsishme, e n\u00eb ve\u00e7anti ato qe [&hellip;]<\/p>\n","protected":false},"author":1,"featured_media":0,"comment_status":"open","ping_status":"closed","sticky":false,"template":"","format":"standard","meta":{"spay_email":"","jetpack_publicize_message":"","jetpack_is_tweetstorm":false,"jetpack_publicize_feature_enabled":true},"categories":[1],"tags":[10213,10225,10218,10212,10224,222,10220,10227,10221,10215,10223,10222,7239,10214,10226,10211,2350,10217,10216,10228,10219,18],"jetpack_publicize_connections":[],"yoast_head":"<!-- This site is optimized with the Yoast SEO plugin v19.1 - https:\/\/yoast.com\/wordpress\/plugins\/seo\/ -->\n<title>G\u00ebzim Hajdinaga prezanton Ulqinin n\u00eb Maqedoni - Lajme nga Ulqini<\/title>\n<meta name=\"description\" content=\"Pas prezantimit t\u00eb suksesh\u00ebm t\u00eb ofert\u00ebs turistike n\u00eb tet\u00eb qendra t\u00eb Kosov\u00ebs sot kryetari Hajdinaga filloi turin e ri t\u00eb prezantimeve n\u00eb Maqedoni.\" \/>\n<meta name=\"robots\" content=\"index, follow, max-snippet:-1, max-image-preview:large, max-video-preview:-1\" \/>\n<link rel=\"canonical\" href=\"https:\/\/www.visit-ulcinj.com\/blog\/2009\/05\/11\/gezim-hajdinaga-prezanton-ulqinin-ne-maqedoni\/\" \/>\n<meta property=\"og:locale\" content=\"en_US\" \/>\n<meta property=\"og:type\" content=\"article\" \/>\n<meta property=\"og:title\" content=\"G\u00ebzim Hajdinaga prezanton Ulqinin n\u00eb Maqedoni - Lajme nga Ulqini\" \/>\n<meta property=\"og:description\" content=\"Pas prezantimit t\u00eb suksesh\u00ebm t\u00eb ofert\u00ebs turistike n\u00eb tet\u00eb qendra t\u00eb Kosov\u00ebs sot kryetari Hajdinaga filloi turin e ri t\u00eb prezantimeve n\u00eb Maqedoni.\" \/>\n<meta property=\"og:url\" content=\"https:\/\/www.visit-ulcinj.com\/blog\/2009\/05\/11\/gezim-hajdinaga-prezanton-ulqinin-ne-maqedoni\/\" \/>\n<meta property=\"og:site_name\" content=\"Lajme nga Ulqini\" \/>\n<meta property=\"article:published_time\" content=\"2009-05-11T19:52:12+00:00\" \/>\n<meta property=\"article:modified_time\" content=\"2009-05-12T10:54:25+00:00\" \/>\n<meta property=\"og:image\" content=\"https:\/\/www.visit-ulcinj.com\/blog\/wp-content\/uploads\/2009\/05\/gezim-hajdinaga-prezanton-ulqinin-ne-maqedoni-150x150.jpg\" \/>\n<meta name=\"twitter:label1\" content=\"Written by\" \/>\n\t<meta name=\"twitter:data1\" content=\"ulqini\" \/>\n\t<meta name=\"twitter:label2\" content=\"Est. reading time\" \/>\n\t<meta name=\"twitter:data2\" content=\"2 minutes\" \/>\n<script type=\"application\/ld+json\" class=\"yoast-schema-graph\">{\"@context\":\"https:\/\/schema.org\",\"@graph\":[{\"@type\":\"WebSite\",\"@id\":\"https:\/\/www.visit-ulcinj.com\/blog\/#website\",\"url\":\"https:\/\/www.visit-ulcinj.com\/blog\/\",\"name\":\"Lajme nga Ulqini\",\"description\":\"Lajme,Vijesti,Ulqini,Ulqin,Crna Gora,Mali i Zi\",\"potentialAction\":[{\"@type\":\"SearchAction\",\"target\":{\"@type\":\"EntryPoint\",\"urlTemplate\":\"https:\/\/www.visit-ulcinj.com\/blog\/?s={search_term_string}\"},\"query-input\":\"required name=search_term_string\"}],\"inLanguage\":\"en-US\"},{\"@type\":\"ImageObject\",\"inLanguage\":\"en-US\",\"@id\":\"https:\/\/www.visit-ulcinj.com\/blog\/2009\/05\/11\/gezim-hajdinaga-prezanton-ulqinin-ne-maqedoni\/#primaryimage\",\"url\":\"https:\/\/www.visit-ulcinj.com\/blog\/wp-content\/uploads\/2009\/05\/konferenca-per-gazetare-shkup-2_gezim-hajdinaga-prezanton-ulqinin-ne-maqedoni.jpg\",\"contentUrl\":\"https:\/\/www.visit-ulcinj.com\/blog\/wp-content\/uploads\/2009\/05\/konferenca-per-gazetare-shkup-2_gezim-hajdinaga-prezanton-ulqinin-ne-maqedoni.jpg\",\"width\":\"1020\",\"height\":\"765\"},{\"@type\":\"WebPage\",\"@id\":\"https:\/\/www.visit-ulcinj.com\/blog\/2009\/05\/11\/gezim-hajdinaga-prezanton-ulqinin-ne-maqedoni\/#webpage\",\"url\":\"https:\/\/www.visit-ulcinj.com\/blog\/2009\/05\/11\/gezim-hajdinaga-prezanton-ulqinin-ne-maqedoni\/\",\"name\":\"G\u00ebzim Hajdinaga prezanton Ulqinin n\u00eb Maqedoni - Lajme nga Ulqini\",\"isPartOf\":{\"@id\":\"https:\/\/www.visit-ulcinj.com\/blog\/#website\"},\"primaryImageOfPage\":{\"@id\":\"https:\/\/www.visit-ulcinj.com\/blog\/2009\/05\/11\/gezim-hajdinaga-prezanton-ulqinin-ne-maqedoni\/#primaryimage\"},\"datePublished\":\"2009-05-11T19:52:12+00:00\",\"dateModified\":\"2009-05-12T10:54:25+00:00\",\"author\":{\"@id\":\"https:\/\/www.visit-ulcinj.com\/blog\/#\/schema\/person\/dcab619c614d3038751c63bc2aadc06d\"},\"description\":\"Pas prezantimit t\u00eb suksesh\u00ebm t\u00eb ofert\u00ebs turistike n\u00eb tet\u00eb qendra t\u00eb Kosov\u00ebs sot kryetari Hajdinaga filloi turin e ri t\u00eb prezantimeve n\u00eb Maqedoni.\",\"breadcrumb\":{\"@id\":\"https:\/\/www.visit-ulcinj.com\/blog\/2009\/05\/11\/gezim-hajdinaga-prezanton-ulqinin-ne-maqedoni\/#breadcrumb\"},\"inLanguage\":\"en-US\",\"potentialAction\":[{\"@type\":\"ReadAction\",\"target\":[\"https:\/\/www.visit-ulcinj.com\/blog\/2009\/05\/11\/gezim-hajdinaga-prezanton-ulqinin-ne-maqedoni\/\"]}]},{\"@type\":\"BreadcrumbList\",\"@id\":\"https:\/\/www.visit-ulcinj.com\/blog\/2009\/05\/11\/gezim-hajdinaga-prezanton-ulqinin-ne-maqedoni\/#breadcrumb\",\"itemListElement\":[{\"@type\":\"ListItem\",\"position\":1,\"name\":\"G\u00ebzim Hajdinaga prezanton Ulqinin n\u00eb Maqedoni\"}]},{\"@type\":\"Person\",\"@id\":\"https:\/\/www.visit-ulcinj.com\/blog\/#\/schema\/person\/dcab619c614d3038751c63bc2aadc06d\",\"name\":\"ulqini\",\"sameAs\":[\"http:\/\/www.visit-ulcinj.com\"],\"url\":\"https:\/\/www.visit-ulcinj.com\/blog\/author\/admin\/\"}]}<\/script>\n<!-- \/ Yoast SEO plugin. -->","yoast_head_json":{"title":"G\u00ebzim Hajdinaga prezanton Ulqinin n\u00eb Maqedoni - Lajme nga Ulqini","description":"Pas prezantimit t\u00eb suksesh\u00ebm t\u00eb ofert\u00ebs turistike n\u00eb tet\u00eb qendra t\u00eb Kosov\u00ebs sot kryetari Hajdinaga filloi turin e ri t\u00eb prezantimeve n\u00eb Maqedoni.","robots":{"index":"index","follow":"follow","max-snippet":"max-snippet:-1","max-image-preview":"max-image-preview:large","max-video-preview":"max-video-preview:-1"},"canonical":"https:\/\/www.visit-ulcinj.com\/blog\/2009\/05\/11\/gezim-hajdinaga-prezanton-ulqinin-ne-maqedoni\/","og_locale":"en_US","og_type":"article","og_title":"G\u00ebzim Hajdinaga prezanton Ulqinin n\u00eb Maqedoni - Lajme nga Ulqini","og_description":"Pas prezantimit t\u00eb suksesh\u00ebm t\u00eb ofert\u00ebs turistike n\u00eb tet\u00eb qendra t\u00eb Kosov\u00ebs sot kryetari Hajdinaga filloi turin e ri t\u00eb prezantimeve n\u00eb Maqedoni.","og_url":"https:\/\/www.visit-ulcinj.com\/blog\/2009\/05\/11\/gezim-hajdinaga-prezanton-ulqinin-ne-maqedoni\/","og_site_name":"Lajme nga Ulqini","article_published_time":"2009-05-11T19:52:12+00:00","article_modified_time":"2009-05-12T10:54:25+00:00","og_image":[{"url":"https:\/\/www.visit-ulcinj.com\/blog\/wp-content\/uploads\/2009\/05\/gezim-hajdinaga-prezanton-ulqinin-ne-maqedoni-150x150.jpg"}],"twitter_misc":{"Written by":"ulqini","Est. reading time":"2 minutes"},"schema":{"@context":"https:\/\/schema.org","@graph":[{"@type":"WebSite","@id":"https:\/\/www.visit-ulcinj.com\/blog\/#website","url":"https:\/\/www.visit-ulcinj.com\/blog\/","name":"Lajme nga Ulqini","description":"Lajme,Vijesti,Ulqini,Ulqin,Crna Gora,Mali i Zi","potentialAction":[{"@type":"SearchAction","target":{"@type":"EntryPoint","urlTemplate":"https:\/\/www.visit-ulcinj.com\/blog\/?s={search_term_string}"},"query-input":"required name=search_term_string"}],"inLanguage":"en-US"},{"@type":"ImageObject","inLanguage":"en-US","@id":"https:\/\/www.visit-ulcinj.com\/blog\/2009\/05\/11\/gezim-hajdinaga-prezanton-ulqinin-ne-maqedoni\/#primaryimage","url":"https:\/\/www.visit-ulcinj.com\/blog\/wp-content\/uploads\/2009\/05\/konferenca-per-gazetare-shkup-2_gezim-hajdinaga-prezanton-ulqinin-ne-maqedoni.jpg","contentUrl":"https:\/\/www.visit-ulcinj.com\/blog\/wp-content\/uploads\/2009\/05\/konferenca-per-gazetare-shkup-2_gezim-hajdinaga-prezanton-ulqinin-ne-maqedoni.jpg","width":"1020","height":"765"},{"@type":"WebPage","@id":"https:\/\/www.visit-ulcinj.com\/blog\/2009\/05\/11\/gezim-hajdinaga-prezanton-ulqinin-ne-maqedoni\/#webpage","url":"https:\/\/www.visit-ulcinj.com\/blog\/2009\/05\/11\/gezim-hajdinaga-prezanton-ulqinin-ne-maqedoni\/","name":"G\u00ebzim Hajdinaga prezanton Ulqinin n\u00eb Maqedoni - Lajme nga Ulqini","isPartOf":{"@id":"https:\/\/www.visit-ulcinj.com\/blog\/#website"},"primaryImageOfPage":{"@id":"https:\/\/www.visit-ulcinj.com\/blog\/2009\/05\/11\/gezim-hajdinaga-prezanton-ulqinin-ne-maqedoni\/#primaryimage"},"datePublished":"2009-05-11T19:52:12+00:00","dateModified":"2009-05-12T10:54:25+00:00","author":{"@id":"https:\/\/www.visit-ulcinj.com\/blog\/#\/schema\/person\/dcab619c614d3038751c63bc2aadc06d"},"description":"Pas prezantimit t\u00eb suksesh\u00ebm t\u00eb ofert\u00ebs turistike n\u00eb tet\u00eb qendra t\u00eb Kosov\u00ebs sot kryetari Hajdinaga filloi turin e ri t\u00eb prezantimeve n\u00eb Maqedoni.","breadcrumb":{"@id":"https:\/\/www.visit-ulcinj.com\/blog\/2009\/05\/11\/gezim-hajdinaga-prezanton-ulqinin-ne-maqedoni\/#breadcrumb"},"inLanguage":"en-US","potentialAction":[{"@type":"ReadAction","target":["https:\/\/www.visit-ulcinj.com\/blog\/2009\/05\/11\/gezim-hajdinaga-prezanton-ulqinin-ne-maqedoni\/"]}]},{"@type":"BreadcrumbList","@id":"https:\/\/www.visit-ulcinj.com\/blog\/2009\/05\/11\/gezim-hajdinaga-prezanton-ulqinin-ne-maqedoni\/#breadcrumb","itemListElement":[{"@type":"ListItem","position":1,"name":"G\u00ebzim Hajdinaga prezanton Ulqinin n\u00eb Maqedoni"}]},{"@type":"Person","@id":"https:\/\/www.visit-ulcinj.com\/blog\/#\/schema\/person\/dcab619c614d3038751c63bc2aadc06d","name":"ulqini","sameAs":["http:\/\/www.visit-ulcinj.com"],"url":"https:\/\/www.visit-ulcinj.com\/blog\/author\/admin\/"}]}},"jetpack_featured_media_url":"","jetpack_sharing_enabled":true,"jetpack_shortlink":"https:\/\/wp.me\/pe6lTn-5rB","_links":{"self":[{"href":"https:\/\/www.visit-ulcinj.com\/blog\/wp-json\/wp\/v2\/posts\/20931"}],"collection":[{"href":"https:\/\/www.visit-ulcinj.com\/blog\/wp-json\/wp\/v2\/posts"}],"about":[{"href":"https:\/\/www.visit-ulcinj.com\/blog\/wp-json\/wp\/v2\/types\/post"}],"author":[{"embeddable":true,"href":"https:\/\/www.visit-ulcinj.com\/blog\/wp-json\/wp\/v2\/users\/1"}],"replies":[{"embeddable":true,"href":"https:\/\/www.visit-ulcinj.com\/blog\/wp-json\/wp\/v2\/comments?post=20931"}],"version-history":[{"count":0,"href":"https:\/\/www.visit-ulcinj.com\/blog\/wp-json\/wp\/v2\/posts\/20931\/revisions"}],"wp:attachment":[{"href":"https:\/\/www.visit-ulcinj.com\/blog\/wp-json\/wp\/v2\/media?parent=20931"}],"wp:term":[{"taxonomy":"category","embeddable":true,"href":"https:\/\/www.visit-ulcinj.com\/blog\/wp-json\/wp\/v2\/categories?post=20931"},{"taxonomy":"post_tag","embeddable":true,"href":"https:\/\/www.visit-ulcinj.com\/blog\/wp-json\/wp\/v2\/tags?post=20931"}],"curies":[{"name":"wp","href":"https:\/\/api.w.org\/{rel}","templated":true}]}}