{"id":20960,"date":"2009-05-11T22:31:48","date_gmt":"2009-05-11T20:31:48","guid":{"rendered":"http:\/\/www.visit-ulcinj.com\/blog\/?p=20960"},"modified":"2009-05-13T20:19:54","modified_gmt":"2009-05-13T18:19:54","slug":"takim-i-ministrit-te-ekonomise-z-fatmir-besimi-me-kryetarin-e-komunes-se-ulqinit-zgezim-hajdinaga","status":"publish","type":"post","link":"https:\/\/www.visit-ulcinj.com\/blog\/2009\/05\/11\/takim-i-ministrit-te-ekonomise-z-fatmir-besimi-me-kryetarin-e-komunes-se-ulqinit-zgezim-hajdinaga\/","title":{"rendered":"Takim i ministrit t\u00eb ekonomis\u00eb, z. Fatmir Besimi me kryetarin e Komun\u00ebs se Ulqinit z.G\u00ebzim Hajdinaga"},"content":{"rendered":"<p><img loading=\"lazy\" class=\"alignleft size-full wp-image-20961\" title=\"takim-i-ministrit-te-ekonomise-z-fatmir-besimi-me-kryetarin-e-komunes-se-ulqinit-zgezim-hajdinaga\" src=\"http:\/\/www.visit-ulcinj.com\/blog\/wp-content\/uploads\/2009\/05\/takim-i-ministrit-te-ekonomise-z-fatmir-besimi-me-kryetarin-e-komunes-se-ulqinit-zgezim-hajdinaga.jpg\" alt=\"takim-i-ministrit-te-ekonomise-z-fatmir-besimi-me-kryetarin-e-komunes-se-ulqinit-zgezim-hajdinaga\" width=\"580\" height=\"303\" \/>Ministri i ekonomis\u00eb, zot\u00ebri Fatmir Besimi, sot n\u00eb hap\u00ebsirat e Ministris\u00eb s\u00eb ekonomis\u00eb realizoi takim me kryetarin e komun\u00ebs s\u00eb Ulqinit, zot\u00ebri G\u00ebzim Hajdinaga.<br \/>\nQ\u00ebllimi i k\u00ebtij takimi ishte informimi i nd\u00ebrsjell\u00eb p\u00ebr mund\u00ebsit\u00eb e ofruara nga k\u00ebto dy vende n\u00eb interes t\u00eb thellimit t\u00eb marr\u00ebdh\u00ebnieve bilaterale, ve\u00e7an\u00ebrisht n\u00eb fush\u00ebn e turizmit, si segment i r\u00ebnd\u00ebsish\u00ebm p\u00ebr t\u00eb cil\u00ebn t\u00eb dy pal\u00ebt shpreh\u00ebn interesim, nga e cila rrjedhin nj\u00eb num\u00ebr i madh i aktiviteteve t\u00eb p\u00ebrbashk\u00ebta.<br \/>\nZ. Hajdinaga gjat\u00eb takimit informoi p\u00ebr mund\u00ebsit\u00eb e shumta q\u00eb dalin nga ky qytet bregdetar tashm\u00eb me nje tradite shumevjecare turistike sidomos ne kete periudhe ku po ndihet prekja e krizes globale financiare. Ai theksoi lehtesimet e \u00e7mimeve turistike nga 20% deri me 30%, sigurin\u00eb dhe traditat q\u00eb ofron Ulqini si destinacion turistik, duke u bazuar n\u00eb nj\u00ebr\u00ebn nga projektet m\u00eb t\u00eb m\u00ebdha turistike investuese q\u00eb realizon kjo komun\u00eb, i cili \u00ebsht\u00eb i ndare ne tre lokacione edhe ate Plazhi i madh; Valdanos si dhe\u00a0 Ishulli Ada.<br \/>\nNe kuad\u00ebr t\u00eb k\u00ebtij projekti z.Hajdinaga ne bisede e siper shprehi interesimin edhe per mendim\u00a0 profesional nga ana e ministrit Besimi duke mare parasysh sektorin e turizmit qe mbulon Ministria e ekonomise.<br \/>\nNe anen tjeter ministri Fatmir Besimi theksoi rendesine e takimit te sotshem, perparimin e turizmit dhe promovimin cilesor te vlerave kulturore dhe natyrore si nje nder temat aktuale dhe nje nder prioritet e Ministrise se ekonomise. Ai p\u00ebruroi nism\u00ebn e ketij projekti duke theksuar se me realizimin e investimeve t\u00eb tilla hapen mundesi per dizajnimin e projekteve te shumta per te gjitha shtresat e turisteve madje edhe te turizmit ekskluziv por dhe njekohesisht permiresohet edhe vet imazhi i qytetit i cili e realizon.<\/p>\n<p><a href=\"http:\/\/www.aliahmeti.org\/news.aspx?id=2512\" target=\"_blank\"><strong>BDI<\/strong><\/a><\/p>\n\n\t\t<style type=\"text\/css\">\n\t\t\t#gallery-1 {\n\t\t\t\tmargin: auto;\n\t\t\t}\n\t\t\t#gallery-1 .gallery-item {\n\t\t\t\tfloat: left;\n\t\t\t\tmargin-top: 10px;\n\t\t\t\ttext-align: center;\n\t\t\t\twidth: 33%;\n\t\t\t}\n\t\t\t#gallery-1 img {\n\t\t\t\tborder: 2px solid #cfcfcf;\n\t\t\t}\n\t\t\t#gallery-1 .gallery-caption {\n\t\t\t\tmargin-left: 0;\n\t\t\t}\n\t\t\t\/* see gallery_shortcode() in wp-includes\/media.php *\/\n\t\t<\/style>\n\t\t<div id='gallery-1' class='gallery galleryid-20960 gallery-columns-3 gallery-size-thumbnail'><dl class='gallery-item'>\n\t\t\t<dt class='gallery-icon landscape'>\n\t\t\t\t<a href='https:\/\/www.visit-ulcinj.com\/blog\/2009\/05\/11\/takim-i-ministrit-te-ekonomise-z-fatmir-besimi-me-kryetarin-e-komunes-se-ulqinit-zgezim-hajdinaga\/takim-i-ministrit-te-ekonomise-z-fatmir-besimi-me-kryetarin-e-komunes-se-ulqinit-zgezim-hajdinaga\/'><img width=\"150\" height=\"150\" src=\"https:\/\/www.visit-ulcinj.com\/blog\/wp-content\/uploads\/2009\/05\/takim-i-ministrit-te-ekonomise-z-fatmir-besimi-me-kryetarin-e-komunes-se-ulqinit-zgezim-hajdinaga-150x150.jpg\" class=\"attachment-thumbnail size-thumbnail\" alt=\"\" loading=\"lazy\" \/><\/a>\n\t\t\t<\/dt><\/dl><dl class='gallery-item'>\n\t\t\t<dt class='gallery-icon landscape'>\n\t\t\t\t<a href='https:\/\/www.visit-ulcinj.com\/blog\/2009\/05\/11\/takim-i-ministrit-te-ekonomise-z-fatmir-besimi-me-kryetarin-e-komunes-se-ulqinit-zgezim-hajdinaga\/ministri-i-ekonomise-1_gezim-hajdinaga-prezanton-ulqinin1\/'><img width=\"150\" height=\"150\" src=\"https:\/\/www.visit-ulcinj.com\/blog\/wp-content\/uploads\/2009\/05\/ministri-i-ekonomise-1_gezim-hajdinaga-prezanton-ulqinin1-150x150.jpg\" class=\"attachment-thumbnail size-thumbnail\" alt=\"\" loading=\"lazy\" \/><\/a>\n\t\t\t<\/dt><\/dl><dl class='gallery-item'>\n\t\t\t<dt class='gallery-icon landscape'>\n\t\t\t\t<a href='https:\/\/www.visit-ulcinj.com\/blog\/2009\/05\/11\/takim-i-ministrit-te-ekonomise-z-fatmir-besimi-me-kryetarin-e-komunes-se-ulqinit-zgezim-hajdinaga\/ministri-i-ekonomise-2_gezim-hajdinaga-prezanton-ulqinin-ne-maqedoni\/'><img width=\"150\" height=\"150\" src=\"https:\/\/www.visit-ulcinj.com\/blog\/wp-content\/uploads\/2009\/05\/ministri-i-ekonomise-2_gezim-hajdinaga-prezanton-ulqinin-ne-maqedoni-150x150.jpg\" class=\"attachment-thumbnail size-thumbnail\" alt=\"\" loading=\"lazy\" \/><\/a>\n\t\t\t<\/dt><\/dl><br style=\"clear: both\" \/>\n\t\t<\/div>\n\n<!-- vimeo error: not a vimeo video -->\n<p style=\"text-align: center;\"><a class=\"aligncenter\" title=\"???? ????,?????,Ulcinj,Montenegru,??????????,?ernoqoriya,Besplatni internet oglasi,Besplatni oglasi,besplatni mali oglasi,besplatni turisti\u00e8ki oglasi,oglasi, usluge, turizam,Turisti\u00e8ke usluge,Doma?i turizam,Besplatni Oglasnik,Brzi Oglasi Besplatno,Besplatno OglasavanjeTurizam,besplatni oglasi sa slikom,Turisticki informator besplatni,li\u00e8ni-oglasi,BESPLATNI Turisticki OGLASI SA SLIKAMA,BESPLATNI Turisticki Oglasi saVideom,turisticki smestaj oglasi,Turisti\u00e8ki vodi\u00e8 balkana,BESPLATNA REZERVACIJA SMESTAJA,Postavite besplatno Vas oglas,FREE TOURIST GUIDES,Izdavanje-Turizam oglasi,Balkan Turisticki vodic,shpallje turistike falas,Shpallje Falas,Shpallje falas per Komplekse Turistike,Lajmerime,Njoftime,shpallje shqip per shqiptaret ne shqiperi kosova maqedoni,mal te zi,???????????,Montenegiro,?ern? Hora,??????????,Cz\u00f4rnog?ra,Cz\u00f4rn\u00f4 G?ra,Carna G?ra,T?ernogooria,?ernogoriya,Montain\u00e9agr?,Montenegwo,?orna Hora,Montenegr?,M?ntenigro,Chernogoriya ,\u00c7\u00earnogor\u00ee ,?????????,????????? ,??????? ,Montes Nigrae,Mons Niger,M\u00f4ntenegr\u00f4,Muntenegru,??????????,Czarnog?ra,Muntinigru,Muntenegro,&lt;br &gt;&lt;\/a&gt; Muntenegru,\t?ierna Hora,Cxerngora,????????,?rna gora,Moontineegro,?ornog\u00f9ra,?ernogori?a,Chernogoriya,Mont\u00f5negro,????? ???? ,?r?na Gora,?r?nogorije,?ernogorija,?arnahoryja,??????????,???????????????????? ,?ern\u00f4g\u00f4riy\u00e2,M\u00fbnt\u00een\u00ee?r\u00fb,????? ?????? ,????????,??????????,???????????,M\u00e2nten\u00eegro,???? ????? ,????????,M\u00f4ntenegr\u00f4,????????????,???????????,????????????, ??????????? ,????????????,??????????? ,\u008d\u2022?R\/?K?R ,\u0192\u201a\u0192\u201c\u0192e\u0192l\u0192O\u0192\u008d,\u00b8???\u00b3?\u00b1?\u2022? ,Muntenegru, ????? ????, Montenegr?,chambres ? louer ? ulcinj, location de vacance, location saisonni?res, louer villa,location de vacance, Locations vacance, h?bergements vacances, locations villa, logements de vacances, location maison avec piscine, Location vacance, locations de vacance, h?bergements de vacances, location villa, locations entre particulier, logements vacance, vacances ? Mont?n?gro - location ? Ulcinj ,location  de bigorre,Urlaub in Ulcinj -Montenegro,Hotelbewertungen Ulcinj,Reisen Ulcinj, Urlaub Ulcinj,Hotel in Serbien und Montenegro von Urlaubern bewertet,Billig Urlaub in Ulcinj,ferienh?user,ferienwohnung,Billige Ferienh?user,Ferienwohnung ULCINJ,Ferien an der Adria,Urlaub im Ferienhaus ulcinjBilligreisen Ulcinj,Pauschalreisen,FKK Strand Ada Bojana ulcinj,Last Minute Angebote ulcinj,Preise f?r Lastminute,Kleinanzeigen gratis,Ausflug nach Ulcinj,FKK-Reisen ada bojana,FKK-Urlaub ulcinj,Privatni smje?taj,rezervacija smje?taja,apartmani,sobe,ku?e,odmor,sobe za odmor ulcinj,Pretra?ivanje privatnog smje?taja,rooms rent accommodation ulcinj, rentail private accommodation ulcinj,?elite rezervirati privatni smje?taj,Private accommodation,Smje?taj ulcinj,Pushime Verore ulqin,pushime t? lira n? ulqin,Pushime ne plazh,Pushime te kendshme,dhoma per pushime ulqin,dhoma me qera ulqin,dhoma te lira ulqin,pushime te lira ulqin,mali i zi,kosova,maqedoni,shqiperi,Pushime ne det te ulqinit,godi?nji odmor u ulcinj,odmor u ulcinj,Ku?a za odmor,kuda na odmor,ljetovanje u ulcinj,slobodne sobe,dhoma te lira,ku?a uz more,turisti?ka ponuda,odmor i zabava,povolne cene,sobe,usluge,Mjesto za Va? odmor , Place for Your holiday,Odmor portal,putovanaja,Iznajmljivanje soba ulcinj,odmor ulcinj info,Va?e mjesto za odmor ulcinj,nudisticka plaza ada bojana,smjestaj ponuda ulcinj,lokacioni i dhomave ulqin,deti,plazhet e bukura,diskoteka,zbavitja,.\" href=\"http:\/\/www.visit-ulcinj.com\/tourism\/\" target=\"_blank\"><img loading=\"lazy\" class=\"aligncenter\" title=\"SHPALLJE TURISTIKE FALAS,FREE TOURIST GUIDES,BESPLATNI TURISTI?KI OGLASI,balkan holiday rentals,ALBANIJA,ALBANIA,SHQIPERIJA,CRNA GORA,HRVATSKA,KROACIA,SLOVENIJA,MAKEDONIJA,MAKEDONIA,SRBIJA,MONTENEGRO,MALI I ZI,\" src=\"http:\/\/www.visit-ulcinj.com\/blog\/wp-content\/uploads\/2008\/09\/balkanholidayrentals.gif\" alt=\"Apatin,  Aran?elovac,  ?uprija,  ?a?ak,  ?apljina,  ?itluk,  ?abac,  ?ipovo,  ?iroki Brijeg,  ?ep?e,  ?ivinice,  Ba?ka Palanka,  Banja Luka,  Banovi?i,  Be?ej,  beograd,  Biha?,  Bijeljina,  Bor,  Bor?a,  Bosanska Gradi?ka,  Bosanska Krupa,  Bosanski ?amac,  Bosanski Brod,  Bosanski Novi,  Br?ko,  Bu?im,  Bugojno,  Cazin,  Crna Gora,  Derventa,  Doboj,  Donji Vakuf,  Drvar,  Dubrovnik,  Fo?a,  Fojnica,  Glamo?,  Gora?de,  Gornji Milanovac,  Gornji Vakuf,  gostivar,  Gra?anica,  Grada?ac,  Gradiska,  Grahovo,  Had?i?i,  Ilid?a,  In?ija,  Jablanica,  Jagodina,  Jajce,  Kakanj,  Kalu?erica,  Kikinda,  Klju?,  Konjic,  Kotor Varo?,  Kragujevac,  Kraljevo,  Kru?evac,  Kula,  Kupres,  Lakta?i,  Lazarevac,  Leskovac,  Livno,  Ljubinje,  ljublana,  Ljubu?ki,  Loznica,  Lukavac,  Maglaj,  Mladenovac,  Modri?a,  montenegro erlajnz,  mostar,  Mrkonji? Grad,  Neum,  Ni?,  Novi Pazar,  Novi Sad,  Novi Travnik,  Obrenovac,  Od?ak,  ohrid,  Ora?je,  Pale,  Pan?evo,  Para?in,  Pirot,  Po?arevac,  Podgorica,  Priboj,  Prijedor,  Prokuplje,  Prozor,  pula,  rijeka,  Ruma,  Sanski Most,  Sarajevo,  Senta,  serbija,  sibenik,  skopje,  Smederevo,  Smederevska Palanka,  Sokolac,  Sombor,  split,  Srebrenica,  Srebrenik,  Sremska Mitrovica,  Stolac,  Struga,  Subotica,  Temerin,  Tesli?,  tetovo,  Travnik,  Trebinje,  tuzla,  U?ice,  ulcinj,  Valjevo,  Velika Kladu?a,  Vi?egrad,  Visoko,  Vitez,  Vogo??a,  vojvodina,  Vranje,  Vr?ac,  Vrbas,  zadar,  Zagreb,  Zaje?ar,  Zavidovi?i,  Zenica,  Zrenjanin,  Zvornik,copacabana ulcinj,  h?tels,  hotel ulqin,  Kosova,  Mali i Zi,  Maqedonija,  Montenegro,  montenegro tourisme plage,  montenegro ulcinj,  Shpallje Falas,  Shpallje Falas per shitjen e shtepis se juaj,  Shpallje Falas per villat e juaj,  Shpallje Falas Real Estate,  Shpallje Falas turistike,  shqiperija,  tourisme,  Ulci?,  ulcinj,  ulqin,  ulqin hotel,  ulqini,  ulqini 2007,Ada Bojana,  Alba?czyk,  Cita di Dolcino,  Copacabana,  Czarnog?ra,  Czarnog?rzec,  Don Kichota,  Ma\u00b3a Pla?a,  Mandra,  MIGUEL DE SERVANTES,  p?\u00b3wyspy Marjan,  Pla?a Valdanos,  Rzeka Bojana,  Shas \/ ?as \/ Sva?,  Ulci?,  Ulcinjsk\u00b9 Riwier?,  Wielka Pla?a,  Wyspa Bojana,GORA,??????????,???????,??????????, ?ern? Hora,TO ULCINJ \/ ULQIN,MONTENEGRO, Czarnog?ra, Muntenegru, ????? ????, Montenegr?,villa ? louer ? ulcinj, location de vacance, location saisonni?res, louer chambres,location de vacance, Locations vacance, h?bergements vacances, locations villa, logements de vacances, location maison avec piscine, Location vacance, locations de vacance, h?bergements de vacances, location, locations entre particulier, logements vacance, vacances ? Mont?n?gro - location ? Ulcinj ,location  de bigorre,Albaniku,  Artana,  Bujanoci,  Burimi,  Dardana,  Dardan?,  De?an,  Dibra,  Drenas,  Drenasi,  Ferizaj,  Ferizaji,  Fush? Kosova,Besplatni internet oglasi,Besplatni oglasi,besplatni mali oglasi,besplatni turisti?ki oglasi,oglasi, usluge, turizam,Turisti?ke usluge,Doma?i turizam,Besplatni Oglasnik,Brzi Oglasi Besplatno,Besplatno OglasavanjeTurizam,besplatni oglasi sa slikom,Turisticki informator besplatni,li?ni-oglasi,BESPLATNI Turisticki OGLASI SA SLIKAMA,BESPLATNI Turisticki Oglasi saVideom,turisticki smestaj oglasi,Turisti?ki vodi? balkana,BESPLATNA REZERVACIJA SMESTAJA,Postavite besplatno Vas oglas,FREE TOURIST GUIDES,Izdavanje-Turizam oglasi,Balkan Turisticki vodic,shpallje turistike falas,Shpallje Falas,Shpallje falas per Komplekse Turistike,Lajmerime,Njoftime,shpallje shqip per shqiptaret ne shqiperi kosova maqedoni,mal te zi,Fush? Kosov?,  Gjakova,  Gjakov?,  Gjilan,  Gjilani,  Gostivari,  Istog,  Istog\u2022,  Ka?anik,  Ka?aniku,  Kastrioti,  K?r?ova,  Klina,  Klin?,  Kumanova,  Leposaviq,  Leskovci,  Likova,  Lipjan,  Lipjani,  Malisheva,  Malishev?,  Manastiri,  Medvegja,  Mitrovica,  Mitrovic?,  Novob?rd?,  Obiliq\u2022 Rahovec,  Ohri,  Peja,  Pej?,  Podujeva,  Podujev?,  Presheva,  Prishtina,  Prishtin?,  Prizren,  Prizreni,  Rahoveci,  Sharri,  Sharri (Kosov?),  Shkupi,  Sht?rpca,  Sht?rpc?,  Shtime,  Sk?nderaj,  Struga,  Tetova,  Theranda,  Therand?,  Triumf Riza,  Veleshta,  Viti,  Vitia,  Vushtrri,  Vushtrria,  Zubin Potok,  Zubin Potoku,  Zvecan,  Zve?ani,Struga,Gostivari,Gostivar,Ker?ova,Tirana,Durr?si,Elbasani,Shkodra,Tuzi,Vlora, Kor?a,Fieri,Berati,Lushnja ,Kavaja,Pogradeci,La?i,Gjirokastra,Patosi,Kruja,Ku?ova,Kuk?si,Lezha,Saranda,Peshkopia,Burreli,C?rriku,?orovoda,Shijaku,Librazhdi,Tepelena,Gramshi,Poli?ani,Bulqiza,P?rmeti,Fush?Kruja,Kamza,Rr?sheni,Ballshi,Mamurrasi,BajramCurri,Erseka,Peqini,Divjaka,Selenica,Bilishti,Roskoveci,Puka,Memaliaj,Rrogozhina,Ura Vajgurore,Himara,Delvina,Vora,Kopliku,Maliqi,P?rrenjasi,Kruma, Libohova,Orikumi,Fush?-Arr?za,Sh?ngjini,Rubiku,Miloti, Leskoviku,Konispoli,K?lcyra,Krasta,K?rraba,Manastiri,Hara?ina,Likova,Prilepi,Zajazi,Vrap?ishti,Bogovin?,\" width=\"520\" height=\"120\" \/><\/a><\/p>\n","protected":false},"excerpt":{"rendered":"<p>Ministri i ekonomis\u00eb, zot\u00ebri Fatmir Besimi, sot n\u00eb hap\u00ebsirat e Ministris\u00eb s\u00eb ekonomis\u00eb realizoi takim me kryetarin e komun\u00ebs s\u00eb Ulqinit, zot\u00ebri G\u00ebzim Hajdinaga. Q\u00ebllimi i k\u00ebtij takimi ishte informimi i nd\u00ebrsjell\u00eb p\u00ebr mund\u00ebsit\u00eb e ofruara nga k\u00ebto dy vende n\u00eb interes t\u00eb thellimit t\u00eb marr\u00ebdh\u00ebnieve bilaterale, ve\u00e7an\u00ebrisht n\u00eb fush\u00ebn e turizmit, si segment i [&hellip;]<\/p>\n","protected":false},"author":1,"featured_media":0,"comment_status":"open","ping_status":"closed","sticky":false,"template":"","format":"standard","meta":{"spay_email":"","jetpack_publicize_message":"","jetpack_is_tweetstorm":false,"jetpack_publicize_feature_enabled":true},"categories":[14],"tags":[10238,10241,10239,10240,10237],"jetpack_publicize_connections":[],"yoast_head":"<!-- This site is optimized with the Yoast SEO plugin v19.1 - https:\/\/yoast.com\/wordpress\/plugins\/seo\/ -->\n<title>Takim i ministrit t\u00eb ekonomis\u00eb, z. Fatmir Besimi me kryetarin e Komun\u00ebs se Ulqinit z.G\u00ebzim Hajdinaga  - Lajme nga Ulqini<\/title>\n<meta name=\"description\" content=\"Ministri i ekonomis\u00eb, zot\u00ebri Fatmir Besimi, sot n\u00eb hap\u00ebsirat e Ministris\u00eb s\u00eb ekonomis\u00eb realizoi takim me kryetarin e komun\u00ebs s\u00eb Ulqinit, zot\u00ebri G\u00ebzim\" \/>\n<meta name=\"robots\" content=\"index, follow, max-snippet:-1, max-image-preview:large, max-video-preview:-1\" \/>\n<link rel=\"canonical\" href=\"https:\/\/www.visit-ulcinj.com\/blog\/2009\/05\/11\/takim-i-ministrit-te-ekonomise-z-fatmir-besimi-me-kryetarin-e-komunes-se-ulqinit-zgezim-hajdinaga\/\" \/>\n<meta property=\"og:locale\" content=\"en_US\" \/>\n<meta property=\"og:type\" content=\"article\" \/>\n<meta property=\"og:title\" content=\"Takim i ministrit t\u00eb ekonomis\u00eb, z. Fatmir Besimi me kryetarin e Komun\u00ebs se Ulqinit z.G\u00ebzim Hajdinaga  - Lajme nga Ulqini\" \/>\n<meta property=\"og:description\" content=\"Ministri i ekonomis\u00eb, zot\u00ebri Fatmir Besimi, sot n\u00eb hap\u00ebsirat e Ministris\u00eb s\u00eb ekonomis\u00eb realizoi takim me kryetarin e komun\u00ebs s\u00eb Ulqinit, zot\u00ebri G\u00ebzim\" \/>\n<meta property=\"og:url\" content=\"https:\/\/www.visit-ulcinj.com\/blog\/2009\/05\/11\/takim-i-ministrit-te-ekonomise-z-fatmir-besimi-me-kryetarin-e-komunes-se-ulqinit-zgezim-hajdinaga\/\" \/>\n<meta property=\"og:site_name\" content=\"Lajme nga Ulqini\" \/>\n<meta property=\"article:published_time\" content=\"2009-05-11T20:31:48+00:00\" \/>\n<meta property=\"article:modified_time\" content=\"2009-05-13T18:19:54+00:00\" \/>\n<meta property=\"og:image\" content=\"https:\/\/www.visit-ulcinj.com\/blog\/wp-content\/uploads\/2009\/05\/takim-i-ministrit-te-ekonomise-z-fatmir-besimi-me-kryetarin-e-komunes-se-ulqinit-zgezim-hajdinaga-150x150.jpg\" \/>\n<meta name=\"twitter:label1\" content=\"Written by\" \/>\n\t<meta name=\"twitter:data1\" content=\"ulqini\" \/>\n\t<meta name=\"twitter:label2\" content=\"Est. reading time\" \/>\n\t<meta name=\"twitter:data2\" content=\"2 minutes\" \/>\n<script type=\"application\/ld+json\" class=\"yoast-schema-graph\">{\"@context\":\"https:\/\/schema.org\",\"@graph\":[{\"@type\":\"WebSite\",\"@id\":\"https:\/\/www.visit-ulcinj.com\/blog\/#website\",\"url\":\"https:\/\/www.visit-ulcinj.com\/blog\/\",\"name\":\"Lajme nga Ulqini\",\"description\":\"Lajme,Vijesti,Ulqini,Ulqin,Crna Gora,Mali i Zi\",\"potentialAction\":[{\"@type\":\"SearchAction\",\"target\":{\"@type\":\"EntryPoint\",\"urlTemplate\":\"https:\/\/www.visit-ulcinj.com\/blog\/?s={search_term_string}\"},\"query-input\":\"required name=search_term_string\"}],\"inLanguage\":\"en-US\"},{\"@type\":\"ImageObject\",\"inLanguage\":\"en-US\",\"@id\":\"https:\/\/www.visit-ulcinj.com\/blog\/2009\/05\/11\/takim-i-ministrit-te-ekonomise-z-fatmir-besimi-me-kryetarin-e-komunes-se-ulqinit-zgezim-hajdinaga\/#primaryimage\",\"url\":\"https:\/\/www.visit-ulcinj.com\/blog\/wp-content\/uploads\/2009\/05\/takim-i-ministrit-te-ekonomise-z-fatmir-besimi-me-kryetarin-e-komunes-se-ulqinit-zgezim-hajdinaga.jpg\",\"contentUrl\":\"https:\/\/www.visit-ulcinj.com\/blog\/wp-content\/uploads\/2009\/05\/takim-i-ministrit-te-ekonomise-z-fatmir-besimi-me-kryetarin-e-komunes-se-ulqinit-zgezim-hajdinaga.jpg\",\"width\":\"538\",\"height\":\"303\"},{\"@type\":\"WebPage\",\"@id\":\"https:\/\/www.visit-ulcinj.com\/blog\/2009\/05\/11\/takim-i-ministrit-te-ekonomise-z-fatmir-besimi-me-kryetarin-e-komunes-se-ulqinit-zgezim-hajdinaga\/#webpage\",\"url\":\"https:\/\/www.visit-ulcinj.com\/blog\/2009\/05\/11\/takim-i-ministrit-te-ekonomise-z-fatmir-besimi-me-kryetarin-e-komunes-se-ulqinit-zgezim-hajdinaga\/\",\"name\":\"Takim i ministrit t\u00eb ekonomis\u00eb, z. Fatmir Besimi me kryetarin e Komun\u00ebs se Ulqinit z.G\u00ebzim Hajdinaga - Lajme nga Ulqini\",\"isPartOf\":{\"@id\":\"https:\/\/www.visit-ulcinj.com\/blog\/#website\"},\"primaryImageOfPage\":{\"@id\":\"https:\/\/www.visit-ulcinj.com\/blog\/2009\/05\/11\/takim-i-ministrit-te-ekonomise-z-fatmir-besimi-me-kryetarin-e-komunes-se-ulqinit-zgezim-hajdinaga\/#primaryimage\"},\"datePublished\":\"2009-05-11T20:31:48+00:00\",\"dateModified\":\"2009-05-13T18:19:54+00:00\",\"author\":{\"@id\":\"https:\/\/www.visit-ulcinj.com\/blog\/#\/schema\/person\/dcab619c614d3038751c63bc2aadc06d\"},\"description\":\"Ministri i ekonomis\u00eb, zot\u00ebri Fatmir Besimi, sot n\u00eb hap\u00ebsirat e Ministris\u00eb s\u00eb ekonomis\u00eb realizoi takim me kryetarin e komun\u00ebs s\u00eb Ulqinit, zot\u00ebri G\u00ebzim\",\"breadcrumb\":{\"@id\":\"https:\/\/www.visit-ulcinj.com\/blog\/2009\/05\/11\/takim-i-ministrit-te-ekonomise-z-fatmir-besimi-me-kryetarin-e-komunes-se-ulqinit-zgezim-hajdinaga\/#breadcrumb\"},\"inLanguage\":\"en-US\",\"potentialAction\":[{\"@type\":\"ReadAction\",\"target\":[\"https:\/\/www.visit-ulcinj.com\/blog\/2009\/05\/11\/takim-i-ministrit-te-ekonomise-z-fatmir-besimi-me-kryetarin-e-komunes-se-ulqinit-zgezim-hajdinaga\/\"]}]},{\"@type\":\"BreadcrumbList\",\"@id\":\"https:\/\/www.visit-ulcinj.com\/blog\/2009\/05\/11\/takim-i-ministrit-te-ekonomise-z-fatmir-besimi-me-kryetarin-e-komunes-se-ulqinit-zgezim-hajdinaga\/#breadcrumb\",\"itemListElement\":[{\"@type\":\"ListItem\",\"position\":1,\"name\":\"Takim i ministrit t\u00eb ekonomis\u00eb, z. Fatmir Besimi me kryetarin e Komun\u00ebs se Ulqinit z.G\u00ebzim Hajdinaga\"}]},{\"@type\":\"Person\",\"@id\":\"https:\/\/www.visit-ulcinj.com\/blog\/#\/schema\/person\/dcab619c614d3038751c63bc2aadc06d\",\"name\":\"ulqini\",\"sameAs\":[\"http:\/\/www.visit-ulcinj.com\"],\"url\":\"https:\/\/www.visit-ulcinj.com\/blog\/author\/admin\/\"}]}<\/script>\n<!-- \/ Yoast SEO plugin. -->","yoast_head_json":{"title":"Takim i ministrit t\u00eb ekonomis\u00eb, z. Fatmir Besimi me kryetarin e Komun\u00ebs se Ulqinit z.G\u00ebzim Hajdinaga  - Lajme nga Ulqini","description":"Ministri i ekonomis\u00eb, zot\u00ebri Fatmir Besimi, sot n\u00eb hap\u00ebsirat e Ministris\u00eb s\u00eb ekonomis\u00eb realizoi takim me kryetarin e komun\u00ebs s\u00eb Ulqinit, zot\u00ebri G\u00ebzim","robots":{"index":"index","follow":"follow","max-snippet":"max-snippet:-1","max-image-preview":"max-image-preview:large","max-video-preview":"max-video-preview:-1"},"canonical":"https:\/\/www.visit-ulcinj.com\/blog\/2009\/05\/11\/takim-i-ministrit-te-ekonomise-z-fatmir-besimi-me-kryetarin-e-komunes-se-ulqinit-zgezim-hajdinaga\/","og_locale":"en_US","og_type":"article","og_title":"Takim i ministrit t\u00eb ekonomis\u00eb, z. Fatmir Besimi me kryetarin e Komun\u00ebs se Ulqinit z.G\u00ebzim Hajdinaga  - Lajme nga Ulqini","og_description":"Ministri i ekonomis\u00eb, zot\u00ebri Fatmir Besimi, sot n\u00eb hap\u00ebsirat e Ministris\u00eb s\u00eb ekonomis\u00eb realizoi takim me kryetarin e komun\u00ebs s\u00eb Ulqinit, zot\u00ebri G\u00ebzim","og_url":"https:\/\/www.visit-ulcinj.com\/blog\/2009\/05\/11\/takim-i-ministrit-te-ekonomise-z-fatmir-besimi-me-kryetarin-e-komunes-se-ulqinit-zgezim-hajdinaga\/","og_site_name":"Lajme nga Ulqini","article_published_time":"2009-05-11T20:31:48+00:00","article_modified_time":"2009-05-13T18:19:54+00:00","og_image":[{"url":"https:\/\/www.visit-ulcinj.com\/blog\/wp-content\/uploads\/2009\/05\/takim-i-ministrit-te-ekonomise-z-fatmir-besimi-me-kryetarin-e-komunes-se-ulqinit-zgezim-hajdinaga-150x150.jpg"}],"twitter_misc":{"Written by":"ulqini","Est. reading time":"2 minutes"},"schema":{"@context":"https:\/\/schema.org","@graph":[{"@type":"WebSite","@id":"https:\/\/www.visit-ulcinj.com\/blog\/#website","url":"https:\/\/www.visit-ulcinj.com\/blog\/","name":"Lajme nga Ulqini","description":"Lajme,Vijesti,Ulqini,Ulqin,Crna Gora,Mali i Zi","potentialAction":[{"@type":"SearchAction","target":{"@type":"EntryPoint","urlTemplate":"https:\/\/www.visit-ulcinj.com\/blog\/?s={search_term_string}"},"query-input":"required name=search_term_string"}],"inLanguage":"en-US"},{"@type":"ImageObject","inLanguage":"en-US","@id":"https:\/\/www.visit-ulcinj.com\/blog\/2009\/05\/11\/takim-i-ministrit-te-ekonomise-z-fatmir-besimi-me-kryetarin-e-komunes-se-ulqinit-zgezim-hajdinaga\/#primaryimage","url":"https:\/\/www.visit-ulcinj.com\/blog\/wp-content\/uploads\/2009\/05\/takim-i-ministrit-te-ekonomise-z-fatmir-besimi-me-kryetarin-e-komunes-se-ulqinit-zgezim-hajdinaga.jpg","contentUrl":"https:\/\/www.visit-ulcinj.com\/blog\/wp-content\/uploads\/2009\/05\/takim-i-ministrit-te-ekonomise-z-fatmir-besimi-me-kryetarin-e-komunes-se-ulqinit-zgezim-hajdinaga.jpg","width":"538","height":"303"},{"@type":"WebPage","@id":"https:\/\/www.visit-ulcinj.com\/blog\/2009\/05\/11\/takim-i-ministrit-te-ekonomise-z-fatmir-besimi-me-kryetarin-e-komunes-se-ulqinit-zgezim-hajdinaga\/#webpage","url":"https:\/\/www.visit-ulcinj.com\/blog\/2009\/05\/11\/takim-i-ministrit-te-ekonomise-z-fatmir-besimi-me-kryetarin-e-komunes-se-ulqinit-zgezim-hajdinaga\/","name":"Takim i ministrit t\u00eb ekonomis\u00eb, z. Fatmir Besimi me kryetarin e Komun\u00ebs se Ulqinit z.G\u00ebzim Hajdinaga - Lajme nga Ulqini","isPartOf":{"@id":"https:\/\/www.visit-ulcinj.com\/blog\/#website"},"primaryImageOfPage":{"@id":"https:\/\/www.visit-ulcinj.com\/blog\/2009\/05\/11\/takim-i-ministrit-te-ekonomise-z-fatmir-besimi-me-kryetarin-e-komunes-se-ulqinit-zgezim-hajdinaga\/#primaryimage"},"datePublished":"2009-05-11T20:31:48+00:00","dateModified":"2009-05-13T18:19:54+00:00","author":{"@id":"https:\/\/www.visit-ulcinj.com\/blog\/#\/schema\/person\/dcab619c614d3038751c63bc2aadc06d"},"description":"Ministri i ekonomis\u00eb, zot\u00ebri Fatmir Besimi, sot n\u00eb hap\u00ebsirat e Ministris\u00eb s\u00eb ekonomis\u00eb realizoi takim me kryetarin e komun\u00ebs s\u00eb Ulqinit, zot\u00ebri G\u00ebzim","breadcrumb":{"@id":"https:\/\/www.visit-ulcinj.com\/blog\/2009\/05\/11\/takim-i-ministrit-te-ekonomise-z-fatmir-besimi-me-kryetarin-e-komunes-se-ulqinit-zgezim-hajdinaga\/#breadcrumb"},"inLanguage":"en-US","potentialAction":[{"@type":"ReadAction","target":["https:\/\/www.visit-ulcinj.com\/blog\/2009\/05\/11\/takim-i-ministrit-te-ekonomise-z-fatmir-besimi-me-kryetarin-e-komunes-se-ulqinit-zgezim-hajdinaga\/"]}]},{"@type":"BreadcrumbList","@id":"https:\/\/www.visit-ulcinj.com\/blog\/2009\/05\/11\/takim-i-ministrit-te-ekonomise-z-fatmir-besimi-me-kryetarin-e-komunes-se-ulqinit-zgezim-hajdinaga\/#breadcrumb","itemListElement":[{"@type":"ListItem","position":1,"name":"Takim i ministrit t\u00eb ekonomis\u00eb, z. Fatmir Besimi me kryetarin e Komun\u00ebs se Ulqinit z.G\u00ebzim Hajdinaga"}]},{"@type":"Person","@id":"https:\/\/www.visit-ulcinj.com\/blog\/#\/schema\/person\/dcab619c614d3038751c63bc2aadc06d","name":"ulqini","sameAs":["http:\/\/www.visit-ulcinj.com"],"url":"https:\/\/www.visit-ulcinj.com\/blog\/author\/admin\/"}]}},"jetpack_featured_media_url":"","jetpack_sharing_enabled":true,"jetpack_shortlink":"https:\/\/wp.me\/pe6lTn-5s4","_links":{"self":[{"href":"https:\/\/www.visit-ulcinj.com\/blog\/wp-json\/wp\/v2\/posts\/20960"}],"collection":[{"href":"https:\/\/www.visit-ulcinj.com\/blog\/wp-json\/wp\/v2\/posts"}],"about":[{"href":"https:\/\/www.visit-ulcinj.com\/blog\/wp-json\/wp\/v2\/types\/post"}],"author":[{"embeddable":true,"href":"https:\/\/www.visit-ulcinj.com\/blog\/wp-json\/wp\/v2\/users\/1"}],"replies":[{"embeddable":true,"href":"https:\/\/www.visit-ulcinj.com\/blog\/wp-json\/wp\/v2\/comments?post=20960"}],"version-history":[{"count":0,"href":"https:\/\/www.visit-ulcinj.com\/blog\/wp-json\/wp\/v2\/posts\/20960\/revisions"}],"wp:attachment":[{"href":"https:\/\/www.visit-ulcinj.com\/blog\/wp-json\/wp\/v2\/media?parent=20960"}],"wp:term":[{"taxonomy":"category","embeddable":true,"href":"https:\/\/www.visit-ulcinj.com\/blog\/wp-json\/wp\/v2\/categories?post=20960"},{"taxonomy":"post_tag","embeddable":true,"href":"https:\/\/www.visit-ulcinj.com\/blog\/wp-json\/wp\/v2\/tags?post=20960"}],"curies":[{"name":"wp","href":"https:\/\/api.w.org\/{rel}","templated":true}]}}