{"id":20968,"date":"2009-05-11T23:34:41","date_gmt":"2009-05-11T21:34:41","guid":{"rendered":"http:\/\/www.visit-ulcinj.com\/blog\/?p=20968"},"modified":"2009-05-11T23:34:41","modified_gmt":"2009-05-11T21:34:41","slug":"hajdinaga-ejani-per-pushime-ne-ulqin","status":"publish","type":"post","link":"https:\/\/www.visit-ulcinj.com\/blog\/2009\/05\/11\/hajdinaga-ejani-per-pushime-ne-ulqin\/","title":{"rendered":"Hajdinaga: Ejani p\u00ebr pushime n\u00eb Ulqin"},"content":{"rendered":"<p><strong><img loading=\"lazy\" class=\"alignleft size-full wp-image-20969\" title=\"komuna-e-mitrovices-1_gezim-hajdinaga-prezanton-ulqinin-ne-mitrovice1\" src=\"http:\/\/www.visit-ulcinj.com\/blog\/wp-content\/uploads\/2009\/05\/komuna-e-mitrovices-1_gezim-hajdinaga-prezanton-ulqinin-ne-mitrovice1.jpg\" alt=\"komuna-e-mitrovices-1_gezim-hajdinaga-prezanton-ulqinin-ne-mitrovice1\" width=\"580\" height=\"400\" \/>Kryetari i Ulqinit vizitoi Mitrovic\u00ebn<\/strong><br \/>\nKryetari i komun\u00ebs s\u00eb Ulqinit, G\u00ebzim Hajdinaga, ka vizituar t\u00eb diel\u00ebn Mitrovic\u00ebn,me\u00e7\u2019rast \u00ebsht\u00eb pritur nga kryetari i komun\u00ebs s\u00eb Mitrovic\u00ebs, Bajram Rexhepi.T\u00eb dy kryetar\u00ebt kan\u00eb biseduar thellimin e bashk\u00ebpunimit nd\u00ebrmjet t\u00eb dy komunave, me theks t\u00eb ve\u00e7ant\u00eb n\u00eb at\u00eb t\u00eb turizmit. Kryetari Hajdinaga, dukeu fokusuar n\u00eb sezonin turistik t\u00eb sivjem, tha se nd\u00ebr \u00e7\u00ebshtjet e r\u00ebnd\u00ebsishme q\u00eb duhet t\u00eb din\u00eb mitrovicasit q\u00eb do t\u2019i kalojn\u00eb pushimet verore n\u00eb bregdetin e bukur t\u00eb Ulqinit, \u00ebsht\u00eb ulja e \u00e7mimeve sa i p\u00ebrket sh\u00ebrbimeve bregdetare p\u00ebr 20 p\u00ebr qind. Gjithashtu ai ceku edhe sigurin\u00eb e ofruar nga strukturat e rendit. \u201cPolicia e Malit t\u00eb Zi ka marr\u00eb instruksione q\u00eb turist\u00ebt, sidomos ata t\u00eb Kosov\u00ebs t\u00eb trajtohen n\u00eb m\u00ebnyr\u00ebn m\u00eb t\u00eb mir\u00eb\u201d, tha ai. M\u00eb pas kryetari Hajdinaga, theksoi se pushuesit nga Kosova do t\u00eb mund t\u00eb hyjn\u00eb dhe qarkullojn\u00eb n\u00ebp\u00ebr Mal t\u00eb Zi edhe pa pasaporta, por vet\u00ebm me let\u00ebrnjoftime, duke p\u00ebrfshir\u00eb k\u00ebtu edhe pik\u00ebn kufitare q\u00eb lidh Malin e Zi me Shqip\u00ebrin\u00eb. Ai potencoi se shqiptar\u00ebt e Kosov\u00ebs edhe para shpalljes s\u00eb pavar\u00ebsis\u00eb, por sidomos tani pasi q\u00eb edhe Mali i Zi e ka pranuar pavar\u00ebsin\u00eb e Kosov\u00ebs, kan\u00eb edhe nj\u00eb arsye m\u00eb t\u00eb madhe, q\u00eb t\u2019i forcojn\u00eb lidhjet me k\u00ebt\u00eb shtet fqinj dhe me v\u00ebllez\u00ebrit e tyre n\u00eb Ulqin dhe n\u00eb viset tjera shqiptare t\u00eb k\u00ebtij shteti. Nd\u00ebrkaq, kryetari Rexhepi pasi fillimisht e njoftoi homologun e tij nga Ulqini p\u00ebr gjendjen e p\u00ebrgjithshme n\u00eb Mitrovic\u00eb dhe p\u00ebr sfidat me t\u00eb cilat ballafaqohet kjo komun\u00eb, tha qytetar\u00ebt mitrovicas vazhdimisht kan\u00eb preferuar q\u00eb pushimet verore t\u2019i kalojn\u00eb n\u00eb Ulqin, p\u00ebr shkak se ka qen\u00eb nj\u00eb qytet me t\u00eb cilin e ka lidhur infrastruktura rrugore, p\u00ebrderisa pasluft\u00ebs mungesa e liris\u00eb s\u00eb l\u00ebvizjes n\u00ebp\u00ebr Magjistralen e Adriatikut ka b\u00ebr\u00eb q\u00eb rruga t\u00eb jet\u00eb m\u00eb e gjat\u00eb. Megjithat\u00eb, ai shprehu besimin se mitrovicasit sikur edhe n\u00eb t\u00eb kaluar\u00ebn nuk do ta harrojn\u00eb mikpritjen ulqinake. N\u00eb k\u00ebt\u00eb kontekst, u p\u00ebrmenden edhe shk\u00ebmbimet kulturore, p\u00ebr \u00e7ka u pajtuan t\u00eb dyja pal\u00ebt.<\/p>\n<p><strong>Hysni Syla<br \/>\nBOTA SOT<\/strong><\/p>\n<p>[flv width=&#8221;580&#8243; height=&#8221;380&#8243;]http:\/\/mcm.travel\/mn\/video\/plazhi_mcm.flv[\/flv]<\/p>\n","protected":false},"excerpt":{"rendered":"<p>Kryetari i Ulqinit vizitoi Mitrovic\u00ebn Kryetari i komun\u00ebs s\u00eb Ulqinit, G\u00ebzim Hajdinaga, ka vizituar t\u00eb diel\u00ebn Mitrovic\u00ebn,me\u00e7\u2019rast \u00ebsht\u00eb pritur nga kryetari i komun\u00ebs s\u00eb Mitrovic\u00ebs, Bajram Rexhepi.T\u00eb dy kryetar\u00ebt kan\u00eb biseduar thellimin e bashk\u00ebpunimit nd\u00ebrmjet t\u00eb dy komunave, me theks t\u00eb ve\u00e7ant\u00eb n\u00eb at\u00eb t\u00eb turizmit. Kryetari Hajdinaga, dukeu fokusuar n\u00eb sezonin turistik t\u00eb sivjem, [&hellip;]<\/p>\n","protected":false},"author":1,"featured_media":0,"comment_status":"open","ping_status":"closed","sticky":false,"template":"","format":"standard","meta":{"spay_email":"","jetpack_publicize_message":"","jetpack_is_tweetstorm":false,"jetpack_publicize_feature_enabled":true},"categories":[15],"tags":[10242,10234,95,2303,18],"jetpack_publicize_connections":[],"yoast_head":"<!-- This site is optimized with the Yoast SEO plugin v19.1 - https:\/\/yoast.com\/wordpress\/plugins\/seo\/ -->\n<title>Hajdinaga: Ejani p\u00ebr pushime n\u00eb Ulqin - Lajme nga Ulqini<\/title>\n<meta name=\"description\" content=\"Kryetari i Ulqinit vizitoi Mitrovic\u00ebn Kryetari i komun\u00ebs s\u00eb Ulqinit, G\u00ebzim Hajdinaga, ka vizituar t\u00eb diel\u00ebn Mitrovic\u00ebn,me\u00e7\u2019rast \u00ebsht\u00eb pritur nga kryetari\" \/>\n<meta name=\"robots\" content=\"index, follow, max-snippet:-1, max-image-preview:large, max-video-preview:-1\" \/>\n<link rel=\"canonical\" href=\"https:\/\/www.visit-ulcinj.com\/blog\/2009\/05\/11\/hajdinaga-ejani-per-pushime-ne-ulqin\/\" \/>\n<meta property=\"og:locale\" content=\"en_US\" \/>\n<meta property=\"og:type\" content=\"article\" \/>\n<meta property=\"og:title\" content=\"Hajdinaga: Ejani p\u00ebr pushime n\u00eb Ulqin - Lajme nga Ulqini\" \/>\n<meta property=\"og:description\" content=\"Kryetari i Ulqinit vizitoi Mitrovic\u00ebn Kryetari i komun\u00ebs s\u00eb Ulqinit, G\u00ebzim Hajdinaga, ka vizituar t\u00eb diel\u00ebn Mitrovic\u00ebn,me\u00e7\u2019rast \u00ebsht\u00eb pritur nga kryetari\" \/>\n<meta property=\"og:url\" content=\"https:\/\/www.visit-ulcinj.com\/blog\/2009\/05\/11\/hajdinaga-ejani-per-pushime-ne-ulqin\/\" \/>\n<meta property=\"og:site_name\" content=\"Lajme nga Ulqini\" \/>\n<meta property=\"article:published_time\" content=\"2009-05-11T21:34:41+00:00\" \/>\n<meta property=\"og:image\" content=\"http:\/\/www.visit-ulcinj.com\/blog\/wp-content\/uploads\/2009\/05\/komuna-e-mitrovices-1_gezim-hajdinaga-prezanton-ulqinin-ne-mitrovice1.jpg\" \/>\n<meta name=\"twitter:label1\" content=\"Written by\" \/>\n\t<meta name=\"twitter:data1\" content=\"ulqini\" \/>\n\t<meta name=\"twitter:label2\" content=\"Est. reading time\" \/>\n\t<meta name=\"twitter:data2\" content=\"2 minutes\" \/>\n<script type=\"application\/ld+json\" class=\"yoast-schema-graph\">{\"@context\":\"https:\/\/schema.org\",\"@graph\":[{\"@type\":\"WebSite\",\"@id\":\"https:\/\/www.visit-ulcinj.com\/blog\/#website\",\"url\":\"https:\/\/www.visit-ulcinj.com\/blog\/\",\"name\":\"Lajme nga Ulqini\",\"description\":\"Lajme,Vijesti,Ulqini,Ulqin,Crna Gora,Mali i Zi\",\"potentialAction\":[{\"@type\":\"SearchAction\",\"target\":{\"@type\":\"EntryPoint\",\"urlTemplate\":\"https:\/\/www.visit-ulcinj.com\/blog\/?s={search_term_string}\"},\"query-input\":\"required name=search_term_string\"}],\"inLanguage\":\"en-US\"},{\"@type\":\"ImageObject\",\"inLanguage\":\"en-US\",\"@id\":\"https:\/\/www.visit-ulcinj.com\/blog\/2009\/05\/11\/hajdinaga-ejani-per-pushime-ne-ulqin\/#primaryimage\",\"url\":\"https:\/\/www.visit-ulcinj.com\/blog\/wp-content\/uploads\/2009\/05\/komuna-e-mitrovices-1_gezim-hajdinaga-prezanton-ulqinin-ne-mitrovice1.jpg\",\"contentUrl\":\"https:\/\/www.visit-ulcinj.com\/blog\/wp-content\/uploads\/2009\/05\/komuna-e-mitrovices-1_gezim-hajdinaga-prezanton-ulqinin-ne-mitrovice1.jpg\",\"width\":\"1001\",\"height\":\"750\"},{\"@type\":\"WebPage\",\"@id\":\"https:\/\/www.visit-ulcinj.com\/blog\/2009\/05\/11\/hajdinaga-ejani-per-pushime-ne-ulqin\/#webpage\",\"url\":\"https:\/\/www.visit-ulcinj.com\/blog\/2009\/05\/11\/hajdinaga-ejani-per-pushime-ne-ulqin\/\",\"name\":\"Hajdinaga: Ejani p\u00ebr pushime n\u00eb Ulqin - Lajme nga Ulqini\",\"isPartOf\":{\"@id\":\"https:\/\/www.visit-ulcinj.com\/blog\/#website\"},\"primaryImageOfPage\":{\"@id\":\"https:\/\/www.visit-ulcinj.com\/blog\/2009\/05\/11\/hajdinaga-ejani-per-pushime-ne-ulqin\/#primaryimage\"},\"datePublished\":\"2009-05-11T21:34:41+00:00\",\"dateModified\":\"2009-05-11T21:34:41+00:00\",\"author\":{\"@id\":\"https:\/\/www.visit-ulcinj.com\/blog\/#\/schema\/person\/dcab619c614d3038751c63bc2aadc06d\"},\"description\":\"Kryetari i Ulqinit vizitoi Mitrovic\u00ebn Kryetari i komun\u00ebs s\u00eb Ulqinit, G\u00ebzim Hajdinaga, ka vizituar t\u00eb diel\u00ebn Mitrovic\u00ebn,me\u00e7\u2019rast \u00ebsht\u00eb pritur nga kryetari\",\"breadcrumb\":{\"@id\":\"https:\/\/www.visit-ulcinj.com\/blog\/2009\/05\/11\/hajdinaga-ejani-per-pushime-ne-ulqin\/#breadcrumb\"},\"inLanguage\":\"en-US\",\"potentialAction\":[{\"@type\":\"ReadAction\",\"target\":[\"https:\/\/www.visit-ulcinj.com\/blog\/2009\/05\/11\/hajdinaga-ejani-per-pushime-ne-ulqin\/\"]}]},{\"@type\":\"BreadcrumbList\",\"@id\":\"https:\/\/www.visit-ulcinj.com\/blog\/2009\/05\/11\/hajdinaga-ejani-per-pushime-ne-ulqin\/#breadcrumb\",\"itemListElement\":[{\"@type\":\"ListItem\",\"position\":1,\"name\":\"Hajdinaga: Ejani p\u00ebr pushime n\u00eb Ulqin\"}]},{\"@type\":\"Person\",\"@id\":\"https:\/\/www.visit-ulcinj.com\/blog\/#\/schema\/person\/dcab619c614d3038751c63bc2aadc06d\",\"name\":\"ulqini\",\"sameAs\":[\"http:\/\/www.visit-ulcinj.com\"],\"url\":\"https:\/\/www.visit-ulcinj.com\/blog\/author\/admin\/\"}]}<\/script>\n<!-- \/ Yoast SEO plugin. -->","yoast_head_json":{"title":"Hajdinaga: Ejani p\u00ebr pushime n\u00eb Ulqin - Lajme nga Ulqini","description":"Kryetari i Ulqinit vizitoi Mitrovic\u00ebn Kryetari i komun\u00ebs s\u00eb Ulqinit, G\u00ebzim Hajdinaga, ka vizituar t\u00eb diel\u00ebn Mitrovic\u00ebn,me\u00e7\u2019rast \u00ebsht\u00eb pritur nga kryetari","robots":{"index":"index","follow":"follow","max-snippet":"max-snippet:-1","max-image-preview":"max-image-preview:large","max-video-preview":"max-video-preview:-1"},"canonical":"https:\/\/www.visit-ulcinj.com\/blog\/2009\/05\/11\/hajdinaga-ejani-per-pushime-ne-ulqin\/","og_locale":"en_US","og_type":"article","og_title":"Hajdinaga: Ejani p\u00ebr pushime n\u00eb Ulqin - Lajme nga Ulqini","og_description":"Kryetari i Ulqinit vizitoi Mitrovic\u00ebn Kryetari i komun\u00ebs s\u00eb Ulqinit, G\u00ebzim Hajdinaga, ka vizituar t\u00eb diel\u00ebn Mitrovic\u00ebn,me\u00e7\u2019rast \u00ebsht\u00eb pritur nga kryetari","og_url":"https:\/\/www.visit-ulcinj.com\/blog\/2009\/05\/11\/hajdinaga-ejani-per-pushime-ne-ulqin\/","og_site_name":"Lajme nga Ulqini","article_published_time":"2009-05-11T21:34:41+00:00","og_image":[{"url":"http:\/\/www.visit-ulcinj.com\/blog\/wp-content\/uploads\/2009\/05\/komuna-e-mitrovices-1_gezim-hajdinaga-prezanton-ulqinin-ne-mitrovice1.jpg"}],"twitter_misc":{"Written by":"ulqini","Est. reading time":"2 minutes"},"schema":{"@context":"https:\/\/schema.org","@graph":[{"@type":"WebSite","@id":"https:\/\/www.visit-ulcinj.com\/blog\/#website","url":"https:\/\/www.visit-ulcinj.com\/blog\/","name":"Lajme nga Ulqini","description":"Lajme,Vijesti,Ulqini,Ulqin,Crna Gora,Mali i Zi","potentialAction":[{"@type":"SearchAction","target":{"@type":"EntryPoint","urlTemplate":"https:\/\/www.visit-ulcinj.com\/blog\/?s={search_term_string}"},"query-input":"required name=search_term_string"}],"inLanguage":"en-US"},{"@type":"ImageObject","inLanguage":"en-US","@id":"https:\/\/www.visit-ulcinj.com\/blog\/2009\/05\/11\/hajdinaga-ejani-per-pushime-ne-ulqin\/#primaryimage","url":"https:\/\/www.visit-ulcinj.com\/blog\/wp-content\/uploads\/2009\/05\/komuna-e-mitrovices-1_gezim-hajdinaga-prezanton-ulqinin-ne-mitrovice1.jpg","contentUrl":"https:\/\/www.visit-ulcinj.com\/blog\/wp-content\/uploads\/2009\/05\/komuna-e-mitrovices-1_gezim-hajdinaga-prezanton-ulqinin-ne-mitrovice1.jpg","width":"1001","height":"750"},{"@type":"WebPage","@id":"https:\/\/www.visit-ulcinj.com\/blog\/2009\/05\/11\/hajdinaga-ejani-per-pushime-ne-ulqin\/#webpage","url":"https:\/\/www.visit-ulcinj.com\/blog\/2009\/05\/11\/hajdinaga-ejani-per-pushime-ne-ulqin\/","name":"Hajdinaga: Ejani p\u00ebr pushime n\u00eb Ulqin - Lajme nga Ulqini","isPartOf":{"@id":"https:\/\/www.visit-ulcinj.com\/blog\/#website"},"primaryImageOfPage":{"@id":"https:\/\/www.visit-ulcinj.com\/blog\/2009\/05\/11\/hajdinaga-ejani-per-pushime-ne-ulqin\/#primaryimage"},"datePublished":"2009-05-11T21:34:41+00:00","dateModified":"2009-05-11T21:34:41+00:00","author":{"@id":"https:\/\/www.visit-ulcinj.com\/blog\/#\/schema\/person\/dcab619c614d3038751c63bc2aadc06d"},"description":"Kryetari i Ulqinit vizitoi Mitrovic\u00ebn Kryetari i komun\u00ebs s\u00eb Ulqinit, G\u00ebzim Hajdinaga, ka vizituar t\u00eb diel\u00ebn Mitrovic\u00ebn,me\u00e7\u2019rast \u00ebsht\u00eb pritur nga kryetari","breadcrumb":{"@id":"https:\/\/www.visit-ulcinj.com\/blog\/2009\/05\/11\/hajdinaga-ejani-per-pushime-ne-ulqin\/#breadcrumb"},"inLanguage":"en-US","potentialAction":[{"@type":"ReadAction","target":["https:\/\/www.visit-ulcinj.com\/blog\/2009\/05\/11\/hajdinaga-ejani-per-pushime-ne-ulqin\/"]}]},{"@type":"BreadcrumbList","@id":"https:\/\/www.visit-ulcinj.com\/blog\/2009\/05\/11\/hajdinaga-ejani-per-pushime-ne-ulqin\/#breadcrumb","itemListElement":[{"@type":"ListItem","position":1,"name":"Hajdinaga: Ejani p\u00ebr pushime n\u00eb Ulqin"}]},{"@type":"Person","@id":"https:\/\/www.visit-ulcinj.com\/blog\/#\/schema\/person\/dcab619c614d3038751c63bc2aadc06d","name":"ulqini","sameAs":["http:\/\/www.visit-ulcinj.com"],"url":"https:\/\/www.visit-ulcinj.com\/blog\/author\/admin\/"}]}},"jetpack_featured_media_url":"","jetpack_sharing_enabled":true,"jetpack_shortlink":"https:\/\/wp.me\/pe6lTn-5sc","_links":{"self":[{"href":"https:\/\/www.visit-ulcinj.com\/blog\/wp-json\/wp\/v2\/posts\/20968"}],"collection":[{"href":"https:\/\/www.visit-ulcinj.com\/blog\/wp-json\/wp\/v2\/posts"}],"about":[{"href":"https:\/\/www.visit-ulcinj.com\/blog\/wp-json\/wp\/v2\/types\/post"}],"author":[{"embeddable":true,"href":"https:\/\/www.visit-ulcinj.com\/blog\/wp-json\/wp\/v2\/users\/1"}],"replies":[{"embeddable":true,"href":"https:\/\/www.visit-ulcinj.com\/blog\/wp-json\/wp\/v2\/comments?post=20968"}],"version-history":[{"count":0,"href":"https:\/\/www.visit-ulcinj.com\/blog\/wp-json\/wp\/v2\/posts\/20968\/revisions"}],"wp:attachment":[{"href":"https:\/\/www.visit-ulcinj.com\/blog\/wp-json\/wp\/v2\/media?parent=20968"}],"wp:term":[{"taxonomy":"category","embeddable":true,"href":"https:\/\/www.visit-ulcinj.com\/blog\/wp-json\/wp\/v2\/categories?post=20968"},{"taxonomy":"post_tag","embeddable":true,"href":"https:\/\/www.visit-ulcinj.com\/blog\/wp-json\/wp\/v2\/tags?post=20968"}],"curies":[{"name":"wp","href":"https:\/\/api.w.org\/{rel}","templated":true}]}}