{"id":20992,"date":"2009-05-12T16:25:13","date_gmt":"2009-05-12T14:25:13","guid":{"rendered":"http:\/\/www.visit-ulcinj.com\/blog\/?p=20992"},"modified":"2010-09-23T09:01:09","modified_gmt":"2010-09-23T07:01:09","slug":"gjylije-pelinku-%e2%80%9crremben%e2%80%9d-liren-e-arte-ne-kanto","status":"publish","type":"post","link":"https:\/\/www.visit-ulcinj.com\/blog\/2009\/05\/12\/gjylije-pelinku-%e2%80%9crremben%e2%80%9d-liren-e-arte-ne-kanto\/","title":{"rendered":"Gjylije Pelinku \u201crr\u00ebmben\u201d Lir\u00ebn e Art\u00eb n\u00eb kanto"},"content":{"rendered":"<p><strong><img loading=\"lazy\" class=\"alignleft size-full wp-image-20993\" title=\"drejtori-shkolles-se-ulet-te-muzikes-ne-ulqin-prof-jusuf-lika\" src=\"http:\/\/www.visit-ulcinj.com\/blog\/wp-content\/uploads\/2009\/05\/drejtori-shkolles-se-ulet-te-muzikes-ne-ulqin-prof-jusuf-lika.jpg\" alt=\"drejtori-shkolles-se-ulet-te-muzikes-ne-ulqin-prof-jusuf-lika\" width=\"281\" height=\"412\" srcset=\"https:\/\/www.visit-ulcinj.com\/blog\/wp-content\/uploads\/2009\/05\/drejtori-shkolles-se-ulet-te-muzikes-ne-ulqin-prof-jusuf-lika.jpg 260w, https:\/\/www.visit-ulcinj.com\/blog\/wp-content\/uploads\/2009\/05\/drejtori-shkolles-se-ulet-te-muzikes-ne-ulqin-prof-jusuf-lika-204x300.jpg 204w\" sizes=\"(max-width: 281px) 100vw, 281px\" \/>26-28 prill n\u00eb kotorr u mbajt festivali i 36-t\u00eb muzikor i malit t\u00eb zi p\u00ebr t\u00eb rinj<\/strong><br \/>\nLira e Art\u00eb e fituar nga Gjylije Pelinku ka qen\u00eb e vetmja q\u00eb kan\u00eb fituar nx\u00ebn\u00ebsit e Shkoll\u00ebs s\u00eb Ul\u00ebt e Muzik\u00ebs nga Ulqini n\u00eb Festivalin e 36-t\u00eb Muzikor t\u00eb Malit t\u00eb Zi p\u00ebr t\u00eb Rinj. P\u00ebr drejtorin e Shkoll\u00ebs s\u00eb Ul\u00ebt t\u00eb Muzik\u00ebs n\u00eb Ulqin, prof. Jusuf Lika, Gjylija \u00ebsht\u00eb \u201cnj\u00eb talente q\u00eb premton\u201d. Ai thot\u00eb se e g\u00ebzon fakti q\u00eb Lir\u00ebn e Art\u00eb e kan\u00eb fituar n\u00eb nj\u00eb seksion t\u00eb ri q\u00eb e kan\u00eb hapur pran\u00eb Shkoll\u00ebs s\u00eb Muzik\u00ebs.<br \/>\nSopranoja e re nga Ulqini, Gjylije Pelinku, ka rr\u00ebmbyer Lir\u00ebn e Art\u00eb n\u00eb Festivalin e 36-t\u00eb Muzikor t\u00eb Malit t\u00eb Zi p\u00ebr t\u00eb Rinj i cili u mbajt nga data 26-28 prill n\u00eb Kotorr.<br \/>\nPelinku e cila \u00ebsht\u00eb nx\u00ebn\u00ebse e Shkoll\u00ebs s\u00eb Ul\u00ebt t\u00eb Muzik\u00ebs n\u00eb Ulqin, ku p\u00ebrgatitet nga prof. Mimoza Rakaj, ka qen\u00eb m\u00eb e mira n\u00eb mesin e n\u00ebnt\u00eb konkurrenteve nga shkollat e ndryshme muzikore t\u00eb Malit t\u00eb Zi.<br \/>\nAjo \u00ebsht\u00eb prezantuar n\u00eb k\u00ebt\u00eb festival me dy pjes\u00eb: \u201cAmarilli\u201d n\u00eb gjuh\u00ebn italiane nga G. Caccini, dhe \u201cDhurat\u00eb zemre\u201d n\u00eb gjuh\u00ebn shqipe nga Prenk\u00eb Jakova.<br \/>\nKjo \u00ebsht\u00eb hera e dyt\u00eb q\u00eb Gjylija merr pjes\u00eb n\u00eb k\u00ebt\u00eb festival, ku para dy vitesh fitoi Lir\u00ebn e bronzt\u00eb.<br \/>\nAjo e vler\u00ebson \u00e7mimin e fituar dhe thot\u00eb se ai ka nj\u00eb dometh\u00ebnie t\u00eb madhe p\u00ebr t\u00eb.<br \/>\n\u201cKjo m\u00eb jep shpres\u00eb q\u00eb t\u00eb vazhdoj shkollimin e m\u00ebtejsh\u00ebm n\u00eb k\u00ebt\u00eb deg\u00eb\u201d, thot\u00eb Pelinku, e cila ka tri vjet q\u00eb merret me kanto, nd\u00ebrkoh\u00eb q\u00eb \u00ebsht\u00eb nx\u00ebn\u00ebse e vitit t\u00eb tret\u00eb n\u00eb Shkoll\u00ebn e Mesme \u201cV\u00ebllaz\u00ebrim Bashkim\u201d n\u00eb Ulqin.<br \/>\nP\u00ebr drejtorin e Shkoll\u00ebs s\u00eb Ul\u00ebt t\u00eb Muzik\u00ebs n\u00eb Ulqin, prof. Jusuf Lika, Gjylija \u00ebsht\u00eb \u201cnj\u00eb talente q\u00eb premton\u201d.<br \/>\nLira e Art\u00eb e fituar nga Gjylije Pelinku ka qen\u00eb e vetmja q\u00eb kan\u00eb fituar nx\u00ebn\u00ebsit e Shkoll\u00ebs s\u00eb Ul\u00ebt e Muzik\u00ebs nga Ulqini n\u00eb k\u00ebt\u00eb festival.<br \/>\nSopranoja tjet\u00ebr nga Shkolla e Ul\u00ebt e Muzik\u00ebs n\u00eb Ulqin, Hristina Dragoviq, e cila po ashtu \u00ebsht\u00eb p\u00ebrgatitur nga prof. Mimoza Rakaj, ka fituar Lir\u00ebn e Argjendt\u00eb.<br \/>\nLira t\u00eb Argjendta kan\u00eb fituar edhe nx\u00ebn\u00ebset e k\u00ebsaj shkolle, Isidora Gjakonoviq dhe Renata Rudoviq, n\u00eb disiplin\u00ebn e pianos, t\u00eb cilat jan\u00eb p\u00ebrgatitur nga prof. Ilija Millosheviq.<br \/>\nKuinteti i kitarave, i p\u00ebrgatitur nga prof. Ares Fani, \u00ebsht\u00eb kuror\u00ebzuar me Lir\u00ebn e Bronzt\u00eb, nd\u00ebrsa trioja e p\u00ebrb\u00ebr\u00eb nga dy violina dhe nj\u00eb kitar\u00eb, e p\u00ebrgatitur nga prof. Anton Kaftalli, \u00ebsht\u00eb shp\u00ebrblyer me mir\u00ebnjohje.<br \/>\nP\u00ebr drejtorin e Shkoll\u00ebs s\u00eb Ul\u00ebt t\u00eb Muzik\u00ebs n\u00eb Ulqin, prof. Jusuf Lika, rezultatet e arritura n\u00eb k\u00ebt\u00eb festival p\u00ebrb\u00ebjn\u00eb vazhdim t\u00eb tradit\u00ebs s\u00eb fitimit t\u00eb \u00e7mimeve n\u00eb festivale.<br \/>\n\u201cM\u00eb g\u00ebzon fakti q\u00eb Lir\u00ebn e Art\u00eb e kemi fituar n\u00eb nj\u00eb seksion t\u00eb ri q\u00eb e kemi hapur pran\u00eb Shkoll\u00ebs s\u00eb Muzik\u00ebs\u201d, thot\u00eb ai.<br \/>\nFestivali i 36-t\u00eb Muzikor i Malit t\u00eb Zi p\u00ebr t\u00eb Rinj \u00ebsht\u00eb organizuar nga Bashk\u00ebsia e Shkollave Muzikore t\u00eb Malit t\u00eb Zi dhe Shkolla p\u00ebr Arsimim Muzikor Fillor dhe t\u00eb Mes\u00ebm \u201cVida Matjan\u201d n\u00eb Kotorr. Pjes\u00ebmarr\u00ebsit kan\u00eb konkurruar n\u00eb gjithsej dhjet\u00eb disiplina: piano, flaut\u00eb, saksofon, klarinet, trub\u00eb, korno, trombon, kanto, muzik\u00eb dhome dhe orkest\u00ebr.<br \/>\nShkolla e Ul\u00ebt e Muzik\u00ebs n\u00eb Ulqin, e cila sot num\u00ebron rreth 180 nx\u00ebn\u00ebs, \u00ebsht\u00eb hapur fillimisht si paralele e Shkoll\u00ebs s\u00eb Muzik\u00ebs nga Tivari, kurse q\u00eb prej vitit 2001 vepron si shkoll\u00eb e pavarur.<br \/>\n<strong>i.k.<\/strong><\/p>\n<p><strong>Koha Javore<br \/>\n<!--YouTube Error: bad URL entered--><\/strong><\/p>\n","protected":false},"excerpt":{"rendered":"<p>26-28 prill n\u00eb kotorr u mbajt festivali i 36-t\u00eb muzikor i malit t\u00eb zi p\u00ebr t\u00eb rinj Lira e Art\u00eb e fituar nga Gjylije Pelinku ka qen\u00eb e vetmja q\u00eb kan\u00eb fituar nx\u00ebn\u00ebsit e Shkoll\u00ebs s\u00eb Ul\u00ebt e Muzik\u00ebs nga Ulqini n\u00eb Festivalin e 36-t\u00eb Muzikor t\u00eb Malit t\u00eb Zi p\u00ebr t\u00eb Rinj. P\u00ebr drejtorin [&hellip;]<\/p>\n","protected":false},"author":1,"featured_media":0,"comment_status":"open","ping_status":"closed","sticky":false,"template":"","format":"standard","meta":{"spay_email":"","jetpack_publicize_message":"","jetpack_is_tweetstorm":false,"jetpack_publicize_feature_enabled":true},"categories":[4],"tags":[10257,10260,10259,10254,10261,10262,10266,2805,10267,10265,10264,10258,10263,10255,10256,10268],"jetpack_publicize_connections":[],"yoast_head":"<!-- This site is optimized with the Yoast SEO plugin v19.1 - https:\/\/yoast.com\/wordpress\/plugins\/seo\/ -->\n<title>Gjylije Pelinku \u201crr\u00ebmben\u201d Lir\u00ebn e Art\u00eb n\u00eb kanto - Lajme nga Ulqini<\/title>\n<meta name=\"description\" content=\"26-28 prill n\u00eb kotorr u mbajt festivali i 36-t\u00eb muzikor i malit t\u00eb zi p\u00ebr t\u00eb rinj Lira e Art\u00eb e fituar nga Gjylije Pelinku ka qen\u00eb e vetmja q\u00eb kan\u00eb fituar\" \/>\n<meta name=\"robots\" content=\"index, follow, max-snippet:-1, max-image-preview:large, max-video-preview:-1\" \/>\n<link rel=\"canonical\" href=\"https:\/\/www.visit-ulcinj.com\/blog\/2009\/05\/12\/gjylije-pelinku-\u201crremben\u201d-liren-e-arte-ne-kanto\/\" \/>\n<meta property=\"og:locale\" content=\"en_US\" \/>\n<meta property=\"og:type\" content=\"article\" \/>\n<meta property=\"og:title\" content=\"Gjylije Pelinku \u201crr\u00ebmben\u201d Lir\u00ebn e Art\u00eb n\u00eb kanto - Lajme nga Ulqini\" \/>\n<meta property=\"og:description\" content=\"26-28 prill n\u00eb kotorr u mbajt festivali i 36-t\u00eb muzikor i malit t\u00eb zi p\u00ebr t\u00eb rinj Lira e Art\u00eb e fituar nga Gjylije Pelinku ka qen\u00eb e vetmja q\u00eb kan\u00eb fituar\" \/>\n<meta property=\"og:url\" content=\"https:\/\/www.visit-ulcinj.com\/blog\/2009\/05\/12\/gjylije-pelinku-\u201crremben\u201d-liren-e-arte-ne-kanto\/\" \/>\n<meta property=\"og:site_name\" content=\"Lajme nga Ulqini\" \/>\n<meta property=\"article:published_time\" content=\"2009-05-12T14:25:13+00:00\" \/>\n<meta property=\"article:modified_time\" content=\"2010-09-23T07:01:09+00:00\" \/>\n<meta property=\"og:image\" content=\"http:\/\/www.visit-ulcinj.com\/blog\/wp-content\/uploads\/2009\/05\/drejtori-shkolles-se-ulet-te-muzikes-ne-ulqin-prof-jusuf-lika.jpg\" \/>\n<meta name=\"twitter:label1\" content=\"Written by\" \/>\n\t<meta name=\"twitter:data1\" content=\"ulqini\" \/>\n\t<meta name=\"twitter:label2\" content=\"Est. reading time\" \/>\n\t<meta name=\"twitter:data2\" content=\"3 minutes\" \/>\n<script type=\"application\/ld+json\" class=\"yoast-schema-graph\">{\"@context\":\"https:\/\/schema.org\",\"@graph\":[{\"@type\":\"WebSite\",\"@id\":\"https:\/\/www.visit-ulcinj.com\/blog\/#website\",\"url\":\"https:\/\/www.visit-ulcinj.com\/blog\/\",\"name\":\"Lajme nga Ulqini\",\"description\":\"Lajme,Vijesti,Ulqini,Ulqin,Crna Gora,Mali i Zi\",\"potentialAction\":[{\"@type\":\"SearchAction\",\"target\":{\"@type\":\"EntryPoint\",\"urlTemplate\":\"https:\/\/www.visit-ulcinj.com\/blog\/?s={search_term_string}\"},\"query-input\":\"required name=search_term_string\"}],\"inLanguage\":\"en-US\"},{\"@type\":\"ImageObject\",\"inLanguage\":\"en-US\",\"@id\":\"https:\/\/www.visit-ulcinj.com\/blog\/2009\/05\/12\/gjylije-pelinku-%e2%80%9crremben%e2%80%9d-liren-e-arte-ne-kanto\/#primaryimage\",\"url\":\"https:\/\/www.visit-ulcinj.com\/blog\/wp-content\/uploads\/2009\/05\/drejtori-shkolles-se-ulet-te-muzikes-ne-ulqin-prof-jusuf-lika.jpg\",\"contentUrl\":\"https:\/\/www.visit-ulcinj.com\/blog\/wp-content\/uploads\/2009\/05\/drejtori-shkolles-se-ulet-te-muzikes-ne-ulqin-prof-jusuf-lika.jpg\",\"width\":\"260\",\"height\":\"381\"},{\"@type\":\"WebPage\",\"@id\":\"https:\/\/www.visit-ulcinj.com\/blog\/2009\/05\/12\/gjylije-pelinku-%e2%80%9crremben%e2%80%9d-liren-e-arte-ne-kanto\/#webpage\",\"url\":\"https:\/\/www.visit-ulcinj.com\/blog\/2009\/05\/12\/gjylije-pelinku-%e2%80%9crremben%e2%80%9d-liren-e-arte-ne-kanto\/\",\"name\":\"Gjylije Pelinku \u201crr\u00ebmben\u201d Lir\u00ebn e Art\u00eb n\u00eb kanto - Lajme nga Ulqini\",\"isPartOf\":{\"@id\":\"https:\/\/www.visit-ulcinj.com\/blog\/#website\"},\"primaryImageOfPage\":{\"@id\":\"https:\/\/www.visit-ulcinj.com\/blog\/2009\/05\/12\/gjylije-pelinku-%e2%80%9crremben%e2%80%9d-liren-e-arte-ne-kanto\/#primaryimage\"},\"datePublished\":\"2009-05-12T14:25:13+00:00\",\"dateModified\":\"2010-09-23T07:01:09+00:00\",\"author\":{\"@id\":\"https:\/\/www.visit-ulcinj.com\/blog\/#\/schema\/person\/dcab619c614d3038751c63bc2aadc06d\"},\"description\":\"26-28 prill n\u00eb kotorr u mbajt festivali i 36-t\u00eb muzikor i malit t\u00eb zi p\u00ebr t\u00eb rinj Lira e Art\u00eb e fituar nga Gjylije Pelinku ka qen\u00eb e vetmja q\u00eb kan\u00eb fituar\",\"breadcrumb\":{\"@id\":\"https:\/\/www.visit-ulcinj.com\/blog\/2009\/05\/12\/gjylije-pelinku-%e2%80%9crremben%e2%80%9d-liren-e-arte-ne-kanto\/#breadcrumb\"},\"inLanguage\":\"en-US\",\"potentialAction\":[{\"@type\":\"ReadAction\",\"target\":[\"https:\/\/www.visit-ulcinj.com\/blog\/2009\/05\/12\/gjylije-pelinku-%e2%80%9crremben%e2%80%9d-liren-e-arte-ne-kanto\/\"]}]},{\"@type\":\"BreadcrumbList\",\"@id\":\"https:\/\/www.visit-ulcinj.com\/blog\/2009\/05\/12\/gjylije-pelinku-%e2%80%9crremben%e2%80%9d-liren-e-arte-ne-kanto\/#breadcrumb\",\"itemListElement\":[{\"@type\":\"ListItem\",\"position\":1,\"name\":\"Gjylije Pelinku \u201crr\u00ebmben\u201d Lir\u00ebn e Art\u00eb n\u00eb kanto\"}]},{\"@type\":\"Person\",\"@id\":\"https:\/\/www.visit-ulcinj.com\/blog\/#\/schema\/person\/dcab619c614d3038751c63bc2aadc06d\",\"name\":\"ulqini\",\"sameAs\":[\"http:\/\/www.visit-ulcinj.com\"],\"url\":\"https:\/\/www.visit-ulcinj.com\/blog\/author\/admin\/\"}]}<\/script>\n<!-- \/ Yoast SEO plugin. -->","yoast_head_json":{"title":"Gjylije Pelinku \u201crr\u00ebmben\u201d Lir\u00ebn e Art\u00eb n\u00eb kanto - Lajme nga Ulqini","description":"26-28 prill n\u00eb kotorr u mbajt festivali i 36-t\u00eb muzikor i malit t\u00eb zi p\u00ebr t\u00eb rinj Lira e Art\u00eb e fituar nga Gjylije Pelinku ka qen\u00eb e vetmja q\u00eb kan\u00eb fituar","robots":{"index":"index","follow":"follow","max-snippet":"max-snippet:-1","max-image-preview":"max-image-preview:large","max-video-preview":"max-video-preview:-1"},"canonical":"https:\/\/www.visit-ulcinj.com\/blog\/2009\/05\/12\/gjylije-pelinku-\u201crremben\u201d-liren-e-arte-ne-kanto\/","og_locale":"en_US","og_type":"article","og_title":"Gjylije Pelinku \u201crr\u00ebmben\u201d Lir\u00ebn e Art\u00eb n\u00eb kanto - Lajme nga Ulqini","og_description":"26-28 prill n\u00eb kotorr u mbajt festivali i 36-t\u00eb muzikor i malit t\u00eb zi p\u00ebr t\u00eb rinj Lira e Art\u00eb e fituar nga Gjylije Pelinku ka qen\u00eb e vetmja q\u00eb kan\u00eb fituar","og_url":"https:\/\/www.visit-ulcinj.com\/blog\/2009\/05\/12\/gjylije-pelinku-\u201crremben\u201d-liren-e-arte-ne-kanto\/","og_site_name":"Lajme nga Ulqini","article_published_time":"2009-05-12T14:25:13+00:00","article_modified_time":"2010-09-23T07:01:09+00:00","og_image":[{"url":"http:\/\/www.visit-ulcinj.com\/blog\/wp-content\/uploads\/2009\/05\/drejtori-shkolles-se-ulet-te-muzikes-ne-ulqin-prof-jusuf-lika.jpg"}],"twitter_misc":{"Written by":"ulqini","Est. reading time":"3 minutes"},"schema":{"@context":"https:\/\/schema.org","@graph":[{"@type":"WebSite","@id":"https:\/\/www.visit-ulcinj.com\/blog\/#website","url":"https:\/\/www.visit-ulcinj.com\/blog\/","name":"Lajme nga Ulqini","description":"Lajme,Vijesti,Ulqini,Ulqin,Crna Gora,Mali i Zi","potentialAction":[{"@type":"SearchAction","target":{"@type":"EntryPoint","urlTemplate":"https:\/\/www.visit-ulcinj.com\/blog\/?s={search_term_string}"},"query-input":"required name=search_term_string"}],"inLanguage":"en-US"},{"@type":"ImageObject","inLanguage":"en-US","@id":"https:\/\/www.visit-ulcinj.com\/blog\/2009\/05\/12\/gjylije-pelinku-%e2%80%9crremben%e2%80%9d-liren-e-arte-ne-kanto\/#primaryimage","url":"https:\/\/www.visit-ulcinj.com\/blog\/wp-content\/uploads\/2009\/05\/drejtori-shkolles-se-ulet-te-muzikes-ne-ulqin-prof-jusuf-lika.jpg","contentUrl":"https:\/\/www.visit-ulcinj.com\/blog\/wp-content\/uploads\/2009\/05\/drejtori-shkolles-se-ulet-te-muzikes-ne-ulqin-prof-jusuf-lika.jpg","width":"260","height":"381"},{"@type":"WebPage","@id":"https:\/\/www.visit-ulcinj.com\/blog\/2009\/05\/12\/gjylije-pelinku-%e2%80%9crremben%e2%80%9d-liren-e-arte-ne-kanto\/#webpage","url":"https:\/\/www.visit-ulcinj.com\/blog\/2009\/05\/12\/gjylije-pelinku-%e2%80%9crremben%e2%80%9d-liren-e-arte-ne-kanto\/","name":"Gjylije Pelinku \u201crr\u00ebmben\u201d Lir\u00ebn e Art\u00eb n\u00eb kanto - Lajme nga Ulqini","isPartOf":{"@id":"https:\/\/www.visit-ulcinj.com\/blog\/#website"},"primaryImageOfPage":{"@id":"https:\/\/www.visit-ulcinj.com\/blog\/2009\/05\/12\/gjylije-pelinku-%e2%80%9crremben%e2%80%9d-liren-e-arte-ne-kanto\/#primaryimage"},"datePublished":"2009-05-12T14:25:13+00:00","dateModified":"2010-09-23T07:01:09+00:00","author":{"@id":"https:\/\/www.visit-ulcinj.com\/blog\/#\/schema\/person\/dcab619c614d3038751c63bc2aadc06d"},"description":"26-28 prill n\u00eb kotorr u mbajt festivali i 36-t\u00eb muzikor i malit t\u00eb zi p\u00ebr t\u00eb rinj Lira e Art\u00eb e fituar nga Gjylije Pelinku ka qen\u00eb e vetmja q\u00eb kan\u00eb fituar","breadcrumb":{"@id":"https:\/\/www.visit-ulcinj.com\/blog\/2009\/05\/12\/gjylije-pelinku-%e2%80%9crremben%e2%80%9d-liren-e-arte-ne-kanto\/#breadcrumb"},"inLanguage":"en-US","potentialAction":[{"@type":"ReadAction","target":["https:\/\/www.visit-ulcinj.com\/blog\/2009\/05\/12\/gjylije-pelinku-%e2%80%9crremben%e2%80%9d-liren-e-arte-ne-kanto\/"]}]},{"@type":"BreadcrumbList","@id":"https:\/\/www.visit-ulcinj.com\/blog\/2009\/05\/12\/gjylije-pelinku-%e2%80%9crremben%e2%80%9d-liren-e-arte-ne-kanto\/#breadcrumb","itemListElement":[{"@type":"ListItem","position":1,"name":"Gjylije Pelinku \u201crr\u00ebmben\u201d Lir\u00ebn e Art\u00eb n\u00eb kanto"}]},{"@type":"Person","@id":"https:\/\/www.visit-ulcinj.com\/blog\/#\/schema\/person\/dcab619c614d3038751c63bc2aadc06d","name":"ulqini","sameAs":["http:\/\/www.visit-ulcinj.com"],"url":"https:\/\/www.visit-ulcinj.com\/blog\/author\/admin\/"}]}},"jetpack_featured_media_url":"","jetpack_sharing_enabled":true,"jetpack_shortlink":"https:\/\/wp.me\/pe6lTn-5sA","_links":{"self":[{"href":"https:\/\/www.visit-ulcinj.com\/blog\/wp-json\/wp\/v2\/posts\/20992"}],"collection":[{"href":"https:\/\/www.visit-ulcinj.com\/blog\/wp-json\/wp\/v2\/posts"}],"about":[{"href":"https:\/\/www.visit-ulcinj.com\/blog\/wp-json\/wp\/v2\/types\/post"}],"author":[{"embeddable":true,"href":"https:\/\/www.visit-ulcinj.com\/blog\/wp-json\/wp\/v2\/users\/1"}],"replies":[{"embeddable":true,"href":"https:\/\/www.visit-ulcinj.com\/blog\/wp-json\/wp\/v2\/comments?post=20992"}],"version-history":[{"count":0,"href":"https:\/\/www.visit-ulcinj.com\/blog\/wp-json\/wp\/v2\/posts\/20992\/revisions"}],"wp:attachment":[{"href":"https:\/\/www.visit-ulcinj.com\/blog\/wp-json\/wp\/v2\/media?parent=20992"}],"wp:term":[{"taxonomy":"category","embeddable":true,"href":"https:\/\/www.visit-ulcinj.com\/blog\/wp-json\/wp\/v2\/categories?post=20992"},{"taxonomy":"post_tag","embeddable":true,"href":"https:\/\/www.visit-ulcinj.com\/blog\/wp-json\/wp\/v2\/tags?post=20992"}],"curies":[{"name":"wp","href":"https:\/\/api.w.org\/{rel}","templated":true}]}}