{"id":210,"date":"2008-01-19T11:11:15","date_gmt":"2008-01-19T16:11:15","guid":{"rendered":"http:\/\/www.visit-ulcinj.com\/blog\/2008\/01\/19\/fati-i-librit-tek-presidenti\/"},"modified":"2008-02-12T19:01:21","modified_gmt":"2008-02-13T00:01:21","slug":"fati-i-librit-tek-presidenti","status":"publish","type":"post","link":"https:\/\/www.visit-ulcinj.com\/blog\/2008\/01\/19\/fati-i-librit-tek-presidenti\/","title":{"rendered":"Fati i librit tek presidenti"},"content":{"rendered":"<p><img loading=\"lazy\" src=\"http:\/\/www.visit-ulcinj.com\/blog\/wp-content\/uploads\/2008\/01\/muja.thumbnail.jpg\" align=\"left\" border=\"0\" height=\"128\" hspace=\"2\" vspace=\"2\" width=\"91\" \/>Reagojn\u00eb edhe botuesit dhe intelektual\u00ebt n\u00eb Kosov\u00eb dhe Mal t\u00eb Zi: &#8220;S\u2019do mend se pasojat m\u00eb t\u00eb m\u00ebdha do t\u2019i ndjenim ne q\u00eb jetojm\u00eb dhe krijojm\u00eb jasht\u00eb kufijve t\u00eb Shqip\u00ebris\u00eb.&#8221;<\/p>\n<p>Botuesit shqiptar\u00eb jan\u00eb kthyer me nj\u00eb far\u00eb shprese nga takimi me Presidentin e Republik\u00ebs, Bamir Topi. Pas letr\u00ebs t\u00eb n\u00ebnshkruar nga nj\u00ebqind intelektual\u00eb ku shprehej shqet\u00ebsimi p\u00ebr ligjin e sapomiratuar mbi tvsh 20% t\u00eb librit, ky takim \u00ebsht\u00eb par\u00eb si guri i fundit q\u00eb mund ta zhvendos\u00eb k\u00ebt\u00eb histori taksash n\u00eb dogan\u00eb nga nj\u00eb kurth n\u00eb nj\u00eb rrug\u00eb e krye.<!--more--> P\u00ebrfaq\u00ebsues t\u00eb Shoqat\u00ebs s\u00eb Botuesve Shqiptar\u00eb, Fatmir To\u00e7i, Petrit Ymeri dhe nj\u00eb prej distributor\u00ebve t\u00eb librit dhe shtypit t\u00eb huaj Teodor Misha, ndodheshin n\u00eb at\u00eb takim p\u00ebr nj\u00eb arsye m\u00eb shum\u00eb: kjo tvsh e cila \u00ebsht\u00eb 5 her\u00eb m\u00eb e lart\u00eb se norma e lejuar n\u00eb vendet evropiane apo n\u00eb vendet pran\u00eb nesh, do t\u00eb rrezikonte s\u00eb pari marr\u00ebdh\u00ebnien e librit shqip n\u00eb kufijt\u00eb Shqip\u00ebri-Kosov\u00eb-Maqedoni-Mal i Zi kufij ku libri shqip prej pak vitesh ka nisur t\u00eb qarkulloj\u00eb t\u00eb pakt\u00ebn si gjith\u00eb mall\u00ebrat.<\/p>\n<p>Botuesit argumentuan se kjo mas\u00eb e nxituar do t\u00eb sillte efekte negative, n\u00eb radh\u00eb t\u00eb par\u00eb, p\u00ebr lexuesit shqiptar\u00eb, sepse do t\u00eb ndikoj\u00eb drejtp\u00ebrdrejt\u00eb n\u00eb rritjen e \u00e7mimeve dhe, si rrjedhoj\u00eb, uljen e lexueshm\u00ebris\u00eb. Zbatimi i k\u00ebsaj mase do t\u00eb penalizoj\u00eb hyrjen dhe qarkullimin e librave t\u00eb autor\u00ebve dhe botuesve shqiptar\u00eb n\u00eb Rajon, nga Kosova, Maqedonia, Mali i Zi, diaspora dhe emigracioni, t\u00eb cil\u00ebt p\u00ebrb\u00ebjn\u00eb gati 50 % t\u00eb lexuesve shqiptar\u00eb; do t\u00eb frenoj\u00eb dhe minimizoj\u00eb hyrjen n\u00eb Shqip\u00ebri t\u00eb botimeve n\u00eb gjuh\u00eb t\u00eb huaja, p\u00ebr t\u00eb cil\u00ebt kan\u00eb m\u00eb shum\u00eb nevoj\u00eb studiuesit dhe student\u00ebt, si dhe t\u00eb shtypit e periodik\u00ebve t\u00eb huaj; do t\u00eb minimizoj\u00eb mund\u00ebsin\u00eb dhe k\u00ebrkesat e botuesve shqiptar\u00eb p\u00ebr t\u00eb realizuar botime cil\u00ebsore bashk\u00ebkohore, t\u00eb cilat nuk mund t\u2019i marr\u00eb p\u00ebrsip\u00ebr industria poligrafike vendase; do t\u00eb rrezikoj\u00eb realizimin e librave e botimeve t\u00eb tjera shkollore n\u00eb koh\u00eb e m\u00eb cil\u00ebsi t\u00eb lart\u00eb, p\u00ebr shkak t\u00eb p\u00ebrballimit t\u00eb nj\u00eb volumi t\u00eb madh pun\u00eb n\u00eb nj\u00eb koh\u00eb t\u00eb shkurt\u00ebr 2 \u2013 3 mujore gjat\u00eb stin\u00ebs s\u00eb ver\u00ebs.<\/p>\n<p>&#8220;P\u00ebr arsyet e m\u00ebsip\u00ebrme, si dhe p\u00ebr faktin se ligji nuk \u00ebsht\u00eb konsultuar m\u00eb par\u00eb m\u00eb grupet e interesit, specialist\u00ebt p\u00ebrkat\u00ebs, si dhe Komisionet e Medias, Arsimit dhe Kultur\u00ebs t\u00eb Parlamentit, si dhe at\u00eb t\u00eb Integrimit, botuesit i k\u00ebrkuan Presidentit t\u00eb Republik\u00ebs q\u00eb t\u00eb mos dekretonte nj\u00eb ligj t\u00eb till\u00eb antikushtetues, q\u00eb do t\u2019i largonte m\u00eb shum\u00eb shqiptar\u00ebt nga libri dhe do vinte barriera t\u00eb r\u00ebnda midis autor\u00ebve e botuesve shqiptar\u00eb k\u00ebtej dhe andej kufirit.&#8221;, thuhet n\u00eb njoftimi e zyr\u00ebs s\u00eb shtypit t\u00eb Shoqat\u00ebs s\u00eb Botuesve Shqiptar\u00eb.<\/p>\n<p>N\u00eb fillim t\u00eb takimit, presidenti Topi vler\u00ebsoi ecurin\u00eb dhe arritjet e editoris\u00eb shqiptare q\u00eb nga viti \u201990 e deri m\u00eb sot, pastaj biseda (rreth nj\u00eb or\u00eb) u p\u00ebrqendrua n\u00eb problemin n\u00eb fjal\u00eb. Pasi ka d\u00ebgjuar edhe opinionet e k\u00ebshilltar\u00ebve dhe specialist\u00ebve t\u00eb Kabinetit, ai deklaroi q\u00eb n\u00eb fillim se ishte n\u00eb dijeni t\u00eb \u00e7\u00ebshtjes dhe u shpreh n\u00eb parim p\u00ebr mb\u00ebshtetjen e politikave kulturore p\u00ebr nxitjen e leximit dhe sigurimin e mund\u00ebsive t\u00eb barabarta t\u00eb t\u00eb gjitha hallkave q\u00eb merren me pun\u00ebn me librit. I siguroi botuesit se do ta studionte me p\u00ebrpar\u00ebsi problemin n\u00eb fjal\u00eb dhe do t\u00eb merrte vendimin e duhur n\u00eb nj\u00eb periudh\u00eb t\u00eb shkurt\u00ebr dhe brenda afateve ligjor. Dhe n\u00eb fund ka pranuar k\u00ebrkes\u00ebn e botuesve q\u00eb Panairi XI i Librit &#8220;Tirana 2008&#8221; t\u00eb zhvillohet n\u00ebn kujdesin dhe me mb\u00ebshtetjen e tij.<\/p>\n<p>Po dje, me pak vones\u00eb, kan\u00eb ardhur reagimet nga dy shoqatat e shkrimtar\u00ebve shqiptar\u00eb t\u00eb Kosov\u00ebs dhe Malit t\u00eb <img loading=\"lazy\" src=\"http:\/\/www.visit-ulcinj.com\/blog\/wp-content\/uploads\/2008\/01\/basri-capriqi.thumbnail.jpg\" align=\"right\" border=\"0\" height=\"128\" hspace=\"2\" vspace=\"2\" width=\"109\" \/>Zi. N\u00eb reagimin e PEN Qendr\u00ebs s\u00eb Kosov\u00ebs, kryetari i tij, Basri \u00c7apriqi, ka shprehur p\u00ebrkrahje p\u00ebr koleg\u00ebt n\u00eb Tiran\u00eb &#8220;n\u00eb reagimin ndaj ngarkesave fiskale q\u00eb Qeveria synon t\u00eb v\u00eb mbi librin. K\u00ebrkojm\u00eb nga t\u00eb gjith\u00eb faktor\u00ebt qeveritar\u00eb n\u00eb Shqip\u00ebri si dhe nga homolog\u00ebt e tyre n\u00eb Prishtin\u00eb, Shkup e Podgoric\u00eb q\u00eb t\u00eb \u00e7lirojn\u00eb librin shqip nga ngarkesat fiskale, nga taksat doganore dhe t\u00eb mund\u00ebsojn\u00eb qarkullimin e lir\u00eb t\u00eb librit shqip n\u00eb gjith\u00eb hap\u00ebsir\u00ebn kulturore shqiptare. \u00cbsht\u00eb arritur me v\u00ebshtir\u00ebsi t\u00eb madhe nga botuesit shqiptar\u00eb q\u00eb, si kurr\u00eb m\u00eb par\u00eb, libri shqip t\u00eb qarkulloj\u00eb i papenguar tashm\u00eb nga kufizimet politike q\u00eb e ngarkonin n\u00eb t\u00eb shkuar\u00ebn. Do t\u00eb ishte d\u00ebm i madh q\u00eb k\u00ebt\u00eb qarkullim t\u00eb lir\u00eb ta ndalonin apo ta v\u00ebshtir\u00ebsonin tani ngarkesat e pap\u00ebrballueshme fiskale e doganore.&#8221;<\/p>\n<p>N\u00eb reagimin e Shoqat\u00ebs s\u00eb Artist\u00ebve dhe Intelektual\u00ebve &#8220;ART CLUB&#8221; e Ulqinit, me kryetar Qazim Muj\u00ebn thuhet: &#8220;Ajo q\u00eb neve na mungoi vazhdimisht pothuaj nj\u00eb shekull, kontakti i domosdosh\u00ebm me fjal\u00ebn shqipe p\u00ebr t\u00eb ruajtur substanc\u00ebn e k\u00ebsaj pjese t\u00eb etnosit, dhe q\u00eb me shum\u00eb mund pak a shum\u00eb u p\u00ebrmir\u00ebsua n\u00eb vitet e fundit, synohet t\u00eb rr\u00ebnohet me gjakftoht\u00ebsi. N\u00eb koh\u00ebn e interkulturalizmit kur kulturat e ndryshme integrohen, ne vem\u00eb bariera t\u00eb panevojshme brendap\u00ebrbr\u00ebnda vetes p\u00ebr t\u00eb rr\u00ebnuar t\u00eb vetm\u00ebn vler\u00eb integruese, trungun kulturor gjith\u00ebkomb\u00ebtar. Andaj k\u00ebrkojm\u00eb q\u00eb Qeveriat\u00eb heq\u00eb dor\u00eb ngaveprimet q\u00eb edhe m\u00eb tutje do t\u00eb v\u00ebshtir\u00ebsonin qarkullimin e lir\u00eb t\u00eb librit. S\u2019do mend se pasojat m\u00eb t\u00eb m\u00ebdha do t\u2019i ndjenim ne q\u00eb jetojm\u00eb dhe krijojm\u00eb jasht\u00eb kufijve t\u00eb Shqip\u00ebris\u00eb.&#8221; Do t\u00eb ishte v\u00ebrtet nj\u00eb ngjarje n\u00eb historin\u00eb e ligjeve t\u00eb miratuara nga parlamenti shqiptar me p\u00ebrdhun\u00eb, kthimi mbrapsht i k\u00ebtij ligji nga presidenti i republik\u00ebs dhe shp\u00ebtimin e librit nga taksa maksimale.<\/p>\n<p><a href=\"http:\/\/www.shekulli.com.al\/\">http:\/\/www.shekulli.com.al<\/a><\/p>\n","protected":false},"excerpt":{"rendered":"<p><img loading=\"lazy\" src=\"http:\/\/www.visit-ulcinj.com\/blog\/wp-content\/uploads\/2008\/01\/muja.thumbnail.jpg\" alt=\"Muja\" height=\"140\"  width=\"140\" \/><\/p>\n","protected":false},"author":1,"featured_media":0,"comment_status":"open","ping_status":"closed","sticky":false,"template":"","format":"standard","meta":{"spay_email":"","jetpack_publicize_message":"","jetpack_is_tweetstorm":false,"jetpack_publicize_feature_enabled":true},"categories":[4],"tags":[],"jetpack_publicize_connections":[],"yoast_head":"<!-- This site is optimized with the Yoast SEO plugin v19.1 - https:\/\/yoast.com\/wordpress\/plugins\/seo\/ -->\n<title>Fati i librit tek presidenti - Lajme nga Ulqini<\/title>\n<meta name=\"robots\" content=\"index, follow, max-snippet:-1, max-image-preview:large, max-video-preview:-1\" \/>\n<link rel=\"canonical\" href=\"https:\/\/www.visit-ulcinj.com\/blog\/2008\/01\/19\/fati-i-librit-tek-presidenti\/\" \/>\n<meta property=\"og:locale\" content=\"en_US\" \/>\n<meta property=\"og:type\" content=\"article\" \/>\n<meta property=\"og:title\" content=\"Fati i librit tek presidenti - Lajme nga Ulqini\" \/>\n<meta property=\"og:url\" content=\"https:\/\/www.visit-ulcinj.com\/blog\/2008\/01\/19\/fati-i-librit-tek-presidenti\/\" \/>\n<meta property=\"og:site_name\" content=\"Lajme nga Ulqini\" \/>\n<meta property=\"article:published_time\" content=\"2008-01-19T16:11:15+00:00\" \/>\n<meta property=\"article:modified_time\" content=\"2008-02-13T00:01:21+00:00\" \/>\n<meta property=\"og:image\" content=\"http:\/\/www.visit-ulcinj.com\/blog\/wp-content\/uploads\/2008\/01\/muja.thumbnail.jpg\" \/>\n<meta name=\"twitter:label1\" content=\"Written by\" \/>\n\t<meta name=\"twitter:data1\" content=\"ulqini\" \/>\n\t<meta name=\"twitter:label2\" content=\"Est. reading time\" \/>\n\t<meta name=\"twitter:data2\" content=\"5 minutes\" \/>\n<script type=\"application\/ld+json\" class=\"yoast-schema-graph\">{\"@context\":\"https:\/\/schema.org\",\"@graph\":[{\"@type\":\"WebSite\",\"@id\":\"https:\/\/www.visit-ulcinj.com\/blog\/#website\",\"url\":\"https:\/\/www.visit-ulcinj.com\/blog\/\",\"name\":\"Lajme nga Ulqini\",\"description\":\"Lajme,Vijesti,Ulqini,Ulqin,Crna Gora,Mali i Zi\",\"potentialAction\":[{\"@type\":\"SearchAction\",\"target\":{\"@type\":\"EntryPoint\",\"urlTemplate\":\"https:\/\/www.visit-ulcinj.com\/blog\/?s={search_term_string}\"},\"query-input\":\"required name=search_term_string\"}],\"inLanguage\":\"en-US\"},{\"@type\":\"ImageObject\",\"inLanguage\":\"en-US\",\"@id\":\"https:\/\/www.visit-ulcinj.com\/blog\/2008\/01\/19\/fati-i-librit-tek-presidenti\/#primaryimage\",\"url\":\"http:\/\/www.visit-ulcinj.com\/blog\/wp-content\/uploads\/2008\/01\/muja.thumbnail.jpg\",\"contentUrl\":\"http:\/\/www.visit-ulcinj.com\/blog\/wp-content\/uploads\/2008\/01\/muja.thumbnail.jpg\"},{\"@type\":\"WebPage\",\"@id\":\"https:\/\/www.visit-ulcinj.com\/blog\/2008\/01\/19\/fati-i-librit-tek-presidenti\/#webpage\",\"url\":\"https:\/\/www.visit-ulcinj.com\/blog\/2008\/01\/19\/fati-i-librit-tek-presidenti\/\",\"name\":\"Fati i librit tek presidenti - Lajme nga Ulqini\",\"isPartOf\":{\"@id\":\"https:\/\/www.visit-ulcinj.com\/blog\/#website\"},\"primaryImageOfPage\":{\"@id\":\"https:\/\/www.visit-ulcinj.com\/blog\/2008\/01\/19\/fati-i-librit-tek-presidenti\/#primaryimage\"},\"datePublished\":\"2008-01-19T16:11:15+00:00\",\"dateModified\":\"2008-02-13T00:01:21+00:00\",\"author\":{\"@id\":\"https:\/\/www.visit-ulcinj.com\/blog\/#\/schema\/person\/dcab619c614d3038751c63bc2aadc06d\"},\"breadcrumb\":{\"@id\":\"https:\/\/www.visit-ulcinj.com\/blog\/2008\/01\/19\/fati-i-librit-tek-presidenti\/#breadcrumb\"},\"inLanguage\":\"en-US\",\"potentialAction\":[{\"@type\":\"ReadAction\",\"target\":[\"https:\/\/www.visit-ulcinj.com\/blog\/2008\/01\/19\/fati-i-librit-tek-presidenti\/\"]}]},{\"@type\":\"BreadcrumbList\",\"@id\":\"https:\/\/www.visit-ulcinj.com\/blog\/2008\/01\/19\/fati-i-librit-tek-presidenti\/#breadcrumb\",\"itemListElement\":[{\"@type\":\"ListItem\",\"position\":1,\"name\":\"Fati i librit tek presidenti\"}]},{\"@type\":\"Person\",\"@id\":\"https:\/\/www.visit-ulcinj.com\/blog\/#\/schema\/person\/dcab619c614d3038751c63bc2aadc06d\",\"name\":\"ulqini\",\"sameAs\":[\"http:\/\/www.visit-ulcinj.com\"],\"url\":\"https:\/\/www.visit-ulcinj.com\/blog\/author\/admin\/\"}]}<\/script>\n<!-- \/ Yoast SEO plugin. -->","yoast_head_json":{"title":"Fati i librit tek presidenti - Lajme nga Ulqini","robots":{"index":"index","follow":"follow","max-snippet":"max-snippet:-1","max-image-preview":"max-image-preview:large","max-video-preview":"max-video-preview:-1"},"canonical":"https:\/\/www.visit-ulcinj.com\/blog\/2008\/01\/19\/fati-i-librit-tek-presidenti\/","og_locale":"en_US","og_type":"article","og_title":"Fati i librit tek presidenti - Lajme nga Ulqini","og_url":"https:\/\/www.visit-ulcinj.com\/blog\/2008\/01\/19\/fati-i-librit-tek-presidenti\/","og_site_name":"Lajme nga Ulqini","article_published_time":"2008-01-19T16:11:15+00:00","article_modified_time":"2008-02-13T00:01:21+00:00","og_image":[{"url":"http:\/\/www.visit-ulcinj.com\/blog\/wp-content\/uploads\/2008\/01\/muja.thumbnail.jpg"}],"twitter_misc":{"Written by":"ulqini","Est. reading time":"5 minutes"},"schema":{"@context":"https:\/\/schema.org","@graph":[{"@type":"WebSite","@id":"https:\/\/www.visit-ulcinj.com\/blog\/#website","url":"https:\/\/www.visit-ulcinj.com\/blog\/","name":"Lajme nga Ulqini","description":"Lajme,Vijesti,Ulqini,Ulqin,Crna Gora,Mali i Zi","potentialAction":[{"@type":"SearchAction","target":{"@type":"EntryPoint","urlTemplate":"https:\/\/www.visit-ulcinj.com\/blog\/?s={search_term_string}"},"query-input":"required name=search_term_string"}],"inLanguage":"en-US"},{"@type":"ImageObject","inLanguage":"en-US","@id":"https:\/\/www.visit-ulcinj.com\/blog\/2008\/01\/19\/fati-i-librit-tek-presidenti\/#primaryimage","url":"http:\/\/www.visit-ulcinj.com\/blog\/wp-content\/uploads\/2008\/01\/muja.thumbnail.jpg","contentUrl":"http:\/\/www.visit-ulcinj.com\/blog\/wp-content\/uploads\/2008\/01\/muja.thumbnail.jpg"},{"@type":"WebPage","@id":"https:\/\/www.visit-ulcinj.com\/blog\/2008\/01\/19\/fati-i-librit-tek-presidenti\/#webpage","url":"https:\/\/www.visit-ulcinj.com\/blog\/2008\/01\/19\/fati-i-librit-tek-presidenti\/","name":"Fati i librit tek presidenti - Lajme nga Ulqini","isPartOf":{"@id":"https:\/\/www.visit-ulcinj.com\/blog\/#website"},"primaryImageOfPage":{"@id":"https:\/\/www.visit-ulcinj.com\/blog\/2008\/01\/19\/fati-i-librit-tek-presidenti\/#primaryimage"},"datePublished":"2008-01-19T16:11:15+00:00","dateModified":"2008-02-13T00:01:21+00:00","author":{"@id":"https:\/\/www.visit-ulcinj.com\/blog\/#\/schema\/person\/dcab619c614d3038751c63bc2aadc06d"},"breadcrumb":{"@id":"https:\/\/www.visit-ulcinj.com\/blog\/2008\/01\/19\/fati-i-librit-tek-presidenti\/#breadcrumb"},"inLanguage":"en-US","potentialAction":[{"@type":"ReadAction","target":["https:\/\/www.visit-ulcinj.com\/blog\/2008\/01\/19\/fati-i-librit-tek-presidenti\/"]}]},{"@type":"BreadcrumbList","@id":"https:\/\/www.visit-ulcinj.com\/blog\/2008\/01\/19\/fati-i-librit-tek-presidenti\/#breadcrumb","itemListElement":[{"@type":"ListItem","position":1,"name":"Fati i librit tek presidenti"}]},{"@type":"Person","@id":"https:\/\/www.visit-ulcinj.com\/blog\/#\/schema\/person\/dcab619c614d3038751c63bc2aadc06d","name":"ulqini","sameAs":["http:\/\/www.visit-ulcinj.com"],"url":"https:\/\/www.visit-ulcinj.com\/blog\/author\/admin\/"}]}},"jetpack_featured_media_url":"","jetpack_sharing_enabled":true,"jetpack_shortlink":"https:\/\/wp.me\/pe6lTn-3o","_links":{"self":[{"href":"https:\/\/www.visit-ulcinj.com\/blog\/wp-json\/wp\/v2\/posts\/210"}],"collection":[{"href":"https:\/\/www.visit-ulcinj.com\/blog\/wp-json\/wp\/v2\/posts"}],"about":[{"href":"https:\/\/www.visit-ulcinj.com\/blog\/wp-json\/wp\/v2\/types\/post"}],"author":[{"embeddable":true,"href":"https:\/\/www.visit-ulcinj.com\/blog\/wp-json\/wp\/v2\/users\/1"}],"replies":[{"embeddable":true,"href":"https:\/\/www.visit-ulcinj.com\/blog\/wp-json\/wp\/v2\/comments?post=210"}],"version-history":[{"count":0,"href":"https:\/\/www.visit-ulcinj.com\/blog\/wp-json\/wp\/v2\/posts\/210\/revisions"}],"wp:attachment":[{"href":"https:\/\/www.visit-ulcinj.com\/blog\/wp-json\/wp\/v2\/media?parent=210"}],"wp:term":[{"taxonomy":"category","embeddable":true,"href":"https:\/\/www.visit-ulcinj.com\/blog\/wp-json\/wp\/v2\/categories?post=210"},{"taxonomy":"post_tag","embeddable":true,"href":"https:\/\/www.visit-ulcinj.com\/blog\/wp-json\/wp\/v2\/tags?post=210"}],"curies":[{"name":"wp","href":"https:\/\/api.w.org\/{rel}","templated":true}]}}