{"id":21012,"date":"2009-05-12T19:24:45","date_gmt":"2009-05-12T17:24:45","guid":{"rendered":"http:\/\/www.visit-ulcinj.com\/blog\/?p=21012"},"modified":"2009-05-13T20:28:05","modified_gmt":"2009-05-13T18:28:05","slug":"oferta-turistike-e-ulqinit-prezantohet-ne-tetove","status":"publish","type":"post","link":"https:\/\/www.visit-ulcinj.com\/blog\/2009\/05\/12\/oferta-turistike-e-ulqinit-prezantohet-ne-tetove\/","title":{"rendered":"Oferta turistike e Ulqinit prezantohet n\u00eb Tetov\u00eb"},"content":{"rendered":"<p><img loading=\"lazy\" class=\"alignnone size-full wp-image-21014\" title=\"kryetari-i-tetoves_-sadi-bexheti_gezim-hajdinaga2\" src=\"http:\/\/www.visit-ulcinj.com\/blog\/wp-content\/uploads\/2009\/05\/kryetari-i-tetoves_-sadi-bexheti_gezim-hajdinaga2.jpg\" alt=\"kryetari-i-tetoves_-sadi-bexheti_gezim-hajdinaga2\" width=\"580\" height=\"400\" \/>Nj\u00eb delegacion nga komuna e Ulqinit, t\u00eb mart\u00ebn, ka prezantuar n\u00eb komun\u00ebn e Tetov\u00ebs ofert\u00ebn turistike p\u00ebr sezonin veror 2009. N\u00eb koh\u00ebn e kriz\u00ebs globale, qyteti i Ulqinit p\u00ebr k\u00ebt\u00eb vit do t\u00eb ofroj\u00eb nj\u00eb ofert\u00eb t\u00eb begatshme me \u00e7mime t\u00eb kapshme p\u00ebr xhepat e qytetar\u00ebve.<\/p>\n<p><strong>Sivjet, \u00e7mimet e ofert\u00ebs turistike af\u00ebrsisht p\u00ebr 30 p\u00ebrqind do t\u00eb ulen.<\/strong><\/p>\n<p>Kryetari i komun\u00ebs s\u00eb Tetov\u00ebs, Sadi Bexheti dhe kryetari komun\u00ebs s\u00eb Ulqinit G\u00ebzim Hajdinaga gjat\u00eb takimit jan\u00eb fokusuar n\u00eb bashk\u00ebpunimin n\u00eb sfer\u00ebn e turizmit dhe n\u00eb t\u00eb nj\u00ebjt\u00ebn koh\u00eb kan\u00eb diskutuar edhe mbi procesin e decentralizimit, si nj\u00eb mund\u00ebsi p\u00ebr t\u00eb fuqizuar kompetencat e komunave. \u00c7\u00ebshtja e organizimit t\u00eb komunave ka qen\u00eb tem\u00eb tjet\u00ebr q\u00eb \u00ebsht\u00eb diskutuar n\u00eb k\u00ebt\u00eb takim. T\u00eb dy kryetar\u00ebt kan\u00eb r\u00ebn\u00eb dakord q\u00eb bashk\u00ebpunimi t\u00eb intensifikohet n\u00eb t\u00eb gjitha sferat.<\/p>\n<p>\u201cBashk\u00ebpunimi do t\u00eb vazhdoj\u00eb n\u00eb t\u00eb gjitha sferat, duke u fokusuar n\u00eb at\u00eb q\u00eb \u00ebsht\u00eb m\u00eb e r\u00ebnd\u00ebsishme, ofertat turistike p\u00ebr sezonin veror, por nj\u00ebkoh\u00ebsisht diskutuam edhe problemin e organizimit t\u00eb komun\u00ebs s\u00eb Ulqinit dhe sektor\u00ebt t\u00eb cil\u00ebt i kan\u00eb t\u00eb zhvilluar, m\u00ebnyr\u00ebn e bashk\u00ebpunimit me pushtetin qendror, decentralizimin dhe kompetencat e pushtetit lokal. I ftojm\u00eb t\u00eb gjith\u00eb qytetar\u00ebt e komun\u00ebs s\u00eb Tetov\u00ebs dhe Pollogut q\u00eb p\u00ebr k\u00ebt\u00eb vit sezonal t\u00eb p\u00ebrcaktohen p\u00ebr Ulqinin, sepse do t\u00eb\u00a0 ket\u00eb nj\u00eb ulje \u00e7mimesh p\u00ebr turist\u00ebt pasi q\u00eb k\u00ebt\u00eb vit parashihet kriz\u00eb. Ofertat do t\u00eb jen\u00eb t\u00eb volitshme\u201d, tha pas takimit kryetari i komun\u00ebs s\u00eb Tetov\u00ebs Sadi Bexheti.<br \/>\n<strong><br \/>\nKryetarin e Komun\u00ebs s\u00eb Ulqinit, G\u00ebzim Hajdinaga, tha se ky bashk\u00ebpunim \u00ebsht\u00eb pjes\u00eb e ides\u00eb q\u00eb komuna t\u00eb jet\u00eb servis\u00eb i qytetar\u00ebve.<\/strong><\/p>\n<p>\u201cRam\u00eb dakord q\u00eb edhe n\u00eb t\u00eb ardhmen t\u00eb vazhdoj\u00eb me hapa t\u00eb p\u00ebrshpejtuar procesi i plot\u00eb i decentralizimit t\u00eb pushtetit lokal. M\u00eb vjen mir\u00eb q\u00eb kryetari juaj ka njohuri p\u00ebr komun\u00ebn ton\u00eb sidomos p\u00ebr tre lokalitetet m\u00eb t\u00eb m\u00ebdha, plazhi i madh, ishulli Ada dhe pjesa e ullisht\u00ebs. Numri m\u00eb i madh i qytetar\u00ebve t\u00eb komun\u00ebs s\u00eb Tetov\u00ebs, i njohim k\u00ebto vende dhe kan\u00eb qen\u00eb pjes\u00eb n\u00eb t\u00eb kaluar\u00ebn dhe pritet t\u00eb jen\u00eb edhe k\u00ebt\u00eb vit\u201d, tha kryetari i komun\u00ebs s\u00eb Ulqinit, G\u00ebzim Hajdinaga. Gjithsesi, tha ai, r\u00ebnd\u00ebsi i kushtohet Shkupit, Tetov\u00ebs, Gostivarit dhe qyteteve t\u00eb Kosov\u00ebs. \u201cKam ardhur p\u00ebr t\u2019ju fal\u00ebnderuar, pasi q\u00eb qytetar\u00ebt e Tetov\u00ebs dhe shqiptar\u00ebt n\u00eb p\u00ebrgjith\u00ebsi jan\u00eb turist t\u00eb rregullt n\u00eb Ulqin\u201d, tha Hajdinaga.<\/p>\n<p>Sipas kryetarit t\u00eb komun\u00ebs s\u00eb Ulqinit, gjat\u00eb muajve paraprak \u00ebsht\u00eb b\u00ebr\u00eb rregullimi i rrjetit t\u00eb ujit, rrym\u00ebs elektrike, nd\u00ebrsa n\u00eb dispozicion jan\u00eb 13 kilometra plazh, kurse gjat\u00eb sezonit ky qytet \u00ebsht\u00eb nikoqir i m\u00eb shum\u00eb se 120 mij\u00eb turist\u00ebve.<\/p>\n<p>Gjat\u00eb k\u00ebtij takimi \u00ebsht\u00eb diskutuar q\u00eb edhe oferta e qytetit t\u00eb Tetov\u00ebs t\u00eb prezantohet n\u00eb k\u00ebt\u00eb qytet sidomos gjat\u00eb sezonit dim\u00ebror. Nga ana e kryetarit t\u00eb komun\u00ebs s\u00eb Ulqinit jan\u00eb ftuar trupa e teatrit,\u00a0 s\u00eb cil\u00ebs i \u00ebsht\u00eb rezervuar nj\u00eb nat\u00eb p\u00ebr nj\u00eb shfaqje gjat\u00eb sezonit veror kur edhe n\u00eb k\u00ebt\u00eb qytet zhvillohen aktivitete kulturore.<\/p>\n<p><strong><a href=\"http:\/\/www.tetovo.gov.mk\/napisi_detail.asp?lang=shq&amp;id=687\" target=\"_blank\"> tetova.gov.mk<\/a><\/strong><\/p>\n\n\t\t<style type=\"text\/css\">\n\t\t\t#gallery-1 {\n\t\t\t\tmargin: auto;\n\t\t\t}\n\t\t\t#gallery-1 .gallery-item {\n\t\t\t\tfloat: left;\n\t\t\t\tmargin-top: 10px;\n\t\t\t\ttext-align: center;\n\t\t\t\twidth: 33%;\n\t\t\t}\n\t\t\t#gallery-1 img {\n\t\t\t\tborder: 2px solid #cfcfcf;\n\t\t\t}\n\t\t\t#gallery-1 .gallery-caption {\n\t\t\t\tmargin-left: 0;\n\t\t\t}\n\t\t\t\/* see gallery_shortcode() in wp-includes\/media.php *\/\n\t\t<\/style>\n\t\t<div id='gallery-1' class='gallery galleryid-21012 gallery-columns-3 gallery-size-thumbnail'><dl class='gallery-item'>\n\t\t\t<dt class='gallery-icon landscape'>\n\t\t\t\t<a href='https:\/\/www.visit-ulcinj.com\/blog\/2009\/05\/12\/oferta-turistike-e-ulqinit-prezantohet-ne-tetove\/kryetari-i-tetoves_-sadi-bexheti_gezim-hajdinaga1\/'><img width=\"150\" height=\"150\" src=\"https:\/\/www.visit-ulcinj.com\/blog\/wp-content\/uploads\/2009\/05\/kryetari-i-tetoves_-sadi-bexheti_gezim-hajdinaga1-150x150.jpg\" class=\"attachment-thumbnail size-thumbnail\" alt=\"\" loading=\"lazy\" \/><\/a>\n\t\t\t<\/dt><\/dl><dl class='gallery-item'>\n\t\t\t<dt class='gallery-icon landscape'>\n\t\t\t\t<a href='https:\/\/www.visit-ulcinj.com\/blog\/2009\/05\/12\/oferta-turistike-e-ulqinit-prezantohet-ne-tetove\/kryetari-i-tetoves_-sadi-bexheti_gezim-hajdinaga2\/'><img width=\"150\" height=\"150\" src=\"https:\/\/www.visit-ulcinj.com\/blog\/wp-content\/uploads\/2009\/05\/kryetari-i-tetoves_-sadi-bexheti_gezim-hajdinaga2-150x150.jpg\" class=\"attachment-thumbnail size-thumbnail\" alt=\"\" loading=\"lazy\" \/><\/a>\n\t\t\t<\/dt><\/dl><dl class='gallery-item'>\n\t\t\t<dt class='gallery-icon landscape'>\n\t\t\t\t<a href='https:\/\/www.visit-ulcinj.com\/blog\/2009\/05\/12\/oferta-turistike-e-ulqinit-prezantohet-ne-tetove\/kryetari-i-tetoves_-sadi-bexheti_gezim-hajdinaga21\/'><img width=\"150\" height=\"129\" src=\"https:\/\/www.visit-ulcinj.com\/blog\/wp-content\/uploads\/2009\/05\/kryetari-i-tetoves_-sadi-bexheti_gezim-hajdinaga21-150x129.jpg\" class=\"attachment-thumbnail size-thumbnail\" alt=\"\" loading=\"lazy\" \/><\/a>\n\t\t\t<\/dt><\/dl><br style=\"clear: both\" \/>\n\t\t<\/div>\n\n<p>[flv width=&#8221;580&#8243; height=&#8221;380&#8243;]http:\/\/tours-tv.com\/objects\/ulcinj\/Ulcinj.flv[\/flv]<\/p>\n<p style=\"text-align: center;\"><a class=\"aligncenter\" title=\"???? ????,?????,Ulcinj,Montenegru,??????????,?ernoqoriya,Besplatni internet oglasi,Besplatni oglasi,besplatni mali oglasi,besplatni turisti\u00e8ki oglasi,oglasi, usluge, turizam,Turisti\u00e8ke usluge,Doma?i turizam,Besplatni Oglasnik,Brzi Oglasi Besplatno,Besplatno OglasavanjeTurizam,besplatni oglasi sa slikom,Turisticki informator besplatni,li\u00e8ni-oglasi,BESPLATNI Turisticki OGLASI SA SLIKAMA,BESPLATNI Turisticki Oglasi saVideom,turisticki smestaj oglasi,Turisti\u00e8ki vodi\u00e8 balkana,BESPLATNA REZERVACIJA SMESTAJA,Postavite besplatno Vas oglas,FREE TOURIST GUIDES,Izdavanje-Turizam oglasi,Balkan Turisticki vodic,shpallje turistike falas,Shpallje Falas,Shpallje falas per Komplekse Turistike,Lajmerime,Njoftime,shpallje shqip per shqiptaret ne shqiperi kosova maqedoni,mal te zi,???????????,Montenegiro,?ern? Hora,??????????,Cz\u00f4rnog?ra,Cz\u00f4rn\u00f4 G?ra,Carna G?ra,T?ernogooria,?ernogoriya,Montain\u00e9agr?,Montenegwo,?orna Hora,Montenegr?,M?ntenigro,Chernogoriya ,\u00c7\u00earnogor\u00ee ,?????????,????????? ,??????? ,Montes Nigrae,Mons Niger,M\u00f4ntenegr\u00f4,Muntenegru,??????????,Czarnog?ra,Muntinigru,Muntenegro,&lt;br &gt;&lt;\/a&gt; Muntenegru,\t?ierna Hora,Cxerngora,????????,?rna gora,Moontineegro,?ornog\u00f9ra,?ernogori?a,Chernogoriya,Mont\u00f5negro,????? ???? ,?r?na Gora,?r?nogorije,?ernogorija,?arnahoryja,??????????,???????????????????? ,?ern\u00f4g\u00f4riy\u00e2,M\u00fbnt\u00een\u00ee?r\u00fb,????? ?????? ,????????,??????????,???????????,M\u00e2nten\u00eegro,???? ????? ,????????,M\u00f4ntenegr\u00f4,????????????,???????????,????????????, ??????????? ,????????????,??????????? ,\u008d\u2022?R\/?K?R ,\u0192\u201a\u0192\u201c\u0192e\u0192l\u0192O\u0192\u008d,\u00b8???\u00b3?\u00b1?\u2022? ,Muntenegru, ????? ????, Montenegr?,chambres ? louer ? ulcinj, location de vacance, location saisonni?res, louer villa,location de vacance, Locations vacance, h?bergements vacances, locations villa, logements de vacances, location maison avec piscine, Location vacance, locations de vacance, h?bergements de vacances, location villa, locations entre particulier, logements vacance, vacances ? Mont?n?gro - location ? Ulcinj ,location  de bigorre,Urlaub in Ulcinj -Montenegro,Hotelbewertungen Ulcinj,Reisen Ulcinj, Urlaub Ulcinj,Hotel in Serbien und Montenegro von Urlaubern bewertet,Billig Urlaub in Ulcinj,ferienh?user,ferienwohnung,Billige Ferienh?user,Ferienwohnung ULCINJ,Ferien an der Adria,Urlaub im Ferienhaus ulcinjBilligreisen Ulcinj,Pauschalreisen,FKK Strand Ada Bojana ulcinj,Last Minute Angebote ulcinj,Preise f?r Lastminute,Kleinanzeigen gratis,Ausflug nach Ulcinj,FKK-Reisen ada bojana,FKK-Urlaub ulcinj,Privatni smje?taj,rezervacija smje?taja,apartmani,sobe,ku?e,odmor,sobe za odmor ulcinj,Pretra?ivanje privatnog smje?taja,rooms rent accommodation ulcinj, rentail private accommodation ulcinj,?elite rezervirati privatni smje?taj,Private accommodation,Smje?taj ulcinj,Pushime Verore ulqin,pushime t? lira n? ulqin,Pushime ne plazh,Pushime te kendshme,dhoma per pushime ulqin,dhoma me qera ulqin,dhoma te lira ulqin,pushime te lira ulqin,mali i zi,kosova,maqedoni,shqiperi,Pushime ne det te ulqinit,godi?nji odmor u ulcinj,odmor u ulcinj,Ku?a za odmor,kuda na odmor,ljetovanje u ulcinj,slobodne sobe,dhoma te lira,ku?a uz more,turisti?ka ponuda,odmor i zabava,povolne cene,sobe,usluge,Mjesto za Va? odmor , Place for Your holiday,Odmor portal,putovanaja,Iznajmljivanje soba ulcinj,odmor ulcinj info,Va?e mjesto za odmor ulcinj,nudisticka plaza ada bojana,smjestaj ponuda ulcinj,lokacioni i dhomave ulqin,deti,plazhet e bukura,diskoteka,zbavitja,.\" href=\"http:\/\/www.visit-ulcinj.com\/tourism\/\" target=\"_blank\"><img loading=\"lazy\" class=\"aligncenter\" title=\"SHPALLJE TURISTIKE FALAS,FREE TOURIST GUIDES,BESPLATNI TURISTI?KI OGLASI,balkan holiday rentals,ALBANIJA,ALBANIA,SHQIPERIJA,CRNA GORA,HRVATSKA,KROACIA,SLOVENIJA,MAKEDONIJA,MAKEDONIA,SRBIJA,MONTENEGRO,MALI I ZI,\" src=\"http:\/\/www.visit-ulcinj.com\/blog\/wp-content\/uploads\/2008\/09\/balkanholidayrentals.gif\" alt=\"Apatin,  Aran?elovac,  ?uprija,  ?a?ak,  ?apljina,  ?itluk,  ?abac,  ?ipovo,  ?iroki Brijeg,  ?ep?e,  ?ivinice,  Ba?ka Palanka,  Banja Luka,  Banovi?i,  Be?ej,  beograd,  Biha?,  Bijeljina,  Bor,  Bor?a,  Bosanska Gradi?ka,  Bosanska Krupa,  Bosanski ?amac,  Bosanski Brod,  Bosanski Novi,  Br?ko,  Bu?im,  Bugojno,  Cazin,  Crna Gora,  Derventa,  Doboj,  Donji Vakuf,  Drvar,  Dubrovnik,  Fo?a,  Fojnica,  Glamo?,  Gora?de,  Gornji Milanovac,  Gornji Vakuf,  gostivar,  Gra?anica,  Grada?ac,  Gradiska,  Grahovo,  Had?i?i,  Ilid?a,  In?ija,  Jablanica,  Jagodina,  Jajce,  Kakanj,  Kalu?erica,  Kikinda,  Klju?,  Konjic,  Kotor Varo?,  Kragujevac,  Kraljevo,  Kru?evac,  Kula,  Kupres,  Lakta?i,  Lazarevac,  Leskovac,  Livno,  Ljubinje,  ljublana,  Ljubu?ki,  Loznica,  Lukavac,  Maglaj,  Mladenovac,  Modri?a,  montenegro erlajnz,  mostar,  Mrkonji? Grad,  Neum,  Ni?,  Novi Pazar,  Novi Sad,  Novi Travnik,  Obrenovac,  Od?ak,  ohrid,  Ora?je,  Pale,  Pan?evo,  Para?in,  Pirot,  Po?arevac,  Podgorica,  Priboj,  Prijedor,  Prokuplje,  Prozor,  pula,  rijeka,  Ruma,  Sanski Most,  Sarajevo,  Senta,  serbija,  sibenik,  skopje,  Smederevo,  Smederevska Palanka,  Sokolac,  Sombor,  split,  Srebrenica,  Srebrenik,  Sremska Mitrovica,  Stolac,  Struga,  Subotica,  Temerin,  Tesli?,  tetovo,  Travnik,  Trebinje,  tuzla,  U?ice,  ulcinj,  Valjevo,  Velika Kladu?a,  Vi?egrad,  Visoko,  Vitez,  Vogo??a,  vojvodina,  Vranje,  Vr?ac,  Vrbas,  zadar,  Zagreb,  Zaje?ar,  Zavidovi?i,  Zenica,  Zrenjanin,  Zvornik,copacabana ulcinj,  h?tels,  hotel ulqin,  Kosova,  Mali i Zi,  Maqedonija,  Montenegro,  montenegro tourisme plage,  montenegro ulcinj,  Shpallje Falas,  Shpallje Falas per shitjen e shtepis se juaj,  Shpallje Falas per villat e juaj,  Shpallje Falas Real Estate,  Shpallje Falas turistike,  shqiperija,  tourisme,  Ulci?,  ulcinj,  ulqin,  ulqin hotel,  ulqini,  ulqini 2007,Ada Bojana,  Alba?czyk,  Cita di Dolcino,  Copacabana,  Czarnog?ra,  Czarnog?rzec,  Don Kichota,  Ma\u00b3a Pla?a,  Mandra,  MIGUEL DE SERVANTES,  p?\u00b3wyspy Marjan,  Pla?a Valdanos,  Rzeka Bojana,  Shas \/ ?as \/ Sva?,  Ulci?,  Ulcinjsk\u00b9 Riwier?,  Wielka Pla?a,  Wyspa Bojana,GORA,??????????,???????,??????????, ?ern? Hora,TO ULCINJ \/ ULQIN,MONTENEGRO, Czarnog?ra, Muntenegru, ????? ????, Montenegr?,villa ? louer ? ulcinj, location de vacance, location saisonni?res, louer chambres,location de vacance, Locations vacance, h?bergements vacances, locations villa, logements de vacances, location maison avec piscine, Location vacance, locations de vacance, h?bergements de vacances, location, locations entre particulier, logements vacance, vacances ? Mont?n?gro - location ? Ulcinj ,location  de bigorre,Albaniku,  Artana,  Bujanoci,  Burimi,  Dardana,  Dardan?,  De?an,  Dibra,  Drenas,  Drenasi,  Ferizaj,  Ferizaji,  Fush? Kosova,Besplatni internet oglasi,Besplatni oglasi,besplatni mali oglasi,besplatni turisti?ki oglasi,oglasi, usluge, turizam,Turisti?ke usluge,Doma?i turizam,Besplatni Oglasnik,Brzi Oglasi Besplatno,Besplatno OglasavanjeTurizam,besplatni oglasi sa slikom,Turisticki informator besplatni,li?ni-oglasi,BESPLATNI Turisticki OGLASI SA SLIKAMA,BESPLATNI Turisticki Oglasi saVideom,turisticki smestaj oglasi,Turisti?ki vodi? balkana,BESPLATNA REZERVACIJA SMESTAJA,Postavite besplatno Vas oglas,FREE TOURIST GUIDES,Izdavanje-Turizam oglasi,Balkan Turisticki vodic,shpallje turistike falas,Shpallje Falas,Shpallje falas per Komplekse Turistike,Lajmerime,Njoftime,shpallje shqip per shqiptaret ne shqiperi kosova maqedoni,mal te zi,Fush? Kosov?,  Gjakova,  Gjakov?,  Gjilan,  Gjilani,  Gostivari,  Istog,  Istog\u2022,  Ka?anik,  Ka?aniku,  Kastrioti,  K?r?ova,  Klina,  Klin?,  Kumanova,  Leposaviq,  Leskovci,  Likova,  Lipjan,  Lipjani,  Malisheva,  Malishev?,  Manastiri,  Medvegja,  Mitrovica,  Mitrovic?,  Novob?rd?,  Obiliq\u2022 Rahovec,  Ohri,  Peja,  Pej?,  Podujeva,  Podujev?,  Presheva,  Prishtina,  Prishtin?,  Prizren,  Prizreni,  Rahoveci,  Sharri,  Sharri (Kosov?),  Shkupi,  Sht?rpca,  Sht?rpc?,  Shtime,  Sk?nderaj,  Struga,  Tetova,  Theranda,  Therand?,  Triumf Riza,  Veleshta,  Viti,  Vitia,  Vushtrri,  Vushtrria,  Zubin Potok,  Zubin Potoku,  Zvecan,  Zve?ani,Struga,Gostivari,Gostivar,Ker?ova,Tirana,Durr?si,Elbasani,Shkodra,Tuzi,Vlora, Kor?a,Fieri,Berati,Lushnja ,Kavaja,Pogradeci,La?i,Gjirokastra,Patosi,Kruja,Ku?ova,Kuk?si,Lezha,Saranda,Peshkopia,Burreli,C?rriku,?orovoda,Shijaku,Librazhdi,Tepelena,Gramshi,Poli?ani,Bulqiza,P?rmeti,Fush?Kruja,Kamza,Rr?sheni,Ballshi,Mamurrasi,BajramCurri,Erseka,Peqini,Divjaka,Selenica,Bilishti,Roskoveci,Puka,Memaliaj,Rrogozhina,Ura Vajgurore,Himara,Delvina,Vora,Kopliku,Maliqi,P?rrenjasi,Kruma, Libohova,Orikumi,Fush?-Arr?za,Sh?ngjini,Rubiku,Miloti, Leskoviku,Konispoli,K?lcyra,Krasta,K?rraba,Manastiri,Hara?ina,Likova,Prilepi,Zajazi,Vrap?ishti,Bogovin?,\" width=\"520\" height=\"120\" \/><\/a><\/p>\n","protected":false},"excerpt":{"rendered":"<p>Nj\u00eb delegacion nga komuna e Ulqinit, t\u00eb mart\u00ebn, ka prezantuar n\u00eb komun\u00ebn e Tetov\u00ebs ofert\u00ebn turistike p\u00ebr sezonin veror 2009. N\u00eb koh\u00ebn e kriz\u00ebs globale, qyteti i Ulqinit p\u00ebr k\u00ebt\u00eb vit do t\u00eb ofroj\u00eb nj\u00eb ofert\u00eb t\u00eb begatshme me \u00e7mime t\u00eb kapshme p\u00ebr xhepat e qytetar\u00ebve. Sivjet, \u00e7mimet e ofert\u00ebs turistike af\u00ebrsisht p\u00ebr 30 p\u00ebrqind [&hellip;]<\/p>\n","protected":false},"author":1,"featured_media":0,"comment_status":"open","ping_status":"closed","sticky":false,"template":"","format":"standard","meta":{"spay_email":"","jetpack_publicize_message":"","jetpack_is_tweetstorm":false,"jetpack_publicize_feature_enabled":true},"categories":[12],"tags":[222,10277,10238,10273,10276,10274,10278,10275,10279],"jetpack_publicize_connections":[],"yoast_head":"<!-- This site is optimized with the Yoast SEO plugin v19.1 - https:\/\/yoast.com\/wordpress\/plugins\/seo\/ -->\n<title>Oferta turistike e Ulqinit prezantohet n\u00eb Tetov\u00eb - Lajme nga Ulqini<\/title>\n<meta name=\"description\" content=\"Nj\u00eb delegacion nga komuna e Ulqinit, t\u00eb mart\u00ebn, ka prezantuar n\u00eb komun\u00ebn e Tetov\u00ebs ofert\u00ebn turistike p\u00ebr sezonin veror 2009. N\u00eb koh\u00ebn e kriz\u00ebs globale,\" \/>\n<meta name=\"robots\" content=\"index, follow, max-snippet:-1, max-image-preview:large, max-video-preview:-1\" \/>\n<link rel=\"canonical\" href=\"https:\/\/www.visit-ulcinj.com\/blog\/2009\/05\/12\/oferta-turistike-e-ulqinit-prezantohet-ne-tetove\/\" \/>\n<meta property=\"og:locale\" content=\"en_US\" \/>\n<meta property=\"og:type\" content=\"article\" \/>\n<meta property=\"og:title\" content=\"Oferta turistike e Ulqinit prezantohet n\u00eb Tetov\u00eb - Lajme nga Ulqini\" \/>\n<meta property=\"og:description\" content=\"Nj\u00eb delegacion nga komuna e Ulqinit, t\u00eb mart\u00ebn, ka prezantuar n\u00eb komun\u00ebn e Tetov\u00ebs ofert\u00ebn turistike p\u00ebr sezonin veror 2009. N\u00eb koh\u00ebn e kriz\u00ebs globale,\" \/>\n<meta property=\"og:url\" content=\"https:\/\/www.visit-ulcinj.com\/blog\/2009\/05\/12\/oferta-turistike-e-ulqinit-prezantohet-ne-tetove\/\" \/>\n<meta property=\"og:site_name\" content=\"Lajme nga Ulqini\" \/>\n<meta property=\"article:published_time\" content=\"2009-05-12T17:24:45+00:00\" \/>\n<meta property=\"article:modified_time\" content=\"2009-05-13T18:28:05+00:00\" \/>\n<meta property=\"og:image\" content=\"https:\/\/www.visit-ulcinj.com\/blog\/wp-content\/uploads\/2009\/05\/kryetari-i-tetoves_-sadi-bexheti_gezim-hajdinaga1-150x150.jpg\" \/>\n<meta name=\"twitter:label1\" content=\"Written by\" \/>\n\t<meta name=\"twitter:data1\" content=\"ulqini\" \/>\n\t<meta name=\"twitter:label2\" content=\"Est. reading time\" \/>\n\t<meta name=\"twitter:data2\" content=\"3 minutes\" \/>\n<script type=\"application\/ld+json\" class=\"yoast-schema-graph\">{\"@context\":\"https:\/\/schema.org\",\"@graph\":[{\"@type\":\"WebSite\",\"@id\":\"https:\/\/www.visit-ulcinj.com\/blog\/#website\",\"url\":\"https:\/\/www.visit-ulcinj.com\/blog\/\",\"name\":\"Lajme nga Ulqini\",\"description\":\"Lajme,Vijesti,Ulqini,Ulqin,Crna Gora,Mali i Zi\",\"potentialAction\":[{\"@type\":\"SearchAction\",\"target\":{\"@type\":\"EntryPoint\",\"urlTemplate\":\"https:\/\/www.visit-ulcinj.com\/blog\/?s={search_term_string}\"},\"query-input\":\"required name=search_term_string\"}],\"inLanguage\":\"en-US\"},{\"@type\":\"ImageObject\",\"inLanguage\":\"en-US\",\"@id\":\"https:\/\/www.visit-ulcinj.com\/blog\/2009\/05\/12\/oferta-turistike-e-ulqinit-prezantohet-ne-tetove\/#primaryimage\",\"url\":\"https:\/\/www.visit-ulcinj.com\/blog\/wp-content\/uploads\/2009\/05\/kryetari-i-tetoves_-sadi-bexheti_gezim-hajdinaga2.jpg\",\"contentUrl\":\"https:\/\/www.visit-ulcinj.com\/blog\/wp-content\/uploads\/2009\/05\/kryetari-i-tetoves_-sadi-bexheti_gezim-hajdinaga2.jpg\",\"width\":\"1000\",\"height\":\"750\"},{\"@type\":\"WebPage\",\"@id\":\"https:\/\/www.visit-ulcinj.com\/blog\/2009\/05\/12\/oferta-turistike-e-ulqinit-prezantohet-ne-tetove\/#webpage\",\"url\":\"https:\/\/www.visit-ulcinj.com\/blog\/2009\/05\/12\/oferta-turistike-e-ulqinit-prezantohet-ne-tetove\/\",\"name\":\"Oferta turistike e Ulqinit prezantohet n\u00eb Tetov\u00eb - Lajme nga Ulqini\",\"isPartOf\":{\"@id\":\"https:\/\/www.visit-ulcinj.com\/blog\/#website\"},\"primaryImageOfPage\":{\"@id\":\"https:\/\/www.visit-ulcinj.com\/blog\/2009\/05\/12\/oferta-turistike-e-ulqinit-prezantohet-ne-tetove\/#primaryimage\"},\"datePublished\":\"2009-05-12T17:24:45+00:00\",\"dateModified\":\"2009-05-13T18:28:05+00:00\",\"author\":{\"@id\":\"https:\/\/www.visit-ulcinj.com\/blog\/#\/schema\/person\/dcab619c614d3038751c63bc2aadc06d\"},\"description\":\"Nj\u00eb delegacion nga komuna e Ulqinit, t\u00eb mart\u00ebn, ka prezantuar n\u00eb komun\u00ebn e Tetov\u00ebs ofert\u00ebn turistike p\u00ebr sezonin veror 2009. N\u00eb koh\u00ebn e kriz\u00ebs globale,\",\"breadcrumb\":{\"@id\":\"https:\/\/www.visit-ulcinj.com\/blog\/2009\/05\/12\/oferta-turistike-e-ulqinit-prezantohet-ne-tetove\/#breadcrumb\"},\"inLanguage\":\"en-US\",\"potentialAction\":[{\"@type\":\"ReadAction\",\"target\":[\"https:\/\/www.visit-ulcinj.com\/blog\/2009\/05\/12\/oferta-turistike-e-ulqinit-prezantohet-ne-tetove\/\"]}]},{\"@type\":\"BreadcrumbList\",\"@id\":\"https:\/\/www.visit-ulcinj.com\/blog\/2009\/05\/12\/oferta-turistike-e-ulqinit-prezantohet-ne-tetove\/#breadcrumb\",\"itemListElement\":[{\"@type\":\"ListItem\",\"position\":1,\"name\":\"Oferta turistike e Ulqinit prezantohet n\u00eb Tetov\u00eb\"}]},{\"@type\":\"Person\",\"@id\":\"https:\/\/www.visit-ulcinj.com\/blog\/#\/schema\/person\/dcab619c614d3038751c63bc2aadc06d\",\"name\":\"ulqini\",\"sameAs\":[\"http:\/\/www.visit-ulcinj.com\"],\"url\":\"https:\/\/www.visit-ulcinj.com\/blog\/author\/admin\/\"}]}<\/script>\n<!-- \/ Yoast SEO plugin. -->","yoast_head_json":{"title":"Oferta turistike e Ulqinit prezantohet n\u00eb Tetov\u00eb - Lajme nga Ulqini","description":"Nj\u00eb delegacion nga komuna e Ulqinit, t\u00eb mart\u00ebn, ka prezantuar n\u00eb komun\u00ebn e Tetov\u00ebs ofert\u00ebn turistike p\u00ebr sezonin veror 2009. N\u00eb koh\u00ebn e kriz\u00ebs globale,","robots":{"index":"index","follow":"follow","max-snippet":"max-snippet:-1","max-image-preview":"max-image-preview:large","max-video-preview":"max-video-preview:-1"},"canonical":"https:\/\/www.visit-ulcinj.com\/blog\/2009\/05\/12\/oferta-turistike-e-ulqinit-prezantohet-ne-tetove\/","og_locale":"en_US","og_type":"article","og_title":"Oferta turistike e Ulqinit prezantohet n\u00eb Tetov\u00eb - Lajme nga Ulqini","og_description":"Nj\u00eb delegacion nga komuna e Ulqinit, t\u00eb mart\u00ebn, ka prezantuar n\u00eb komun\u00ebn e Tetov\u00ebs ofert\u00ebn turistike p\u00ebr sezonin veror 2009. N\u00eb koh\u00ebn e kriz\u00ebs globale,","og_url":"https:\/\/www.visit-ulcinj.com\/blog\/2009\/05\/12\/oferta-turistike-e-ulqinit-prezantohet-ne-tetove\/","og_site_name":"Lajme nga Ulqini","article_published_time":"2009-05-12T17:24:45+00:00","article_modified_time":"2009-05-13T18:28:05+00:00","og_image":[{"url":"https:\/\/www.visit-ulcinj.com\/blog\/wp-content\/uploads\/2009\/05\/kryetari-i-tetoves_-sadi-bexheti_gezim-hajdinaga1-150x150.jpg"}],"twitter_misc":{"Written by":"ulqini","Est. reading time":"3 minutes"},"schema":{"@context":"https:\/\/schema.org","@graph":[{"@type":"WebSite","@id":"https:\/\/www.visit-ulcinj.com\/blog\/#website","url":"https:\/\/www.visit-ulcinj.com\/blog\/","name":"Lajme nga Ulqini","description":"Lajme,Vijesti,Ulqini,Ulqin,Crna Gora,Mali i Zi","potentialAction":[{"@type":"SearchAction","target":{"@type":"EntryPoint","urlTemplate":"https:\/\/www.visit-ulcinj.com\/blog\/?s={search_term_string}"},"query-input":"required name=search_term_string"}],"inLanguage":"en-US"},{"@type":"ImageObject","inLanguage":"en-US","@id":"https:\/\/www.visit-ulcinj.com\/blog\/2009\/05\/12\/oferta-turistike-e-ulqinit-prezantohet-ne-tetove\/#primaryimage","url":"https:\/\/www.visit-ulcinj.com\/blog\/wp-content\/uploads\/2009\/05\/kryetari-i-tetoves_-sadi-bexheti_gezim-hajdinaga2.jpg","contentUrl":"https:\/\/www.visit-ulcinj.com\/blog\/wp-content\/uploads\/2009\/05\/kryetari-i-tetoves_-sadi-bexheti_gezim-hajdinaga2.jpg","width":"1000","height":"750"},{"@type":"WebPage","@id":"https:\/\/www.visit-ulcinj.com\/blog\/2009\/05\/12\/oferta-turistike-e-ulqinit-prezantohet-ne-tetove\/#webpage","url":"https:\/\/www.visit-ulcinj.com\/blog\/2009\/05\/12\/oferta-turistike-e-ulqinit-prezantohet-ne-tetove\/","name":"Oferta turistike e Ulqinit prezantohet n\u00eb Tetov\u00eb - Lajme nga Ulqini","isPartOf":{"@id":"https:\/\/www.visit-ulcinj.com\/blog\/#website"},"primaryImageOfPage":{"@id":"https:\/\/www.visit-ulcinj.com\/blog\/2009\/05\/12\/oferta-turistike-e-ulqinit-prezantohet-ne-tetove\/#primaryimage"},"datePublished":"2009-05-12T17:24:45+00:00","dateModified":"2009-05-13T18:28:05+00:00","author":{"@id":"https:\/\/www.visit-ulcinj.com\/blog\/#\/schema\/person\/dcab619c614d3038751c63bc2aadc06d"},"description":"Nj\u00eb delegacion nga komuna e Ulqinit, t\u00eb mart\u00ebn, ka prezantuar n\u00eb komun\u00ebn e Tetov\u00ebs ofert\u00ebn turistike p\u00ebr sezonin veror 2009. N\u00eb koh\u00ebn e kriz\u00ebs globale,","breadcrumb":{"@id":"https:\/\/www.visit-ulcinj.com\/blog\/2009\/05\/12\/oferta-turistike-e-ulqinit-prezantohet-ne-tetove\/#breadcrumb"},"inLanguage":"en-US","potentialAction":[{"@type":"ReadAction","target":["https:\/\/www.visit-ulcinj.com\/blog\/2009\/05\/12\/oferta-turistike-e-ulqinit-prezantohet-ne-tetove\/"]}]},{"@type":"BreadcrumbList","@id":"https:\/\/www.visit-ulcinj.com\/blog\/2009\/05\/12\/oferta-turistike-e-ulqinit-prezantohet-ne-tetove\/#breadcrumb","itemListElement":[{"@type":"ListItem","position":1,"name":"Oferta turistike e Ulqinit prezantohet n\u00eb Tetov\u00eb"}]},{"@type":"Person","@id":"https:\/\/www.visit-ulcinj.com\/blog\/#\/schema\/person\/dcab619c614d3038751c63bc2aadc06d","name":"ulqini","sameAs":["http:\/\/www.visit-ulcinj.com"],"url":"https:\/\/www.visit-ulcinj.com\/blog\/author\/admin\/"}]}},"jetpack_featured_media_url":"","jetpack_sharing_enabled":true,"jetpack_shortlink":"https:\/\/wp.me\/pe6lTn-5sU","_links":{"self":[{"href":"https:\/\/www.visit-ulcinj.com\/blog\/wp-json\/wp\/v2\/posts\/21012"}],"collection":[{"href":"https:\/\/www.visit-ulcinj.com\/blog\/wp-json\/wp\/v2\/posts"}],"about":[{"href":"https:\/\/www.visit-ulcinj.com\/blog\/wp-json\/wp\/v2\/types\/post"}],"author":[{"embeddable":true,"href":"https:\/\/www.visit-ulcinj.com\/blog\/wp-json\/wp\/v2\/users\/1"}],"replies":[{"embeddable":true,"href":"https:\/\/www.visit-ulcinj.com\/blog\/wp-json\/wp\/v2\/comments?post=21012"}],"version-history":[{"count":0,"href":"https:\/\/www.visit-ulcinj.com\/blog\/wp-json\/wp\/v2\/posts\/21012\/revisions"}],"wp:attachment":[{"href":"https:\/\/www.visit-ulcinj.com\/blog\/wp-json\/wp\/v2\/media?parent=21012"}],"wp:term":[{"taxonomy":"category","embeddable":true,"href":"https:\/\/www.visit-ulcinj.com\/blog\/wp-json\/wp\/v2\/categories?post=21012"},{"taxonomy":"post_tag","embeddable":true,"href":"https:\/\/www.visit-ulcinj.com\/blog\/wp-json\/wp\/v2\/tags?post=21012"}],"curies":[{"name":"wp","href":"https:\/\/api.w.org\/{rel}","templated":true}]}}