{"id":21023,"date":"2009-05-12T20:20:28","date_gmt":"2009-05-12T18:20:28","guid":{"rendered":"http:\/\/www.visit-ulcinj.com\/blog\/?p=21023"},"modified":"2009-05-13T20:48:10","modified_gmt":"2009-05-13T18:48:10","slug":"arijeta-zati-kampione-e-dyfishte","status":"publish","type":"post","link":"https:\/\/www.visit-ulcinj.com\/blog\/2009\/05\/12\/arijeta-zati-kampione-e-dyfishte\/","title":{"rendered":"Takewondo\u201cUlqini\u201d Arijeta Zati kampione e dyfisht\u00eb"},"content":{"rendered":"<p><img loading=\"lazy\" class=\"alignleft size-full wp-image-21024\" title=\"klubi-i-takewondo-se-e2809culqinie2809d\" src=\"http:\/\/www.visit-ulcinj.com\/blog\/wp-content\/uploads\/2009\/05\/klubi-i-takewondo-se-e2809culqinie2809d.jpg\" alt=\"klubi-i-takewondo-se-e2809culqinie2809d\" width=\"342\" height=\"249\" \/>U mbajt kampionati i Malit t\u00eb Zi n\u00eb taekwondo p\u00ebr kadet\u00eb dhe senior\u00eb<\/p>\n<p>Kampion\u00eb t\u00eb Malit t\u00eb Zi u shpall\u00ebn edhe Adnan Hoxha, Rinor Jahja, Ardijana Karamanaga, Adelisa Muslijeviq dhe Adnan Hasa, i cili fitoi dy medalje t\u00eb arta dhe nj\u00eb t\u00eb bronzt\u00eb.<\/p>\n<p>Klubi i Takewondo-s\u00eb \u201cUlqini\u201d fitoi 32 medalje n\u00eb Kampionatin e Malit t\u00eb Zi p\u00ebr kadet\u00eb dhe senior\u00eb q\u00eb u mbajt m\u00eb 26 prill. \u201cUlqini\u201d fitoi shtat\u00eb medalje t\u00eb arta, 12 medalje t\u00eb argjendta dhe 13 medalje t\u00eb bronzta.<\/p>\n<p>Rezultatin m\u00eb t\u00eb mir\u00eb e arriti Arijeta Zati, e cila arriti t\u00eb shpallej kampione e Malit t\u00eb Zi edhe p\u00ebr seniore, duke qen\u00eb k\u00ebshtu kampione e dyfisht\u00eb e vendit, n\u00eb dy kategori &#8211; p\u00ebr juniore dhe seniore. Vet\u00ebm pak koh\u00eb m\u00eb par\u00eb ajo \u00ebsht\u00eb shpallur kampione e Malit t\u00eb Zi edhe n\u00eb kategorin\u00eb e junioreve.<\/p>\n<p>Kampion\u00eb t\u00eb Malit t\u00eb Zi u shpall\u00ebn edhe Adnan Hoxha, Rinor Jahja, Ardijana Karamanaga, Adelisa Muslijeviq dhe Adnan Hasa, i cili fitoi dy medalje t\u00eb arta dhe nj\u00eb t\u00eb bronzt\u00eb.<\/p>\n<p>N\u00ebnkampion\u00eb t\u00eb Malit t\u00eb Zi n\u00eb kategorin\u00eb e kadet\u00ebve u shpall\u00ebn Mersodin Kurti, i cili fitoi dy medalje t\u00eb argjendta dhe nj\u00eb medalje t\u00eb bronzt\u00eb, Esad Kraja, Edina Kraja, Emina Kanaqi, Izedin Kurti dhe Nail Karamanaga, kurse n\u00eb kategorin\u00eb e senior\u00ebve Adrijan Zenuni i cili fitoi dy medalje t\u00eb argjendta dhe nj\u00eb t\u00eb bronzt\u00eb, Allmedin Suka dy medalje t\u00eb argjendta, Besnik Shata nj\u00eb medalje t\u00eb argjendt\u00eb dhe nj\u00eb t\u00eb bronzt\u00eb, si dhe Artan Fici dhe Medina Kanaqi nga nj\u00eb medalje t\u00eb argjendt\u00eb.<\/p>\n<p>Me medalje t\u00eb bronzta u kuror\u00ebzuan Ali Hasa (fitoi dy medalje t\u00eb bronzta), Arben Kollari, Artan Zenuni, Leonard Dobreci, Shukri Bakalli, Nuri Kanaqi, Bojan Vladisavleviq dhe Sulejman Murati.<\/p>\n<p>Kryetrajneri i KT \u201cUlqini\u201d, Fikret Dushku, shpjegon se p\u00ebr shkaqe financiare kan\u00eb qen\u00eb t\u00eb detyruar t\u00eb marrin pjes\u00eb n\u00eb Kampionat me 25 garuesit m\u00eb me perspektiv\u00eb t\u00eb k\u00ebtij klubi.<\/p>\n<p>Ai e vler\u00ebson rezultatin e arritur nga garuesit e tij si suksesin e radh\u00ebs.<\/p>\n<p>Por p\u00ebve\u00e7 v\u00ebshtir\u00ebsive financiare, sipas Dushkut, garuesit e KT \u201cUlqini\u201d jan\u00eb p\u00ebrballur n\u00eb k\u00ebt\u00eb kampionat edhe me nj\u00ebanshm\u00ebri sa i p\u00ebrket referimit n\u00eb d\u00ebm t\u00eb tyre. <img loading=\"lazy\" class=\"alignright size-full wp-image-21025\" title=\"klubi-i-taekwondo-se-ulqini11\" src=\"http:\/\/www.visit-ulcinj.com\/blog\/wp-content\/uploads\/2009\/05\/klubi-i-taekwondo-se-ulqini11.jpg\" alt=\"klubi-i-taekwondo-se-ulqini11\" width=\"461\" height=\"355\" srcset=\"https:\/\/www.visit-ulcinj.com\/blog\/wp-content\/uploads\/2009\/05\/klubi-i-taekwondo-se-ulqini11.jpg 461w, https:\/\/www.visit-ulcinj.com\/blog\/wp-content\/uploads\/2009\/05\/klubi-i-taekwondo-se-ulqini11-300x231.jpg 300w\" sizes=\"(max-width: 461px) 100vw, 461px\" \/><\/p>\n<p>\u201cP\u00ebr t\u00eb dytin vit me radh\u00eb gjyqtar\u00ebt na shkaktuan disa humbje n\u00eb d\u00ebm t\u00eb garuesve tan\u00eb dhe klubin ton\u00eb\u201d, thot\u00eb ai.<\/p>\n<p>N\u00eb kuad\u00ebr t\u00eb KT \u201cUlqini\u201d st\u00ebrvisin kat\u00ebr garues t\u00eb cil\u00ebt q\u00eb kat\u00ebr vjet mbrojn\u00eb ngjyrat e P\u00ebrfaq\u00ebsueses s\u00eb Malit t\u00eb Zi n\u00eb gara t\u00eb ndryshme me karakter nd\u00ebrkomb\u00ebtar, si\u00e7 \u00ebsht\u00eb Kampionati Evropian i Regjionit Jugor dhe Kampionati Ballkanik. N\u00eb k\u00ebto gara ata arrit\u00ebn t\u00eb fitojn\u00eb dy medalje t\u00eb argjendta dhe nj\u00eb medalje t\u00eb bronzt\u00eb duke mbrojtur me dinjitet ngjyrat e P\u00ebrfaq\u00ebsueses s\u00eb Malit t\u00eb Zi.<\/p>\n<p>Kryetrajneri i KT \u201cUlqini\u201d thot\u00eb se edhe k\u00ebt\u00eb vit do t\u00eb p\u00ebrpiqen t\u00eb marrin pjes\u00eb n\u00eb kampionate me karakter nd\u00ebrkomb\u00ebtar.<\/p>\n<p>Ai njofton se n\u00eb fundjav\u00eb garuesit e k\u00ebtij klubi do t\u00eb marrin pjes\u00eb n\u00eb Sarajev\u00eb, n\u00eb Turneun Nd\u00ebrkomb\u00ebtar \u201cOlympic Open\u201d, nj\u00eb turne i nivelit evropian, ku marrin pjes\u00eb garues nga t\u00eb pakt\u00ebn 25-30 vende.<\/p>\n<p><strong>Kohapress<\/strong><\/p>\n<!--YouTube Error: bad URL entered-->\n<p style=\"text-align: center;\"><a class=\"aligncenter\" title=\"???? ????,?????,Ulcinj,Montenegru,??????????,?ernoqoriya,Besplatni internet oglasi,Besplatni oglasi,besplatni mali oglasi,besplatni turisti\u00e8ki oglasi,oglasi, usluge, turizam,Turisti\u00e8ke usluge,Doma?i turizam,Besplatni Oglasnik,Brzi Oglasi Besplatno,Besplatno OglasavanjeTurizam,besplatni oglasi sa slikom,Turisticki informator besplatni,li\u00e8ni-oglasi,BESPLATNI Turisticki OGLASI SA SLIKAMA,BESPLATNI Turisticki Oglasi saVideom,turisticki smestaj oglasi,Turisti\u00e8ki vodi\u00e8 balkana,BESPLATNA REZERVACIJA SMESTAJA,Postavite besplatno Vas oglas,FREE TOURIST GUIDES,Izdavanje-Turizam oglasi,Balkan Turisticki vodic,shpallje turistike falas,Shpallje Falas,Shpallje falas per Komplekse Turistike,Lajmerime,Njoftime,shpallje shqip per shqiptaret ne shqiperi kosova maqedoni,mal te zi,???????????,Montenegiro,?ern? Hora,??????????,Cz\u00f4rnog?ra,Cz\u00f4rn\u00f4 G?ra,Carna G?ra,T?ernogooria,?ernogoriya,Montain\u00e9agr?,Montenegwo,?orna Hora,Montenegr?,M?ntenigro,Chernogoriya ,\u00c7\u00earnogor\u00ee ,?????????,????????? ,??????? ,Montes Nigrae,Mons Niger,M\u00f4ntenegr\u00f4,Muntenegru,??????????,Czarnog?ra,Muntinigru,Muntenegro,&lt;br &gt;&lt;\/a&gt; Muntenegru,\t?ierna Hora,Cxerngora,????????,?rna gora,Moontineegro,?ornog\u00f9ra,?ernogori?a,Chernogoriya,Mont\u00f5negro,????? ???? ,?r?na Gora,?r?nogorije,?ernogorija,?arnahoryja,??????????,???????????????????? ,?ern\u00f4g\u00f4riy\u00e2,M\u00fbnt\u00een\u00ee?r\u00fb,????? ?????? ,????????,??????????,???????????,M\u00e2nten\u00eegro,???? ????? ,????????,M\u00f4ntenegr\u00f4,????????????,???????????,????????????, ??????????? ,????????????,??????????? ,\u008d\u2022?R\/?K?R ,\u0192\u201a\u0192\u201c\u0192e\u0192l\u0192O\u0192\u008d,\u00b8???\u00b3?\u00b1?\u2022? ,Muntenegru, ????? ????, Montenegr?,chambres ? louer ? ulcinj, location de vacance, location saisonni?res, louer villa,location de vacance, Locations vacance, h?bergements vacances, locations villa, logements de vacances, location maison avec piscine, Location vacance, locations de vacance, h?bergements de vacances, location villa, locations entre particulier, logements vacance, vacances ? Mont?n?gro - location ? Ulcinj ,location  de bigorre,Urlaub in Ulcinj -Montenegro,Hotelbewertungen Ulcinj,Reisen Ulcinj, Urlaub Ulcinj,Hotel in Serbien und Montenegro von Urlaubern bewertet,Billig Urlaub in Ulcinj,ferienh?user,ferienwohnung,Billige Ferienh?user,Ferienwohnung ULCINJ,Ferien an der Adria,Urlaub im Ferienhaus ulcinjBilligreisen Ulcinj,Pauschalreisen,FKK Strand Ada Bojana ulcinj,Last Minute Angebote ulcinj,Preise f?r Lastminute,Kleinanzeigen gratis,Ausflug nach Ulcinj,FKK-Reisen ada bojana,FKK-Urlaub ulcinj,Privatni smje?taj,rezervacija smje?taja,apartmani,sobe,ku?e,odmor,sobe za odmor ulcinj,Pretra?ivanje privatnog smje?taja,rooms rent accommodation ulcinj, rentail private accommodation ulcinj,?elite rezervirati privatni smje?taj,Private accommodation,Smje?taj ulcinj,Pushime Verore ulqin,pushime t? lira n? ulqin,Pushime ne plazh,Pushime te kendshme,dhoma per pushime ulqin,dhoma me qera ulqin,dhoma te lira ulqin,pushime te lira ulqin,mali i zi,kosova,maqedoni,shqiperi,Pushime ne det te ulqinit,godi?nji odmor u ulcinj,odmor u ulcinj,Ku?a za odmor,kuda na odmor,ljetovanje u ulcinj,slobodne sobe,dhoma te lira,ku?a uz more,turisti?ka ponuda,odmor i zabava,povolne cene,sobe,usluge,Mjesto za Va? odmor , Place for Your holiday,Odmor portal,putovanaja,Iznajmljivanje soba ulcinj,odmor ulcinj info,Va?e mjesto za odmor ulcinj,nudisticka plaza ada bojana,smjestaj ponuda ulcinj,lokacioni i dhomave ulqin,deti,plazhet e bukura,diskoteka,zbavitja,.\" href=\"http:\/\/www.visit-ulcinj.com\/tourism\/\" target=\"_blank\"><img loading=\"lazy\" class=\"aligncenter\" title=\"SHPALLJE TURISTIKE FALAS,FREE TOURIST GUIDES,BESPLATNI TURISTI?KI OGLASI,balkan holiday rentals,ALBANIJA,ALBANIA,SHQIPERIJA,CRNA GORA,HRVATSKA,KROACIA,SLOVENIJA,MAKEDONIJA,MAKEDONIA,SRBIJA,MONTENEGRO,MALI I ZI,\" src=\"http:\/\/www.visit-ulcinj.com\/blog\/wp-content\/uploads\/2008\/09\/balkanholidayrentals.gif\" alt=\"Apatin,  Aran?elovac,  ?uprija,  ?a?ak,  ?apljina,  ?itluk,  ?abac,  ?ipovo,  ?iroki Brijeg,  ?ep?e,  ?ivinice,  Ba?ka Palanka,  Banja Luka,  Banovi?i,  Be?ej,  beograd,  Biha?,  Bijeljina,  Bor,  Bor?a,  Bosanska Gradi?ka,  Bosanska Krupa,  Bosanski ?amac,  Bosanski Brod,  Bosanski Novi,  Br?ko,  Bu?im,  Bugojno,  Cazin,  Crna Gora,  Derventa,  Doboj,  Donji Vakuf,  Drvar,  Dubrovnik,  Fo?a,  Fojnica,  Glamo?,  Gora?de,  Gornji Milanovac,  Gornji Vakuf,  gostivar,  Gra?anica,  Grada?ac,  Gradiska,  Grahovo,  Had?i?i,  Ilid?a,  In?ija,  Jablanica,  Jagodina,  Jajce,  Kakanj,  Kalu?erica,  Kikinda,  Klju?,  Konjic,  Kotor Varo?,  Kragujevac,  Kraljevo,  Kru?evac,  Kula,  Kupres,  Lakta?i,  Lazarevac,  Leskovac,  Livno,  Ljubinje,  ljublana,  Ljubu?ki,  Loznica,  Lukavac,  Maglaj,  Mladenovac,  Modri?a,  montenegro erlajnz,  mostar,  Mrkonji? Grad,  Neum,  Ni?,  Novi Pazar,  Novi Sad,  Novi Travnik,  Obrenovac,  Od?ak,  ohrid,  Ora?je,  Pale,  Pan?evo,  Para?in,  Pirot,  Po?arevac,  Podgorica,  Priboj,  Prijedor,  Prokuplje,  Prozor,  pula,  rijeka,  Ruma,  Sanski Most,  Sarajevo,  Senta,  serbija,  sibenik,  skopje,  Smederevo,  Smederevska Palanka,  Sokolac,  Sombor,  split,  Srebrenica,  Srebrenik,  Sremska Mitrovica,  Stolac,  Struga,  Subotica,  Temerin,  Tesli?,  tetovo,  Travnik,  Trebinje,  tuzla,  U?ice,  ulcinj,  Valjevo,  Velika Kladu?a,  Vi?egrad,  Visoko,  Vitez,  Vogo??a,  vojvodina,  Vranje,  Vr?ac,  Vrbas,  zadar,  Zagreb,  Zaje?ar,  Zavidovi?i,  Zenica,  Zrenjanin,  Zvornik,copacabana ulcinj,  h?tels,  hotel ulqin,  Kosova,  Mali i Zi,  Maqedonija,  Montenegro,  montenegro tourisme plage,  montenegro ulcinj,  Shpallje Falas,  Shpallje Falas per shitjen e shtepis se juaj,  Shpallje Falas per villat e juaj,  Shpallje Falas Real Estate,  Shpallje Falas turistike,  shqiperija,  tourisme,  Ulci?,  ulcinj,  ulqin,  ulqin hotel,  ulqini,  ulqini 2007,Ada Bojana,  Alba?czyk,  Cita di Dolcino,  Copacabana,  Czarnog?ra,  Czarnog?rzec,  Don Kichota,  Ma\u00b3a Pla?a,  Mandra,  MIGUEL DE SERVANTES,  p?\u00b3wyspy Marjan,  Pla?a Valdanos,  Rzeka Bojana,  Shas \/ ?as \/ Sva?,  Ulci?,  Ulcinjsk\u00b9 Riwier?,  Wielka Pla?a,  Wyspa Bojana,GORA,??????????,???????,??????????, ?ern? Hora,TO ULCINJ \/ ULQIN,MONTENEGRO, Czarnog?ra, Muntenegru, ????? ????, Montenegr?,villa ? louer ? ulcinj, location de vacance, location saisonni?res, louer chambres,location de vacance, Locations vacance, h?bergements vacances, locations villa, logements de vacances, location maison avec piscine, Location vacance, locations de vacance, h?bergements de vacances, location, locations entre particulier, logements vacance, vacances ? Mont?n?gro - location ? Ulcinj ,location  de bigorre,Albaniku,  Artana,  Bujanoci,  Burimi,  Dardana,  Dardan?,  De?an,  Dibra,  Drenas,  Drenasi,  Ferizaj,  Ferizaji,  Fush? Kosova,Besplatni internet oglasi,Besplatni oglasi,besplatni mali oglasi,besplatni turisti?ki oglasi,oglasi, usluge, turizam,Turisti?ke usluge,Doma?i turizam,Besplatni Oglasnik,Brzi Oglasi Besplatno,Besplatno OglasavanjeTurizam,besplatni oglasi sa slikom,Turisticki informator besplatni,li?ni-oglasi,BESPLATNI Turisticki OGLASI SA SLIKAMA,BESPLATNI Turisticki Oglasi saVideom,turisticki smestaj oglasi,Turisti?ki vodi? balkana,BESPLATNA REZERVACIJA SMESTAJA,Postavite besplatno Vas oglas,FREE TOURIST GUIDES,Izdavanje-Turizam oglasi,Balkan Turisticki vodic,shpallje turistike falas,Shpallje Falas,Shpallje falas per Komplekse Turistike,Lajmerime,Njoftime,shpallje shqip per shqiptaret ne shqiperi kosova maqedoni,mal te zi,Fush? Kosov?,  Gjakova,  Gjakov?,  Gjilan,  Gjilani,  Gostivari,  Istog,  Istog\u2022,  Ka?anik,  Ka?aniku,  Kastrioti,  K?r?ova,  Klina,  Klin?,  Kumanova,  Leposaviq,  Leskovci,  Likova,  Lipjan,  Lipjani,  Malisheva,  Malishev?,  Manastiri,  Medvegja,  Mitrovica,  Mitrovic?,  Novob?rd?,  Obiliq\u2022 Rahovec,  Ohri,  Peja,  Pej?,  Podujeva,  Podujev?,  Presheva,  Prishtina,  Prishtin?,  Prizren,  Prizreni,  Rahoveci,  Sharri,  Sharri (Kosov?),  Shkupi,  Sht?rpca,  Sht?rpc?,  Shtime,  Sk?nderaj,  Struga,  Tetova,  Theranda,  Therand?,  Triumf Riza,  Veleshta,  Viti,  Vitia,  Vushtrri,  Vushtrria,  Zubin Potok,  Zubin Potoku,  Zvecan,  Zve?ani,Struga,Gostivari,Gostivar,Ker?ova,Tirana,Durr?si,Elbasani,Shkodra,Tuzi,Vlora, Kor?a,Fieri,Berati,Lushnja ,Kavaja,Pogradeci,La?i,Gjirokastra,Patosi,Kruja,Ku?ova,Kuk?si,Lezha,Saranda,Peshkopia,Burreli,C?rriku,?orovoda,Shijaku,Librazhdi,Tepelena,Gramshi,Poli?ani,Bulqiza,P?rmeti,Fush?Kruja,Kamza,Rr?sheni,Ballshi,Mamurrasi,BajramCurri,Erseka,Peqini,Divjaka,Selenica,Bilishti,Roskoveci,Puka,Memaliaj,Rrogozhina,Ura Vajgurore,Himara,Delvina,Vora,Kopliku,Maliqi,P?rrenjasi,Kruma, Libohova,Orikumi,Fush?-Arr?za,Sh?ngjini,Rubiku,Miloti, Leskoviku,Konispoli,K?lcyra,Krasta,K?rraba,Manastiri,Hara?ina,Likova,Prilepi,Zajazi,Vrap?ishti,Bogovin?,\" width=\"520\" height=\"120\" \/><\/a><\/p>\n","protected":false},"excerpt":{"rendered":"<p>U mbajt kampionati i Malit t\u00eb Zi n\u00eb taekwondo p\u00ebr kadet\u00eb dhe senior\u00eb Kampion\u00eb t\u00eb Malit t\u00eb Zi u shpall\u00ebn edhe Adnan Hoxha, Rinor Jahja, Ardijana Karamanaga, Adelisa Muslijeviq dhe Adnan Hasa, i cili fitoi dy medalje t\u00eb arta dhe nj\u00eb t\u00eb bronzt\u00eb. Klubi i Takewondo-s\u00eb \u201cUlqini\u201d fitoi 32 medalje n\u00eb Kampionatin e Malit t\u00eb [&hellip;]<\/p>\n","protected":false},"author":1,"featured_media":0,"comment_status":"open","ping_status":"closed","sticky":false,"template":"","format":"standard","meta":{"spay_email":"","jetpack_publicize_message":"","jetpack_is_tweetstorm":false,"jetpack_publicize_feature_enabled":true},"categories":[3],"tags":[10284,10285,10282,10287,10292,10286,7430,2959,2956,2970,2965,2957,10289,10290,10288,5926,10291,10281,10280,10296,2962,2950,2951,10294,10283,10293,10295],"jetpack_publicize_connections":[],"yoast_head":"<!-- This site is optimized with the Yoast SEO plugin v19.1 - https:\/\/yoast.com\/wordpress\/plugins\/seo\/ -->\n<title>Takewondo\u201cUlqini\u201d Arijeta Zati kampione e dyfisht\u00eb - Lajme nga Ulqini<\/title>\n<meta name=\"description\" content=\"U mbajt kampionati i Malit t\u00eb Zi n\u00eb taekwondo p\u00ebr kadet\u00eb dhe senior\u00eb Kampion\u00eb t\u00eb Malit t\u00eb Zi u shpall\u00ebn edhe Adnan Hoxha, Rinor Jahja, Ardijana\" \/>\n<meta name=\"robots\" content=\"index, follow, max-snippet:-1, max-image-preview:large, max-video-preview:-1\" \/>\n<link rel=\"canonical\" href=\"https:\/\/www.visit-ulcinj.com\/blog\/2009\/05\/12\/arijeta-zati-kampione-e-dyfishte\/\" \/>\n<meta property=\"og:locale\" content=\"en_US\" \/>\n<meta property=\"og:type\" content=\"article\" \/>\n<meta property=\"og:title\" content=\"Takewondo\u201cUlqini\u201d Arijeta Zati kampione e dyfisht\u00eb - Lajme nga Ulqini\" \/>\n<meta property=\"og:description\" content=\"U mbajt kampionati i Malit t\u00eb Zi n\u00eb taekwondo p\u00ebr kadet\u00eb dhe senior\u00eb Kampion\u00eb t\u00eb Malit t\u00eb Zi u shpall\u00ebn edhe Adnan Hoxha, Rinor Jahja, Ardijana\" \/>\n<meta property=\"og:url\" content=\"https:\/\/www.visit-ulcinj.com\/blog\/2009\/05\/12\/arijeta-zati-kampione-e-dyfishte\/\" \/>\n<meta property=\"og:site_name\" content=\"Lajme nga Ulqini\" \/>\n<meta property=\"article:published_time\" content=\"2009-05-12T18:20:28+00:00\" \/>\n<meta property=\"article:modified_time\" content=\"2009-05-13T18:48:10+00:00\" \/>\n<meta property=\"og:image\" content=\"http:\/\/www.visit-ulcinj.com\/blog\/wp-content\/uploads\/2009\/05\/klubi-i-takewondo-se-e2809culqinie2809d.jpg\" \/>\n<meta name=\"twitter:label1\" content=\"Written by\" \/>\n\t<meta name=\"twitter:data1\" content=\"ulqini\" \/>\n\t<meta name=\"twitter:label2\" content=\"Est. reading time\" \/>\n\t<meta name=\"twitter:data2\" content=\"3 minutes\" \/>\n<script type=\"application\/ld+json\" class=\"yoast-schema-graph\">{\"@context\":\"https:\/\/schema.org\",\"@graph\":[{\"@type\":\"WebSite\",\"@id\":\"https:\/\/www.visit-ulcinj.com\/blog\/#website\",\"url\":\"https:\/\/www.visit-ulcinj.com\/blog\/\",\"name\":\"Lajme nga Ulqini\",\"description\":\"Lajme,Vijesti,Ulqini,Ulqin,Crna Gora,Mali i Zi\",\"potentialAction\":[{\"@type\":\"SearchAction\",\"target\":{\"@type\":\"EntryPoint\",\"urlTemplate\":\"https:\/\/www.visit-ulcinj.com\/blog\/?s={search_term_string}\"},\"query-input\":\"required name=search_term_string\"}],\"inLanguage\":\"en-US\"},{\"@type\":\"ImageObject\",\"inLanguage\":\"en-US\",\"@id\":\"https:\/\/www.visit-ulcinj.com\/blog\/2009\/05\/12\/arijeta-zati-kampione-e-dyfishte\/#primaryimage\",\"url\":\"https:\/\/www.visit-ulcinj.com\/blog\/wp-content\/uploads\/2009\/05\/klubi-i-takewondo-se-e2809culqinie2809d.jpg\",\"contentUrl\":\"https:\/\/www.visit-ulcinj.com\/blog\/wp-content\/uploads\/2009\/05\/klubi-i-takewondo-se-e2809culqinie2809d.jpg\",\"width\":\"300\",\"height\":\"218\"},{\"@type\":\"WebPage\",\"@id\":\"https:\/\/www.visit-ulcinj.com\/blog\/2009\/05\/12\/arijeta-zati-kampione-e-dyfishte\/#webpage\",\"url\":\"https:\/\/www.visit-ulcinj.com\/blog\/2009\/05\/12\/arijeta-zati-kampione-e-dyfishte\/\",\"name\":\"Takewondo\u201cUlqini\u201d Arijeta Zati kampione e dyfisht\u00eb - Lajme nga Ulqini\",\"isPartOf\":{\"@id\":\"https:\/\/www.visit-ulcinj.com\/blog\/#website\"},\"primaryImageOfPage\":{\"@id\":\"https:\/\/www.visit-ulcinj.com\/blog\/2009\/05\/12\/arijeta-zati-kampione-e-dyfishte\/#primaryimage\"},\"datePublished\":\"2009-05-12T18:20:28+00:00\",\"dateModified\":\"2009-05-13T18:48:10+00:00\",\"author\":{\"@id\":\"https:\/\/www.visit-ulcinj.com\/blog\/#\/schema\/person\/dcab619c614d3038751c63bc2aadc06d\"},\"description\":\"U mbajt kampionati i Malit t\u00eb Zi n\u00eb taekwondo p\u00ebr kadet\u00eb dhe senior\u00eb Kampion\u00eb t\u00eb Malit t\u00eb Zi u shpall\u00ebn edhe Adnan Hoxha, Rinor Jahja, Ardijana\",\"breadcrumb\":{\"@id\":\"https:\/\/www.visit-ulcinj.com\/blog\/2009\/05\/12\/arijeta-zati-kampione-e-dyfishte\/#breadcrumb\"},\"inLanguage\":\"en-US\",\"potentialAction\":[{\"@type\":\"ReadAction\",\"target\":[\"https:\/\/www.visit-ulcinj.com\/blog\/2009\/05\/12\/arijeta-zati-kampione-e-dyfishte\/\"]}]},{\"@type\":\"BreadcrumbList\",\"@id\":\"https:\/\/www.visit-ulcinj.com\/blog\/2009\/05\/12\/arijeta-zati-kampione-e-dyfishte\/#breadcrumb\",\"itemListElement\":[{\"@type\":\"ListItem\",\"position\":1,\"name\":\"Takewondo\u201cUlqini\u201d Arijeta Zati kampione e dyfisht\u00eb\"}]},{\"@type\":\"Person\",\"@id\":\"https:\/\/www.visit-ulcinj.com\/blog\/#\/schema\/person\/dcab619c614d3038751c63bc2aadc06d\",\"name\":\"ulqini\",\"sameAs\":[\"http:\/\/www.visit-ulcinj.com\"],\"url\":\"https:\/\/www.visit-ulcinj.com\/blog\/author\/admin\/\"}]}<\/script>\n<!-- \/ Yoast SEO plugin. -->","yoast_head_json":{"title":"Takewondo\u201cUlqini\u201d Arijeta Zati kampione e dyfisht\u00eb - Lajme nga Ulqini","description":"U mbajt kampionati i Malit t\u00eb Zi n\u00eb taekwondo p\u00ebr kadet\u00eb dhe senior\u00eb Kampion\u00eb t\u00eb Malit t\u00eb Zi u shpall\u00ebn edhe Adnan Hoxha, Rinor Jahja, Ardijana","robots":{"index":"index","follow":"follow","max-snippet":"max-snippet:-1","max-image-preview":"max-image-preview:large","max-video-preview":"max-video-preview:-1"},"canonical":"https:\/\/www.visit-ulcinj.com\/blog\/2009\/05\/12\/arijeta-zati-kampione-e-dyfishte\/","og_locale":"en_US","og_type":"article","og_title":"Takewondo\u201cUlqini\u201d Arijeta Zati kampione e dyfisht\u00eb - Lajme nga Ulqini","og_description":"U mbajt kampionati i Malit t\u00eb Zi n\u00eb taekwondo p\u00ebr kadet\u00eb dhe senior\u00eb Kampion\u00eb t\u00eb Malit t\u00eb Zi u shpall\u00ebn edhe Adnan Hoxha, Rinor Jahja, Ardijana","og_url":"https:\/\/www.visit-ulcinj.com\/blog\/2009\/05\/12\/arijeta-zati-kampione-e-dyfishte\/","og_site_name":"Lajme nga Ulqini","article_published_time":"2009-05-12T18:20:28+00:00","article_modified_time":"2009-05-13T18:48:10+00:00","og_image":[{"url":"http:\/\/www.visit-ulcinj.com\/blog\/wp-content\/uploads\/2009\/05\/klubi-i-takewondo-se-e2809culqinie2809d.jpg"}],"twitter_misc":{"Written by":"ulqini","Est. reading time":"3 minutes"},"schema":{"@context":"https:\/\/schema.org","@graph":[{"@type":"WebSite","@id":"https:\/\/www.visit-ulcinj.com\/blog\/#website","url":"https:\/\/www.visit-ulcinj.com\/blog\/","name":"Lajme nga Ulqini","description":"Lajme,Vijesti,Ulqini,Ulqin,Crna Gora,Mali i Zi","potentialAction":[{"@type":"SearchAction","target":{"@type":"EntryPoint","urlTemplate":"https:\/\/www.visit-ulcinj.com\/blog\/?s={search_term_string}"},"query-input":"required name=search_term_string"}],"inLanguage":"en-US"},{"@type":"ImageObject","inLanguage":"en-US","@id":"https:\/\/www.visit-ulcinj.com\/blog\/2009\/05\/12\/arijeta-zati-kampione-e-dyfishte\/#primaryimage","url":"https:\/\/www.visit-ulcinj.com\/blog\/wp-content\/uploads\/2009\/05\/klubi-i-takewondo-se-e2809culqinie2809d.jpg","contentUrl":"https:\/\/www.visit-ulcinj.com\/blog\/wp-content\/uploads\/2009\/05\/klubi-i-takewondo-se-e2809culqinie2809d.jpg","width":"300","height":"218"},{"@type":"WebPage","@id":"https:\/\/www.visit-ulcinj.com\/blog\/2009\/05\/12\/arijeta-zati-kampione-e-dyfishte\/#webpage","url":"https:\/\/www.visit-ulcinj.com\/blog\/2009\/05\/12\/arijeta-zati-kampione-e-dyfishte\/","name":"Takewondo\u201cUlqini\u201d Arijeta Zati kampione e dyfisht\u00eb - Lajme nga Ulqini","isPartOf":{"@id":"https:\/\/www.visit-ulcinj.com\/blog\/#website"},"primaryImageOfPage":{"@id":"https:\/\/www.visit-ulcinj.com\/blog\/2009\/05\/12\/arijeta-zati-kampione-e-dyfishte\/#primaryimage"},"datePublished":"2009-05-12T18:20:28+00:00","dateModified":"2009-05-13T18:48:10+00:00","author":{"@id":"https:\/\/www.visit-ulcinj.com\/blog\/#\/schema\/person\/dcab619c614d3038751c63bc2aadc06d"},"description":"U mbajt kampionati i Malit t\u00eb Zi n\u00eb taekwondo p\u00ebr kadet\u00eb dhe senior\u00eb Kampion\u00eb t\u00eb Malit t\u00eb Zi u shpall\u00ebn edhe Adnan Hoxha, Rinor Jahja, Ardijana","breadcrumb":{"@id":"https:\/\/www.visit-ulcinj.com\/blog\/2009\/05\/12\/arijeta-zati-kampione-e-dyfishte\/#breadcrumb"},"inLanguage":"en-US","potentialAction":[{"@type":"ReadAction","target":["https:\/\/www.visit-ulcinj.com\/blog\/2009\/05\/12\/arijeta-zati-kampione-e-dyfishte\/"]}]},{"@type":"BreadcrumbList","@id":"https:\/\/www.visit-ulcinj.com\/blog\/2009\/05\/12\/arijeta-zati-kampione-e-dyfishte\/#breadcrumb","itemListElement":[{"@type":"ListItem","position":1,"name":"Takewondo\u201cUlqini\u201d Arijeta Zati kampione e dyfisht\u00eb"}]},{"@type":"Person","@id":"https:\/\/www.visit-ulcinj.com\/blog\/#\/schema\/person\/dcab619c614d3038751c63bc2aadc06d","name":"ulqini","sameAs":["http:\/\/www.visit-ulcinj.com"],"url":"https:\/\/www.visit-ulcinj.com\/blog\/author\/admin\/"}]}},"jetpack_featured_media_url":"","jetpack_sharing_enabled":true,"jetpack_shortlink":"https:\/\/wp.me\/pe6lTn-5t5","_links":{"self":[{"href":"https:\/\/www.visit-ulcinj.com\/blog\/wp-json\/wp\/v2\/posts\/21023"}],"collection":[{"href":"https:\/\/www.visit-ulcinj.com\/blog\/wp-json\/wp\/v2\/posts"}],"about":[{"href":"https:\/\/www.visit-ulcinj.com\/blog\/wp-json\/wp\/v2\/types\/post"}],"author":[{"embeddable":true,"href":"https:\/\/www.visit-ulcinj.com\/blog\/wp-json\/wp\/v2\/users\/1"}],"replies":[{"embeddable":true,"href":"https:\/\/www.visit-ulcinj.com\/blog\/wp-json\/wp\/v2\/comments?post=21023"}],"version-history":[{"count":0,"href":"https:\/\/www.visit-ulcinj.com\/blog\/wp-json\/wp\/v2\/posts\/21023\/revisions"}],"wp:attachment":[{"href":"https:\/\/www.visit-ulcinj.com\/blog\/wp-json\/wp\/v2\/media?parent=21023"}],"wp:term":[{"taxonomy":"category","embeddable":true,"href":"https:\/\/www.visit-ulcinj.com\/blog\/wp-json\/wp\/v2\/categories?post=21023"},{"taxonomy":"post_tag","embeddable":true,"href":"https:\/\/www.visit-ulcinj.com\/blog\/wp-json\/wp\/v2\/tags?post=21023"}],"curies":[{"name":"wp","href":"https:\/\/api.w.org\/{rel}","templated":true}]}}