{"id":21078,"date":"2009-05-13T15:19:30","date_gmt":"2009-05-13T13:19:30","guid":{"rendered":"http:\/\/www.visit-ulcinj.com\/blog\/?p=21078"},"modified":"2009-05-13T19:24:55","modified_gmt":"2009-05-13T17:24:55","slug":"gezim-hajdinaga-priti-sot-delegacionin-e-keshillit-te-evropes","status":"publish","type":"post","link":"https:\/\/www.visit-ulcinj.com\/blog\/2009\/05\/13\/gezim-hajdinaga-priti-sot-delegacionin-e-keshillit-te-evropes\/","title":{"rendered":"G\u00ebzim Hajdinaga priti sot delegacionin e K\u00ebshillit t\u00eb Evrop\u00ebs"},"content":{"rendered":"<div id=\"attachment_21079\" style=\"width: 590px\" class=\"wp-caption alignnone\"><img aria-describedby=\"caption-attachment-21079\" loading=\"lazy\" class=\"size-full wp-image-21079\" title=\"council-of-europe-ms-claudia-luciani_gezim-hajdinaga_mayor-of-ulqin_montenegro\" src=\"http:\/\/www.visit-ulcinj.com\/blog\/wp-content\/uploads\/2009\/05\/council-of-europe-ms-claudia-luciani_gezim-hajdinaga_mayor-of-ulqin_montenegro.jpg\" alt=\"Mayor of Ulqin Gezim Hajdinaga &amp; Council of Europe Ms. Claudia Luciani\" width=\"580\" height=\"400\" \/><p id=\"caption-attachment-21079\" class=\"wp-caption-text\">Mayor of Ulqin Gezim Hajdinaga &amp; Council of Europe Ms. Claudia Luciani<\/p><\/div>\n<p>Kryetari i Ulqinit z.G\u00ebzim Hajdinaga dhe bashk\u00ebpun\u00ebtor\u00ebt e tij priten sot n\u00eb nj\u00eb takim pune delegacionin tre an\u00ebtar\u00ebsh t\u00eb K\u00ebshillit t\u00eb Evrop\u00ebs t\u00eb kryesuar nga zonja Klaudia Lu\u00e7ani.<\/p>\n<p>Tem\u00eb e k\u00ebtij takimi i cili zgjati mbi 60 minuta ishte \u00e7\u00ebshtja e pakicave respektivisht t\u00eb drejtat e tyre, administrimi lokal konform\u00eb normave nd\u00ebrkomb\u00ebtare, realizimi dhe transparenca e mjeteve republikane ndaj pushteteve locale, \u00e7\u00ebshtja e simboleve komb\u00ebtare, Ligji i pakicave etj.<\/p>\n<p>z. Hajdinaga dhe bashk\u00ebpun\u00ebtor\u00ebt e tij u p\u00ebrgjigj\u00ebn n\u00eb pyetjet e mysafir\u00ebve.<\/p>\n<p>dhe dhan\u00eb vler\u00ebsimet e tyre rreth k\u00ebtyre \u00e7\u00ebshtjeve, duke n\u00ebnvizuar faktin q\u00eb \u00e7\u00ebshtja e pakicave \u00ebsht\u00eb nj\u00eb \u00e7\u00ebshtje e ndjeshme dhe tejet e r\u00ebnd\u00ebsishme p\u00ebr sejcilin vend q\u00eb aspiron t\u00eb b\u00ebhet pjes\u00eb e familjes evropiane. Ata n\u00ebnvizuan q\u00eb n\u00eb k\u00ebt\u00eb drejtim \u00ebsht\u00eb punuar, por gjithnj\u00eb ka vend p\u00ebr plot\u00ebsime dhe\u00a0 avansime, posa\u00e7arisht kur \u00ebsht\u00eb fjala p\u00ebr decentralizimin e pushtetit vendor.<\/p>\n<p>Ve\u00e7mas mysafir\u00ebt u interesuan p\u00ebr decentralizimin e pushtetit dhe gjendjes n\u00eb k\u00ebt\u00eb fushe, kur dihet q\u00eb Mali i Zi \u00ebsht\u00eb n\u00ebnshkrues i Kart\u00ebs evropiane p\u00ebr qeverisjen vendore.<\/p>\n<p>Delegacioni i K\u00ebshillit t\u00eb Evrop\u00ebs sot u takua edhe me klubet e k\u00ebshilltar\u00ebve t\u00eb Asambles\u00eb komunale e n\u00eb Podgoric\u00eb \u00ebsht\u00eb palaralajm\u00ebruar takimi i radh\u00ebs\u00a0 me lider\u00ebt e partive nacionale n\u00eb Mal t\u00eb Zi.<\/p>\n<p><strong>Municipality of Ulcinj \/ Ulqin -Montenegro<\/strong><\/p>\n<p><strong>Arsllan Hajdinaga<\/strong><\/p>\n<p><strong>\n\t\t<style type=\"text\/css\">\n\t\t\t#gallery-1 {\n\t\t\t\tmargin: auto;\n\t\t\t}\n\t\t\t#gallery-1 .gallery-item {\n\t\t\t\tfloat: left;\n\t\t\t\tmargin-top: 10px;\n\t\t\t\ttext-align: center;\n\t\t\t\twidth: 33%;\n\t\t\t}\n\t\t\t#gallery-1 img {\n\t\t\t\tborder: 2px solid #cfcfcf;\n\t\t\t}\n\t\t\t#gallery-1 .gallery-caption {\n\t\t\t\tmargin-left: 0;\n\t\t\t}\n\t\t\t\/* see gallery_shortcode() in wp-includes\/media.php *\/\n\t\t<\/style>\n\t\t<div id='gallery-1' class='gallery galleryid-21078 gallery-columns-3 gallery-size-thumbnail'><dl class='gallery-item'>\n\t\t\t<dt class='gallery-icon landscape'>\n\t\t\t\t<a href='https:\/\/www.visit-ulcinj.com\/blog\/2009\/05\/13\/gezim-hajdinaga-priti-sot-delegacionin-e-keshillit-te-evropes\/council-of-europe-ms-claudia-luciani_gezim-hajdinaga_mayor-of-ulqin_montenegro\/'><img width=\"150\" height=\"150\" src=\"https:\/\/www.visit-ulcinj.com\/blog\/wp-content\/uploads\/2009\/05\/council-of-europe-ms-claudia-luciani_gezim-hajdinaga_mayor-of-ulqin_montenegro-150x150.jpg\" class=\"attachment-thumbnail size-thumbnail\" alt=\"\" loading=\"lazy\" aria-describedby=\"gallery-1-21079\" \/><\/a>\n\t\t\t<\/dt>\n\t\t\t\t<dd class='wp-caption-text gallery-caption' id='gallery-1-21079'>\n\t\t\t\tMayor of Ulqin Gezim Hajdinaga &#038; Council of Europe Ms. Claudia Luciani\n\t\t\t\t<\/dd><\/dl><dl class='gallery-item'>\n\t\t\t<dt class='gallery-icon landscape'>\n\t\t\t\t<a href='https:\/\/www.visit-ulcinj.com\/blog\/2009\/05\/13\/gezim-hajdinaga-priti-sot-delegacionin-e-keshillit-te-evropes\/council-of-europe-ms-claudia-luciani_gezim-hajdinaga_mayor-of-ulqin_montenegro1\/'><img width=\"150\" height=\"150\" src=\"https:\/\/www.visit-ulcinj.com\/blog\/wp-content\/uploads\/2009\/05\/council-of-europe-ms-claudia-luciani_gezim-hajdinaga_mayor-of-ulqin_montenegro1-150x150.jpg\" class=\"attachment-thumbnail size-thumbnail\" alt=\"\" loading=\"lazy\" \/><\/a>\n\t\t\t<\/dt><\/dl><dl class='gallery-item'>\n\t\t\t<dt class='gallery-icon landscape'>\n\t\t\t\t<a href='https:\/\/www.visit-ulcinj.com\/blog\/2009\/05\/13\/gezim-hajdinaga-priti-sot-delegacionin-e-keshillit-te-evropes\/council-of-europe-ms-claudia-luciani_gezim-hajdinaga_mayor-of-ulqin_montenegro2\/'><img width=\"150\" height=\"150\" src=\"https:\/\/www.visit-ulcinj.com\/blog\/wp-content\/uploads\/2009\/05\/council-of-europe-ms-claudia-luciani_gezim-hajdinaga_mayor-of-ulqin_montenegro2-150x150.jpg\" class=\"attachment-thumbnail size-thumbnail\" alt=\"\" loading=\"lazy\" \/><\/a>\n\t\t\t<\/dt><\/dl><br style=\"clear: both\" \/>\n\t\t<\/div>\n<\/p>\n<p><\/strong><\/p>\n<p style=\"text-align: center;\"><strong><a class=\"aligncenter\" title=\"???? ????,?????,Ulcinj,Montenegru,??????????,?ernoqoriya,Besplatni internet oglasi,Besplatni oglasi,besplatni mali oglasi,besplatni turisti\u00e8ki oglasi,oglasi, usluge, turizam,Turisti\u00e8ke usluge,Doma?i turizam,Besplatni Oglasnik,Brzi Oglasi Besplatno,Besplatno OglasavanjeTurizam,besplatni oglasi sa slikom,Turisticki informator besplatni,li\u00e8ni-oglasi,BESPLATNI Turisticki OGLASI SA SLIKAMA,BESPLATNI Turisticki Oglasi saVideom,turisticki smestaj oglasi,Turisti\u00e8ki vodi\u00e8 balkana,BESPLATNA REZERVACIJA SMESTAJA,Postavite besplatno Vas oglas,FREE TOURIST GUIDES,Izdavanje-Turizam oglasi,Balkan Turisticki vodic,shpallje turistike falas,Shpallje Falas,Shpallje falas per Komplekse Turistike,Lajmerime,Njoftime,shpallje shqip per shqiptaret ne shqiperi kosova maqedoni,mal te zi,???????????,Montenegiro,?ern? Hora,??????????,Cz\u00f4rnog?ra,Cz\u00f4rn\u00f4 G?ra,Carna G?ra,T?ernogooria,?ernogoriya,Montain\u00e9agr?,Montenegwo,?orna Hora,Montenegr?,M?ntenigro,Chernogoriya ,\u00c7\u00earnogor\u00ee ,?????????,????????? ,??????? ,Montes Nigrae,Mons Niger,M\u00f4ntenegr\u00f4,Muntenegru,??????????,Czarnog?ra,Muntinigru,Muntenegro,&lt;br &gt;&lt;\/a&gt; Muntenegru,\t?ierna Hora,Cxerngora,????????,?rna gora,Moontineegro,?ornog\u00f9ra,?ernogori?a,Chernogoriya,Mont\u00f5negro,????? ???? ,?r?na Gora,?r?nogorije,?ernogorija,?arnahoryja,??????????,???????????????????? ,?ern\u00f4g\u00f4riy\u00e2,M\u00fbnt\u00een\u00ee?r\u00fb,????? ?????? ,????????,??????????,???????????,M\u00e2nten\u00eegro,???? ????? ,????????,M\u00f4ntenegr\u00f4,????????????,???????????,????????????, ??????????? ,????????????,??????????? ,\u008d\u2022?R\/?K?R ,\u0192\u201a\u0192\u201c\u0192e\u0192l\u0192O\u0192\u008d,\u00b8???\u00b3?\u00b1?\u2022? ,Muntenegru, ????? ????, Montenegr?,chambres ? louer ? ulcinj, location de vacance, location saisonni?res, louer villa,location de vacance, Locations vacance, h?bergements vacances, locations villa, logements de vacances, location maison avec piscine, Location vacance, locations de vacance, h?bergements de vacances, location villa, locations entre particulier, logements vacance, vacances ? Mont?n?gro - location ? Ulcinj ,location  de bigorre,Urlaub in Ulcinj -Montenegro,Hotelbewertungen Ulcinj,Reisen Ulcinj, Urlaub Ulcinj,Hotel in Serbien und Montenegro von Urlaubern bewertet,Billig Urlaub in Ulcinj,ferienh?user,ferienwohnung,Billige Ferienh?user,Ferienwohnung ULCINJ,Ferien an der Adria,Urlaub im Ferienhaus ulcinjBilligreisen Ulcinj,Pauschalreisen,FKK Strand Ada Bojana ulcinj,Last Minute Angebote ulcinj,Preise f?r Lastminute,Kleinanzeigen gratis,Ausflug nach Ulcinj,FKK-Reisen ada bojana,FKK-Urlaub ulcinj,Privatni smje?taj,rezervacija smje?taja,apartmani,sobe,ku?e,odmor,sobe za odmor ulcinj,Pretra?ivanje privatnog smje?taja,rooms rent accommodation ulcinj, rentail private accommodation ulcinj,?elite rezervirati privatni smje?taj,Private accommodation,Smje?taj ulcinj,Pushime Verore ulqin,pushime t? lira n? ulqin,Pushime ne plazh,Pushime te kendshme,dhoma per pushime ulqin,dhoma me qera ulqin,dhoma te lira ulqin,pushime te lira ulqin,mali i zi,kosova,maqedoni,shqiperi,Pushime ne det te ulqinit,godi?nji odmor u ulcinj,odmor u ulcinj,Ku?a za odmor,kuda na odmor,ljetovanje u ulcinj,slobodne sobe,dhoma te lira,ku?a uz more,turisti?ka ponuda,odmor i zabava,povolne cene,sobe,usluge,Mjesto za Va? odmor , Place for Your holiday,Odmor portal,putovanaja,Iznajmljivanje soba ulcinj,odmor ulcinj info,Va?e mjesto za odmor ulcinj,nudisticka plaza ada bojana,smjestaj ponuda ulcinj,lokacioni i dhomave ulqin,deti,plazhet e bukura,diskoteka,zbavitja,.\" href=\"http:\/\/www.visit-ulcinj.com\/tourism\/\" target=\"_blank\"><img loading=\"lazy\" class=\"aligncenter\" title=\"SHPALLJE TURISTIKE FALAS,FREE TOURIST GUIDES,BESPLATNI TURISTI?KI OGLASI,balkan holiday rentals,ALBANIJA,ALBANIA,SHQIPERIJA,CRNA GORA,HRVATSKA,KROACIA,SLOVENIJA,MAKEDONIJA,MAKEDONIA,SRBIJA,MONTENEGRO,MALI I ZI,\" src=\"http:\/\/www.visit-ulcinj.com\/blog\/wp-content\/uploads\/2008\/09\/balkanholidayrentals.gif\" alt=\"Apatin,  Aran?elovac,  ?uprija,  ?a?ak,  ?apljina,  ?itluk,  ?abac,  ?ipovo,  ?iroki Brijeg,  ?ep?e,  ?ivinice,  Ba?ka Palanka,  Banja Luka,  Banovi?i,  Be?ej,  beograd,  Biha?,  Bijeljina,  Bor,  Bor?a,  Bosanska Gradi?ka,  Bosanska Krupa,  Bosanski ?amac,  Bosanski Brod,  Bosanski Novi,  Br?ko,  Bu?im,  Bugojno,  Cazin,  Crna Gora,  Derventa,  Doboj,  Donji Vakuf,  Drvar,  Dubrovnik,  Fo?a,  Fojnica,  Glamo?,  Gora?de,  Gornji Milanovac,  Gornji Vakuf,  gostivar,  Gra?anica,  Grada?ac,  Gradiska,  Grahovo,  Had?i?i,  Ilid?a,  In?ija,  Jablanica,  Jagodina,  Jajce,  Kakanj,  Kalu?erica,  Kikinda,  Klju?,  Konjic,  Kotor Varo?,  Kragujevac,  Kraljevo,  Kru?evac,  Kula,  Kupres,  Lakta?i,  Lazarevac,  Leskovac,  Livno,  Ljubinje,  ljublana,  Ljubu?ki,  Loznica,  Lukavac,  Maglaj,  Mladenovac,  Modri?a,  montenegro erlajnz,  mostar,  Mrkonji? Grad,  Neum,  Ni?,  Novi Pazar,  Novi Sad,  Novi Travnik,  Obrenovac,  Od?ak,  ohrid,  Ora?je,  Pale,  Pan?evo,  Para?in,  Pirot,  Po?arevac,  Podgorica,  Priboj,  Prijedor,  Prokuplje,  Prozor,  pula,  rijeka,  Ruma,  Sanski Most,  Sarajevo,  Senta,  serbija,  sibenik,  skopje,  Smederevo,  Smederevska Palanka,  Sokolac,  Sombor,  split,  Srebrenica,  Srebrenik,  Sremska Mitrovica,  Stolac,  Struga,  Subotica,  Temerin,  Tesli?,  tetovo,  Travnik,  Trebinje,  tuzla,  U?ice,  ulcinj,  Valjevo,  Velika Kladu?a,  Vi?egrad,  Visoko,  Vitez,  Vogo??a,  vojvodina,  Vranje,  Vr?ac,  Vrbas,  zadar,  Zagreb,  Zaje?ar,  Zavidovi?i,  Zenica,  Zrenjanin,  Zvornik,copacabana ulcinj,  h?tels,  hotel ulqin,  Kosova,  Mali i Zi,  Maqedonija,  Montenegro,  montenegro tourisme plage,  montenegro ulcinj,  Shpallje Falas,  Shpallje Falas per shitjen e shtepis se juaj,  Shpallje Falas per villat e juaj,  Shpallje Falas Real Estate,  Shpallje Falas turistike,  shqiperija,  tourisme,  Ulci?,  ulcinj,  ulqin,  ulqin hotel,  ulqini,  ulqini 2007,Ada Bojana,  Alba?czyk,  Cita di Dolcino,  Copacabana,  Czarnog?ra,  Czarnog?rzec,  Don Kichota,  Ma\u00b3a Pla?a,  Mandra,  MIGUEL DE SERVANTES,  p?\u00b3wyspy Marjan,  Pla?a Valdanos,  Rzeka Bojana,  Shas \/ ?as \/ Sva?,  Ulci?,  Ulcinjsk\u00b9 Riwier?,  Wielka Pla?a,  Wyspa Bojana,GORA,??????????,???????,??????????, ?ern? Hora,TO ULCINJ \/ ULQIN,MONTENEGRO, Czarnog?ra, Muntenegru, ????? ????, Montenegr?,villa ? louer ? ulcinj, location de vacance, location saisonni?res, louer chambres,location de vacance, Locations vacance, h?bergements vacances, locations villa, logements de vacances, location maison avec piscine, Location vacance, locations de vacance, h?bergements de vacances, location, locations entre particulier, logements vacance, vacances ? Mont?n?gro - location ? Ulcinj ,location  de bigorre,Albaniku,  Artana,  Bujanoci,  Burimi,  Dardana,  Dardan?,  De?an,  Dibra,  Drenas,  Drenasi,  Ferizaj,  Ferizaji,  Fush? Kosova,Besplatni internet oglasi,Besplatni oglasi,besplatni mali oglasi,besplatni turisti?ki oglasi,oglasi, usluge, turizam,Turisti?ke usluge,Doma?i turizam,Besplatni Oglasnik,Brzi Oglasi Besplatno,Besplatno OglasavanjeTurizam,besplatni oglasi sa slikom,Turisticki informator besplatni,li?ni-oglasi,BESPLATNI Turisticki OGLASI SA SLIKAMA,BESPLATNI Turisticki Oglasi saVideom,turisticki smestaj oglasi,Turisti?ki vodi? balkana,BESPLATNA REZERVACIJA SMESTAJA,Postavite besplatno Vas oglas,FREE TOURIST GUIDES,Izdavanje-Turizam oglasi,Balkan Turisticki vodic,shpallje turistike falas,Shpallje Falas,Shpallje falas per Komplekse Turistike,Lajmerime,Njoftime,shpallje shqip per shqiptaret ne shqiperi kosova maqedoni,mal te zi,Fush? Kosov?,  Gjakova,  Gjakov?,  Gjilan,  Gjilani,  Gostivari,  Istog,  Istog\u2022,  Ka?anik,  Ka?aniku,  Kastrioti,  K?r?ova,  Klina,  Klin?,  Kumanova,  Leposaviq,  Leskovci,  Likova,  Lipjan,  Lipjani,  Malisheva,  Malishev?,  Manastiri,  Medvegja,  Mitrovica,  Mitrovic?,  Novob?rd?,  Obiliq\u2022 Rahovec,  Ohri,  Peja,  Pej?,  Podujeva,  Podujev?,  Presheva,  Prishtina,  Prishtin?,  Prizren,  Prizreni,  Rahoveci,  Sharri,  Sharri (Kosov?),  Shkupi,  Sht?rpca,  Sht?rpc?,  Shtime,  Sk?nderaj,  Struga,  Tetova,  Theranda,  Therand?,  Triumf Riza,  Veleshta,  Viti,  Vitia,  Vushtrri,  Vushtrria,  Zubin Potok,  Zubin Potoku,  Zve?an,  Zve?ani,Struga,Gostivari,Gostivar,Ker?ova,Tirana,Durr?si,Elbasani,Shkodra,Tuzi,Vlora, Kor?a,Fieri,Berati,Lushnja ,Kavaja,Pogradeci,La?i,Gjirokastra,Patosi,Kruja,Ku?ova,Kuk?si,Lezha,Saranda,Peshkopia,Burreli,C?rriku,?orovoda,Shijaku,Librazhdi,Tepelena,Gramshi,Poli?ani,Bulqiza,P?rmeti,Fush?Kruja,Kamza,Rr?sheni,Ballshi,Mamurrasi,BajramCurri,Erseka,Peqini,Divjaka,Selenica,Bilishti,Roskoveci,Puka,Memaliaj,Rrogozhina,Ura Vajgurore,Himara,Delvina,Vora,Kopliku,Maliqi,P?rrenjasi,Kruma, Libohova,Orikumi,Fush?-Arr?za,Sh?ngjini,Rubiku,Miloti, Leskoviku,Konispoli,K?lcyra,Krasta,K?rraba,Manastiri,Hara?ina,Likova,Prilepi,Zajazi,Vrap?ishti,Bogovin?,\" width=\"570\" height=\"120\" \/><\/a><\/strong><\/p>\n","protected":false},"excerpt":{"rendered":"<p>Kryetari i Ulqinit z.G\u00ebzim Hajdinaga dhe bashk\u00ebpun\u00ebtor\u00ebt e tij priten sot n\u00eb nj\u00eb takim pune delegacionin tre an\u00ebtar\u00ebsh t\u00eb K\u00ebshillit t\u00eb Evrop\u00ebs t\u00eb kryesuar nga zonja Klaudia Lu\u00e7ani. Tem\u00eb e k\u00ebtij takimi i cili zgjati mbi 60 minuta ishte \u00e7\u00ebshtja e pakicave respektivisht t\u00eb drejtat e tyre, administrimi lokal konform\u00eb normave nd\u00ebrkomb\u00ebtare, realizimi dhe transparenca [&hellip;]<\/p>\n","protected":false},"author":1,"featured_media":0,"comment_status":"open","ping_status":"closed","sticky":false,"template":"","format":"standard","meta":{"spay_email":"","jetpack_publicize_message":"","jetpack_is_tweetstorm":false,"jetpack_publicize_feature_enabled":true},"categories":[1],"tags":[7630,10312,10315,10311,222,10313,10310,10318,10316,10308,7629,5922,10309,10314,10317],"jetpack_publicize_connections":[],"yoast_head":"<!-- This site is optimized with the Yoast SEO plugin v19.1 - https:\/\/yoast.com\/wordpress\/plugins\/seo\/ -->\n<title>G\u00ebzim Hajdinaga priti sot delegacionin e K\u00ebshillit t\u00eb Evrop\u00ebs - Lajme nga Ulqini<\/title>\n<meta name=\"description\" content=\"Kryetari i Ulqinit z.G\u00ebzim Hajdinaga dhe bashk\u00ebpun\u00ebtor\u00ebt e tij priten sot n\u00eb nj\u00eb takim pune delegacionin tre an\u00ebtar\u00ebsh t\u00eb K\u00ebshillit t\u00eb Evrop\u00ebs t\u00eb kryesuar\" \/>\n<meta name=\"robots\" content=\"index, follow, max-snippet:-1, max-image-preview:large, max-video-preview:-1\" \/>\n<link rel=\"canonical\" href=\"https:\/\/www.visit-ulcinj.com\/blog\/2009\/05\/13\/gezim-hajdinaga-priti-sot-delegacionin-e-keshillit-te-evropes\/\" \/>\n<meta property=\"og:locale\" content=\"en_US\" \/>\n<meta property=\"og:type\" content=\"article\" \/>\n<meta property=\"og:title\" content=\"G\u00ebzim Hajdinaga priti sot delegacionin e K\u00ebshillit t\u00eb Evrop\u00ebs - Lajme nga Ulqini\" \/>\n<meta property=\"og:description\" content=\"Kryetari i Ulqinit z.G\u00ebzim Hajdinaga dhe bashk\u00ebpun\u00ebtor\u00ebt e tij priten sot n\u00eb nj\u00eb takim pune delegacionin tre an\u00ebtar\u00ebsh t\u00eb K\u00ebshillit t\u00eb Evrop\u00ebs t\u00eb kryesuar\" \/>\n<meta property=\"og:url\" content=\"https:\/\/www.visit-ulcinj.com\/blog\/2009\/05\/13\/gezim-hajdinaga-priti-sot-delegacionin-e-keshillit-te-evropes\/\" \/>\n<meta property=\"og:site_name\" content=\"Lajme nga Ulqini\" \/>\n<meta property=\"article:published_time\" content=\"2009-05-13T13:19:30+00:00\" \/>\n<meta property=\"article:modified_time\" content=\"2009-05-13T17:24:55+00:00\" \/>\n<meta property=\"og:image\" content=\"https:\/\/www.visit-ulcinj.com\/blog\/wp-content\/uploads\/2009\/05\/council-of-europe-ms-claudia-luciani_gezim-hajdinaga_mayor-of-ulqin_montenegro-150x150.jpg\" \/>\n<meta name=\"twitter:label1\" content=\"Written by\" \/>\n\t<meta name=\"twitter:data1\" content=\"ulqini\" \/>\n\t<meta name=\"twitter:label2\" content=\"Est. reading time\" \/>\n\t<meta name=\"twitter:data2\" content=\"1 minute\" \/>\n<script type=\"application\/ld+json\" class=\"yoast-schema-graph\">{\"@context\":\"https:\/\/schema.org\",\"@graph\":[{\"@type\":\"WebSite\",\"@id\":\"https:\/\/www.visit-ulcinj.com\/blog\/#website\",\"url\":\"https:\/\/www.visit-ulcinj.com\/blog\/\",\"name\":\"Lajme nga Ulqini\",\"description\":\"Lajme,Vijesti,Ulqini,Ulqin,Crna Gora,Mali i Zi\",\"potentialAction\":[{\"@type\":\"SearchAction\",\"target\":{\"@type\":\"EntryPoint\",\"urlTemplate\":\"https:\/\/www.visit-ulcinj.com\/blog\/?s={search_term_string}\"},\"query-input\":\"required name=search_term_string\"}],\"inLanguage\":\"en-US\"},{\"@type\":\"ImageObject\",\"inLanguage\":\"en-US\",\"@id\":\"https:\/\/www.visit-ulcinj.com\/blog\/2009\/05\/13\/gezim-hajdinaga-priti-sot-delegacionin-e-keshillit-te-evropes\/#primaryimage\",\"url\":\"https:\/\/www.visit-ulcinj.com\/blog\/wp-content\/uploads\/2009\/05\/council-of-europe-ms-claudia-luciani_gezim-hajdinaga_mayor-of-ulqin_montenegro.jpg\",\"contentUrl\":\"https:\/\/www.visit-ulcinj.com\/blog\/wp-content\/uploads\/2009\/05\/council-of-europe-ms-claudia-luciani_gezim-hajdinaga_mayor-of-ulqin_montenegro.jpg\",\"width\":\"800\",\"height\":\"533\",\"caption\":\"Mayor of Ulqin Gezim Hajdinaga & Council of Europe Ms. Claudia Luciani\"},{\"@type\":\"WebPage\",\"@id\":\"https:\/\/www.visit-ulcinj.com\/blog\/2009\/05\/13\/gezim-hajdinaga-priti-sot-delegacionin-e-keshillit-te-evropes\/#webpage\",\"url\":\"https:\/\/www.visit-ulcinj.com\/blog\/2009\/05\/13\/gezim-hajdinaga-priti-sot-delegacionin-e-keshillit-te-evropes\/\",\"name\":\"G\u00ebzim Hajdinaga priti sot delegacionin e K\u00ebshillit t\u00eb Evrop\u00ebs - Lajme nga Ulqini\",\"isPartOf\":{\"@id\":\"https:\/\/www.visit-ulcinj.com\/blog\/#website\"},\"primaryImageOfPage\":{\"@id\":\"https:\/\/www.visit-ulcinj.com\/blog\/2009\/05\/13\/gezim-hajdinaga-priti-sot-delegacionin-e-keshillit-te-evropes\/#primaryimage\"},\"datePublished\":\"2009-05-13T13:19:30+00:00\",\"dateModified\":\"2009-05-13T17:24:55+00:00\",\"author\":{\"@id\":\"https:\/\/www.visit-ulcinj.com\/blog\/#\/schema\/person\/dcab619c614d3038751c63bc2aadc06d\"},\"description\":\"Kryetari i Ulqinit z.G\u00ebzim Hajdinaga dhe bashk\u00ebpun\u00ebtor\u00ebt e tij priten sot n\u00eb nj\u00eb takim pune delegacionin tre an\u00ebtar\u00ebsh t\u00eb K\u00ebshillit t\u00eb Evrop\u00ebs t\u00eb kryesuar\",\"breadcrumb\":{\"@id\":\"https:\/\/www.visit-ulcinj.com\/blog\/2009\/05\/13\/gezim-hajdinaga-priti-sot-delegacionin-e-keshillit-te-evropes\/#breadcrumb\"},\"inLanguage\":\"en-US\",\"potentialAction\":[{\"@type\":\"ReadAction\",\"target\":[\"https:\/\/www.visit-ulcinj.com\/blog\/2009\/05\/13\/gezim-hajdinaga-priti-sot-delegacionin-e-keshillit-te-evropes\/\"]}]},{\"@type\":\"BreadcrumbList\",\"@id\":\"https:\/\/www.visit-ulcinj.com\/blog\/2009\/05\/13\/gezim-hajdinaga-priti-sot-delegacionin-e-keshillit-te-evropes\/#breadcrumb\",\"itemListElement\":[{\"@type\":\"ListItem\",\"position\":1,\"name\":\"G\u00ebzim Hajdinaga priti sot delegacionin e K\u00ebshillit t\u00eb Evrop\u00ebs\"}]},{\"@type\":\"Person\",\"@id\":\"https:\/\/www.visit-ulcinj.com\/blog\/#\/schema\/person\/dcab619c614d3038751c63bc2aadc06d\",\"name\":\"ulqini\",\"sameAs\":[\"http:\/\/www.visit-ulcinj.com\"],\"url\":\"https:\/\/www.visit-ulcinj.com\/blog\/author\/admin\/\"}]}<\/script>\n<!-- \/ Yoast SEO plugin. -->","yoast_head_json":{"title":"G\u00ebzim Hajdinaga priti sot delegacionin e K\u00ebshillit t\u00eb Evrop\u00ebs - Lajme nga Ulqini","description":"Kryetari i Ulqinit z.G\u00ebzim Hajdinaga dhe bashk\u00ebpun\u00ebtor\u00ebt e tij priten sot n\u00eb nj\u00eb takim pune delegacionin tre an\u00ebtar\u00ebsh t\u00eb K\u00ebshillit t\u00eb Evrop\u00ebs t\u00eb kryesuar","robots":{"index":"index","follow":"follow","max-snippet":"max-snippet:-1","max-image-preview":"max-image-preview:large","max-video-preview":"max-video-preview:-1"},"canonical":"https:\/\/www.visit-ulcinj.com\/blog\/2009\/05\/13\/gezim-hajdinaga-priti-sot-delegacionin-e-keshillit-te-evropes\/","og_locale":"en_US","og_type":"article","og_title":"G\u00ebzim Hajdinaga priti sot delegacionin e K\u00ebshillit t\u00eb Evrop\u00ebs - Lajme nga Ulqini","og_description":"Kryetari i Ulqinit z.G\u00ebzim Hajdinaga dhe bashk\u00ebpun\u00ebtor\u00ebt e tij priten sot n\u00eb nj\u00eb takim pune delegacionin tre an\u00ebtar\u00ebsh t\u00eb K\u00ebshillit t\u00eb Evrop\u00ebs t\u00eb kryesuar","og_url":"https:\/\/www.visit-ulcinj.com\/blog\/2009\/05\/13\/gezim-hajdinaga-priti-sot-delegacionin-e-keshillit-te-evropes\/","og_site_name":"Lajme nga Ulqini","article_published_time":"2009-05-13T13:19:30+00:00","article_modified_time":"2009-05-13T17:24:55+00:00","og_image":[{"url":"https:\/\/www.visit-ulcinj.com\/blog\/wp-content\/uploads\/2009\/05\/council-of-europe-ms-claudia-luciani_gezim-hajdinaga_mayor-of-ulqin_montenegro-150x150.jpg"}],"twitter_misc":{"Written by":"ulqini","Est. reading time":"1 minute"},"schema":{"@context":"https:\/\/schema.org","@graph":[{"@type":"WebSite","@id":"https:\/\/www.visit-ulcinj.com\/blog\/#website","url":"https:\/\/www.visit-ulcinj.com\/blog\/","name":"Lajme nga Ulqini","description":"Lajme,Vijesti,Ulqini,Ulqin,Crna Gora,Mali i Zi","potentialAction":[{"@type":"SearchAction","target":{"@type":"EntryPoint","urlTemplate":"https:\/\/www.visit-ulcinj.com\/blog\/?s={search_term_string}"},"query-input":"required name=search_term_string"}],"inLanguage":"en-US"},{"@type":"ImageObject","inLanguage":"en-US","@id":"https:\/\/www.visit-ulcinj.com\/blog\/2009\/05\/13\/gezim-hajdinaga-priti-sot-delegacionin-e-keshillit-te-evropes\/#primaryimage","url":"https:\/\/www.visit-ulcinj.com\/blog\/wp-content\/uploads\/2009\/05\/council-of-europe-ms-claudia-luciani_gezim-hajdinaga_mayor-of-ulqin_montenegro.jpg","contentUrl":"https:\/\/www.visit-ulcinj.com\/blog\/wp-content\/uploads\/2009\/05\/council-of-europe-ms-claudia-luciani_gezim-hajdinaga_mayor-of-ulqin_montenegro.jpg","width":"800","height":"533","caption":"Mayor of Ulqin Gezim Hajdinaga & Council of Europe Ms. Claudia Luciani"},{"@type":"WebPage","@id":"https:\/\/www.visit-ulcinj.com\/blog\/2009\/05\/13\/gezim-hajdinaga-priti-sot-delegacionin-e-keshillit-te-evropes\/#webpage","url":"https:\/\/www.visit-ulcinj.com\/blog\/2009\/05\/13\/gezim-hajdinaga-priti-sot-delegacionin-e-keshillit-te-evropes\/","name":"G\u00ebzim Hajdinaga priti sot delegacionin e K\u00ebshillit t\u00eb Evrop\u00ebs - Lajme nga Ulqini","isPartOf":{"@id":"https:\/\/www.visit-ulcinj.com\/blog\/#website"},"primaryImageOfPage":{"@id":"https:\/\/www.visit-ulcinj.com\/blog\/2009\/05\/13\/gezim-hajdinaga-priti-sot-delegacionin-e-keshillit-te-evropes\/#primaryimage"},"datePublished":"2009-05-13T13:19:30+00:00","dateModified":"2009-05-13T17:24:55+00:00","author":{"@id":"https:\/\/www.visit-ulcinj.com\/blog\/#\/schema\/person\/dcab619c614d3038751c63bc2aadc06d"},"description":"Kryetari i Ulqinit z.G\u00ebzim Hajdinaga dhe bashk\u00ebpun\u00ebtor\u00ebt e tij priten sot n\u00eb nj\u00eb takim pune delegacionin tre an\u00ebtar\u00ebsh t\u00eb K\u00ebshillit t\u00eb Evrop\u00ebs t\u00eb kryesuar","breadcrumb":{"@id":"https:\/\/www.visit-ulcinj.com\/blog\/2009\/05\/13\/gezim-hajdinaga-priti-sot-delegacionin-e-keshillit-te-evropes\/#breadcrumb"},"inLanguage":"en-US","potentialAction":[{"@type":"ReadAction","target":["https:\/\/www.visit-ulcinj.com\/blog\/2009\/05\/13\/gezim-hajdinaga-priti-sot-delegacionin-e-keshillit-te-evropes\/"]}]},{"@type":"BreadcrumbList","@id":"https:\/\/www.visit-ulcinj.com\/blog\/2009\/05\/13\/gezim-hajdinaga-priti-sot-delegacionin-e-keshillit-te-evropes\/#breadcrumb","itemListElement":[{"@type":"ListItem","position":1,"name":"G\u00ebzim Hajdinaga priti sot delegacionin e K\u00ebshillit t\u00eb Evrop\u00ebs"}]},{"@type":"Person","@id":"https:\/\/www.visit-ulcinj.com\/blog\/#\/schema\/person\/dcab619c614d3038751c63bc2aadc06d","name":"ulqini","sameAs":["http:\/\/www.visit-ulcinj.com"],"url":"https:\/\/www.visit-ulcinj.com\/blog\/author\/admin\/"}]}},"jetpack_featured_media_url":"","jetpack_sharing_enabled":true,"jetpack_shortlink":"https:\/\/wp.me\/pe6lTn-5tY","_links":{"self":[{"href":"https:\/\/www.visit-ulcinj.com\/blog\/wp-json\/wp\/v2\/posts\/21078"}],"collection":[{"href":"https:\/\/www.visit-ulcinj.com\/blog\/wp-json\/wp\/v2\/posts"}],"about":[{"href":"https:\/\/www.visit-ulcinj.com\/blog\/wp-json\/wp\/v2\/types\/post"}],"author":[{"embeddable":true,"href":"https:\/\/www.visit-ulcinj.com\/blog\/wp-json\/wp\/v2\/users\/1"}],"replies":[{"embeddable":true,"href":"https:\/\/www.visit-ulcinj.com\/blog\/wp-json\/wp\/v2\/comments?post=21078"}],"version-history":[{"count":0,"href":"https:\/\/www.visit-ulcinj.com\/blog\/wp-json\/wp\/v2\/posts\/21078\/revisions"}],"wp:attachment":[{"href":"https:\/\/www.visit-ulcinj.com\/blog\/wp-json\/wp\/v2\/media?parent=21078"}],"wp:term":[{"taxonomy":"category","embeddable":true,"href":"https:\/\/www.visit-ulcinj.com\/blog\/wp-json\/wp\/v2\/categories?post=21078"},{"taxonomy":"post_tag","embeddable":true,"href":"https:\/\/www.visit-ulcinj.com\/blog\/wp-json\/wp\/v2\/tags?post=21078"}],"curies":[{"name":"wp","href":"https:\/\/api.w.org\/{rel}","templated":true}]}}