{"id":21099,"date":"2009-05-13T19:05:21","date_gmt":"2009-05-13T17:05:21","guid":{"rendered":"http:\/\/www.visit-ulcinj.com\/blog\/?p=21099"},"modified":"2009-05-13T19:05:21","modified_gmt":"2009-05-13T17:05:21","slug":"adelajda-cfare-inati-ka","status":"publish","type":"post","link":"https:\/\/www.visit-ulcinj.com\/blog\/2009\/05\/13\/adelajda-cfare-inati-ka\/","title":{"rendered":"Adelajda : Cfar\u00eb inati ka"},"content":{"rendered":"<p><img loading=\"lazy\" class=\"alignleft\" src=\"http:\/\/www.visit-ulcinj.com\/blog\/wp-content\/uploads\/2009\/05\/adela-ndez-qirinjte.jpg\" alt=\"\" width=\"300\" height=\"205\" \/><strong><\/strong><em><span class=\"newsdate\">06\/05\/09 00:05<\/span><\/em><\/p>\n<p>Adela i tregon Anjez\u00ebs se buqet\u00ebn me lule t\u00eb Arit p\u00ebr Moz\u00ebn, do t\u2019ia dhuroj\u00eb ajo dhe jo vet\u00eb Ari. Anjeza interesohet lidhur me k\u00ebt\u00eb gj\u00eb, por Adela ia pret shkurt se nuk ka nd\u00ebrmend t\u2019ia tregoj\u00eb. M\u00eb pas Anjeza shkon n\u00eb dhom\u00eb dhe pyet Arin n\u00ebse do jet\u00eb dh\u00eb ai bashk\u00eb me ta p\u00ebr t\u00eb festuar. Adela e d\u00ebgjon nga dhoma tjet\u00ebr dhe e komenton pyetjen e saj si tendencioze sepse Anjeza e di mir\u00eb q\u00eb ai do vij\u00eb. \u201cNuk e kuptoj cfar\u00eb inati ka\u201d- thot\u00eb Adela.<\/p>\n","protected":false},"excerpt":{"rendered":"<p>06\/05\/09 00:05 Adela i tregon Anjez\u00ebs se buqet\u00ebn me lule t\u00eb Arit p\u00ebr Moz\u00ebn, do t\u2019ia dhuroj\u00eb ajo dhe jo vet\u00eb Ari. Anjeza interesohet lidhur me k\u00ebt\u00eb gj\u00eb, por Adela ia pret shkurt se nuk ka nd\u00ebrmend t\u2019ia tregoj\u00eb. M\u00eb pas Anjeza shkon n\u00eb dhom\u00eb dhe pyet Arin n\u00ebse do jet\u00eb dh\u00eb ai bashk\u00eb me [&hellip;]<\/p>\n","protected":false},"author":1,"featured_media":0,"comment_status":"open","ping_status":"closed","sticky":false,"template":"","format":"standard","meta":{"spay_email":"","jetpack_publicize_message":"","jetpack_is_tweetstorm":false,"jetpack_publicize_feature_enabled":true},"categories":[6502],"tags":[6529,8289,9121,6522,9751],"jetpack_publicize_connections":[],"yoast_head":"<!-- This site is optimized with the Yoast SEO plugin v19.1 - https:\/\/yoast.com\/wordpress\/plugins\/seo\/ -->\n<title>Adelajda : Cfar\u00c3\u00ab inati | Big Brother Albania 2<\/title>\n<meta name=\"description\" content=\"Big Brother Albania 2 - Adela i tregon Anjez\u00c3\u00abs se buqet\u00c3\u00abn me lule t\u00c3\u00ab Arit p\u00c3\u00abr Moz\u00c3\u00abn, do t\u00e2\u20ac\u2122ia dhuroj\u00c3\u00ab ajo dhe jo vet\u00c3\u00ab Ari.\" \/>\n<meta name=\"robots\" content=\"index, follow, max-snippet:-1, max-image-preview:large, max-video-preview:-1\" \/>\n<link rel=\"canonical\" href=\"https:\/\/www.visit-ulcinj.com\/blog\/2009\/05\/13\/adelajda-cfare-inati-ka\/\" \/>\n<meta property=\"og:locale\" content=\"en_US\" \/>\n<meta property=\"og:type\" content=\"article\" \/>\n<meta property=\"og:title\" content=\"Adelajda : Cfar\u00c3\u00ab inati | Big Brother Albania 2\" \/>\n<meta property=\"og:description\" content=\"Big Brother Albania 2 - Adela i tregon Anjez\u00c3\u00abs se buqet\u00c3\u00abn me lule t\u00c3\u00ab Arit p\u00c3\u00abr Moz\u00c3\u00abn, do t\u00e2\u20ac\u2122ia dhuroj\u00c3\u00ab ajo dhe jo vet\u00c3\u00ab Ari.\" \/>\n<meta property=\"og:url\" content=\"https:\/\/www.visit-ulcinj.com\/blog\/2009\/05\/13\/adelajda-cfare-inati-ka\/\" \/>\n<meta property=\"og:site_name\" content=\"Lajme nga Ulqini\" \/>\n<meta property=\"article:published_time\" content=\"2009-05-13T17:05:21+00:00\" \/>\n<meta property=\"og:image\" content=\"http:\/\/www.visit-ulcinj.com\/blog\/wp-content\/uploads\/2009\/05\/adela-ndez-qirinjte.jpg\" \/>\n<meta name=\"twitter:label1\" content=\"Written by\" \/>\n\t<meta name=\"twitter:data1\" content=\"ulqini\" \/>\n\t<meta name=\"twitter:label2\" content=\"Est. reading time\" \/>\n\t<meta name=\"twitter:data2\" content=\"1 minute\" \/>\n<script type=\"application\/ld+json\" class=\"yoast-schema-graph\">{\"@context\":\"https:\/\/schema.org\",\"@graph\":[{\"@type\":\"WebSite\",\"@id\":\"https:\/\/www.visit-ulcinj.com\/blog\/#website\",\"url\":\"https:\/\/www.visit-ulcinj.com\/blog\/\",\"name\":\"Lajme nga Ulqini\",\"description\":\"Lajme,Vijesti,Ulqini,Ulqin,Crna Gora,Mali i Zi\",\"potentialAction\":[{\"@type\":\"SearchAction\",\"target\":{\"@type\":\"EntryPoint\",\"urlTemplate\":\"https:\/\/www.visit-ulcinj.com\/blog\/?s={search_term_string}\"},\"query-input\":\"required name=search_term_string\"}],\"inLanguage\":\"en-US\"},{\"@type\":\"ImageObject\",\"inLanguage\":\"en-US\",\"@id\":\"https:\/\/www.visit-ulcinj.com\/blog\/2009\/05\/13\/adelajda-cfare-inati-ka\/#primaryimage\",\"url\":\"http:\/\/www.visit-ulcinj.com\/blog\/wp-content\/uploads\/2009\/05\/adela-ndez-qirinjte.jpg\",\"contentUrl\":\"http:\/\/www.visit-ulcinj.com\/blog\/wp-content\/uploads\/2009\/05\/adela-ndez-qirinjte.jpg\"},{\"@type\":\"WebPage\",\"@id\":\"https:\/\/www.visit-ulcinj.com\/blog\/2009\/05\/13\/adelajda-cfare-inati-ka\/#webpage\",\"url\":\"https:\/\/www.visit-ulcinj.com\/blog\/2009\/05\/13\/adelajda-cfare-inati-ka\/\",\"name\":\"Adelajda : Cfar\u00c3\u00ab inati | Big Brother Albania 2\",\"isPartOf\":{\"@id\":\"https:\/\/www.visit-ulcinj.com\/blog\/#website\"},\"primaryImageOfPage\":{\"@id\":\"https:\/\/www.visit-ulcinj.com\/blog\/2009\/05\/13\/adelajda-cfare-inati-ka\/#primaryimage\"},\"datePublished\":\"2009-05-13T17:05:21+00:00\",\"dateModified\":\"2009-05-13T17:05:21+00:00\",\"author\":{\"@id\":\"https:\/\/www.visit-ulcinj.com\/blog\/#\/schema\/person\/dcab619c614d3038751c63bc2aadc06d\"},\"description\":\"Big Brother Albania 2 - Adela i tregon Anjez\u00c3\u00abs se buqet\u00c3\u00abn me lule t\u00c3\u00ab Arit p\u00c3\u00abr Moz\u00c3\u00abn, do t\u00e2\u20ac\u2122ia dhuroj\u00c3\u00ab ajo dhe jo vet\u00c3\u00ab Ari.\",\"breadcrumb\":{\"@id\":\"https:\/\/www.visit-ulcinj.com\/blog\/2009\/05\/13\/adelajda-cfare-inati-ka\/#breadcrumb\"},\"inLanguage\":\"en-US\",\"potentialAction\":[{\"@type\":\"ReadAction\",\"target\":[\"https:\/\/www.visit-ulcinj.com\/blog\/2009\/05\/13\/adelajda-cfare-inati-ka\/\"]}]},{\"@type\":\"BreadcrumbList\",\"@id\":\"https:\/\/www.visit-ulcinj.com\/blog\/2009\/05\/13\/adelajda-cfare-inati-ka\/#breadcrumb\",\"itemListElement\":[{\"@type\":\"ListItem\",\"position\":1,\"name\":\"Adelajda : Cfar\u00eb inati ka\"}]},{\"@type\":\"Person\",\"@id\":\"https:\/\/www.visit-ulcinj.com\/blog\/#\/schema\/person\/dcab619c614d3038751c63bc2aadc06d\",\"name\":\"ulqini\",\"sameAs\":[\"http:\/\/www.visit-ulcinj.com\"],\"url\":\"https:\/\/www.visit-ulcinj.com\/blog\/author\/admin\/\"}]}<\/script>\n<!-- \/ Yoast SEO plugin. -->","yoast_head_json":{"title":"Adelajda : Cfar\u00c3\u00ab inati | Big Brother Albania 2","description":"Big Brother Albania 2 - Adela i tregon Anjez\u00c3\u00abs se buqet\u00c3\u00abn me lule t\u00c3\u00ab Arit p\u00c3\u00abr Moz\u00c3\u00abn, do t\u00e2\u20ac\u2122ia dhuroj\u00c3\u00ab ajo dhe jo vet\u00c3\u00ab Ari.","robots":{"index":"index","follow":"follow","max-snippet":"max-snippet:-1","max-image-preview":"max-image-preview:large","max-video-preview":"max-video-preview:-1"},"canonical":"https:\/\/www.visit-ulcinj.com\/blog\/2009\/05\/13\/adelajda-cfare-inati-ka\/","og_locale":"en_US","og_type":"article","og_title":"Adelajda : Cfar\u00c3\u00ab inati | Big Brother Albania 2","og_description":"Big Brother Albania 2 - Adela i tregon Anjez\u00c3\u00abs se buqet\u00c3\u00abn me lule t\u00c3\u00ab Arit p\u00c3\u00abr Moz\u00c3\u00abn, do t\u00e2\u20ac\u2122ia dhuroj\u00c3\u00ab ajo dhe jo vet\u00c3\u00ab Ari.","og_url":"https:\/\/www.visit-ulcinj.com\/blog\/2009\/05\/13\/adelajda-cfare-inati-ka\/","og_site_name":"Lajme nga Ulqini","article_published_time":"2009-05-13T17:05:21+00:00","og_image":[{"url":"http:\/\/www.visit-ulcinj.com\/blog\/wp-content\/uploads\/2009\/05\/adela-ndez-qirinjte.jpg"}],"twitter_misc":{"Written by":"ulqini","Est. reading time":"1 minute"},"schema":{"@context":"https:\/\/schema.org","@graph":[{"@type":"WebSite","@id":"https:\/\/www.visit-ulcinj.com\/blog\/#website","url":"https:\/\/www.visit-ulcinj.com\/blog\/","name":"Lajme nga Ulqini","description":"Lajme,Vijesti,Ulqini,Ulqin,Crna Gora,Mali i Zi","potentialAction":[{"@type":"SearchAction","target":{"@type":"EntryPoint","urlTemplate":"https:\/\/www.visit-ulcinj.com\/blog\/?s={search_term_string}"},"query-input":"required name=search_term_string"}],"inLanguage":"en-US"},{"@type":"ImageObject","inLanguage":"en-US","@id":"https:\/\/www.visit-ulcinj.com\/blog\/2009\/05\/13\/adelajda-cfare-inati-ka\/#primaryimage","url":"http:\/\/www.visit-ulcinj.com\/blog\/wp-content\/uploads\/2009\/05\/adela-ndez-qirinjte.jpg","contentUrl":"http:\/\/www.visit-ulcinj.com\/blog\/wp-content\/uploads\/2009\/05\/adela-ndez-qirinjte.jpg"},{"@type":"WebPage","@id":"https:\/\/www.visit-ulcinj.com\/blog\/2009\/05\/13\/adelajda-cfare-inati-ka\/#webpage","url":"https:\/\/www.visit-ulcinj.com\/blog\/2009\/05\/13\/adelajda-cfare-inati-ka\/","name":"Adelajda : Cfar\u00c3\u00ab inati | Big Brother Albania 2","isPartOf":{"@id":"https:\/\/www.visit-ulcinj.com\/blog\/#website"},"primaryImageOfPage":{"@id":"https:\/\/www.visit-ulcinj.com\/blog\/2009\/05\/13\/adelajda-cfare-inati-ka\/#primaryimage"},"datePublished":"2009-05-13T17:05:21+00:00","dateModified":"2009-05-13T17:05:21+00:00","author":{"@id":"https:\/\/www.visit-ulcinj.com\/blog\/#\/schema\/person\/dcab619c614d3038751c63bc2aadc06d"},"description":"Big Brother Albania 2 - Adela i tregon Anjez\u00c3\u00abs se buqet\u00c3\u00abn me lule t\u00c3\u00ab Arit p\u00c3\u00abr Moz\u00c3\u00abn, do t\u00e2\u20ac\u2122ia dhuroj\u00c3\u00ab ajo dhe jo vet\u00c3\u00ab Ari.","breadcrumb":{"@id":"https:\/\/www.visit-ulcinj.com\/blog\/2009\/05\/13\/adelajda-cfare-inati-ka\/#breadcrumb"},"inLanguage":"en-US","potentialAction":[{"@type":"ReadAction","target":["https:\/\/www.visit-ulcinj.com\/blog\/2009\/05\/13\/adelajda-cfare-inati-ka\/"]}]},{"@type":"BreadcrumbList","@id":"https:\/\/www.visit-ulcinj.com\/blog\/2009\/05\/13\/adelajda-cfare-inati-ka\/#breadcrumb","itemListElement":[{"@type":"ListItem","position":1,"name":"Adelajda : Cfar\u00eb inati ka"}]},{"@type":"Person","@id":"https:\/\/www.visit-ulcinj.com\/blog\/#\/schema\/person\/dcab619c614d3038751c63bc2aadc06d","name":"ulqini","sameAs":["http:\/\/www.visit-ulcinj.com"],"url":"https:\/\/www.visit-ulcinj.com\/blog\/author\/admin\/"}]}},"jetpack_featured_media_url":"","jetpack_sharing_enabled":true,"jetpack_shortlink":"https:\/\/wp.me\/pe6lTn-5uj","_links":{"self":[{"href":"https:\/\/www.visit-ulcinj.com\/blog\/wp-json\/wp\/v2\/posts\/21099"}],"collection":[{"href":"https:\/\/www.visit-ulcinj.com\/blog\/wp-json\/wp\/v2\/posts"}],"about":[{"href":"https:\/\/www.visit-ulcinj.com\/blog\/wp-json\/wp\/v2\/types\/post"}],"author":[{"embeddable":true,"href":"https:\/\/www.visit-ulcinj.com\/blog\/wp-json\/wp\/v2\/users\/1"}],"replies":[{"embeddable":true,"href":"https:\/\/www.visit-ulcinj.com\/blog\/wp-json\/wp\/v2\/comments?post=21099"}],"version-history":[{"count":0,"href":"https:\/\/www.visit-ulcinj.com\/blog\/wp-json\/wp\/v2\/posts\/21099\/revisions"}],"wp:attachment":[{"href":"https:\/\/www.visit-ulcinj.com\/blog\/wp-json\/wp\/v2\/media?parent=21099"}],"wp:term":[{"taxonomy":"category","embeddable":true,"href":"https:\/\/www.visit-ulcinj.com\/blog\/wp-json\/wp\/v2\/categories?post=21099"},{"taxonomy":"post_tag","embeddable":true,"href":"https:\/\/www.visit-ulcinj.com\/blog\/wp-json\/wp\/v2\/tags?post=21099"}],"curies":[{"name":"wp","href":"https:\/\/api.w.org\/{rel}","templated":true}]}}