{"id":21103,"date":"2009-05-13T19:25:39","date_gmt":"2009-05-13T17:25:39","guid":{"rendered":"http:\/\/www.visit-ulcinj.com\/blog\/?p=21103"},"modified":"2009-05-13T19:25:39","modified_gmt":"2009-05-13T17:25:39","slug":"adelajda-dhe-bjordi-ti-i-mendon-vete-pa-pyetur","status":"publish","type":"post","link":"https:\/\/www.visit-ulcinj.com\/blog\/2009\/05\/13\/adelajda-dhe-bjordi-ti-i-mendon-vete-pa-pyetur\/","title":{"rendered":"Adelajda dhe Bjordi : Ti i mendon vet\u00eb, pa pyetur"},"content":{"rendered":"<p><em><span class=\"newsdate\"><a href=\"http:\/\/www.visit-ulcinj.com\/blog\/wp-content\/uploads\/2009\/05\/adela-me-bjordin-6maj-2.jpg\"><img loading=\"lazy\" class=\"alignleft size-full wp-image-21104\" title=\"adela-me-bjordin-6maj-2-big-brother-albania-2\" src=\"http:\/\/www.visit-ulcinj.com\/blog\/wp-content\/uploads\/2009\/05\/adela-me-bjordin-6maj-2.jpg\" alt=\"adela-me-bjordin-6maj-2-big-brother-albania-2\" width=\"300\" height=\"205\" \/><\/a>06\/05\/09 02:10<\/span><\/em><\/p>\n<p>Bjordi vazhdon t\u00eb jet\u00eb i m\u00ebrzitur dhe q\u00ebndron i vet\u00ebm n\u00eb kop\u00ebsht. Adela i shkon pran\u00eb, por ai e refuzon shoq\u00ebrin\u00eb e saj. Adela i k\u00ebrkon q\u00eb t\u00eb mos p\u00ebrk\u00ebdhelet kaq shum\u00eb dhe i thot\u00eb q\u00eb t\u00eb futet brenda n\u00eb sht\u00ebpi. Bjordi nuk pranon dhe i thot\u00eb se do ta kaloj\u00eb nat\u00ebn i vet\u00ebm n\u00eb kop\u00ebsht. \u201cDua t\u00eb b\u00ebj ledhe\u201d- p\u00ebrs\u00ebrit ai fjal\u00ebt e Adel\u00ebs. Adela ia kthen se ai v\u00ebrtet\u00eb po p\u00ebrk\u00ebdhelet sepse i b\u00ebn gabimet vet\u00eb e m\u00eb pas m\u00ebrzitet prap\u00eb vet\u00eb. Bjordi i k\u00ebrkon t\u00eb ik\u00eb n\u00ebse ajo vazhdon t\u2019i thot\u00eb k\u00ebto fjal\u00eb, duke e b\u00ebr\u00eb t\u00eb ndjehet keq. Adela i p\u00ebrgjigjet se ajo p\u00ebrpiqet q\u00eb sa her\u00eb ai nuk ndjehet mir\u00eb, ta b\u00ebj\u00eb t\u00eb ndjehet m\u00eb mir\u00eb. Ajo i thot\u00eb se ai nuk e do af\u00ebr kur nuk ndjehet mir\u00eb dhe se nuk vler\u00ebson asgj\u00eb se cfar\u00eb b\u00ebn ajo p\u00ebr t\u00eb. \u201cTi nuk e ke iden\u00eb p\u00ebr cfar\u00eb po flet dhe kur ta kuptosh, do vish t\u00eb m\u00eb k\u00ebrkosh t\u00eb falur\u201d- ia kthen ai. Bjordi i thot\u00eb se ajo e ktheu bised\u00ebn n\u00eb an\u00ebn e vet\u00eb, nd\u00ebrkoh\u00eb q\u00eb ai ia spjegoi se p\u00ebrse. \u201cTi m\u00eb b\u00ebrtite p\u00ebr at\u00eb veprim kur nuk e ke iden\u00eb se p\u00ebrse e b\u00ebra\u201d- i thot\u00eb ai. Bjordi i flet disa fjal\u00eb n\u00eb vesh dhe Adela i thot\u00eb se nuk e dinte q\u00eb kjo gj\u00eb ishte k\u00ebshtu dhe ndaj u soll n\u00eb t\u00eb till\u00eb m\u00ebnyr\u00eb. Bjordi i thot\u00eb se ajo i mendon gjithnj\u00eb gj\u00ebrat keq, pastaj e pyet se si jan\u00eb n\u00eb t\u00eb v\u00ebrtet\u00eb. Adela i k\u00ebrkon t\u00eb falur dhe largohet, nd\u00ebrsa Bjordi vazhdon t\u00eb q\u00ebndroj\u00eb i vet\u00ebm n\u00eb kop\u00ebsht.<\/p>\n","protected":false},"excerpt":{"rendered":"<p>06\/05\/09 02:10 Bjordi vazhdon t\u00eb jet\u00eb i m\u00ebrzitur dhe q\u00ebndron i vet\u00ebm n\u00eb kop\u00ebsht. Adela i shkon pran\u00eb, por ai e refuzon shoq\u00ebrin\u00eb e saj. Adela i k\u00ebrkon q\u00eb t\u00eb mos p\u00ebrk\u00ebdhelet kaq shum\u00eb dhe i thot\u00eb q\u00eb t\u00eb futet brenda n\u00eb sht\u00ebpi. Bjordi nuk pranon dhe i thot\u00eb se do ta kaloj\u00eb nat\u00ebn i [&hellip;]<\/p>\n","protected":false},"author":1,"featured_media":0,"comment_status":"open","ping_status":"closed","sticky":false,"template":"","format":"standard","meta":{"spay_email":"","jetpack_publicize_message":"","jetpack_is_tweetstorm":false,"jetpack_publicize_feature_enabled":true},"categories":[6502],"tags":[6529,9121,6522,9751],"jetpack_publicize_connections":[],"yoast_head":"<!-- This site is optimized with the Yoast SEO plugin v19.1 - https:\/\/yoast.com\/wordpress\/plugins\/seo\/ -->\n<title>Adelajda dhe Bjordi : Ti i mendon vet\u00c3\u00ab, pa pyetur | Big Brother Albania 2<\/title>\n<meta name=\"description\" content=\"Big Brother Albania 2 - Bjordi vazhdon t\u00c3\u00ab jet\u00c3\u00ab i m\u00c3\u00abrzitur dhe q\u00c3\u00abndron i vet\u00c3\u00abm n\u00c3\u00ab kop\u00c3\u00absht. Adela i shkon pran\u00c3\u00ab, por ai e refuzon shoq\u00c3\u00abrin\u00c3\u00ab e saj. Adela i k\u00c3\u00abrkon q\u00c3\u00ab t\u00c3\u00ab mos p\u00c3\u00abrk\u00c3\u00abdhelet kaq shum\u00c3\u00ab dhe i thot\u00c3\u00ab q\u00c3\u00ab t\u00c3\u00ab futet brenda n\u00c3\u00ab sht\u00c3\u00abpi.\" \/>\n<meta name=\"robots\" content=\"index, follow, max-snippet:-1, max-image-preview:large, max-video-preview:-1\" \/>\n<link rel=\"canonical\" href=\"https:\/\/www.visit-ulcinj.com\/blog\/2009\/05\/13\/adelajda-dhe-bjordi-ti-i-mendon-vete-pa-pyetur\/\" \/>\n<meta property=\"og:locale\" content=\"en_US\" \/>\n<meta property=\"og:type\" content=\"article\" \/>\n<meta property=\"og:title\" content=\"Adelajda dhe Bjordi : Ti i mendon vet\u00c3\u00ab, pa pyetur | Big Brother Albania 2\" \/>\n<meta property=\"og:description\" content=\"Big Brother Albania 2 - Bjordi vazhdon t\u00c3\u00ab jet\u00c3\u00ab i m\u00c3\u00abrzitur dhe q\u00c3\u00abndron i vet\u00c3\u00abm n\u00c3\u00ab kop\u00c3\u00absht. Adela i shkon pran\u00c3\u00ab, por ai e refuzon shoq\u00c3\u00abrin\u00c3\u00ab e saj. Adela i k\u00c3\u00abrkon q\u00c3\u00ab t\u00c3\u00ab mos p\u00c3\u00abrk\u00c3\u00abdhelet kaq shum\u00c3\u00ab dhe i thot\u00c3\u00ab q\u00c3\u00ab t\u00c3\u00ab futet brenda n\u00c3\u00ab sht\u00c3\u00abpi.\" \/>\n<meta property=\"og:url\" content=\"https:\/\/www.visit-ulcinj.com\/blog\/2009\/05\/13\/adelajda-dhe-bjordi-ti-i-mendon-vete-pa-pyetur\/\" \/>\n<meta property=\"og:site_name\" content=\"Lajme nga Ulqini\" \/>\n<meta property=\"article:published_time\" content=\"2009-05-13T17:25:39+00:00\" \/>\n<meta property=\"og:image\" content=\"http:\/\/www.visit-ulcinj.com\/blog\/wp-content\/uploads\/2009\/05\/adela-me-bjordin-6maj-2.jpg\" \/>\n<meta name=\"twitter:label1\" content=\"Written by\" \/>\n\t<meta name=\"twitter:data1\" content=\"ulqini\" \/>\n\t<meta name=\"twitter:label2\" content=\"Est. reading time\" \/>\n\t<meta name=\"twitter:data2\" content=\"2 minutes\" \/>\n<script type=\"application\/ld+json\" class=\"yoast-schema-graph\">{\"@context\":\"https:\/\/schema.org\",\"@graph\":[{\"@type\":\"WebSite\",\"@id\":\"https:\/\/www.visit-ulcinj.com\/blog\/#website\",\"url\":\"https:\/\/www.visit-ulcinj.com\/blog\/\",\"name\":\"Lajme nga Ulqini\",\"description\":\"Lajme,Vijesti,Ulqini,Ulqin,Crna Gora,Mali i Zi\",\"potentialAction\":[{\"@type\":\"SearchAction\",\"target\":{\"@type\":\"EntryPoint\",\"urlTemplate\":\"https:\/\/www.visit-ulcinj.com\/blog\/?s={search_term_string}\"},\"query-input\":\"required name=search_term_string\"}],\"inLanguage\":\"en-US\"},{\"@type\":\"ImageObject\",\"inLanguage\":\"en-US\",\"@id\":\"https:\/\/www.visit-ulcinj.com\/blog\/2009\/05\/13\/adelajda-dhe-bjordi-ti-i-mendon-vete-pa-pyetur\/#primaryimage\",\"url\":\"http:\/\/www.visit-ulcinj.com\/blog\/wp-content\/uploads\/2009\/05\/adela-me-bjordin-6maj-2.jpg\",\"contentUrl\":\"http:\/\/www.visit-ulcinj.com\/blog\/wp-content\/uploads\/2009\/05\/adela-me-bjordin-6maj-2.jpg\"},{\"@type\":\"WebPage\",\"@id\":\"https:\/\/www.visit-ulcinj.com\/blog\/2009\/05\/13\/adelajda-dhe-bjordi-ti-i-mendon-vete-pa-pyetur\/#webpage\",\"url\":\"https:\/\/www.visit-ulcinj.com\/blog\/2009\/05\/13\/adelajda-dhe-bjordi-ti-i-mendon-vete-pa-pyetur\/\",\"name\":\"Adelajda dhe Bjordi : Ti i mendon vet\u00c3\u00ab, pa pyetur | Big Brother Albania 2\",\"isPartOf\":{\"@id\":\"https:\/\/www.visit-ulcinj.com\/blog\/#website\"},\"primaryImageOfPage\":{\"@id\":\"https:\/\/www.visit-ulcinj.com\/blog\/2009\/05\/13\/adelajda-dhe-bjordi-ti-i-mendon-vete-pa-pyetur\/#primaryimage\"},\"datePublished\":\"2009-05-13T17:25:39+00:00\",\"dateModified\":\"2009-05-13T17:25:39+00:00\",\"author\":{\"@id\":\"https:\/\/www.visit-ulcinj.com\/blog\/#\/schema\/person\/dcab619c614d3038751c63bc2aadc06d\"},\"description\":\"Big Brother Albania 2 - Bjordi vazhdon t\u00c3\u00ab jet\u00c3\u00ab i m\u00c3\u00abrzitur dhe q\u00c3\u00abndron i vet\u00c3\u00abm n\u00c3\u00ab kop\u00c3\u00absht. Adela i shkon pran\u00c3\u00ab, por ai e refuzon shoq\u00c3\u00abrin\u00c3\u00ab e saj. Adela i k\u00c3\u00abrkon q\u00c3\u00ab t\u00c3\u00ab mos p\u00c3\u00abrk\u00c3\u00abdhelet kaq shum\u00c3\u00ab dhe i thot\u00c3\u00ab q\u00c3\u00ab t\u00c3\u00ab futet brenda n\u00c3\u00ab sht\u00c3\u00abpi.\",\"breadcrumb\":{\"@id\":\"https:\/\/www.visit-ulcinj.com\/blog\/2009\/05\/13\/adelajda-dhe-bjordi-ti-i-mendon-vete-pa-pyetur\/#breadcrumb\"},\"inLanguage\":\"en-US\",\"potentialAction\":[{\"@type\":\"ReadAction\",\"target\":[\"https:\/\/www.visit-ulcinj.com\/blog\/2009\/05\/13\/adelajda-dhe-bjordi-ti-i-mendon-vete-pa-pyetur\/\"]}]},{\"@type\":\"BreadcrumbList\",\"@id\":\"https:\/\/www.visit-ulcinj.com\/blog\/2009\/05\/13\/adelajda-dhe-bjordi-ti-i-mendon-vete-pa-pyetur\/#breadcrumb\",\"itemListElement\":[{\"@type\":\"ListItem\",\"position\":1,\"name\":\"Adelajda dhe Bjordi : Ti i mendon vet\u00eb, pa pyetur\"}]},{\"@type\":\"Person\",\"@id\":\"https:\/\/www.visit-ulcinj.com\/blog\/#\/schema\/person\/dcab619c614d3038751c63bc2aadc06d\",\"name\":\"ulqini\",\"sameAs\":[\"http:\/\/www.visit-ulcinj.com\"],\"url\":\"https:\/\/www.visit-ulcinj.com\/blog\/author\/admin\/\"}]}<\/script>\n<!-- \/ Yoast SEO plugin. -->","yoast_head_json":{"title":"Adelajda dhe Bjordi : Ti i mendon vet\u00c3\u00ab, pa pyetur | Big Brother Albania 2","description":"Big Brother Albania 2 - Bjordi vazhdon t\u00c3\u00ab jet\u00c3\u00ab i m\u00c3\u00abrzitur dhe q\u00c3\u00abndron i vet\u00c3\u00abm n\u00c3\u00ab kop\u00c3\u00absht. Adela i shkon pran\u00c3\u00ab, por ai e refuzon shoq\u00c3\u00abrin\u00c3\u00ab e saj. Adela i k\u00c3\u00abrkon q\u00c3\u00ab t\u00c3\u00ab mos p\u00c3\u00abrk\u00c3\u00abdhelet kaq shum\u00c3\u00ab dhe i thot\u00c3\u00ab q\u00c3\u00ab t\u00c3\u00ab futet brenda n\u00c3\u00ab sht\u00c3\u00abpi.","robots":{"index":"index","follow":"follow","max-snippet":"max-snippet:-1","max-image-preview":"max-image-preview:large","max-video-preview":"max-video-preview:-1"},"canonical":"https:\/\/www.visit-ulcinj.com\/blog\/2009\/05\/13\/adelajda-dhe-bjordi-ti-i-mendon-vete-pa-pyetur\/","og_locale":"en_US","og_type":"article","og_title":"Adelajda dhe Bjordi : Ti i mendon vet\u00c3\u00ab, pa pyetur | Big Brother Albania 2","og_description":"Big Brother Albania 2 - Bjordi vazhdon t\u00c3\u00ab jet\u00c3\u00ab i m\u00c3\u00abrzitur dhe q\u00c3\u00abndron i vet\u00c3\u00abm n\u00c3\u00ab kop\u00c3\u00absht. Adela i shkon pran\u00c3\u00ab, por ai e refuzon shoq\u00c3\u00abrin\u00c3\u00ab e saj. Adela i k\u00c3\u00abrkon q\u00c3\u00ab t\u00c3\u00ab mos p\u00c3\u00abrk\u00c3\u00abdhelet kaq shum\u00c3\u00ab dhe i thot\u00c3\u00ab q\u00c3\u00ab t\u00c3\u00ab futet brenda n\u00c3\u00ab sht\u00c3\u00abpi.","og_url":"https:\/\/www.visit-ulcinj.com\/blog\/2009\/05\/13\/adelajda-dhe-bjordi-ti-i-mendon-vete-pa-pyetur\/","og_site_name":"Lajme nga Ulqini","article_published_time":"2009-05-13T17:25:39+00:00","og_image":[{"url":"http:\/\/www.visit-ulcinj.com\/blog\/wp-content\/uploads\/2009\/05\/adela-me-bjordin-6maj-2.jpg"}],"twitter_misc":{"Written by":"ulqini","Est. reading time":"2 minutes"},"schema":{"@context":"https:\/\/schema.org","@graph":[{"@type":"WebSite","@id":"https:\/\/www.visit-ulcinj.com\/blog\/#website","url":"https:\/\/www.visit-ulcinj.com\/blog\/","name":"Lajme nga Ulqini","description":"Lajme,Vijesti,Ulqini,Ulqin,Crna Gora,Mali i Zi","potentialAction":[{"@type":"SearchAction","target":{"@type":"EntryPoint","urlTemplate":"https:\/\/www.visit-ulcinj.com\/blog\/?s={search_term_string}"},"query-input":"required name=search_term_string"}],"inLanguage":"en-US"},{"@type":"ImageObject","inLanguage":"en-US","@id":"https:\/\/www.visit-ulcinj.com\/blog\/2009\/05\/13\/adelajda-dhe-bjordi-ti-i-mendon-vete-pa-pyetur\/#primaryimage","url":"http:\/\/www.visit-ulcinj.com\/blog\/wp-content\/uploads\/2009\/05\/adela-me-bjordin-6maj-2.jpg","contentUrl":"http:\/\/www.visit-ulcinj.com\/blog\/wp-content\/uploads\/2009\/05\/adela-me-bjordin-6maj-2.jpg"},{"@type":"WebPage","@id":"https:\/\/www.visit-ulcinj.com\/blog\/2009\/05\/13\/adelajda-dhe-bjordi-ti-i-mendon-vete-pa-pyetur\/#webpage","url":"https:\/\/www.visit-ulcinj.com\/blog\/2009\/05\/13\/adelajda-dhe-bjordi-ti-i-mendon-vete-pa-pyetur\/","name":"Adelajda dhe Bjordi : Ti i mendon vet\u00c3\u00ab, pa pyetur | Big Brother Albania 2","isPartOf":{"@id":"https:\/\/www.visit-ulcinj.com\/blog\/#website"},"primaryImageOfPage":{"@id":"https:\/\/www.visit-ulcinj.com\/blog\/2009\/05\/13\/adelajda-dhe-bjordi-ti-i-mendon-vete-pa-pyetur\/#primaryimage"},"datePublished":"2009-05-13T17:25:39+00:00","dateModified":"2009-05-13T17:25:39+00:00","author":{"@id":"https:\/\/www.visit-ulcinj.com\/blog\/#\/schema\/person\/dcab619c614d3038751c63bc2aadc06d"},"description":"Big Brother Albania 2 - Bjordi vazhdon t\u00c3\u00ab jet\u00c3\u00ab i m\u00c3\u00abrzitur dhe q\u00c3\u00abndron i vet\u00c3\u00abm n\u00c3\u00ab kop\u00c3\u00absht. Adela i shkon pran\u00c3\u00ab, por ai e refuzon shoq\u00c3\u00abrin\u00c3\u00ab e saj. Adela i k\u00c3\u00abrkon q\u00c3\u00ab t\u00c3\u00ab mos p\u00c3\u00abrk\u00c3\u00abdhelet kaq shum\u00c3\u00ab dhe i thot\u00c3\u00ab q\u00c3\u00ab t\u00c3\u00ab futet brenda n\u00c3\u00ab sht\u00c3\u00abpi.","breadcrumb":{"@id":"https:\/\/www.visit-ulcinj.com\/blog\/2009\/05\/13\/adelajda-dhe-bjordi-ti-i-mendon-vete-pa-pyetur\/#breadcrumb"},"inLanguage":"en-US","potentialAction":[{"@type":"ReadAction","target":["https:\/\/www.visit-ulcinj.com\/blog\/2009\/05\/13\/adelajda-dhe-bjordi-ti-i-mendon-vete-pa-pyetur\/"]}]},{"@type":"BreadcrumbList","@id":"https:\/\/www.visit-ulcinj.com\/blog\/2009\/05\/13\/adelajda-dhe-bjordi-ti-i-mendon-vete-pa-pyetur\/#breadcrumb","itemListElement":[{"@type":"ListItem","position":1,"name":"Adelajda dhe Bjordi : Ti i mendon vet\u00eb, pa pyetur"}]},{"@type":"Person","@id":"https:\/\/www.visit-ulcinj.com\/blog\/#\/schema\/person\/dcab619c614d3038751c63bc2aadc06d","name":"ulqini","sameAs":["http:\/\/www.visit-ulcinj.com"],"url":"https:\/\/www.visit-ulcinj.com\/blog\/author\/admin\/"}]}},"jetpack_featured_media_url":"","jetpack_sharing_enabled":true,"jetpack_shortlink":"https:\/\/wp.me\/pe6lTn-5un","_links":{"self":[{"href":"https:\/\/www.visit-ulcinj.com\/blog\/wp-json\/wp\/v2\/posts\/21103"}],"collection":[{"href":"https:\/\/www.visit-ulcinj.com\/blog\/wp-json\/wp\/v2\/posts"}],"about":[{"href":"https:\/\/www.visit-ulcinj.com\/blog\/wp-json\/wp\/v2\/types\/post"}],"author":[{"embeddable":true,"href":"https:\/\/www.visit-ulcinj.com\/blog\/wp-json\/wp\/v2\/users\/1"}],"replies":[{"embeddable":true,"href":"https:\/\/www.visit-ulcinj.com\/blog\/wp-json\/wp\/v2\/comments?post=21103"}],"version-history":[{"count":0,"href":"https:\/\/www.visit-ulcinj.com\/blog\/wp-json\/wp\/v2\/posts\/21103\/revisions"}],"wp:attachment":[{"href":"https:\/\/www.visit-ulcinj.com\/blog\/wp-json\/wp\/v2\/media?parent=21103"}],"wp:term":[{"taxonomy":"category","embeddable":true,"href":"https:\/\/www.visit-ulcinj.com\/blog\/wp-json\/wp\/v2\/categories?post=21103"},{"taxonomy":"post_tag","embeddable":true,"href":"https:\/\/www.visit-ulcinj.com\/blog\/wp-json\/wp\/v2\/tags?post=21103"}],"curies":[{"name":"wp","href":"https:\/\/api.w.org\/{rel}","templated":true}]}}