{"id":21108,"date":"2009-05-13T19:49:22","date_gmt":"2009-05-13T17:49:22","guid":{"rendered":"http:\/\/www.visit-ulcinj.com\/blog\/?p=21108"},"modified":"2009-05-13T19:49:22","modified_gmt":"2009-05-13T17:49:22","slug":"lidhja-e-adeles-eshte-loje","status":"publish","type":"post","link":"https:\/\/www.visit-ulcinj.com\/blog\/2009\/05\/13\/lidhja-e-adeles-eshte-loje\/","title":{"rendered":"Lidhja e Adel\u00ebs \u00ebsht\u00eb loj\u00eb?"},"content":{"rendered":"<p><em><span class=\"newsdate\"><a href=\"http:\/\/www.visit-ulcinj.com\/blog\/wp-content\/uploads\/2009\/05\/lidhja-e-adeles06.jpg\"><img loading=\"lazy\" class=\"alignleft size-full wp-image-21109\" title=\"lidhja-e-adeles06-big-brother-albania-2\" src=\"http:\/\/www.visit-ulcinj.com\/blog\/wp-content\/uploads\/2009\/05\/lidhja-e-adeles06.jpg\" alt=\"lidhja-e-adeles06-big-brother-albania-2\" width=\"300\" height=\"205\" \/><\/a>06\/05\/09 17:41<\/span><\/em><\/p>\n<p>Banor\u00eb q\u00ebndrojn\u00eb n\u00eb kop\u00ebsht duke diskutuar p\u00ebr jet\u00ebn brenda sht\u00ebpis\u00eb. Arjani thot\u00eb q\u00eb sipas konceptit t\u00eb tij p\u00ebr t\u00eb par\u00eb se kush \u00ebsht\u00eb m\u00eb i miri duhet t\u00eb b\u00ebsh nj\u00eb analiz\u00eb t\u00eb vetes krahasuar me t\u00eb tjer\u00ebt . Ai mendon q\u00eb \u00ebsht\u00eb m\u00eb i miri. Adelajda thot\u00eb q\u00eb ajo nuk mendon t\u00eb nj\u00ebjt\u00ebn gj\u00eb p\u00ebr veten e saj. Sipas tij n\u00ebse e shikon veten individualisht secili mendon p\u00ebr veten q\u00eb \u00ebsht\u00eb m\u00eb i miri, por individulaitetet duhet t\u00eb p\u00ebrballen p\u00ebr t\u00eb kuptuar. Ai thot\u00eb:-\u201cUn\u00eb nuk jam tendencioz , por n\u00eb k\u00ebto 10 dit\u00eb q\u00eb na kan\u00eb ngelur t\u00eb b\u00ebjm\u00eb pak debat!\u201d Adelajda \u00ebsht\u00eb pro debateve , por nuk pranon kur ato b\u00ebhen p\u00ebr jet\u00ebn private. Ai i thot\u00eb q\u00eb me hyrjen n\u00eb \u201cBig Brother\u201d ajo ka implikuar dhe jet\u00ebn private. Ajo thot\u00eb q\u00eb \u00ebsht\u00eb koshiente p\u00ebr k\u00ebt\u00eb gj\u00eb, pasi si ajo dhe Bjordi jan\u00eb t\u00eb dy konkurent\u00eb. Adi nd\u00ebrhyn duke i th\u00ebn\u00eb:-\u201cE vetmja gj\u00eb q\u00eb mund t\u00eb sulmojn\u00eb \u00ebsht\u00eb fakti q\u00eb lidhja juaj \u00ebsht\u00eb loj\u00eb\u201d! Adelajda shprehet e hapur ndaj nj\u00eb debati t\u00eb till\u00eb. Sipas saj cdo person q\u00eb v\u00eb n\u00eb dyshim lidhjen e saj dhe ka argumenta mund t\u00eb p\u00ebrballet me t\u00eb. Qetsori nd\u00ebrhyn duke th\u00ebn\u00eb q\u00eb ajo q\u00eb do e tregoj\u00eb q\u00eb nuk ka q\u00ebn\u00eb loj\u00eb me fakt n\u00ebse ato do jen\u00eb bashk\u00eb dhe kur t\u00eb dalin jasht\u00eb. Arjani mendon q\u00eb lidhja e tyre nuk \u00ebsht\u00eb loj\u00eb , por v\u00eb n\u00eb dyshim jet\u00ebgjat\u00ebsin\u00eb e saj duke e lidhur me karakteret e tyre. Qetsori mendon q\u00eb nuk \u00ebsht\u00eb keq n\u00ebse ato diskutojn\u00eb p\u00ebr k\u00ebt\u00eb gj\u00eb. Adelajda i thot\u00eb q\u00eb \u00ebsht\u00eb dakort me t\u00eb , por vet\u00ebm n\u00ebse personat kan\u00eb argumenta. Adi thot\u00eb q\u00eb loja dyshe \u00ebsht\u00eb e fort\u00eb dhe k\u00ebt\u00eb gj\u00eb e mendojn\u00eb t\u00eb gjith\u00eb pasi \u00ebsht\u00eb marr\u00eb si arsye nominimi. Adelajda mendon q\u00eb kjo form\u00eb loje t\u00eb ndihmon p\u00ebr t\u00eb ecur p\u00ebrpara , por jo p\u00ebr ta fituar\u201dBig Brother\u201d.<\/p>\n","protected":false},"excerpt":{"rendered":"<p>06\/05\/09 17:41 Banor\u00eb q\u00ebndrojn\u00eb n\u00eb kop\u00ebsht duke diskutuar p\u00ebr jet\u00ebn brenda sht\u00ebpis\u00eb. Arjani thot\u00eb q\u00eb sipas konceptit t\u00eb tij p\u00ebr t\u00eb par\u00eb se kush \u00ebsht\u00eb m\u00eb i miri duhet t\u00eb b\u00ebsh nj\u00eb analiz\u00eb t\u00eb vetes krahasuar me t\u00eb tjer\u00ebt . Ai mendon q\u00eb \u00ebsht\u00eb m\u00eb i miri. Adelajda thot\u00eb q\u00eb ajo nuk mendon t\u00eb nj\u00ebjt\u00ebn [&hellip;]<\/p>\n","protected":false},"author":1,"featured_media":0,"comment_status":"open","ping_status":"closed","sticky":false,"template":"","format":"standard","meta":{"spay_email":"","jetpack_publicize_message":"","jetpack_is_tweetstorm":false,"jetpack_publicize_feature_enabled":true},"categories":[6502],"tags":[6529,8934,9121,6522,8276],"jetpack_publicize_connections":[],"yoast_head":"<!-- This site is optimized with the Yoast SEO plugin v19.1 - https:\/\/yoast.com\/wordpress\/plugins\/seo\/ -->\n<title>Lidhja e Adel\u00c3\u00abs \u00c3\u00absht\u00c3\u00ab loj\u00c3\u00ab? | Big Brother Albania 2<\/title>\n<meta name=\"description\" content=\"Big Brother Albania 2 - Banor\u00c3\u00ab q\u00c3\u00abndrojn\u00c3\u00ab n\u00c3\u00ab kop\u00c3\u00absht duke diskutuar p\u00c3\u00abr jet\u00c3\u00abn brenda sht\u00c3\u00abpis\u00c3\u00ab. Arjani thot\u00c3\u00ab q\u00c3\u00ab sipas konceptit t\u00c3\u00ab tij p\u00c3\u00abr t\u00c3\u00ab par\u00c3\u00ab se kush \u00c3\u00absht\u00c3\u00ab m\u00c3\u00ab i miri duhet t\u00c3\u00ab b\u00c3\u00absh nj\u00c3\u00ab analiz\u00c3\u00ab t\u00c3\u00ab vetes krahasuar me t\u00c3\u00ab tjer\u00c3\u00abt .\" \/>\n<meta name=\"robots\" content=\"index, follow, max-snippet:-1, max-image-preview:large, max-video-preview:-1\" \/>\n<link rel=\"canonical\" href=\"https:\/\/www.visit-ulcinj.com\/blog\/2009\/05\/13\/lidhja-e-adeles-eshte-loje\/\" \/>\n<meta property=\"og:locale\" content=\"en_US\" \/>\n<meta property=\"og:type\" content=\"article\" \/>\n<meta property=\"og:title\" content=\"Lidhja e Adel\u00c3\u00abs \u00c3\u00absht\u00c3\u00ab loj\u00c3\u00ab? | Big Brother Albania 2\" \/>\n<meta property=\"og:description\" content=\"Big Brother Albania 2 - Banor\u00c3\u00ab q\u00c3\u00abndrojn\u00c3\u00ab n\u00c3\u00ab kop\u00c3\u00absht duke diskutuar p\u00c3\u00abr jet\u00c3\u00abn brenda sht\u00c3\u00abpis\u00c3\u00ab. Arjani thot\u00c3\u00ab q\u00c3\u00ab sipas konceptit t\u00c3\u00ab tij p\u00c3\u00abr t\u00c3\u00ab par\u00c3\u00ab se kush \u00c3\u00absht\u00c3\u00ab m\u00c3\u00ab i miri duhet t\u00c3\u00ab b\u00c3\u00absh nj\u00c3\u00ab analiz\u00c3\u00ab t\u00c3\u00ab vetes krahasuar me t\u00c3\u00ab tjer\u00c3\u00abt .\" \/>\n<meta property=\"og:url\" content=\"https:\/\/www.visit-ulcinj.com\/blog\/2009\/05\/13\/lidhja-e-adeles-eshte-loje\/\" \/>\n<meta property=\"og:site_name\" content=\"Lajme nga Ulqini\" \/>\n<meta property=\"article:published_time\" content=\"2009-05-13T17:49:22+00:00\" \/>\n<meta property=\"og:image\" content=\"http:\/\/www.visit-ulcinj.com\/blog\/wp-content\/uploads\/2009\/05\/lidhja-e-adeles06.jpg\" \/>\n<meta name=\"twitter:label1\" content=\"Written by\" \/>\n\t<meta name=\"twitter:data1\" content=\"ulqini\" \/>\n\t<meta name=\"twitter:label2\" content=\"Est. reading time\" \/>\n\t<meta name=\"twitter:data2\" content=\"2 minutes\" \/>\n<script type=\"application\/ld+json\" class=\"yoast-schema-graph\">{\"@context\":\"https:\/\/schema.org\",\"@graph\":[{\"@type\":\"WebSite\",\"@id\":\"https:\/\/www.visit-ulcinj.com\/blog\/#website\",\"url\":\"https:\/\/www.visit-ulcinj.com\/blog\/\",\"name\":\"Lajme nga Ulqini\",\"description\":\"Lajme,Vijesti,Ulqini,Ulqin,Crna Gora,Mali i Zi\",\"potentialAction\":[{\"@type\":\"SearchAction\",\"target\":{\"@type\":\"EntryPoint\",\"urlTemplate\":\"https:\/\/www.visit-ulcinj.com\/blog\/?s={search_term_string}\"},\"query-input\":\"required name=search_term_string\"}],\"inLanguage\":\"en-US\"},{\"@type\":\"ImageObject\",\"inLanguage\":\"en-US\",\"@id\":\"https:\/\/www.visit-ulcinj.com\/blog\/2009\/05\/13\/lidhja-e-adeles-eshte-loje\/#primaryimage\",\"url\":\"http:\/\/www.visit-ulcinj.com\/blog\/wp-content\/uploads\/2009\/05\/lidhja-e-adeles06.jpg\",\"contentUrl\":\"http:\/\/www.visit-ulcinj.com\/blog\/wp-content\/uploads\/2009\/05\/lidhja-e-adeles06.jpg\"},{\"@type\":\"WebPage\",\"@id\":\"https:\/\/www.visit-ulcinj.com\/blog\/2009\/05\/13\/lidhja-e-adeles-eshte-loje\/#webpage\",\"url\":\"https:\/\/www.visit-ulcinj.com\/blog\/2009\/05\/13\/lidhja-e-adeles-eshte-loje\/\",\"name\":\"Lidhja e Adel\u00c3\u00abs \u00c3\u00absht\u00c3\u00ab loj\u00c3\u00ab? | Big Brother Albania 2\",\"isPartOf\":{\"@id\":\"https:\/\/www.visit-ulcinj.com\/blog\/#website\"},\"primaryImageOfPage\":{\"@id\":\"https:\/\/www.visit-ulcinj.com\/blog\/2009\/05\/13\/lidhja-e-adeles-eshte-loje\/#primaryimage\"},\"datePublished\":\"2009-05-13T17:49:22+00:00\",\"dateModified\":\"2009-05-13T17:49:22+00:00\",\"author\":{\"@id\":\"https:\/\/www.visit-ulcinj.com\/blog\/#\/schema\/person\/dcab619c614d3038751c63bc2aadc06d\"},\"description\":\"Big Brother Albania 2 - Banor\u00c3\u00ab q\u00c3\u00abndrojn\u00c3\u00ab n\u00c3\u00ab kop\u00c3\u00absht duke diskutuar p\u00c3\u00abr jet\u00c3\u00abn brenda sht\u00c3\u00abpis\u00c3\u00ab. Arjani thot\u00c3\u00ab q\u00c3\u00ab sipas konceptit t\u00c3\u00ab tij p\u00c3\u00abr t\u00c3\u00ab par\u00c3\u00ab se kush \u00c3\u00absht\u00c3\u00ab m\u00c3\u00ab i miri duhet t\u00c3\u00ab b\u00c3\u00absh nj\u00c3\u00ab analiz\u00c3\u00ab t\u00c3\u00ab vetes krahasuar me t\u00c3\u00ab tjer\u00c3\u00abt .\",\"breadcrumb\":{\"@id\":\"https:\/\/www.visit-ulcinj.com\/blog\/2009\/05\/13\/lidhja-e-adeles-eshte-loje\/#breadcrumb\"},\"inLanguage\":\"en-US\",\"potentialAction\":[{\"@type\":\"ReadAction\",\"target\":[\"https:\/\/www.visit-ulcinj.com\/blog\/2009\/05\/13\/lidhja-e-adeles-eshte-loje\/\"]}]},{\"@type\":\"BreadcrumbList\",\"@id\":\"https:\/\/www.visit-ulcinj.com\/blog\/2009\/05\/13\/lidhja-e-adeles-eshte-loje\/#breadcrumb\",\"itemListElement\":[{\"@type\":\"ListItem\",\"position\":1,\"name\":\"Lidhja e Adel\u00ebs \u00ebsht\u00eb loj\u00eb?\"}]},{\"@type\":\"Person\",\"@id\":\"https:\/\/www.visit-ulcinj.com\/blog\/#\/schema\/person\/dcab619c614d3038751c63bc2aadc06d\",\"name\":\"ulqini\",\"sameAs\":[\"http:\/\/www.visit-ulcinj.com\"],\"url\":\"https:\/\/www.visit-ulcinj.com\/blog\/author\/admin\/\"}]}<\/script>\n<!-- \/ Yoast SEO plugin. -->","yoast_head_json":{"title":"Lidhja e Adel\u00c3\u00abs \u00c3\u00absht\u00c3\u00ab loj\u00c3\u00ab? | Big Brother Albania 2","description":"Big Brother Albania 2 - Banor\u00c3\u00ab q\u00c3\u00abndrojn\u00c3\u00ab n\u00c3\u00ab kop\u00c3\u00absht duke diskutuar p\u00c3\u00abr jet\u00c3\u00abn brenda sht\u00c3\u00abpis\u00c3\u00ab. Arjani thot\u00c3\u00ab q\u00c3\u00ab sipas konceptit t\u00c3\u00ab tij p\u00c3\u00abr t\u00c3\u00ab par\u00c3\u00ab se kush \u00c3\u00absht\u00c3\u00ab m\u00c3\u00ab i miri duhet t\u00c3\u00ab b\u00c3\u00absh nj\u00c3\u00ab analiz\u00c3\u00ab t\u00c3\u00ab vetes krahasuar me t\u00c3\u00ab tjer\u00c3\u00abt .","robots":{"index":"index","follow":"follow","max-snippet":"max-snippet:-1","max-image-preview":"max-image-preview:large","max-video-preview":"max-video-preview:-1"},"canonical":"https:\/\/www.visit-ulcinj.com\/blog\/2009\/05\/13\/lidhja-e-adeles-eshte-loje\/","og_locale":"en_US","og_type":"article","og_title":"Lidhja e Adel\u00c3\u00abs \u00c3\u00absht\u00c3\u00ab loj\u00c3\u00ab? | Big Brother Albania 2","og_description":"Big Brother Albania 2 - Banor\u00c3\u00ab q\u00c3\u00abndrojn\u00c3\u00ab n\u00c3\u00ab kop\u00c3\u00absht duke diskutuar p\u00c3\u00abr jet\u00c3\u00abn brenda sht\u00c3\u00abpis\u00c3\u00ab. Arjani thot\u00c3\u00ab q\u00c3\u00ab sipas konceptit t\u00c3\u00ab tij p\u00c3\u00abr t\u00c3\u00ab par\u00c3\u00ab se kush \u00c3\u00absht\u00c3\u00ab m\u00c3\u00ab i miri duhet t\u00c3\u00ab b\u00c3\u00absh nj\u00c3\u00ab analiz\u00c3\u00ab t\u00c3\u00ab vetes krahasuar me t\u00c3\u00ab tjer\u00c3\u00abt .","og_url":"https:\/\/www.visit-ulcinj.com\/blog\/2009\/05\/13\/lidhja-e-adeles-eshte-loje\/","og_site_name":"Lajme nga Ulqini","article_published_time":"2009-05-13T17:49:22+00:00","og_image":[{"url":"http:\/\/www.visit-ulcinj.com\/blog\/wp-content\/uploads\/2009\/05\/lidhja-e-adeles06.jpg"}],"twitter_misc":{"Written by":"ulqini","Est. reading time":"2 minutes"},"schema":{"@context":"https:\/\/schema.org","@graph":[{"@type":"WebSite","@id":"https:\/\/www.visit-ulcinj.com\/blog\/#website","url":"https:\/\/www.visit-ulcinj.com\/blog\/","name":"Lajme nga Ulqini","description":"Lajme,Vijesti,Ulqini,Ulqin,Crna Gora,Mali i Zi","potentialAction":[{"@type":"SearchAction","target":{"@type":"EntryPoint","urlTemplate":"https:\/\/www.visit-ulcinj.com\/blog\/?s={search_term_string}"},"query-input":"required name=search_term_string"}],"inLanguage":"en-US"},{"@type":"ImageObject","inLanguage":"en-US","@id":"https:\/\/www.visit-ulcinj.com\/blog\/2009\/05\/13\/lidhja-e-adeles-eshte-loje\/#primaryimage","url":"http:\/\/www.visit-ulcinj.com\/blog\/wp-content\/uploads\/2009\/05\/lidhja-e-adeles06.jpg","contentUrl":"http:\/\/www.visit-ulcinj.com\/blog\/wp-content\/uploads\/2009\/05\/lidhja-e-adeles06.jpg"},{"@type":"WebPage","@id":"https:\/\/www.visit-ulcinj.com\/blog\/2009\/05\/13\/lidhja-e-adeles-eshte-loje\/#webpage","url":"https:\/\/www.visit-ulcinj.com\/blog\/2009\/05\/13\/lidhja-e-adeles-eshte-loje\/","name":"Lidhja e Adel\u00c3\u00abs \u00c3\u00absht\u00c3\u00ab loj\u00c3\u00ab? | Big Brother Albania 2","isPartOf":{"@id":"https:\/\/www.visit-ulcinj.com\/blog\/#website"},"primaryImageOfPage":{"@id":"https:\/\/www.visit-ulcinj.com\/blog\/2009\/05\/13\/lidhja-e-adeles-eshte-loje\/#primaryimage"},"datePublished":"2009-05-13T17:49:22+00:00","dateModified":"2009-05-13T17:49:22+00:00","author":{"@id":"https:\/\/www.visit-ulcinj.com\/blog\/#\/schema\/person\/dcab619c614d3038751c63bc2aadc06d"},"description":"Big Brother Albania 2 - Banor\u00c3\u00ab q\u00c3\u00abndrojn\u00c3\u00ab n\u00c3\u00ab kop\u00c3\u00absht duke diskutuar p\u00c3\u00abr jet\u00c3\u00abn brenda sht\u00c3\u00abpis\u00c3\u00ab. Arjani thot\u00c3\u00ab q\u00c3\u00ab sipas konceptit t\u00c3\u00ab tij p\u00c3\u00abr t\u00c3\u00ab par\u00c3\u00ab se kush \u00c3\u00absht\u00c3\u00ab m\u00c3\u00ab i miri duhet t\u00c3\u00ab b\u00c3\u00absh nj\u00c3\u00ab analiz\u00c3\u00ab t\u00c3\u00ab vetes krahasuar me t\u00c3\u00ab tjer\u00c3\u00abt .","breadcrumb":{"@id":"https:\/\/www.visit-ulcinj.com\/blog\/2009\/05\/13\/lidhja-e-adeles-eshte-loje\/#breadcrumb"},"inLanguage":"en-US","potentialAction":[{"@type":"ReadAction","target":["https:\/\/www.visit-ulcinj.com\/blog\/2009\/05\/13\/lidhja-e-adeles-eshte-loje\/"]}]},{"@type":"BreadcrumbList","@id":"https:\/\/www.visit-ulcinj.com\/blog\/2009\/05\/13\/lidhja-e-adeles-eshte-loje\/#breadcrumb","itemListElement":[{"@type":"ListItem","position":1,"name":"Lidhja e Adel\u00ebs \u00ebsht\u00eb loj\u00eb?"}]},{"@type":"Person","@id":"https:\/\/www.visit-ulcinj.com\/blog\/#\/schema\/person\/dcab619c614d3038751c63bc2aadc06d","name":"ulqini","sameAs":["http:\/\/www.visit-ulcinj.com"],"url":"https:\/\/www.visit-ulcinj.com\/blog\/author\/admin\/"}]}},"jetpack_featured_media_url":"","jetpack_sharing_enabled":true,"jetpack_shortlink":"https:\/\/wp.me\/pe6lTn-5us","_links":{"self":[{"href":"https:\/\/www.visit-ulcinj.com\/blog\/wp-json\/wp\/v2\/posts\/21108"}],"collection":[{"href":"https:\/\/www.visit-ulcinj.com\/blog\/wp-json\/wp\/v2\/posts"}],"about":[{"href":"https:\/\/www.visit-ulcinj.com\/blog\/wp-json\/wp\/v2\/types\/post"}],"author":[{"embeddable":true,"href":"https:\/\/www.visit-ulcinj.com\/blog\/wp-json\/wp\/v2\/users\/1"}],"replies":[{"embeddable":true,"href":"https:\/\/www.visit-ulcinj.com\/blog\/wp-json\/wp\/v2\/comments?post=21108"}],"version-history":[{"count":0,"href":"https:\/\/www.visit-ulcinj.com\/blog\/wp-json\/wp\/v2\/posts\/21108\/revisions"}],"wp:attachment":[{"href":"https:\/\/www.visit-ulcinj.com\/blog\/wp-json\/wp\/v2\/media?parent=21108"}],"wp:term":[{"taxonomy":"category","embeddable":true,"href":"https:\/\/www.visit-ulcinj.com\/blog\/wp-json\/wp\/v2\/categories?post=21108"},{"taxonomy":"post_tag","embeddable":true,"href":"https:\/\/www.visit-ulcinj.com\/blog\/wp-json\/wp\/v2\/tags?post=21108"}],"curies":[{"name":"wp","href":"https:\/\/api.w.org\/{rel}","templated":true}]}}