{"id":21163,"date":"2009-05-13T21:08:11","date_gmt":"2009-05-13T19:08:11","guid":{"rendered":"http:\/\/www.visit-ulcinj.com\/blog\/?p=21163"},"modified":"2009-05-13T21:08:11","modified_gmt":"2009-05-13T19:08:11","slug":"adelajda-mezi-pres-proven","status":"publish","type":"post","link":"https:\/\/www.visit-ulcinj.com\/blog\/2009\/05\/13\/adelajda-mezi-pres-proven\/","title":{"rendered":"Adelajda : Mezi pres prov\u00ebn"},"content":{"rendered":"<p><a href=\"http:\/\/www.visit-ulcinj.com\/blog\/wp-content\/uploads\/2009\/05\/bioadela-komente07.jpg\"><img loading=\"lazy\" class=\"alignleft size-full wp-image-21167\" title=\"bioadela-komente07-big-brother-albania-2\" src=\"http:\/\/www.visit-ulcinj.com\/blog\/wp-content\/uploads\/2009\/05\/bioadela-komente07.jpg\" alt=\"bioadela-komente07-big-brother-albania-2\" width=\"300\" height=\"205\" \/><\/a>Banor\u00ebt kan\u00eb diskutuar p\u00ebr prov\u00ebn e jav\u00ebs. Adelajd\u00ebs i kishte p\u00eblqyer shum\u00eb dhe shprehet se mezi pret q\u00eb t\u00eb filloj\u00eb s\u00ebrisht prova. Adi thot\u00eb q\u00eb i dukej e bezdisshme vet\u00ebm fakti i veshjes.\u00a0Qetsori tregon q\u00eb p\u00ebr t\u00eb pritja e rradh\u00ebs ishte e v\u00ebshtir\u00eb, pasi banor\u00ebt b\u00ebnin xhiro m\u00eb tep\u00ebr. Adelajda thot\u00eb q\u00eb i ka shum\u00eb qejf t\u00eb tilla lojra dhe nga kjo merr shkas Qetsori i cili tregon nj\u00eb rast n\u00eb Itali ku kishte hipur n\u00eb nj\u00eb tren p\u00ebr f\u00ebmij\u00eb.<\/p>\n","protected":false},"excerpt":{"rendered":"<p>Banor\u00ebt kan\u00eb diskutuar p\u00ebr prov\u00ebn e jav\u00ebs. Adelajd\u00ebs i kishte p\u00eblqyer shum\u00eb dhe shprehet se mezi pret q\u00eb t\u00eb filloj\u00eb s\u00ebrisht prova. Adi thot\u00eb q\u00eb i dukej e bezdisshme vet\u00ebm fakti i veshjes.\u00a0Qetsori tregon q\u00eb p\u00ebr t\u00eb pritja e rradh\u00ebs ishte e v\u00ebshtir\u00eb, pasi banor\u00ebt b\u00ebnin xhiro m\u00eb tep\u00ebr. Adelajda thot\u00eb q\u00eb i ka shum\u00eb [&hellip;]<\/p>\n","protected":false},"author":1,"featured_media":0,"comment_status":"open","ping_status":"closed","sticky":false,"template":"","format":"standard","meta":{"spay_email":"","jetpack_publicize_message":"","jetpack_is_tweetstorm":false,"jetpack_publicize_feature_enabled":true},"categories":[6502],"tags":[6529,9121,6522,10320,6970,9751],"jetpack_publicize_connections":[],"yoast_head":"<!-- This site is optimized with the Yoast SEO plugin v19.1 - https:\/\/yoast.com\/wordpress\/plugins\/seo\/ -->\n<title>Adelajda : Mezi pres prov\u00c3\u00abn | Big Brother Albania 2<\/title>\n<meta name=\"description\" content=\"Big Brother Albania 2 - Banor\u00c3\u00abt kan\u00c3\u00ab diskutuar p\u00c3\u00abr prov\u00c3\u00abn e jav\u00c3\u00abs. Adelajd\u00c3\u00abs i kishte p\u00c3\u00ablqyer shum\u00c3\u00ab dhe shprehet se mezi pret q\u00c3\u00ab t\u00c3\u00ab filloj\u00c3\u00ab s\u00c3\u00abrisht prova. Adi thot\u00c3\u00ab q\u00c3\u00ab i dukej e bezdisshme vet\u00c3\u00abm fakti i veshjes.\" \/>\n<meta name=\"robots\" content=\"index, follow, max-snippet:-1, max-image-preview:large, max-video-preview:-1\" \/>\n<link rel=\"canonical\" href=\"https:\/\/www.visit-ulcinj.com\/blog\/2009\/05\/13\/adelajda-mezi-pres-proven\/\" \/>\n<meta property=\"og:locale\" content=\"en_US\" \/>\n<meta property=\"og:type\" content=\"article\" \/>\n<meta property=\"og:title\" content=\"Adelajda : Mezi pres prov\u00c3\u00abn | Big Brother Albania 2\" \/>\n<meta property=\"og:description\" content=\"Big Brother Albania 2 - Banor\u00c3\u00abt kan\u00c3\u00ab diskutuar p\u00c3\u00abr prov\u00c3\u00abn e jav\u00c3\u00abs. Adelajd\u00c3\u00abs i kishte p\u00c3\u00ablqyer shum\u00c3\u00ab dhe shprehet se mezi pret q\u00c3\u00ab t\u00c3\u00ab filloj\u00c3\u00ab s\u00c3\u00abrisht prova. Adi thot\u00c3\u00ab q\u00c3\u00ab i dukej e bezdisshme vet\u00c3\u00abm fakti i veshjes.\" \/>\n<meta property=\"og:url\" content=\"https:\/\/www.visit-ulcinj.com\/blog\/2009\/05\/13\/adelajda-mezi-pres-proven\/\" \/>\n<meta property=\"og:site_name\" content=\"Lajme nga Ulqini\" \/>\n<meta property=\"article:published_time\" content=\"2009-05-13T19:08:11+00:00\" \/>\n<meta property=\"og:image\" content=\"http:\/\/www.visit-ulcinj.com\/blog\/wp-content\/uploads\/2009\/05\/bioadela-komente07.jpg\" \/>\n<meta name=\"twitter:label1\" content=\"Written by\" \/>\n\t<meta name=\"twitter:data1\" content=\"ulqini\" \/>\n<script type=\"application\/ld+json\" class=\"yoast-schema-graph\">{\"@context\":\"https:\/\/schema.org\",\"@graph\":[{\"@type\":\"WebSite\",\"@id\":\"https:\/\/www.visit-ulcinj.com\/blog\/#website\",\"url\":\"https:\/\/www.visit-ulcinj.com\/blog\/\",\"name\":\"Lajme nga Ulqini\",\"description\":\"Lajme,Vijesti,Ulqini,Ulqin,Crna Gora,Mali i Zi\",\"potentialAction\":[{\"@type\":\"SearchAction\",\"target\":{\"@type\":\"EntryPoint\",\"urlTemplate\":\"https:\/\/www.visit-ulcinj.com\/blog\/?s={search_term_string}\"},\"query-input\":\"required name=search_term_string\"}],\"inLanguage\":\"en-US\"},{\"@type\":\"ImageObject\",\"inLanguage\":\"en-US\",\"@id\":\"https:\/\/www.visit-ulcinj.com\/blog\/2009\/05\/13\/adelajda-mezi-pres-proven\/#primaryimage\",\"url\":\"http:\/\/www.visit-ulcinj.com\/blog\/wp-content\/uploads\/2009\/05\/bioadela-komente07.jpg\",\"contentUrl\":\"http:\/\/www.visit-ulcinj.com\/blog\/wp-content\/uploads\/2009\/05\/bioadela-komente07.jpg\"},{\"@type\":\"WebPage\",\"@id\":\"https:\/\/www.visit-ulcinj.com\/blog\/2009\/05\/13\/adelajda-mezi-pres-proven\/#webpage\",\"url\":\"https:\/\/www.visit-ulcinj.com\/blog\/2009\/05\/13\/adelajda-mezi-pres-proven\/\",\"name\":\"Adelajda : Mezi pres prov\u00c3\u00abn | Big Brother Albania 2\",\"isPartOf\":{\"@id\":\"https:\/\/www.visit-ulcinj.com\/blog\/#website\"},\"primaryImageOfPage\":{\"@id\":\"https:\/\/www.visit-ulcinj.com\/blog\/2009\/05\/13\/adelajda-mezi-pres-proven\/#primaryimage\"},\"datePublished\":\"2009-05-13T19:08:11+00:00\",\"dateModified\":\"2009-05-13T19:08:11+00:00\",\"author\":{\"@id\":\"https:\/\/www.visit-ulcinj.com\/blog\/#\/schema\/person\/dcab619c614d3038751c63bc2aadc06d\"},\"description\":\"Big Brother Albania 2 - Banor\u00c3\u00abt kan\u00c3\u00ab diskutuar p\u00c3\u00abr prov\u00c3\u00abn e jav\u00c3\u00abs. Adelajd\u00c3\u00abs i kishte p\u00c3\u00ablqyer shum\u00c3\u00ab dhe shprehet se mezi pret q\u00c3\u00ab t\u00c3\u00ab filloj\u00c3\u00ab s\u00c3\u00abrisht prova. Adi thot\u00c3\u00ab q\u00c3\u00ab i dukej e bezdisshme vet\u00c3\u00abm fakti i veshjes.\",\"breadcrumb\":{\"@id\":\"https:\/\/www.visit-ulcinj.com\/blog\/2009\/05\/13\/adelajda-mezi-pres-proven\/#breadcrumb\"},\"inLanguage\":\"en-US\",\"potentialAction\":[{\"@type\":\"ReadAction\",\"target\":[\"https:\/\/www.visit-ulcinj.com\/blog\/2009\/05\/13\/adelajda-mezi-pres-proven\/\"]}]},{\"@type\":\"BreadcrumbList\",\"@id\":\"https:\/\/www.visit-ulcinj.com\/blog\/2009\/05\/13\/adelajda-mezi-pres-proven\/#breadcrumb\",\"itemListElement\":[{\"@type\":\"ListItem\",\"position\":1,\"name\":\"Adelajda : Mezi pres prov\u00ebn\"}]},{\"@type\":\"Person\",\"@id\":\"https:\/\/www.visit-ulcinj.com\/blog\/#\/schema\/person\/dcab619c614d3038751c63bc2aadc06d\",\"name\":\"ulqini\",\"sameAs\":[\"http:\/\/www.visit-ulcinj.com\"],\"url\":\"https:\/\/www.visit-ulcinj.com\/blog\/author\/admin\/\"}]}<\/script>\n<!-- \/ Yoast SEO plugin. -->","yoast_head_json":{"title":"Adelajda : Mezi pres prov\u00c3\u00abn | Big Brother Albania 2","description":"Big Brother Albania 2 - Banor\u00c3\u00abt kan\u00c3\u00ab diskutuar p\u00c3\u00abr prov\u00c3\u00abn e jav\u00c3\u00abs. Adelajd\u00c3\u00abs i kishte p\u00c3\u00ablqyer shum\u00c3\u00ab dhe shprehet se mezi pret q\u00c3\u00ab t\u00c3\u00ab filloj\u00c3\u00ab s\u00c3\u00abrisht prova. Adi thot\u00c3\u00ab q\u00c3\u00ab i dukej e bezdisshme vet\u00c3\u00abm fakti i veshjes.","robots":{"index":"index","follow":"follow","max-snippet":"max-snippet:-1","max-image-preview":"max-image-preview:large","max-video-preview":"max-video-preview:-1"},"canonical":"https:\/\/www.visit-ulcinj.com\/blog\/2009\/05\/13\/adelajda-mezi-pres-proven\/","og_locale":"en_US","og_type":"article","og_title":"Adelajda : Mezi pres prov\u00c3\u00abn | Big Brother Albania 2","og_description":"Big Brother Albania 2 - Banor\u00c3\u00abt kan\u00c3\u00ab diskutuar p\u00c3\u00abr prov\u00c3\u00abn e jav\u00c3\u00abs. Adelajd\u00c3\u00abs i kishte p\u00c3\u00ablqyer shum\u00c3\u00ab dhe shprehet se mezi pret q\u00c3\u00ab t\u00c3\u00ab filloj\u00c3\u00ab s\u00c3\u00abrisht prova. Adi thot\u00c3\u00ab q\u00c3\u00ab i dukej e bezdisshme vet\u00c3\u00abm fakti i veshjes.","og_url":"https:\/\/www.visit-ulcinj.com\/blog\/2009\/05\/13\/adelajda-mezi-pres-proven\/","og_site_name":"Lajme nga Ulqini","article_published_time":"2009-05-13T19:08:11+00:00","og_image":[{"url":"http:\/\/www.visit-ulcinj.com\/blog\/wp-content\/uploads\/2009\/05\/bioadela-komente07.jpg"}],"twitter_misc":{"Written by":"ulqini"},"schema":{"@context":"https:\/\/schema.org","@graph":[{"@type":"WebSite","@id":"https:\/\/www.visit-ulcinj.com\/blog\/#website","url":"https:\/\/www.visit-ulcinj.com\/blog\/","name":"Lajme nga Ulqini","description":"Lajme,Vijesti,Ulqini,Ulqin,Crna Gora,Mali i Zi","potentialAction":[{"@type":"SearchAction","target":{"@type":"EntryPoint","urlTemplate":"https:\/\/www.visit-ulcinj.com\/blog\/?s={search_term_string}"},"query-input":"required name=search_term_string"}],"inLanguage":"en-US"},{"@type":"ImageObject","inLanguage":"en-US","@id":"https:\/\/www.visit-ulcinj.com\/blog\/2009\/05\/13\/adelajda-mezi-pres-proven\/#primaryimage","url":"http:\/\/www.visit-ulcinj.com\/blog\/wp-content\/uploads\/2009\/05\/bioadela-komente07.jpg","contentUrl":"http:\/\/www.visit-ulcinj.com\/blog\/wp-content\/uploads\/2009\/05\/bioadela-komente07.jpg"},{"@type":"WebPage","@id":"https:\/\/www.visit-ulcinj.com\/blog\/2009\/05\/13\/adelajda-mezi-pres-proven\/#webpage","url":"https:\/\/www.visit-ulcinj.com\/blog\/2009\/05\/13\/adelajda-mezi-pres-proven\/","name":"Adelajda : Mezi pres prov\u00c3\u00abn | Big Brother Albania 2","isPartOf":{"@id":"https:\/\/www.visit-ulcinj.com\/blog\/#website"},"primaryImageOfPage":{"@id":"https:\/\/www.visit-ulcinj.com\/blog\/2009\/05\/13\/adelajda-mezi-pres-proven\/#primaryimage"},"datePublished":"2009-05-13T19:08:11+00:00","dateModified":"2009-05-13T19:08:11+00:00","author":{"@id":"https:\/\/www.visit-ulcinj.com\/blog\/#\/schema\/person\/dcab619c614d3038751c63bc2aadc06d"},"description":"Big Brother Albania 2 - Banor\u00c3\u00abt kan\u00c3\u00ab diskutuar p\u00c3\u00abr prov\u00c3\u00abn e jav\u00c3\u00abs. Adelajd\u00c3\u00abs i kishte p\u00c3\u00ablqyer shum\u00c3\u00ab dhe shprehet se mezi pret q\u00c3\u00ab t\u00c3\u00ab filloj\u00c3\u00ab s\u00c3\u00abrisht prova. Adi thot\u00c3\u00ab q\u00c3\u00ab i dukej e bezdisshme vet\u00c3\u00abm fakti i veshjes.","breadcrumb":{"@id":"https:\/\/www.visit-ulcinj.com\/blog\/2009\/05\/13\/adelajda-mezi-pres-proven\/#breadcrumb"},"inLanguage":"en-US","potentialAction":[{"@type":"ReadAction","target":["https:\/\/www.visit-ulcinj.com\/blog\/2009\/05\/13\/adelajda-mezi-pres-proven\/"]}]},{"@type":"BreadcrumbList","@id":"https:\/\/www.visit-ulcinj.com\/blog\/2009\/05\/13\/adelajda-mezi-pres-proven\/#breadcrumb","itemListElement":[{"@type":"ListItem","position":1,"name":"Adelajda : Mezi pres prov\u00ebn"}]},{"@type":"Person","@id":"https:\/\/www.visit-ulcinj.com\/blog\/#\/schema\/person\/dcab619c614d3038751c63bc2aadc06d","name":"ulqini","sameAs":["http:\/\/www.visit-ulcinj.com"],"url":"https:\/\/www.visit-ulcinj.com\/blog\/author\/admin\/"}]}},"jetpack_featured_media_url":"","jetpack_sharing_enabled":true,"jetpack_shortlink":"https:\/\/wp.me\/pe6lTn-5vl","_links":{"self":[{"href":"https:\/\/www.visit-ulcinj.com\/blog\/wp-json\/wp\/v2\/posts\/21163"}],"collection":[{"href":"https:\/\/www.visit-ulcinj.com\/blog\/wp-json\/wp\/v2\/posts"}],"about":[{"href":"https:\/\/www.visit-ulcinj.com\/blog\/wp-json\/wp\/v2\/types\/post"}],"author":[{"embeddable":true,"href":"https:\/\/www.visit-ulcinj.com\/blog\/wp-json\/wp\/v2\/users\/1"}],"replies":[{"embeddable":true,"href":"https:\/\/www.visit-ulcinj.com\/blog\/wp-json\/wp\/v2\/comments?post=21163"}],"version-history":[{"count":0,"href":"https:\/\/www.visit-ulcinj.com\/blog\/wp-json\/wp\/v2\/posts\/21163\/revisions"}],"wp:attachment":[{"href":"https:\/\/www.visit-ulcinj.com\/blog\/wp-json\/wp\/v2\/media?parent=21163"}],"wp:term":[{"taxonomy":"category","embeddable":true,"href":"https:\/\/www.visit-ulcinj.com\/blog\/wp-json\/wp\/v2\/categories?post=21163"},{"taxonomy":"post_tag","embeddable":true,"href":"https:\/\/www.visit-ulcinj.com\/blog\/wp-json\/wp\/v2\/tags?post=21163"}],"curies":[{"name":"wp","href":"https:\/\/api.w.org\/{rel}","templated":true}]}}