{"id":2117,"date":"2008-06-29T05:47:17","date_gmt":"2008-06-29T10:47:17","guid":{"rendered":"http:\/\/www.visit-ulcinj.com\/blog\/?p=2117"},"modified":"2008-06-29T05:47:17","modified_gmt":"2008-06-29T10:47:17","slug":"mali-i-zi-refuzon-njohjen-e-kosoves","status":"publish","type":"post","link":"https:\/\/www.visit-ulcinj.com\/blog\/2008\/06\/29\/mali-i-zi-refuzon-njohjen-e-kosoves\/","title":{"rendered":"Mali i Zi refuzon njohjen e Kosov\u00ebs"},"content":{"rendered":"<p><img loading=\"lazy\" class=\"alignleft\" style=\"float: left;\" src=\"http:\/\/www.setimes.com\/cocoon\/setimes\/images\/2006\/01\/09\/ANTONELAphoto.jpg\" alt=\"djukanovic _Olli Rehn\" width=\"288\" height=\"190\" \/>PODGORICE \u2013 Mali i Zi refuzon njohjen e Kosov\u00ebs. Edhe pse komisioneri i BE-s\u00eb p\u00ebr Zgjerimin, Olli Rehn, i b\u00ebri thirrje pak dit\u00eb m\u00eb par\u00eb Podgoric\u00ebs t\u00eb njoh\u00eb sa m\u00eb shpejt pavar\u00ebsin\u00eb e shtetit m\u00eb t\u00eb ri n\u00eb bot\u00eb, burime pran\u00eb qeveris\u00eb malazeze kan\u00eb b\u00ebr\u00eb t\u00eb ditur se \u201cky nuk \u00ebsht\u00eb prioritet i saj\u201d. Kryeministri malazez, Milo Gjykanovi\u00e7, ka deklaruar her\u00eb pas here se Podgorica do ta njoh\u00eb pavar\u00ebsin\u00eb e Kosov\u00ebs n\u00eb nj\u00eb moment t\u00eb favorsh\u00ebm p\u00ebr t\u00eb. Podgorica zyrtare \u00ebsht\u00eb treguar e kujdesshme me deklaratat lidhur me njohjen e pavar\u00ebsis\u00eb s\u00eb Kosov\u00ebs. N\u00eb k\u00ebt\u00eb vend ka nj\u00eb pakic\u00eb shqiptare, por edhe nj\u00eb pakic\u00eb serbe q\u00eb kund\u00ebrshton njohjen e pavar\u00ebsis\u00eb s\u00eb Kosov\u00ebs dhe q\u00eb ka deklaruar se nj\u00eb veprim i till\u00eb nga Podgorica do t\u00eb nxiste p\u00ebr\u00e7arjet etnike n\u00eb k\u00ebt\u00eb vend t\u00eb vog\u00ebl.<br \/>\n<strong> Autor \/ Balkanweb<\/strong><\/p>\n","protected":false},"excerpt":{"rendered":"<p><img loading=\"lazy\" class=\"alignleft\" style=\"float: left;\" src=\"http:\/\/www.setimes.com\/cocoon\/setimes\/images\/2006\/01\/09\/ANTONELAphoto.jpg\" alt=\"djukanovic _Olli Rehn\" width=\"140\" height=\"140\" \/><\/p>\n","protected":false},"author":1,"featured_media":0,"comment_status":"open","ping_status":"closed","sticky":false,"template":"","format":"standard","meta":{"spay_email":"","jetpack_publicize_message":"","jetpack_is_tweetstorm":false,"jetpack_publicize_feature_enabled":true},"categories":[14,12],"tags":[49,95,2672,200],"jetpack_publicize_connections":[],"yoast_head":"<!-- This site is optimized with the Yoast SEO plugin v19.1 - https:\/\/yoast.com\/wordpress\/plugins\/seo\/ -->\n<title>Mali i Zi refuzon njohjen e Kosov\u00ebs - Lajme nga Ulqini<\/title>\n<meta name=\"robots\" content=\"index, follow, max-snippet:-1, max-image-preview:large, max-video-preview:-1\" \/>\n<link rel=\"canonical\" href=\"https:\/\/www.visit-ulcinj.com\/blog\/2008\/06\/29\/mali-i-zi-refuzon-njohjen-e-kosoves\/\" \/>\n<meta property=\"og:locale\" content=\"en_US\" \/>\n<meta property=\"og:type\" content=\"article\" \/>\n<meta property=\"og:title\" content=\"Mali i Zi refuzon njohjen e Kosov\u00ebs - Lajme nga Ulqini\" \/>\n<meta property=\"og:url\" content=\"https:\/\/www.visit-ulcinj.com\/blog\/2008\/06\/29\/mali-i-zi-refuzon-njohjen-e-kosoves\/\" \/>\n<meta property=\"og:site_name\" content=\"Lajme nga Ulqini\" \/>\n<meta property=\"article:published_time\" content=\"2008-06-29T10:47:17+00:00\" \/>\n<meta property=\"og:image\" content=\"http:\/\/www.setimes.com\/cocoon\/setimes\/images\/2006\/01\/09\/ANTONELAphoto.jpg\" \/>\n<meta name=\"twitter:label1\" content=\"Written by\" \/>\n\t<meta name=\"twitter:data1\" content=\"ulqini\" \/>\n\t<meta name=\"twitter:label2\" content=\"Est. reading time\" \/>\n\t<meta name=\"twitter:data2\" content=\"1 minute\" \/>\n<script type=\"application\/ld+json\" class=\"yoast-schema-graph\">{\"@context\":\"https:\/\/schema.org\",\"@graph\":[{\"@type\":\"WebSite\",\"@id\":\"https:\/\/www.visit-ulcinj.com\/blog\/#website\",\"url\":\"https:\/\/www.visit-ulcinj.com\/blog\/\",\"name\":\"Lajme nga Ulqini\",\"description\":\"Lajme,Vijesti,Ulqini,Ulqin,Crna Gora,Mali i Zi\",\"potentialAction\":[{\"@type\":\"SearchAction\",\"target\":{\"@type\":\"EntryPoint\",\"urlTemplate\":\"https:\/\/www.visit-ulcinj.com\/blog\/?s={search_term_string}\"},\"query-input\":\"required name=search_term_string\"}],\"inLanguage\":\"en-US\"},{\"@type\":\"ImageObject\",\"inLanguage\":\"en-US\",\"@id\":\"https:\/\/www.visit-ulcinj.com\/blog\/2008\/06\/29\/mali-i-zi-refuzon-njohjen-e-kosoves\/#primaryimage\",\"url\":\"http:\/\/www.setimes.com\/cocoon\/setimes\/images\/2006\/01\/09\/ANTONELAphoto.jpg\",\"contentUrl\":\"http:\/\/www.setimes.com\/cocoon\/setimes\/images\/2006\/01\/09\/ANTONELAphoto.jpg\"},{\"@type\":\"WebPage\",\"@id\":\"https:\/\/www.visit-ulcinj.com\/blog\/2008\/06\/29\/mali-i-zi-refuzon-njohjen-e-kosoves\/#webpage\",\"url\":\"https:\/\/www.visit-ulcinj.com\/blog\/2008\/06\/29\/mali-i-zi-refuzon-njohjen-e-kosoves\/\",\"name\":\"Mali i Zi refuzon njohjen e Kosov\u00ebs - Lajme nga Ulqini\",\"isPartOf\":{\"@id\":\"https:\/\/www.visit-ulcinj.com\/blog\/#website\"},\"primaryImageOfPage\":{\"@id\":\"https:\/\/www.visit-ulcinj.com\/blog\/2008\/06\/29\/mali-i-zi-refuzon-njohjen-e-kosoves\/#primaryimage\"},\"datePublished\":\"2008-06-29T10:47:17+00:00\",\"dateModified\":\"2008-06-29T10:47:17+00:00\",\"author\":{\"@id\":\"https:\/\/www.visit-ulcinj.com\/blog\/#\/schema\/person\/dcab619c614d3038751c63bc2aadc06d\"},\"breadcrumb\":{\"@id\":\"https:\/\/www.visit-ulcinj.com\/blog\/2008\/06\/29\/mali-i-zi-refuzon-njohjen-e-kosoves\/#breadcrumb\"},\"inLanguage\":\"en-US\",\"potentialAction\":[{\"@type\":\"ReadAction\",\"target\":[\"https:\/\/www.visit-ulcinj.com\/blog\/2008\/06\/29\/mali-i-zi-refuzon-njohjen-e-kosoves\/\"]}]},{\"@type\":\"BreadcrumbList\",\"@id\":\"https:\/\/www.visit-ulcinj.com\/blog\/2008\/06\/29\/mali-i-zi-refuzon-njohjen-e-kosoves\/#breadcrumb\",\"itemListElement\":[{\"@type\":\"ListItem\",\"position\":1,\"name\":\"Mali i Zi refuzon njohjen e Kosov\u00ebs\"}]},{\"@type\":\"Person\",\"@id\":\"https:\/\/www.visit-ulcinj.com\/blog\/#\/schema\/person\/dcab619c614d3038751c63bc2aadc06d\",\"name\":\"ulqini\",\"sameAs\":[\"http:\/\/www.visit-ulcinj.com\"],\"url\":\"https:\/\/www.visit-ulcinj.com\/blog\/author\/admin\/\"}]}<\/script>\n<!-- \/ Yoast SEO plugin. -->","yoast_head_json":{"title":"Mali i Zi refuzon njohjen e Kosov\u00ebs - Lajme nga Ulqini","robots":{"index":"index","follow":"follow","max-snippet":"max-snippet:-1","max-image-preview":"max-image-preview:large","max-video-preview":"max-video-preview:-1"},"canonical":"https:\/\/www.visit-ulcinj.com\/blog\/2008\/06\/29\/mali-i-zi-refuzon-njohjen-e-kosoves\/","og_locale":"en_US","og_type":"article","og_title":"Mali i Zi refuzon njohjen e Kosov\u00ebs - Lajme nga Ulqini","og_url":"https:\/\/www.visit-ulcinj.com\/blog\/2008\/06\/29\/mali-i-zi-refuzon-njohjen-e-kosoves\/","og_site_name":"Lajme nga Ulqini","article_published_time":"2008-06-29T10:47:17+00:00","og_image":[{"url":"http:\/\/www.setimes.com\/cocoon\/setimes\/images\/2006\/01\/09\/ANTONELAphoto.jpg"}],"twitter_misc":{"Written by":"ulqini","Est. reading time":"1 minute"},"schema":{"@context":"https:\/\/schema.org","@graph":[{"@type":"WebSite","@id":"https:\/\/www.visit-ulcinj.com\/blog\/#website","url":"https:\/\/www.visit-ulcinj.com\/blog\/","name":"Lajme nga Ulqini","description":"Lajme,Vijesti,Ulqini,Ulqin,Crna Gora,Mali i Zi","potentialAction":[{"@type":"SearchAction","target":{"@type":"EntryPoint","urlTemplate":"https:\/\/www.visit-ulcinj.com\/blog\/?s={search_term_string}"},"query-input":"required name=search_term_string"}],"inLanguage":"en-US"},{"@type":"ImageObject","inLanguage":"en-US","@id":"https:\/\/www.visit-ulcinj.com\/blog\/2008\/06\/29\/mali-i-zi-refuzon-njohjen-e-kosoves\/#primaryimage","url":"http:\/\/www.setimes.com\/cocoon\/setimes\/images\/2006\/01\/09\/ANTONELAphoto.jpg","contentUrl":"http:\/\/www.setimes.com\/cocoon\/setimes\/images\/2006\/01\/09\/ANTONELAphoto.jpg"},{"@type":"WebPage","@id":"https:\/\/www.visit-ulcinj.com\/blog\/2008\/06\/29\/mali-i-zi-refuzon-njohjen-e-kosoves\/#webpage","url":"https:\/\/www.visit-ulcinj.com\/blog\/2008\/06\/29\/mali-i-zi-refuzon-njohjen-e-kosoves\/","name":"Mali i Zi refuzon njohjen e Kosov\u00ebs - Lajme nga Ulqini","isPartOf":{"@id":"https:\/\/www.visit-ulcinj.com\/blog\/#website"},"primaryImageOfPage":{"@id":"https:\/\/www.visit-ulcinj.com\/blog\/2008\/06\/29\/mali-i-zi-refuzon-njohjen-e-kosoves\/#primaryimage"},"datePublished":"2008-06-29T10:47:17+00:00","dateModified":"2008-06-29T10:47:17+00:00","author":{"@id":"https:\/\/www.visit-ulcinj.com\/blog\/#\/schema\/person\/dcab619c614d3038751c63bc2aadc06d"},"breadcrumb":{"@id":"https:\/\/www.visit-ulcinj.com\/blog\/2008\/06\/29\/mali-i-zi-refuzon-njohjen-e-kosoves\/#breadcrumb"},"inLanguage":"en-US","potentialAction":[{"@type":"ReadAction","target":["https:\/\/www.visit-ulcinj.com\/blog\/2008\/06\/29\/mali-i-zi-refuzon-njohjen-e-kosoves\/"]}]},{"@type":"BreadcrumbList","@id":"https:\/\/www.visit-ulcinj.com\/blog\/2008\/06\/29\/mali-i-zi-refuzon-njohjen-e-kosoves\/#breadcrumb","itemListElement":[{"@type":"ListItem","position":1,"name":"Mali i Zi refuzon njohjen e Kosov\u00ebs"}]},{"@type":"Person","@id":"https:\/\/www.visit-ulcinj.com\/blog\/#\/schema\/person\/dcab619c614d3038751c63bc2aadc06d","name":"ulqini","sameAs":["http:\/\/www.visit-ulcinj.com"],"url":"https:\/\/www.visit-ulcinj.com\/blog\/author\/admin\/"}]}},"jetpack_featured_media_url":"","jetpack_sharing_enabled":true,"jetpack_shortlink":"https:\/\/wp.me\/pe6lTn-y9","_links":{"self":[{"href":"https:\/\/www.visit-ulcinj.com\/blog\/wp-json\/wp\/v2\/posts\/2117"}],"collection":[{"href":"https:\/\/www.visit-ulcinj.com\/blog\/wp-json\/wp\/v2\/posts"}],"about":[{"href":"https:\/\/www.visit-ulcinj.com\/blog\/wp-json\/wp\/v2\/types\/post"}],"author":[{"embeddable":true,"href":"https:\/\/www.visit-ulcinj.com\/blog\/wp-json\/wp\/v2\/users\/1"}],"replies":[{"embeddable":true,"href":"https:\/\/www.visit-ulcinj.com\/blog\/wp-json\/wp\/v2\/comments?post=2117"}],"version-history":[{"count":0,"href":"https:\/\/www.visit-ulcinj.com\/blog\/wp-json\/wp\/v2\/posts\/2117\/revisions"}],"wp:attachment":[{"href":"https:\/\/www.visit-ulcinj.com\/blog\/wp-json\/wp\/v2\/media?parent=2117"}],"wp:term":[{"taxonomy":"category","embeddable":true,"href":"https:\/\/www.visit-ulcinj.com\/blog\/wp-json\/wp\/v2\/categories?post=2117"},{"taxonomy":"post_tag","embeddable":true,"href":"https:\/\/www.visit-ulcinj.com\/blog\/wp-json\/wp\/v2\/tags?post=2117"}],"curies":[{"name":"wp","href":"https:\/\/api.w.org\/{rel}","templated":true}]}}