{"id":21171,"date":"2009-05-13T21:15:07","date_gmt":"2009-05-13T19:15:07","guid":{"rendered":"http:\/\/www.visit-ulcinj.com\/blog\/?p=21171"},"modified":"2009-05-13T21:15:07","modified_gmt":"2009-05-13T19:15:07","slug":"anjeza-dhe-mimoza-emocionet-e-heres-se-pare","status":"publish","type":"post","link":"https:\/\/www.visit-ulcinj.com\/blog\/2009\/05\/13\/anjeza-dhe-mimoza-emocionet-e-heres-se-pare\/","title":{"rendered":"Anjeza dhe Mimoza : Emocionet e her\u00ebs s\u00eb par\u00eb"},"content":{"rendered":"<p><em><span class=\"newsdate\"><a href=\"http:\/\/www.visit-ulcinj.com\/blog\/wp-content\/uploads\/2009\/05\/mozaanjezamakinat.jpg\"><img loading=\"lazy\" class=\"alignleft size-full wp-image-21172\" title=\"mozaanjezamakinat-big-brother-albania-2\" src=\"http:\/\/www.visit-ulcinj.com\/blog\/wp-content\/uploads\/2009\/05\/mozaanjezamakinat.jpg\" alt=\"mozaanjezamakinat-big-brother-albania-2\" width=\"300\" height=\"205\" \/><\/a>08\/05\/09 00:25<\/span><\/em><\/p>\n<p>Anjeza dhe Moza diskutojn\u00eb p\u00ebr prov\u00ebn e jav\u00ebs, q\u00eb k\u00ebt\u00eb mbr\u00ebmje ishte e p\u00ebrb\u00ebr\u00eb nga dy faza: n\u00eb faz\u00ebn e par\u00eb gara m\u00eb bicikleta e m\u00eb pas ajo me makina. T\u00eb dyja vajzat shprehen shum\u00eb entuziaste p\u00ebr loj\u00ebn dhe tregojn\u00eb se u k\u00ebnaq\u00ebn shum\u00eb, si f\u00ebmij\u00eb. Anjeza mendon se t\u00eb tjer\u00ebt nuk u k\u00ebnaq\u00ebn aq sa ato ose nuk e shpreh\u00ebn shum\u00eb entuziazmin. Ajo tregon se nj\u00eb nat\u00eb m\u00eb par\u00eb, ishte shum\u00eb e emocionuar pasi hipi p\u00ebr her\u00eb t\u00eb par\u00eb n\u00eb makin\u00eb t\u00eb till\u00eb dhe nuk dinte ta ngiste. \u201cP\u00ebrjetova t\u00eb nj\u00ebjtat emocione si ato kur hyra p\u00ebr her\u00eb t\u00eb par\u00eb n\u00eb k\u00ebt\u00eb sht\u00ebpi\u201d- thot\u00eb Anjeza. Moza thot\u00eb se i dukej fantastike, sidomos tek rruga e drejt\u00eb ku i jepte gaz makin\u00ebs. \u201cMbr\u00ebm\u00eb kemi q\u00ebn\u00eb si n\u00eb aj\u00ebr\u201d- shprehet ajo.<\/p>\n","protected":false},"excerpt":{"rendered":"<p>08\/05\/09 00:25 Anjeza dhe Moza diskutojn\u00eb p\u00ebr prov\u00ebn e jav\u00ebs, q\u00eb k\u00ebt\u00eb mbr\u00ebmje ishte e p\u00ebrb\u00ebr\u00eb nga dy faza: n\u00eb faz\u00ebn e par\u00eb gara m\u00eb bicikleta e m\u00eb pas ajo me makina. T\u00eb dyja vajzat shprehen shum\u00eb entuziaste p\u00ebr loj\u00ebn dhe tregojn\u00eb se u k\u00ebnaq\u00ebn shum\u00eb, si f\u00ebmij\u00eb. Anjeza mendon se t\u00eb tjer\u00ebt nuk u [&hellip;]<\/p>\n","protected":false},"author":1,"featured_media":0,"comment_status":"open","ping_status":"closed","sticky":false,"template":"","format":"standard","meta":{"spay_email":"","jetpack_publicize_message":"","jetpack_is_tweetstorm":false,"jetpack_publicize_feature_enabled":true},"categories":[6502],"tags":[8289,9121,10321,6544,9751],"jetpack_publicize_connections":[],"yoast_head":"<!-- This site is optimized with the Yoast SEO plugin v19.1 - https:\/\/yoast.com\/wordpress\/plugins\/seo\/ -->\n<title>Anjeza dhe Mimoza : Emocionet e her\u00c3\u00abs s\u00c3\u00ab par\u00c3\u00ab | Big Brother Albania 2<\/title>\n<meta name=\"description\" content=\"Big Brother Albania 2 - Anjeza dhe Moza diskutojn\u00c3\u00ab p\u00c3\u00abr prov\u00c3\u00abn e jav\u00c3\u00abs, q\u00c3\u00ab k\u00c3\u00abt\u00c3\u00ab mbr\u00c3\u00abmje ishte e p\u00c3\u00abrb\u00c3\u00abr\u00c3\u00ab nga dy faza: n\u00c3\u00ab faz\u00c3\u00abn e par\u00c3\u00ab gara m\u00c3\u00ab bicikleta e m\u00c3\u00ab pas ajo me makina.\" \/>\n<meta name=\"robots\" content=\"index, follow, max-snippet:-1, max-image-preview:large, max-video-preview:-1\" \/>\n<link rel=\"canonical\" href=\"https:\/\/www.visit-ulcinj.com\/blog\/2009\/05\/13\/anjeza-dhe-mimoza-emocionet-e-heres-se-pare\/\" \/>\n<meta property=\"og:locale\" content=\"en_US\" \/>\n<meta property=\"og:type\" content=\"article\" \/>\n<meta property=\"og:title\" content=\"Anjeza dhe Mimoza : Emocionet e her\u00c3\u00abs s\u00c3\u00ab par\u00c3\u00ab | Big Brother Albania 2\" \/>\n<meta property=\"og:description\" content=\"Big Brother Albania 2 - Anjeza dhe Moza diskutojn\u00c3\u00ab p\u00c3\u00abr prov\u00c3\u00abn e jav\u00c3\u00abs, q\u00c3\u00ab k\u00c3\u00abt\u00c3\u00ab mbr\u00c3\u00abmje ishte e p\u00c3\u00abrb\u00c3\u00abr\u00c3\u00ab nga dy faza: n\u00c3\u00ab faz\u00c3\u00abn e par\u00c3\u00ab gara m\u00c3\u00ab bicikleta e m\u00c3\u00ab pas ajo me makina.\" \/>\n<meta property=\"og:url\" content=\"https:\/\/www.visit-ulcinj.com\/blog\/2009\/05\/13\/anjeza-dhe-mimoza-emocionet-e-heres-se-pare\/\" \/>\n<meta property=\"og:site_name\" content=\"Lajme nga Ulqini\" \/>\n<meta property=\"article:published_time\" content=\"2009-05-13T19:15:07+00:00\" \/>\n<meta property=\"og:image\" content=\"http:\/\/www.visit-ulcinj.com\/blog\/wp-content\/uploads\/2009\/05\/mozaanjezamakinat.jpg\" \/>\n<meta name=\"twitter:label1\" content=\"Written by\" \/>\n\t<meta name=\"twitter:data1\" content=\"ulqini\" \/>\n\t<meta name=\"twitter:label2\" content=\"Est. reading time\" \/>\n\t<meta name=\"twitter:data2\" content=\"1 minute\" \/>\n<script type=\"application\/ld+json\" class=\"yoast-schema-graph\">{\"@context\":\"https:\/\/schema.org\",\"@graph\":[{\"@type\":\"WebSite\",\"@id\":\"https:\/\/www.visit-ulcinj.com\/blog\/#website\",\"url\":\"https:\/\/www.visit-ulcinj.com\/blog\/\",\"name\":\"Lajme nga Ulqini\",\"description\":\"Lajme,Vijesti,Ulqini,Ulqin,Crna Gora,Mali i Zi\",\"potentialAction\":[{\"@type\":\"SearchAction\",\"target\":{\"@type\":\"EntryPoint\",\"urlTemplate\":\"https:\/\/www.visit-ulcinj.com\/blog\/?s={search_term_string}\"},\"query-input\":\"required name=search_term_string\"}],\"inLanguage\":\"en-US\"},{\"@type\":\"ImageObject\",\"inLanguage\":\"en-US\",\"@id\":\"https:\/\/www.visit-ulcinj.com\/blog\/2009\/05\/13\/anjeza-dhe-mimoza-emocionet-e-heres-se-pare\/#primaryimage\",\"url\":\"http:\/\/www.visit-ulcinj.com\/blog\/wp-content\/uploads\/2009\/05\/mozaanjezamakinat.jpg\",\"contentUrl\":\"http:\/\/www.visit-ulcinj.com\/blog\/wp-content\/uploads\/2009\/05\/mozaanjezamakinat.jpg\"},{\"@type\":\"WebPage\",\"@id\":\"https:\/\/www.visit-ulcinj.com\/blog\/2009\/05\/13\/anjeza-dhe-mimoza-emocionet-e-heres-se-pare\/#webpage\",\"url\":\"https:\/\/www.visit-ulcinj.com\/blog\/2009\/05\/13\/anjeza-dhe-mimoza-emocionet-e-heres-se-pare\/\",\"name\":\"Anjeza dhe Mimoza : Emocionet e her\u00c3\u00abs s\u00c3\u00ab par\u00c3\u00ab | Big Brother Albania 2\",\"isPartOf\":{\"@id\":\"https:\/\/www.visit-ulcinj.com\/blog\/#website\"},\"primaryImageOfPage\":{\"@id\":\"https:\/\/www.visit-ulcinj.com\/blog\/2009\/05\/13\/anjeza-dhe-mimoza-emocionet-e-heres-se-pare\/#primaryimage\"},\"datePublished\":\"2009-05-13T19:15:07+00:00\",\"dateModified\":\"2009-05-13T19:15:07+00:00\",\"author\":{\"@id\":\"https:\/\/www.visit-ulcinj.com\/blog\/#\/schema\/person\/dcab619c614d3038751c63bc2aadc06d\"},\"description\":\"Big Brother Albania 2 - Anjeza dhe Moza diskutojn\u00c3\u00ab p\u00c3\u00abr prov\u00c3\u00abn e jav\u00c3\u00abs, q\u00c3\u00ab k\u00c3\u00abt\u00c3\u00ab mbr\u00c3\u00abmje ishte e p\u00c3\u00abrb\u00c3\u00abr\u00c3\u00ab nga dy faza: n\u00c3\u00ab faz\u00c3\u00abn e par\u00c3\u00ab gara m\u00c3\u00ab bicikleta e m\u00c3\u00ab pas ajo me makina.\",\"breadcrumb\":{\"@id\":\"https:\/\/www.visit-ulcinj.com\/blog\/2009\/05\/13\/anjeza-dhe-mimoza-emocionet-e-heres-se-pare\/#breadcrumb\"},\"inLanguage\":\"en-US\",\"potentialAction\":[{\"@type\":\"ReadAction\",\"target\":[\"https:\/\/www.visit-ulcinj.com\/blog\/2009\/05\/13\/anjeza-dhe-mimoza-emocionet-e-heres-se-pare\/\"]}]},{\"@type\":\"BreadcrumbList\",\"@id\":\"https:\/\/www.visit-ulcinj.com\/blog\/2009\/05\/13\/anjeza-dhe-mimoza-emocionet-e-heres-se-pare\/#breadcrumb\",\"itemListElement\":[{\"@type\":\"ListItem\",\"position\":1,\"name\":\"Anjeza dhe Mimoza : Emocionet e her\u00ebs s\u00eb par\u00eb\"}]},{\"@type\":\"Person\",\"@id\":\"https:\/\/www.visit-ulcinj.com\/blog\/#\/schema\/person\/dcab619c614d3038751c63bc2aadc06d\",\"name\":\"ulqini\",\"sameAs\":[\"http:\/\/www.visit-ulcinj.com\"],\"url\":\"https:\/\/www.visit-ulcinj.com\/blog\/author\/admin\/\"}]}<\/script>\n<!-- \/ Yoast SEO plugin. -->","yoast_head_json":{"title":"Anjeza dhe Mimoza : Emocionet e her\u00c3\u00abs s\u00c3\u00ab par\u00c3\u00ab | Big Brother Albania 2","description":"Big Brother Albania 2 - Anjeza dhe Moza diskutojn\u00c3\u00ab p\u00c3\u00abr prov\u00c3\u00abn e jav\u00c3\u00abs, q\u00c3\u00ab k\u00c3\u00abt\u00c3\u00ab mbr\u00c3\u00abmje ishte e p\u00c3\u00abrb\u00c3\u00abr\u00c3\u00ab nga dy faza: n\u00c3\u00ab faz\u00c3\u00abn e par\u00c3\u00ab gara m\u00c3\u00ab bicikleta e m\u00c3\u00ab pas ajo me makina.","robots":{"index":"index","follow":"follow","max-snippet":"max-snippet:-1","max-image-preview":"max-image-preview:large","max-video-preview":"max-video-preview:-1"},"canonical":"https:\/\/www.visit-ulcinj.com\/blog\/2009\/05\/13\/anjeza-dhe-mimoza-emocionet-e-heres-se-pare\/","og_locale":"en_US","og_type":"article","og_title":"Anjeza dhe Mimoza : Emocionet e her\u00c3\u00abs s\u00c3\u00ab par\u00c3\u00ab | Big Brother Albania 2","og_description":"Big Brother Albania 2 - Anjeza dhe Moza diskutojn\u00c3\u00ab p\u00c3\u00abr prov\u00c3\u00abn e jav\u00c3\u00abs, q\u00c3\u00ab k\u00c3\u00abt\u00c3\u00ab mbr\u00c3\u00abmje ishte e p\u00c3\u00abrb\u00c3\u00abr\u00c3\u00ab nga dy faza: n\u00c3\u00ab faz\u00c3\u00abn e par\u00c3\u00ab gara m\u00c3\u00ab bicikleta e m\u00c3\u00ab pas ajo me makina.","og_url":"https:\/\/www.visit-ulcinj.com\/blog\/2009\/05\/13\/anjeza-dhe-mimoza-emocionet-e-heres-se-pare\/","og_site_name":"Lajme nga Ulqini","article_published_time":"2009-05-13T19:15:07+00:00","og_image":[{"url":"http:\/\/www.visit-ulcinj.com\/blog\/wp-content\/uploads\/2009\/05\/mozaanjezamakinat.jpg"}],"twitter_misc":{"Written by":"ulqini","Est. reading time":"1 minute"},"schema":{"@context":"https:\/\/schema.org","@graph":[{"@type":"WebSite","@id":"https:\/\/www.visit-ulcinj.com\/blog\/#website","url":"https:\/\/www.visit-ulcinj.com\/blog\/","name":"Lajme nga Ulqini","description":"Lajme,Vijesti,Ulqini,Ulqin,Crna Gora,Mali i Zi","potentialAction":[{"@type":"SearchAction","target":{"@type":"EntryPoint","urlTemplate":"https:\/\/www.visit-ulcinj.com\/blog\/?s={search_term_string}"},"query-input":"required name=search_term_string"}],"inLanguage":"en-US"},{"@type":"ImageObject","inLanguage":"en-US","@id":"https:\/\/www.visit-ulcinj.com\/blog\/2009\/05\/13\/anjeza-dhe-mimoza-emocionet-e-heres-se-pare\/#primaryimage","url":"http:\/\/www.visit-ulcinj.com\/blog\/wp-content\/uploads\/2009\/05\/mozaanjezamakinat.jpg","contentUrl":"http:\/\/www.visit-ulcinj.com\/blog\/wp-content\/uploads\/2009\/05\/mozaanjezamakinat.jpg"},{"@type":"WebPage","@id":"https:\/\/www.visit-ulcinj.com\/blog\/2009\/05\/13\/anjeza-dhe-mimoza-emocionet-e-heres-se-pare\/#webpage","url":"https:\/\/www.visit-ulcinj.com\/blog\/2009\/05\/13\/anjeza-dhe-mimoza-emocionet-e-heres-se-pare\/","name":"Anjeza dhe Mimoza : Emocionet e her\u00c3\u00abs s\u00c3\u00ab par\u00c3\u00ab | Big Brother Albania 2","isPartOf":{"@id":"https:\/\/www.visit-ulcinj.com\/blog\/#website"},"primaryImageOfPage":{"@id":"https:\/\/www.visit-ulcinj.com\/blog\/2009\/05\/13\/anjeza-dhe-mimoza-emocionet-e-heres-se-pare\/#primaryimage"},"datePublished":"2009-05-13T19:15:07+00:00","dateModified":"2009-05-13T19:15:07+00:00","author":{"@id":"https:\/\/www.visit-ulcinj.com\/blog\/#\/schema\/person\/dcab619c614d3038751c63bc2aadc06d"},"description":"Big Brother Albania 2 - Anjeza dhe Moza diskutojn\u00c3\u00ab p\u00c3\u00abr prov\u00c3\u00abn e jav\u00c3\u00abs, q\u00c3\u00ab k\u00c3\u00abt\u00c3\u00ab mbr\u00c3\u00abmje ishte e p\u00c3\u00abrb\u00c3\u00abr\u00c3\u00ab nga dy faza: n\u00c3\u00ab faz\u00c3\u00abn e par\u00c3\u00ab gara m\u00c3\u00ab bicikleta e m\u00c3\u00ab pas ajo me makina.","breadcrumb":{"@id":"https:\/\/www.visit-ulcinj.com\/blog\/2009\/05\/13\/anjeza-dhe-mimoza-emocionet-e-heres-se-pare\/#breadcrumb"},"inLanguage":"en-US","potentialAction":[{"@type":"ReadAction","target":["https:\/\/www.visit-ulcinj.com\/blog\/2009\/05\/13\/anjeza-dhe-mimoza-emocionet-e-heres-se-pare\/"]}]},{"@type":"BreadcrumbList","@id":"https:\/\/www.visit-ulcinj.com\/blog\/2009\/05\/13\/anjeza-dhe-mimoza-emocionet-e-heres-se-pare\/#breadcrumb","itemListElement":[{"@type":"ListItem","position":1,"name":"Anjeza dhe Mimoza : Emocionet e her\u00ebs s\u00eb par\u00eb"}]},{"@type":"Person","@id":"https:\/\/www.visit-ulcinj.com\/blog\/#\/schema\/person\/dcab619c614d3038751c63bc2aadc06d","name":"ulqini","sameAs":["http:\/\/www.visit-ulcinj.com"],"url":"https:\/\/www.visit-ulcinj.com\/blog\/author\/admin\/"}]}},"jetpack_featured_media_url":"","jetpack_sharing_enabled":true,"jetpack_shortlink":"https:\/\/wp.me\/pe6lTn-5vt","_links":{"self":[{"href":"https:\/\/www.visit-ulcinj.com\/blog\/wp-json\/wp\/v2\/posts\/21171"}],"collection":[{"href":"https:\/\/www.visit-ulcinj.com\/blog\/wp-json\/wp\/v2\/posts"}],"about":[{"href":"https:\/\/www.visit-ulcinj.com\/blog\/wp-json\/wp\/v2\/types\/post"}],"author":[{"embeddable":true,"href":"https:\/\/www.visit-ulcinj.com\/blog\/wp-json\/wp\/v2\/users\/1"}],"replies":[{"embeddable":true,"href":"https:\/\/www.visit-ulcinj.com\/blog\/wp-json\/wp\/v2\/comments?post=21171"}],"version-history":[{"count":0,"href":"https:\/\/www.visit-ulcinj.com\/blog\/wp-json\/wp\/v2\/posts\/21171\/revisions"}],"wp:attachment":[{"href":"https:\/\/www.visit-ulcinj.com\/blog\/wp-json\/wp\/v2\/media?parent=21171"}],"wp:term":[{"taxonomy":"category","embeddable":true,"href":"https:\/\/www.visit-ulcinj.com\/blog\/wp-json\/wp\/v2\/categories?post=21171"},{"taxonomy":"post_tag","embeddable":true,"href":"https:\/\/www.visit-ulcinj.com\/blog\/wp-json\/wp\/v2\/tags?post=21171"}],"curies":[{"name":"wp","href":"https:\/\/api.w.org\/{rel}","templated":true}]}}