{"id":21190,"date":"2009-05-13T21:29:25","date_gmt":"2009-05-13T19:29:25","guid":{"rendered":"http:\/\/www.visit-ulcinj.com\/blog\/?p=21190"},"modified":"2009-05-13T21:29:25","modified_gmt":"2009-05-13T19:29:25","slug":"bjordi-po-dola-do-te-marr-me-vete","status":"publish","type":"post","link":"https:\/\/www.visit-ulcinj.com\/blog\/2009\/05\/13\/bjordi-po-dola-do-te-marr-me-vete\/","title":{"rendered":"Bjordi : Po dola do t\u00eb marr me vete"},"content":{"rendered":"<p><em><span class=\"newsdate\"><a href=\"http:\/\/www.visit-ulcinj.com\/blog\/wp-content\/uploads\/2009\/05\/bio-dhe-adela09.jpg\"><img loading=\"lazy\" class=\"alignleft size-full wp-image-21191\" title=\"bio-dhe-adela09-big-brother-albania-2\" src=\"http:\/\/www.visit-ulcinj.com\/blog\/wp-content\/uploads\/2009\/05\/bio-dhe-adela09.jpg\" alt=\"bio-dhe-adela09-big-brother-albania-2\" width=\"300\" height=\"205\" \/><\/a>09\/05\/09 15:57<\/span><\/em><\/p>\n<p>Bjordi i thot\u00eb Adelajd\u00ebs q\u00eb do mendoj\u00eb p\u00ebr t\u00eb shpikur dicka dhe i thot\u00eb q\u00eb dhe ajo t\u00eb mendoj p\u00ebr t\u00eb nj\u00ebjt\u00ebn gj\u00eb. Ajo e pyet :-\u201cNuk ke me cfar\u00eb t\u00eb merresh?\u201d Ai i thot\u00eb q\u00eb jo dhe shton q\u00eb do gjej shpikjen m\u00eb t\u00eb bukur n\u00eb bot\u00eb. \u00a0Ajo i thot\u00eb q\u00eb m\u00eb mir\u00eb t\u00eb merret me t\u00eb pasi nuk i dihet n\u00ebse do q\u00ebndroj\u00eb ende n\u00eb sht\u00ebpi, por ai nuk duhet t\u00eb rri i m\u00ebrzitur. Ai nuk e pranon q\u00eb \u00ebsht\u00eb i m\u00ebrzitur, por ajo e kund\u00ebrshton duke i v\u00ebn\u00eb n\u00eb dukje faktin q\u00eb ai nuk i ka folur askujt nga banor\u00ebve q\u00eb n\u00eb m\u00ebngjes. Ajo i thot\u00eb:-\u201cPo dola do t\u00eb marr me vete, do t\u00eb fus tek valixhja!\u201d Ai i thot\u00eb :-\u201cKu i dihet se cfar\u00eb do m\u00eb b\u00ebsh kur t\u00eb dalim!\u201d Ajo e pyet se p\u00ebr cfar\u00eb e ka fjal\u00ebn dhe ai i thot\u00eb me shaka q\u00eb ajo do e \u201crrah\u00eb\u201d, do e \u201cstresoj\u201d. Ajo i thot\u00eb q\u00eb ai nuk rri dot nj\u00eb or\u00eb pa t\u00eb dhe nuk e streson. Adelajda vazhdon duke e ngacmuar se pse ai nuk e pranon faktin q\u00eb nuk rri dot pa t\u00eb. Ai i thot\u00eb q\u00eb nuk \u00ebsht\u00eb e v\u00ebrtet\u00eb dhe ulet duke i r\u00ebn\u00eb pianos.<\/p>\n","protected":false},"excerpt":{"rendered":"<p>09\/05\/09 15:57 Bjordi i thot\u00eb Adelajd\u00ebs q\u00eb do mendoj\u00eb p\u00ebr t\u00eb shpikur dicka dhe i thot\u00eb q\u00eb dhe ajo t\u00eb mendoj p\u00ebr t\u00eb nj\u00ebjt\u00ebn gj\u00eb. Ajo e pyet :-\u201cNuk ke me cfar\u00eb t\u00eb merresh?\u201d Ai i thot\u00eb q\u00eb jo dhe shton q\u00eb do gjej shpikjen m\u00eb t\u00eb bukur n\u00eb bot\u00eb. \u00a0Ajo i thot\u00eb q\u00eb m\u00eb [&hellip;]<\/p>\n","protected":false},"author":1,"featured_media":0,"comment_status":"open","ping_status":"closed","sticky":false,"template":"","format":"standard","meta":{"spay_email":"","jetpack_publicize_message":"","jetpack_is_tweetstorm":false,"jetpack_publicize_feature_enabled":true},"categories":[6502],"tags":[6529,9121,6522,10323,10325,10326,9751,10324],"jetpack_publicize_connections":[],"yoast_head":"<!-- This site is optimized with the Yoast SEO plugin v19.1 - https:\/\/yoast.com\/wordpress\/plugins\/seo\/ -->\n<title>Bjordi : Po dola do t\u00c3\u00ab marr me vete | Big Brother Albania 2<\/title>\n<meta name=\"description\" content=\"Big Brother Albania 2 - Bjordi i thot\u00c3\u00ab Adelajd\u00c3\u00abs q\u00c3\u00ab do mendoj\u00c3\u00ab p\u00c3\u00abr t\u00c3\u00ab shpikur dicka dhe i thot\u00c3\u00ab q\u00c3\u00ab dhe ajo t\u00c3\u00ab mendoj p\u00c3\u00abr t\u00c3\u00ab nj\u00c3\u00abjt\u00c3\u00abn gj\u00c3\u00ab. Ajo e pyet :-\u00e2\u20ac\u0153Nuk ke me cfar\u00c3\u00ab t\u00c3\u00ab merresh?\u00e2\u20ac\u009d Ai i thot\u00c3\u00ab q\u00c3\u00ab jo dhe shton q\u00c3\u00ab do gjej shpikjen m\u00c3\u00ab t\u00c3\u00ab bukur n\u00c3\u00ab bot\u00c3\u00ab.\" \/>\n<meta name=\"robots\" content=\"index, follow, max-snippet:-1, max-image-preview:large, max-video-preview:-1\" \/>\n<link rel=\"canonical\" href=\"https:\/\/www.visit-ulcinj.com\/blog\/2009\/05\/13\/bjordi-po-dola-do-te-marr-me-vete\/\" \/>\n<meta property=\"og:locale\" content=\"en_US\" \/>\n<meta property=\"og:type\" content=\"article\" \/>\n<meta property=\"og:title\" content=\"Bjordi : Po dola do t\u00c3\u00ab marr me vete | Big Brother Albania 2\" \/>\n<meta property=\"og:description\" content=\"Big Brother Albania 2 - Bjordi i thot\u00c3\u00ab Adelajd\u00c3\u00abs q\u00c3\u00ab do mendoj\u00c3\u00ab p\u00c3\u00abr t\u00c3\u00ab shpikur dicka dhe i thot\u00c3\u00ab q\u00c3\u00ab dhe ajo t\u00c3\u00ab mendoj p\u00c3\u00abr t\u00c3\u00ab nj\u00c3\u00abjt\u00c3\u00abn gj\u00c3\u00ab. Ajo e pyet :-\u00e2\u20ac\u0153Nuk ke me cfar\u00c3\u00ab t\u00c3\u00ab merresh?\u00e2\u20ac\u009d Ai i thot\u00c3\u00ab q\u00c3\u00ab jo dhe shton q\u00c3\u00ab do gjej shpikjen m\u00c3\u00ab t\u00c3\u00ab bukur n\u00c3\u00ab bot\u00c3\u00ab.\" \/>\n<meta property=\"og:url\" content=\"https:\/\/www.visit-ulcinj.com\/blog\/2009\/05\/13\/bjordi-po-dola-do-te-marr-me-vete\/\" \/>\n<meta property=\"og:site_name\" content=\"Lajme nga Ulqini\" \/>\n<meta property=\"article:published_time\" content=\"2009-05-13T19:29:25+00:00\" \/>\n<meta property=\"og:image\" content=\"http:\/\/www.visit-ulcinj.com\/blog\/wp-content\/uploads\/2009\/05\/bio-dhe-adela09.jpg\" \/>\n<meta name=\"twitter:label1\" content=\"Written by\" \/>\n\t<meta name=\"twitter:data1\" content=\"ulqini\" \/>\n\t<meta name=\"twitter:label2\" content=\"Est. reading time\" \/>\n\t<meta name=\"twitter:data2\" content=\"1 minute\" \/>\n<script type=\"application\/ld+json\" class=\"yoast-schema-graph\">{\"@context\":\"https:\/\/schema.org\",\"@graph\":[{\"@type\":\"WebSite\",\"@id\":\"https:\/\/www.visit-ulcinj.com\/blog\/#website\",\"url\":\"https:\/\/www.visit-ulcinj.com\/blog\/\",\"name\":\"Lajme nga Ulqini\",\"description\":\"Lajme,Vijesti,Ulqini,Ulqin,Crna Gora,Mali i Zi\",\"potentialAction\":[{\"@type\":\"SearchAction\",\"target\":{\"@type\":\"EntryPoint\",\"urlTemplate\":\"https:\/\/www.visit-ulcinj.com\/blog\/?s={search_term_string}\"},\"query-input\":\"required name=search_term_string\"}],\"inLanguage\":\"en-US\"},{\"@type\":\"ImageObject\",\"inLanguage\":\"en-US\",\"@id\":\"https:\/\/www.visit-ulcinj.com\/blog\/2009\/05\/13\/bjordi-po-dola-do-te-marr-me-vete\/#primaryimage\",\"url\":\"http:\/\/www.visit-ulcinj.com\/blog\/wp-content\/uploads\/2009\/05\/bio-dhe-adela09.jpg\",\"contentUrl\":\"http:\/\/www.visit-ulcinj.com\/blog\/wp-content\/uploads\/2009\/05\/bio-dhe-adela09.jpg\"},{\"@type\":\"WebPage\",\"@id\":\"https:\/\/www.visit-ulcinj.com\/blog\/2009\/05\/13\/bjordi-po-dola-do-te-marr-me-vete\/#webpage\",\"url\":\"https:\/\/www.visit-ulcinj.com\/blog\/2009\/05\/13\/bjordi-po-dola-do-te-marr-me-vete\/\",\"name\":\"Bjordi : Po dola do t\u00c3\u00ab marr me vete | Big Brother Albania 2\",\"isPartOf\":{\"@id\":\"https:\/\/www.visit-ulcinj.com\/blog\/#website\"},\"primaryImageOfPage\":{\"@id\":\"https:\/\/www.visit-ulcinj.com\/blog\/2009\/05\/13\/bjordi-po-dola-do-te-marr-me-vete\/#primaryimage\"},\"datePublished\":\"2009-05-13T19:29:25+00:00\",\"dateModified\":\"2009-05-13T19:29:25+00:00\",\"author\":{\"@id\":\"https:\/\/www.visit-ulcinj.com\/blog\/#\/schema\/person\/dcab619c614d3038751c63bc2aadc06d\"},\"description\":\"Big Brother Albania 2 - Bjordi i thot\u00c3\u00ab Adelajd\u00c3\u00abs q\u00c3\u00ab do mendoj\u00c3\u00ab p\u00c3\u00abr t\u00c3\u00ab shpikur dicka dhe i thot\u00c3\u00ab q\u00c3\u00ab dhe ajo t\u00c3\u00ab mendoj p\u00c3\u00abr t\u00c3\u00ab nj\u00c3\u00abjt\u00c3\u00abn gj\u00c3\u00ab. Ajo e pyet :-\u00e2\u20ac\u0153Nuk ke me cfar\u00c3\u00ab t\u00c3\u00ab merresh?\u00e2\u20ac\u009d Ai i thot\u00c3\u00ab q\u00c3\u00ab jo dhe shton q\u00c3\u00ab do gjej shpikjen m\u00c3\u00ab t\u00c3\u00ab bukur n\u00c3\u00ab bot\u00c3\u00ab.\",\"breadcrumb\":{\"@id\":\"https:\/\/www.visit-ulcinj.com\/blog\/2009\/05\/13\/bjordi-po-dola-do-te-marr-me-vete\/#breadcrumb\"},\"inLanguage\":\"en-US\",\"potentialAction\":[{\"@type\":\"ReadAction\",\"target\":[\"https:\/\/www.visit-ulcinj.com\/blog\/2009\/05\/13\/bjordi-po-dola-do-te-marr-me-vete\/\"]}]},{\"@type\":\"BreadcrumbList\",\"@id\":\"https:\/\/www.visit-ulcinj.com\/blog\/2009\/05\/13\/bjordi-po-dola-do-te-marr-me-vete\/#breadcrumb\",\"itemListElement\":[{\"@type\":\"ListItem\",\"position\":1,\"name\":\"Bjordi : Po dola do t\u00eb marr me vete\"}]},{\"@type\":\"Person\",\"@id\":\"https:\/\/www.visit-ulcinj.com\/blog\/#\/schema\/person\/dcab619c614d3038751c63bc2aadc06d\",\"name\":\"ulqini\",\"sameAs\":[\"http:\/\/www.visit-ulcinj.com\"],\"url\":\"https:\/\/www.visit-ulcinj.com\/blog\/author\/admin\/\"}]}<\/script>\n<!-- \/ Yoast SEO plugin. -->","yoast_head_json":{"title":"Bjordi : Po dola do t\u00c3\u00ab marr me vete | Big Brother Albania 2","description":"Big Brother Albania 2 - Bjordi i thot\u00c3\u00ab Adelajd\u00c3\u00abs q\u00c3\u00ab do mendoj\u00c3\u00ab p\u00c3\u00abr t\u00c3\u00ab shpikur dicka dhe i thot\u00c3\u00ab q\u00c3\u00ab dhe ajo t\u00c3\u00ab mendoj p\u00c3\u00abr t\u00c3\u00ab nj\u00c3\u00abjt\u00c3\u00abn gj\u00c3\u00ab. Ajo e pyet :-\u00e2\u20ac\u0153Nuk ke me cfar\u00c3\u00ab t\u00c3\u00ab merresh?\u00e2\u20ac\u009d Ai i thot\u00c3\u00ab q\u00c3\u00ab jo dhe shton q\u00c3\u00ab do gjej shpikjen m\u00c3\u00ab t\u00c3\u00ab bukur n\u00c3\u00ab bot\u00c3\u00ab.","robots":{"index":"index","follow":"follow","max-snippet":"max-snippet:-1","max-image-preview":"max-image-preview:large","max-video-preview":"max-video-preview:-1"},"canonical":"https:\/\/www.visit-ulcinj.com\/blog\/2009\/05\/13\/bjordi-po-dola-do-te-marr-me-vete\/","og_locale":"en_US","og_type":"article","og_title":"Bjordi : Po dola do t\u00c3\u00ab marr me vete | Big Brother Albania 2","og_description":"Big Brother Albania 2 - Bjordi i thot\u00c3\u00ab Adelajd\u00c3\u00abs q\u00c3\u00ab do mendoj\u00c3\u00ab p\u00c3\u00abr t\u00c3\u00ab shpikur dicka dhe i thot\u00c3\u00ab q\u00c3\u00ab dhe ajo t\u00c3\u00ab mendoj p\u00c3\u00abr t\u00c3\u00ab nj\u00c3\u00abjt\u00c3\u00abn gj\u00c3\u00ab. Ajo e pyet :-\u00e2\u20ac\u0153Nuk ke me cfar\u00c3\u00ab t\u00c3\u00ab merresh?\u00e2\u20ac\u009d Ai i thot\u00c3\u00ab q\u00c3\u00ab jo dhe shton q\u00c3\u00ab do gjej shpikjen m\u00c3\u00ab t\u00c3\u00ab bukur n\u00c3\u00ab bot\u00c3\u00ab.","og_url":"https:\/\/www.visit-ulcinj.com\/blog\/2009\/05\/13\/bjordi-po-dola-do-te-marr-me-vete\/","og_site_name":"Lajme nga Ulqini","article_published_time":"2009-05-13T19:29:25+00:00","og_image":[{"url":"http:\/\/www.visit-ulcinj.com\/blog\/wp-content\/uploads\/2009\/05\/bio-dhe-adela09.jpg"}],"twitter_misc":{"Written by":"ulqini","Est. reading time":"1 minute"},"schema":{"@context":"https:\/\/schema.org","@graph":[{"@type":"WebSite","@id":"https:\/\/www.visit-ulcinj.com\/blog\/#website","url":"https:\/\/www.visit-ulcinj.com\/blog\/","name":"Lajme nga Ulqini","description":"Lajme,Vijesti,Ulqini,Ulqin,Crna Gora,Mali i Zi","potentialAction":[{"@type":"SearchAction","target":{"@type":"EntryPoint","urlTemplate":"https:\/\/www.visit-ulcinj.com\/blog\/?s={search_term_string}"},"query-input":"required name=search_term_string"}],"inLanguage":"en-US"},{"@type":"ImageObject","inLanguage":"en-US","@id":"https:\/\/www.visit-ulcinj.com\/blog\/2009\/05\/13\/bjordi-po-dola-do-te-marr-me-vete\/#primaryimage","url":"http:\/\/www.visit-ulcinj.com\/blog\/wp-content\/uploads\/2009\/05\/bio-dhe-adela09.jpg","contentUrl":"http:\/\/www.visit-ulcinj.com\/blog\/wp-content\/uploads\/2009\/05\/bio-dhe-adela09.jpg"},{"@type":"WebPage","@id":"https:\/\/www.visit-ulcinj.com\/blog\/2009\/05\/13\/bjordi-po-dola-do-te-marr-me-vete\/#webpage","url":"https:\/\/www.visit-ulcinj.com\/blog\/2009\/05\/13\/bjordi-po-dola-do-te-marr-me-vete\/","name":"Bjordi : Po dola do t\u00c3\u00ab marr me vete | Big Brother Albania 2","isPartOf":{"@id":"https:\/\/www.visit-ulcinj.com\/blog\/#website"},"primaryImageOfPage":{"@id":"https:\/\/www.visit-ulcinj.com\/blog\/2009\/05\/13\/bjordi-po-dola-do-te-marr-me-vete\/#primaryimage"},"datePublished":"2009-05-13T19:29:25+00:00","dateModified":"2009-05-13T19:29:25+00:00","author":{"@id":"https:\/\/www.visit-ulcinj.com\/blog\/#\/schema\/person\/dcab619c614d3038751c63bc2aadc06d"},"description":"Big Brother Albania 2 - Bjordi i thot\u00c3\u00ab Adelajd\u00c3\u00abs q\u00c3\u00ab do mendoj\u00c3\u00ab p\u00c3\u00abr t\u00c3\u00ab shpikur dicka dhe i thot\u00c3\u00ab q\u00c3\u00ab dhe ajo t\u00c3\u00ab mendoj p\u00c3\u00abr t\u00c3\u00ab nj\u00c3\u00abjt\u00c3\u00abn gj\u00c3\u00ab. Ajo e pyet :-\u00e2\u20ac\u0153Nuk ke me cfar\u00c3\u00ab t\u00c3\u00ab merresh?\u00e2\u20ac\u009d Ai i thot\u00c3\u00ab q\u00c3\u00ab jo dhe shton q\u00c3\u00ab do gjej shpikjen m\u00c3\u00ab t\u00c3\u00ab bukur n\u00c3\u00ab bot\u00c3\u00ab.","breadcrumb":{"@id":"https:\/\/www.visit-ulcinj.com\/blog\/2009\/05\/13\/bjordi-po-dola-do-te-marr-me-vete\/#breadcrumb"},"inLanguage":"en-US","potentialAction":[{"@type":"ReadAction","target":["https:\/\/www.visit-ulcinj.com\/blog\/2009\/05\/13\/bjordi-po-dola-do-te-marr-me-vete\/"]}]},{"@type":"BreadcrumbList","@id":"https:\/\/www.visit-ulcinj.com\/blog\/2009\/05\/13\/bjordi-po-dola-do-te-marr-me-vete\/#breadcrumb","itemListElement":[{"@type":"ListItem","position":1,"name":"Bjordi : Po dola do t\u00eb marr me vete"}]},{"@type":"Person","@id":"https:\/\/www.visit-ulcinj.com\/blog\/#\/schema\/person\/dcab619c614d3038751c63bc2aadc06d","name":"ulqini","sameAs":["http:\/\/www.visit-ulcinj.com"],"url":"https:\/\/www.visit-ulcinj.com\/blog\/author\/admin\/"}]}},"jetpack_featured_media_url":"","jetpack_sharing_enabled":true,"jetpack_shortlink":"https:\/\/wp.me\/pe6lTn-5vM","_links":{"self":[{"href":"https:\/\/www.visit-ulcinj.com\/blog\/wp-json\/wp\/v2\/posts\/21190"}],"collection":[{"href":"https:\/\/www.visit-ulcinj.com\/blog\/wp-json\/wp\/v2\/posts"}],"about":[{"href":"https:\/\/www.visit-ulcinj.com\/blog\/wp-json\/wp\/v2\/types\/post"}],"author":[{"embeddable":true,"href":"https:\/\/www.visit-ulcinj.com\/blog\/wp-json\/wp\/v2\/users\/1"}],"replies":[{"embeddable":true,"href":"https:\/\/www.visit-ulcinj.com\/blog\/wp-json\/wp\/v2\/comments?post=21190"}],"version-history":[{"count":0,"href":"https:\/\/www.visit-ulcinj.com\/blog\/wp-json\/wp\/v2\/posts\/21190\/revisions"}],"wp:attachment":[{"href":"https:\/\/www.visit-ulcinj.com\/blog\/wp-json\/wp\/v2\/media?parent=21190"}],"wp:term":[{"taxonomy":"category","embeddable":true,"href":"https:\/\/www.visit-ulcinj.com\/blog\/wp-json\/wp\/v2\/categories?post=21190"},{"taxonomy":"post_tag","embeddable":true,"href":"https:\/\/www.visit-ulcinj.com\/blog\/wp-json\/wp\/v2\/tags?post=21190"}],"curies":[{"name":"wp","href":"https:\/\/api.w.org\/{rel}","templated":true}]}}