{"id":21200,"date":"2009-05-13T22:30:34","date_gmt":"2009-05-13T20:30:34","guid":{"rendered":"http:\/\/www.visit-ulcinj.com\/blog\/?p=21200"},"modified":"2009-05-13T21:37:13","modified_gmt":"2009-05-13T19:37:13","slug":"bjordi-kam-fituar-shume","status":"publish","type":"post","link":"https:\/\/www.visit-ulcinj.com\/blog\/2009\/05\/13\/bjordi-kam-fituar-shume\/","title":{"rendered":"Bjordi : Kam fituar shum\u00eb"},"content":{"rendered":"<p><em><span class=\"newsdate\"><a href=\"http:\/\/www.visit-ulcinj.com\/blog\/wp-content\/uploads\/2009\/05\/bio-spetakel091.jpg\"><img loading=\"lazy\" class=\"alignleft size-full wp-image-21202\" title=\"bio-spetakel091\" src=\"http:\/\/www.visit-ulcinj.com\/blog\/wp-content\/uploads\/2009\/05\/bio-spetakel091.jpg\" alt=\"bio-spetakel091\" width=\"300\" height=\"205\" \/><\/a>09\/05\/09 21:09<\/span><\/em><\/p>\n<p>\u201cBig Brother\u201d ka dashur t`i v\u00eb n\u00eb v\u00ebshtir\u00ebsi banor\u00ebt duke u mund\u00ebsuar t\u00eb shikonin nj\u00eb klip me komente t\u00eb banor\u00ebve t\u00eb eleminuar. Adelajda , Bjordi, Mimoza dhe Anjeza kan\u00eb q\u00ebn\u00eb banor\u00ebt q\u00eb kan\u00eb d\u00ebgjuar komentet p\u00ebr to. Adelajda ka dashur t\u00eb replikoj\u00eb n\u00eb lidhje me k\u00ebto komente. Ajo ka th\u00ebn\u00eb q\u00eb ka b\u00ebr\u00eb miq brenda sht\u00ebpis\u00eb dhe se me to ka arritur deri n\u00eb finale. Nj\u00eb koment ishte q\u00eb ajo p\u00ebrdori mentalitetin p\u00ebr t\u00eb arritur n\u00eb finale , por ajo e ka kund\u00ebrshtuar k\u00ebt\u00eb gj\u00eb duke th\u00ebn\u00eb q\u00eb ajo po p\u00ebrpiqet ta ndryshoj\u00eb k\u00ebt\u00eb tek vetja e saj . Tem\u00eb debati p\u00ebr t\u00eb ka q\u00ebn\u00eb v\u00ebnia n\u00eb dyshim e lidhjes s\u00eb saj me Bjordin. Ajo ka th\u00ebn\u00eb q\u00eb cdo person q\u00eb e mendon dicka t\u00eb till\u00eb mund t\u00eb p\u00ebrballet me t\u00eb. Bjordi n\u00eb lidhje me komentet e banor\u00ebve shprehet i zg\u00ebnjyer nga fjal\u00ebt negative t\u00eb banor\u00ebve t\u00eb eleminuar kundrejt Adelajd\u00ebs. Ai thot\u00eb:-\u201cKam fituar shum\u00eb k\u00ebtu brenda!\u201d<\/p>\n","protected":false},"excerpt":{"rendered":"<p>09\/05\/09 21:09 \u201cBig Brother\u201d ka dashur t`i v\u00eb n\u00eb v\u00ebshtir\u00ebsi banor\u00ebt duke u mund\u00ebsuar t\u00eb shikonin nj\u00eb klip me komente t\u00eb banor\u00ebve t\u00eb eleminuar. Adelajda , Bjordi, Mimoza dhe Anjeza kan\u00eb q\u00ebn\u00eb banor\u00ebt q\u00eb kan\u00eb d\u00ebgjuar komentet p\u00ebr to. Adelajda ka dashur t\u00eb replikoj\u00eb n\u00eb lidhje me k\u00ebto komente. Ajo ka th\u00ebn\u00eb q\u00eb ka b\u00ebr\u00eb [&hellip;]<\/p>\n","protected":false},"author":1,"featured_media":0,"comment_status":"open","ping_status":"closed","sticky":false,"template":"","format":"standard","meta":{"spay_email":"","jetpack_publicize_message":"","jetpack_is_tweetstorm":false,"jetpack_publicize_feature_enabled":true},"categories":[6502],"tags":[6529,8289,9121,6522,6544,9751],"jetpack_publicize_connections":[],"yoast_head":"<!-- This site is optimized with the Yoast SEO plugin v19.1 - https:\/\/yoast.com\/wordpress\/plugins\/seo\/ -->\n<title>Bjordi : Kam fituar shum\u00c3\u00ab | Big Brother Albania 2<\/title>\n<meta name=\"description\" content=\"Big Brother Albania 2 - \u00e2\u20ac\u0153Big Brother\u00e2\u20ac\u009d ka dashur t`i v\u00c3\u00ab n\u00c3\u00ab v\u00c3\u00abshtir\u00c3\u00absi banor\u00c3\u00abt duke u mund\u00c3\u00absuar t\u00c3\u00ab shikonin nj\u00c3\u00ab klip me komente t\u00c3\u00ab banor\u00c3\u00abve t\u00c3\u00ab eleminuar.\" \/>\n<meta name=\"robots\" content=\"index, follow, max-snippet:-1, max-image-preview:large, max-video-preview:-1\" \/>\n<link rel=\"canonical\" href=\"https:\/\/www.visit-ulcinj.com\/blog\/2009\/05\/13\/bjordi-kam-fituar-shume\/\" \/>\n<meta property=\"og:locale\" content=\"en_US\" \/>\n<meta property=\"og:type\" content=\"article\" \/>\n<meta property=\"og:title\" content=\"Bjordi : Kam fituar shum\u00c3\u00ab | Big Brother Albania 2\" \/>\n<meta property=\"og:description\" content=\"Big Brother Albania 2 - \u00e2\u20ac\u0153Big Brother\u00e2\u20ac\u009d ka dashur t`i v\u00c3\u00ab n\u00c3\u00ab v\u00c3\u00abshtir\u00c3\u00absi banor\u00c3\u00abt duke u mund\u00c3\u00absuar t\u00c3\u00ab shikonin nj\u00c3\u00ab klip me komente t\u00c3\u00ab banor\u00c3\u00abve t\u00c3\u00ab eleminuar.\" \/>\n<meta property=\"og:url\" content=\"https:\/\/www.visit-ulcinj.com\/blog\/2009\/05\/13\/bjordi-kam-fituar-shume\/\" \/>\n<meta property=\"og:site_name\" content=\"Lajme nga Ulqini\" \/>\n<meta property=\"article:published_time\" content=\"2009-05-13T20:30:34+00:00\" \/>\n<meta property=\"article:modified_time\" content=\"2009-05-13T19:37:13+00:00\" \/>\n<meta property=\"og:image\" content=\"http:\/\/www.visit-ulcinj.com\/blog\/wp-content\/uploads\/2009\/05\/bio-spetakel091.jpg\" \/>\n<meta name=\"twitter:label1\" content=\"Written by\" \/>\n\t<meta name=\"twitter:data1\" content=\"ulqini\" \/>\n\t<meta name=\"twitter:label2\" content=\"Est. reading time\" \/>\n\t<meta name=\"twitter:data2\" content=\"1 minute\" \/>\n<script type=\"application\/ld+json\" class=\"yoast-schema-graph\">{\"@context\":\"https:\/\/schema.org\",\"@graph\":[{\"@type\":\"WebSite\",\"@id\":\"https:\/\/www.visit-ulcinj.com\/blog\/#website\",\"url\":\"https:\/\/www.visit-ulcinj.com\/blog\/\",\"name\":\"Lajme nga Ulqini\",\"description\":\"Lajme,Vijesti,Ulqini,Ulqin,Crna Gora,Mali i Zi\",\"potentialAction\":[{\"@type\":\"SearchAction\",\"target\":{\"@type\":\"EntryPoint\",\"urlTemplate\":\"https:\/\/www.visit-ulcinj.com\/blog\/?s={search_term_string}\"},\"query-input\":\"required name=search_term_string\"}],\"inLanguage\":\"en-US\"},{\"@type\":\"ImageObject\",\"inLanguage\":\"en-US\",\"@id\":\"https:\/\/www.visit-ulcinj.com\/blog\/2009\/05\/13\/bjordi-kam-fituar-shume\/#primaryimage\",\"url\":\"http:\/\/www.visit-ulcinj.com\/blog\/wp-content\/uploads\/2009\/05\/bio-spetakel091.jpg\",\"contentUrl\":\"http:\/\/www.visit-ulcinj.com\/blog\/wp-content\/uploads\/2009\/05\/bio-spetakel091.jpg\"},{\"@type\":\"WebPage\",\"@id\":\"https:\/\/www.visit-ulcinj.com\/blog\/2009\/05\/13\/bjordi-kam-fituar-shume\/#webpage\",\"url\":\"https:\/\/www.visit-ulcinj.com\/blog\/2009\/05\/13\/bjordi-kam-fituar-shume\/\",\"name\":\"Bjordi : Kam fituar shum\u00c3\u00ab | Big Brother Albania 2\",\"isPartOf\":{\"@id\":\"https:\/\/www.visit-ulcinj.com\/blog\/#website\"},\"primaryImageOfPage\":{\"@id\":\"https:\/\/www.visit-ulcinj.com\/blog\/2009\/05\/13\/bjordi-kam-fituar-shume\/#primaryimage\"},\"datePublished\":\"2009-05-13T20:30:34+00:00\",\"dateModified\":\"2009-05-13T19:37:13+00:00\",\"author\":{\"@id\":\"https:\/\/www.visit-ulcinj.com\/blog\/#\/schema\/person\/dcab619c614d3038751c63bc2aadc06d\"},\"description\":\"Big Brother Albania 2 - \u00e2\u20ac\u0153Big Brother\u00e2\u20ac\u009d ka dashur t`i v\u00c3\u00ab n\u00c3\u00ab v\u00c3\u00abshtir\u00c3\u00absi banor\u00c3\u00abt duke u mund\u00c3\u00absuar t\u00c3\u00ab shikonin nj\u00c3\u00ab klip me komente t\u00c3\u00ab banor\u00c3\u00abve t\u00c3\u00ab eleminuar.\",\"breadcrumb\":{\"@id\":\"https:\/\/www.visit-ulcinj.com\/blog\/2009\/05\/13\/bjordi-kam-fituar-shume\/#breadcrumb\"},\"inLanguage\":\"en-US\",\"potentialAction\":[{\"@type\":\"ReadAction\",\"target\":[\"https:\/\/www.visit-ulcinj.com\/blog\/2009\/05\/13\/bjordi-kam-fituar-shume\/\"]}]},{\"@type\":\"BreadcrumbList\",\"@id\":\"https:\/\/www.visit-ulcinj.com\/blog\/2009\/05\/13\/bjordi-kam-fituar-shume\/#breadcrumb\",\"itemListElement\":[{\"@type\":\"ListItem\",\"position\":1,\"name\":\"Bjordi : Kam fituar shum\u00eb\"}]},{\"@type\":\"Person\",\"@id\":\"https:\/\/www.visit-ulcinj.com\/blog\/#\/schema\/person\/dcab619c614d3038751c63bc2aadc06d\",\"name\":\"ulqini\",\"sameAs\":[\"http:\/\/www.visit-ulcinj.com\"],\"url\":\"https:\/\/www.visit-ulcinj.com\/blog\/author\/admin\/\"}]}<\/script>\n<!-- \/ Yoast SEO plugin. -->","yoast_head_json":{"title":"Bjordi : Kam fituar shum\u00c3\u00ab | Big Brother Albania 2","description":"Big Brother Albania 2 - \u00e2\u20ac\u0153Big Brother\u00e2\u20ac\u009d ka dashur t`i v\u00c3\u00ab n\u00c3\u00ab v\u00c3\u00abshtir\u00c3\u00absi banor\u00c3\u00abt duke u mund\u00c3\u00absuar t\u00c3\u00ab shikonin nj\u00c3\u00ab klip me komente t\u00c3\u00ab banor\u00c3\u00abve t\u00c3\u00ab eleminuar.","robots":{"index":"index","follow":"follow","max-snippet":"max-snippet:-1","max-image-preview":"max-image-preview:large","max-video-preview":"max-video-preview:-1"},"canonical":"https:\/\/www.visit-ulcinj.com\/blog\/2009\/05\/13\/bjordi-kam-fituar-shume\/","og_locale":"en_US","og_type":"article","og_title":"Bjordi : Kam fituar shum\u00c3\u00ab | Big Brother Albania 2","og_description":"Big Brother Albania 2 - \u00e2\u20ac\u0153Big Brother\u00e2\u20ac\u009d ka dashur t`i v\u00c3\u00ab n\u00c3\u00ab v\u00c3\u00abshtir\u00c3\u00absi banor\u00c3\u00abt duke u mund\u00c3\u00absuar t\u00c3\u00ab shikonin nj\u00c3\u00ab klip me komente t\u00c3\u00ab banor\u00c3\u00abve t\u00c3\u00ab eleminuar.","og_url":"https:\/\/www.visit-ulcinj.com\/blog\/2009\/05\/13\/bjordi-kam-fituar-shume\/","og_site_name":"Lajme nga Ulqini","article_published_time":"2009-05-13T20:30:34+00:00","article_modified_time":"2009-05-13T19:37:13+00:00","og_image":[{"url":"http:\/\/www.visit-ulcinj.com\/blog\/wp-content\/uploads\/2009\/05\/bio-spetakel091.jpg"}],"twitter_misc":{"Written by":"ulqini","Est. reading time":"1 minute"},"schema":{"@context":"https:\/\/schema.org","@graph":[{"@type":"WebSite","@id":"https:\/\/www.visit-ulcinj.com\/blog\/#website","url":"https:\/\/www.visit-ulcinj.com\/blog\/","name":"Lajme nga Ulqini","description":"Lajme,Vijesti,Ulqini,Ulqin,Crna Gora,Mali i Zi","potentialAction":[{"@type":"SearchAction","target":{"@type":"EntryPoint","urlTemplate":"https:\/\/www.visit-ulcinj.com\/blog\/?s={search_term_string}"},"query-input":"required name=search_term_string"}],"inLanguage":"en-US"},{"@type":"ImageObject","inLanguage":"en-US","@id":"https:\/\/www.visit-ulcinj.com\/blog\/2009\/05\/13\/bjordi-kam-fituar-shume\/#primaryimage","url":"http:\/\/www.visit-ulcinj.com\/blog\/wp-content\/uploads\/2009\/05\/bio-spetakel091.jpg","contentUrl":"http:\/\/www.visit-ulcinj.com\/blog\/wp-content\/uploads\/2009\/05\/bio-spetakel091.jpg"},{"@type":"WebPage","@id":"https:\/\/www.visit-ulcinj.com\/blog\/2009\/05\/13\/bjordi-kam-fituar-shume\/#webpage","url":"https:\/\/www.visit-ulcinj.com\/blog\/2009\/05\/13\/bjordi-kam-fituar-shume\/","name":"Bjordi : Kam fituar shum\u00c3\u00ab | Big Brother Albania 2","isPartOf":{"@id":"https:\/\/www.visit-ulcinj.com\/blog\/#website"},"primaryImageOfPage":{"@id":"https:\/\/www.visit-ulcinj.com\/blog\/2009\/05\/13\/bjordi-kam-fituar-shume\/#primaryimage"},"datePublished":"2009-05-13T20:30:34+00:00","dateModified":"2009-05-13T19:37:13+00:00","author":{"@id":"https:\/\/www.visit-ulcinj.com\/blog\/#\/schema\/person\/dcab619c614d3038751c63bc2aadc06d"},"description":"Big Brother Albania 2 - \u00e2\u20ac\u0153Big Brother\u00e2\u20ac\u009d ka dashur t`i v\u00c3\u00ab n\u00c3\u00ab v\u00c3\u00abshtir\u00c3\u00absi banor\u00c3\u00abt duke u mund\u00c3\u00absuar t\u00c3\u00ab shikonin nj\u00c3\u00ab klip me komente t\u00c3\u00ab banor\u00c3\u00abve t\u00c3\u00ab eleminuar.","breadcrumb":{"@id":"https:\/\/www.visit-ulcinj.com\/blog\/2009\/05\/13\/bjordi-kam-fituar-shume\/#breadcrumb"},"inLanguage":"en-US","potentialAction":[{"@type":"ReadAction","target":["https:\/\/www.visit-ulcinj.com\/blog\/2009\/05\/13\/bjordi-kam-fituar-shume\/"]}]},{"@type":"BreadcrumbList","@id":"https:\/\/www.visit-ulcinj.com\/blog\/2009\/05\/13\/bjordi-kam-fituar-shume\/#breadcrumb","itemListElement":[{"@type":"ListItem","position":1,"name":"Bjordi : Kam fituar shum\u00eb"}]},{"@type":"Person","@id":"https:\/\/www.visit-ulcinj.com\/blog\/#\/schema\/person\/dcab619c614d3038751c63bc2aadc06d","name":"ulqini","sameAs":["http:\/\/www.visit-ulcinj.com"],"url":"https:\/\/www.visit-ulcinj.com\/blog\/author\/admin\/"}]}},"jetpack_featured_media_url":"","jetpack_sharing_enabled":true,"jetpack_shortlink":"https:\/\/wp.me\/pe6lTn-5vW","_links":{"self":[{"href":"https:\/\/www.visit-ulcinj.com\/blog\/wp-json\/wp\/v2\/posts\/21200"}],"collection":[{"href":"https:\/\/www.visit-ulcinj.com\/blog\/wp-json\/wp\/v2\/posts"}],"about":[{"href":"https:\/\/www.visit-ulcinj.com\/blog\/wp-json\/wp\/v2\/types\/post"}],"author":[{"embeddable":true,"href":"https:\/\/www.visit-ulcinj.com\/blog\/wp-json\/wp\/v2\/users\/1"}],"replies":[{"embeddable":true,"href":"https:\/\/www.visit-ulcinj.com\/blog\/wp-json\/wp\/v2\/comments?post=21200"}],"version-history":[{"count":0,"href":"https:\/\/www.visit-ulcinj.com\/blog\/wp-json\/wp\/v2\/posts\/21200\/revisions"}],"wp:attachment":[{"href":"https:\/\/www.visit-ulcinj.com\/blog\/wp-json\/wp\/v2\/media?parent=21200"}],"wp:term":[{"taxonomy":"category","embeddable":true,"href":"https:\/\/www.visit-ulcinj.com\/blog\/wp-json\/wp\/v2\/categories?post=21200"},{"taxonomy":"post_tag","embeddable":true,"href":"https:\/\/www.visit-ulcinj.com\/blog\/wp-json\/wp\/v2\/tags?post=21200"}],"curies":[{"name":"wp","href":"https:\/\/api.w.org\/{rel}","templated":true}]}}