{"id":21205,"date":"2009-05-13T22:56:12","date_gmt":"2009-05-13T20:56:12","guid":{"rendered":"http:\/\/www.visit-ulcinj.com\/blog\/?p=21205"},"modified":"2009-05-13T22:56:12","modified_gmt":"2009-05-13T20:56:12","slug":"antoneta-njeshi-mbetet-njesh","status":"publish","type":"post","link":"https:\/\/www.visit-ulcinj.com\/blog\/2009\/05\/13\/antoneta-njeshi-mbetet-njesh\/","title":{"rendered":"Antoneta : Nj\u00ebshi mbetet nj\u00ebsh"},"content":{"rendered":"<p><em><span class=\"newsdate\"><a href=\"http:\/\/www.visit-ulcinj.com\/blog\/wp-content\/uploads\/2009\/05\/bio-me-mamin10.jpg\"><img loading=\"lazy\" class=\"alignleft size-full wp-image-21207\" title=\"bio-me-mamin10-big-brother-albania-2\" src=\"http:\/\/www.visit-ulcinj.com\/blog\/wp-content\/uploads\/2009\/05\/bio-me-mamin10.jpg\" alt=\"bio-me-mamin10-big-brother-albania-2\" width=\"300\" height=\"205\" \/><\/a>10\/05\/09 12:49<\/span><\/em><\/p>\n<p>Bjordi ka p\u00ebrfituar p\u00ebr t\u00eb b\u00ebr\u00eb nj\u00eb sht\u00ebtitje n\u00eb kop\u00ebsht me mamin e tij dhe p\u00ebr t\u00eb biseduar me t\u00eb. Bjordi \u00ebsht\u00eb i shqet\u00ebsuar dhe ajo e v\u00eb re k\u00ebt\u00eb gj\u00eb tek ai.\u00a0Duke q\u00ebn\u00eb java e fundit e loj\u00ebs ajo e k\u00ebshillon q\u00eb ai t\u00eb p\u00ebrq\u00ebndrohet pak m\u00eb shum\u00eb tek vetja. Ai i thot\u00eb q\u00eb n\u00eb k\u00ebt\u00eb pik\u00eb nuk ka alternativ\u00eb tjet\u00ebr p\u00ebrvecse t\u00eb p\u00ebrq\u00ebdrohet tek vetja. Ajo i thot\u00eb q\u00eb po mundohet t`i krijoj\u00eb kushtet q\u00eb mos t`i mungoj\u00eb asgj\u00eb kur t\u00eb dal\u00eb jasht\u00eb. Sipas saj njer\u00ebzit jasht\u00eb presin shum\u00eb nga Bjordi ndaj ai duhet t\u00eb vazhdoj\u00eb ende t\u00eb jap\u00eb brenda sht\u00ebpis\u00eb. Ai i thot\u00eb q\u00eb e ka b\u00ebr\u00eb k\u00ebt\u00eb gj\u00eb dhe shton:-\u201cUn\u00eb dy muaj e gjys\u00ebm kam q\u00ebn\u00eb Bjordi!\u201d Ajo e krahason fitoren n\u00eb \u201cBig Brother\u201d me sportin e notit dhe thot\u00eb:-\u201cNj\u00ebshi mbetet nj\u00ebsh!\u201d Sipas saj ai duhet t\u00eb eci me nj\u00eb objektiv dhe duhet t\u00eb luaj t\u00eb gjitha gur\u00ebt n\u00eb dispozicion.<\/p>\n","protected":false},"excerpt":{"rendered":"<p>10\/05\/09 12:49 Bjordi ka p\u00ebrfituar p\u00ebr t\u00eb b\u00ebr\u00eb nj\u00eb sht\u00ebtitje n\u00eb kop\u00ebsht me mamin e tij dhe p\u00ebr t\u00eb biseduar me t\u00eb. Bjordi \u00ebsht\u00eb i shqet\u00ebsuar dhe ajo e v\u00eb re k\u00ebt\u00eb gj\u00eb tek ai.\u00a0Duke q\u00ebn\u00eb java e fundit e loj\u00ebs ajo e k\u00ebshillon q\u00eb ai t\u00eb p\u00ebrq\u00ebndrohet pak m\u00eb shum\u00eb tek vetja. Ai i [&hellip;]<\/p>\n","protected":false},"author":1,"featured_media":0,"comment_status":"open","ping_status":"closed","sticky":false,"template":"","format":"standard","meta":{"spay_email":"","jetpack_publicize_message":"","jetpack_is_tweetstorm":false,"jetpack_publicize_feature_enabled":true},"categories":[6502],"tags":[9463,9121,6522,10331,9751],"jetpack_publicize_connections":[],"yoast_head":"<!-- This site is optimized with the Yoast SEO plugin v19.1 - https:\/\/yoast.com\/wordpress\/plugins\/seo\/ -->\n<title>Antoneta : Nj\u00c3\u00abshi mbetet nj\u00c3\u00absh | Big Brother Albania 2<\/title>\n<meta name=\"description\" content=\"Big Brother Albania 2 - Bjordi ka p\u00c3\u00abrfituar p\u00c3\u00abr t\u00c3\u00ab b\u00c3\u00abr\u00c3\u00ab nj\u00c3\u00ab sht\u00c3\u00abtitje n\u00c3\u00ab kop\u00c3\u00absht me mamin e tij dhe p\u00c3\u00abr t\u00c3\u00ab biseduar me t\u00c3\u00ab. Bjordi \u00c3\u00absht\u00c3\u00ab i shqet\u00c3\u00absuar dhe ajo e v\u00c3\u00ab re k\u00c3\u00abt\u00c3\u00ab gj\u00c3\u00ab tek ai.\" \/>\n<meta name=\"robots\" content=\"index, follow, max-snippet:-1, max-image-preview:large, max-video-preview:-1\" \/>\n<link rel=\"canonical\" href=\"https:\/\/www.visit-ulcinj.com\/blog\/2009\/05\/13\/antoneta-njeshi-mbetet-njesh\/\" \/>\n<meta property=\"og:locale\" content=\"en_US\" \/>\n<meta property=\"og:type\" content=\"article\" \/>\n<meta property=\"og:title\" content=\"Antoneta : Nj\u00c3\u00abshi mbetet nj\u00c3\u00absh | Big Brother Albania 2\" \/>\n<meta property=\"og:description\" content=\"Big Brother Albania 2 - Bjordi ka p\u00c3\u00abrfituar p\u00c3\u00abr t\u00c3\u00ab b\u00c3\u00abr\u00c3\u00ab nj\u00c3\u00ab sht\u00c3\u00abtitje n\u00c3\u00ab kop\u00c3\u00absht me mamin e tij dhe p\u00c3\u00abr t\u00c3\u00ab biseduar me t\u00c3\u00ab. Bjordi \u00c3\u00absht\u00c3\u00ab i shqet\u00c3\u00absuar dhe ajo e v\u00c3\u00ab re k\u00c3\u00abt\u00c3\u00ab gj\u00c3\u00ab tek ai.\" \/>\n<meta property=\"og:url\" content=\"https:\/\/www.visit-ulcinj.com\/blog\/2009\/05\/13\/antoneta-njeshi-mbetet-njesh\/\" \/>\n<meta property=\"og:site_name\" content=\"Lajme nga Ulqini\" \/>\n<meta property=\"article:published_time\" content=\"2009-05-13T20:56:12+00:00\" \/>\n<meta property=\"og:image\" content=\"http:\/\/www.visit-ulcinj.com\/blog\/wp-content\/uploads\/2009\/05\/bio-me-mamin10.jpg\" \/>\n<meta name=\"twitter:label1\" content=\"Written by\" \/>\n\t<meta name=\"twitter:data1\" content=\"ulqini\" \/>\n\t<meta name=\"twitter:label2\" content=\"Est. reading time\" \/>\n\t<meta name=\"twitter:data2\" content=\"1 minute\" \/>\n<script type=\"application\/ld+json\" class=\"yoast-schema-graph\">{\"@context\":\"https:\/\/schema.org\",\"@graph\":[{\"@type\":\"WebSite\",\"@id\":\"https:\/\/www.visit-ulcinj.com\/blog\/#website\",\"url\":\"https:\/\/www.visit-ulcinj.com\/blog\/\",\"name\":\"Lajme nga Ulqini\",\"description\":\"Lajme,Vijesti,Ulqini,Ulqin,Crna Gora,Mali i Zi\",\"potentialAction\":[{\"@type\":\"SearchAction\",\"target\":{\"@type\":\"EntryPoint\",\"urlTemplate\":\"https:\/\/www.visit-ulcinj.com\/blog\/?s={search_term_string}\"},\"query-input\":\"required name=search_term_string\"}],\"inLanguage\":\"en-US\"},{\"@type\":\"ImageObject\",\"inLanguage\":\"en-US\",\"@id\":\"https:\/\/www.visit-ulcinj.com\/blog\/2009\/05\/13\/antoneta-njeshi-mbetet-njesh\/#primaryimage\",\"url\":\"http:\/\/www.visit-ulcinj.com\/blog\/wp-content\/uploads\/2009\/05\/bio-me-mamin10.jpg\",\"contentUrl\":\"http:\/\/www.visit-ulcinj.com\/blog\/wp-content\/uploads\/2009\/05\/bio-me-mamin10.jpg\"},{\"@type\":\"WebPage\",\"@id\":\"https:\/\/www.visit-ulcinj.com\/blog\/2009\/05\/13\/antoneta-njeshi-mbetet-njesh\/#webpage\",\"url\":\"https:\/\/www.visit-ulcinj.com\/blog\/2009\/05\/13\/antoneta-njeshi-mbetet-njesh\/\",\"name\":\"Antoneta : Nj\u00c3\u00abshi mbetet nj\u00c3\u00absh | Big Brother Albania 2\",\"isPartOf\":{\"@id\":\"https:\/\/www.visit-ulcinj.com\/blog\/#website\"},\"primaryImageOfPage\":{\"@id\":\"https:\/\/www.visit-ulcinj.com\/blog\/2009\/05\/13\/antoneta-njeshi-mbetet-njesh\/#primaryimage\"},\"datePublished\":\"2009-05-13T20:56:12+00:00\",\"dateModified\":\"2009-05-13T20:56:12+00:00\",\"author\":{\"@id\":\"https:\/\/www.visit-ulcinj.com\/blog\/#\/schema\/person\/dcab619c614d3038751c63bc2aadc06d\"},\"description\":\"Big Brother Albania 2 - Bjordi ka p\u00c3\u00abrfituar p\u00c3\u00abr t\u00c3\u00ab b\u00c3\u00abr\u00c3\u00ab nj\u00c3\u00ab sht\u00c3\u00abtitje n\u00c3\u00ab kop\u00c3\u00absht me mamin e tij dhe p\u00c3\u00abr t\u00c3\u00ab biseduar me t\u00c3\u00ab. Bjordi \u00c3\u00absht\u00c3\u00ab i shqet\u00c3\u00absuar dhe ajo e v\u00c3\u00ab re k\u00c3\u00abt\u00c3\u00ab gj\u00c3\u00ab tek ai.\",\"breadcrumb\":{\"@id\":\"https:\/\/www.visit-ulcinj.com\/blog\/2009\/05\/13\/antoneta-njeshi-mbetet-njesh\/#breadcrumb\"},\"inLanguage\":\"en-US\",\"potentialAction\":[{\"@type\":\"ReadAction\",\"target\":[\"https:\/\/www.visit-ulcinj.com\/blog\/2009\/05\/13\/antoneta-njeshi-mbetet-njesh\/\"]}]},{\"@type\":\"BreadcrumbList\",\"@id\":\"https:\/\/www.visit-ulcinj.com\/blog\/2009\/05\/13\/antoneta-njeshi-mbetet-njesh\/#breadcrumb\",\"itemListElement\":[{\"@type\":\"ListItem\",\"position\":1,\"name\":\"Antoneta : Nj\u00ebshi mbetet nj\u00ebsh\"}]},{\"@type\":\"Person\",\"@id\":\"https:\/\/www.visit-ulcinj.com\/blog\/#\/schema\/person\/dcab619c614d3038751c63bc2aadc06d\",\"name\":\"ulqini\",\"sameAs\":[\"http:\/\/www.visit-ulcinj.com\"],\"url\":\"https:\/\/www.visit-ulcinj.com\/blog\/author\/admin\/\"}]}<\/script>\n<!-- \/ Yoast SEO plugin. -->","yoast_head_json":{"title":"Antoneta : Nj\u00c3\u00abshi mbetet nj\u00c3\u00absh | Big Brother Albania 2","description":"Big Brother Albania 2 - Bjordi ka p\u00c3\u00abrfituar p\u00c3\u00abr t\u00c3\u00ab b\u00c3\u00abr\u00c3\u00ab nj\u00c3\u00ab sht\u00c3\u00abtitje n\u00c3\u00ab kop\u00c3\u00absht me mamin e tij dhe p\u00c3\u00abr t\u00c3\u00ab biseduar me t\u00c3\u00ab. Bjordi \u00c3\u00absht\u00c3\u00ab i shqet\u00c3\u00absuar dhe ajo e v\u00c3\u00ab re k\u00c3\u00abt\u00c3\u00ab gj\u00c3\u00ab tek ai.","robots":{"index":"index","follow":"follow","max-snippet":"max-snippet:-1","max-image-preview":"max-image-preview:large","max-video-preview":"max-video-preview:-1"},"canonical":"https:\/\/www.visit-ulcinj.com\/blog\/2009\/05\/13\/antoneta-njeshi-mbetet-njesh\/","og_locale":"en_US","og_type":"article","og_title":"Antoneta : Nj\u00c3\u00abshi mbetet nj\u00c3\u00absh | Big Brother Albania 2","og_description":"Big Brother Albania 2 - Bjordi ka p\u00c3\u00abrfituar p\u00c3\u00abr t\u00c3\u00ab b\u00c3\u00abr\u00c3\u00ab nj\u00c3\u00ab sht\u00c3\u00abtitje n\u00c3\u00ab kop\u00c3\u00absht me mamin e tij dhe p\u00c3\u00abr t\u00c3\u00ab biseduar me t\u00c3\u00ab. Bjordi \u00c3\u00absht\u00c3\u00ab i shqet\u00c3\u00absuar dhe ajo e v\u00c3\u00ab re k\u00c3\u00abt\u00c3\u00ab gj\u00c3\u00ab tek ai.","og_url":"https:\/\/www.visit-ulcinj.com\/blog\/2009\/05\/13\/antoneta-njeshi-mbetet-njesh\/","og_site_name":"Lajme nga Ulqini","article_published_time":"2009-05-13T20:56:12+00:00","og_image":[{"url":"http:\/\/www.visit-ulcinj.com\/blog\/wp-content\/uploads\/2009\/05\/bio-me-mamin10.jpg"}],"twitter_misc":{"Written by":"ulqini","Est. reading time":"1 minute"},"schema":{"@context":"https:\/\/schema.org","@graph":[{"@type":"WebSite","@id":"https:\/\/www.visit-ulcinj.com\/blog\/#website","url":"https:\/\/www.visit-ulcinj.com\/blog\/","name":"Lajme nga Ulqini","description":"Lajme,Vijesti,Ulqini,Ulqin,Crna Gora,Mali i Zi","potentialAction":[{"@type":"SearchAction","target":{"@type":"EntryPoint","urlTemplate":"https:\/\/www.visit-ulcinj.com\/blog\/?s={search_term_string}"},"query-input":"required name=search_term_string"}],"inLanguage":"en-US"},{"@type":"ImageObject","inLanguage":"en-US","@id":"https:\/\/www.visit-ulcinj.com\/blog\/2009\/05\/13\/antoneta-njeshi-mbetet-njesh\/#primaryimage","url":"http:\/\/www.visit-ulcinj.com\/blog\/wp-content\/uploads\/2009\/05\/bio-me-mamin10.jpg","contentUrl":"http:\/\/www.visit-ulcinj.com\/blog\/wp-content\/uploads\/2009\/05\/bio-me-mamin10.jpg"},{"@type":"WebPage","@id":"https:\/\/www.visit-ulcinj.com\/blog\/2009\/05\/13\/antoneta-njeshi-mbetet-njesh\/#webpage","url":"https:\/\/www.visit-ulcinj.com\/blog\/2009\/05\/13\/antoneta-njeshi-mbetet-njesh\/","name":"Antoneta : Nj\u00c3\u00abshi mbetet nj\u00c3\u00absh | Big Brother Albania 2","isPartOf":{"@id":"https:\/\/www.visit-ulcinj.com\/blog\/#website"},"primaryImageOfPage":{"@id":"https:\/\/www.visit-ulcinj.com\/blog\/2009\/05\/13\/antoneta-njeshi-mbetet-njesh\/#primaryimage"},"datePublished":"2009-05-13T20:56:12+00:00","dateModified":"2009-05-13T20:56:12+00:00","author":{"@id":"https:\/\/www.visit-ulcinj.com\/blog\/#\/schema\/person\/dcab619c614d3038751c63bc2aadc06d"},"description":"Big Brother Albania 2 - Bjordi ka p\u00c3\u00abrfituar p\u00c3\u00abr t\u00c3\u00ab b\u00c3\u00abr\u00c3\u00ab nj\u00c3\u00ab sht\u00c3\u00abtitje n\u00c3\u00ab kop\u00c3\u00absht me mamin e tij dhe p\u00c3\u00abr t\u00c3\u00ab biseduar me t\u00c3\u00ab. Bjordi \u00c3\u00absht\u00c3\u00ab i shqet\u00c3\u00absuar dhe ajo e v\u00c3\u00ab re k\u00c3\u00abt\u00c3\u00ab gj\u00c3\u00ab tek ai.","breadcrumb":{"@id":"https:\/\/www.visit-ulcinj.com\/blog\/2009\/05\/13\/antoneta-njeshi-mbetet-njesh\/#breadcrumb"},"inLanguage":"en-US","potentialAction":[{"@type":"ReadAction","target":["https:\/\/www.visit-ulcinj.com\/blog\/2009\/05\/13\/antoneta-njeshi-mbetet-njesh\/"]}]},{"@type":"BreadcrumbList","@id":"https:\/\/www.visit-ulcinj.com\/blog\/2009\/05\/13\/antoneta-njeshi-mbetet-njesh\/#breadcrumb","itemListElement":[{"@type":"ListItem","position":1,"name":"Antoneta : Nj\u00ebshi mbetet nj\u00ebsh"}]},{"@type":"Person","@id":"https:\/\/www.visit-ulcinj.com\/blog\/#\/schema\/person\/dcab619c614d3038751c63bc2aadc06d","name":"ulqini","sameAs":["http:\/\/www.visit-ulcinj.com"],"url":"https:\/\/www.visit-ulcinj.com\/blog\/author\/admin\/"}]}},"jetpack_featured_media_url":"","jetpack_sharing_enabled":true,"jetpack_shortlink":"https:\/\/wp.me\/pe6lTn-5w1","_links":{"self":[{"href":"https:\/\/www.visit-ulcinj.com\/blog\/wp-json\/wp\/v2\/posts\/21205"}],"collection":[{"href":"https:\/\/www.visit-ulcinj.com\/blog\/wp-json\/wp\/v2\/posts"}],"about":[{"href":"https:\/\/www.visit-ulcinj.com\/blog\/wp-json\/wp\/v2\/types\/post"}],"author":[{"embeddable":true,"href":"https:\/\/www.visit-ulcinj.com\/blog\/wp-json\/wp\/v2\/users\/1"}],"replies":[{"embeddable":true,"href":"https:\/\/www.visit-ulcinj.com\/blog\/wp-json\/wp\/v2\/comments?post=21205"}],"version-history":[{"count":0,"href":"https:\/\/www.visit-ulcinj.com\/blog\/wp-json\/wp\/v2\/posts\/21205\/revisions"}],"wp:attachment":[{"href":"https:\/\/www.visit-ulcinj.com\/blog\/wp-json\/wp\/v2\/media?parent=21205"}],"wp:term":[{"taxonomy":"category","embeddable":true,"href":"https:\/\/www.visit-ulcinj.com\/blog\/wp-json\/wp\/v2\/categories?post=21205"},{"taxonomy":"post_tag","embeddable":true,"href":"https:\/\/www.visit-ulcinj.com\/blog\/wp-json\/wp\/v2\/tags?post=21205"}],"curies":[{"name":"wp","href":"https:\/\/api.w.org\/{rel}","templated":true}]}}