{"id":2121,"date":"2008-06-29T13:44:24","date_gmt":"2008-06-29T18:44:24","guid":{"rendered":"http:\/\/www.visit-ulcinj.com\/blog\/?p=2121"},"modified":"2008-06-29T13:55:28","modified_gmt":"2008-06-29T18:55:28","slug":"serbet-formuan-kuvendin-e-tyre-ne-kosove","status":"publish","type":"post","link":"https:\/\/www.visit-ulcinj.com\/blog\/2008\/06\/29\/serbet-formuan-kuvendin-e-tyre-ne-kosove\/","title":{"rendered":"Serb\u00ebt formuan Kuvendin e tyr\u00eb n\u00eb Kosov\u00eb"},"content":{"rendered":"<p><a title=\"SERBET E KOSOVES\" href=\"http:\/\/alsat-m.tv\/thumbnail.php?file=vidovdensko_sobranie_555969996_556546474.jpg&amp;size=article_small\" target=\"_blank\"><img loading=\"lazy\" class=\"alignleft\" style=\"float: left;\" src=\"http:\/\/alsat-m.tv\/thumbnail.php?file=vidovdensko_sobranie_555969996_556546474.jpg&amp;size=article_small\" alt=\"SERBET KRIJUAN KUVENDIN NE KOSOV\" width=\"294\" height=\"189\" \/><\/a>Dy lid\u00ebr\u00ebt \u00eb serb\u00ebv\u00eb lokal t\u00eb Kosov\u00ebs Rada Trajkoviq dh\u00eb Oliver Ivanoviq jan\u00eb deklaruar kund\u00ebr Kuvendit t\u00eb Vidovdanit, i cili nuk do zgjidh problemet \u00eb serb\u00ebve kosovar.<br \/>\nN\u00eb prani t\u00eb ministrit p\u00ebr Kosov\u00ebn n\u00eb Qeverin\u00eb e Serbis\u00eb Sllobodan Samargjiq serb\u00ebt e Kosov\u00ebs kan\u00eb formuar t\u00eb shtun\u00ebn pasdite Kuvendin e tyre paralele, duke thelluar edhe m\u00ebtej ndasit\u00eb me shumic\u00ebn shqiptare.<br \/>\nDyzet\u00eb e tre deputet\u00eb t\u00eb zgjedhur n\u00eb zgjedhjet e 11 majit q\u00eb Serbia megjith\u00eb kund\u00ebrshtimin e autoriteve vendore dhe nd\u00ebrkomb\u00ebtare, i organizoi edhe brenda territorit t\u00eb pavarur t\u00eb Kosov\u00ebs kan\u00eb ngritur dor\u00ebn p\u00ebr t\u00eb themeluar k\u00ebt\u00eb mekaniz\u00ebm paralel dhe p\u00ebr t\u00eb p\u00ebrmbyllur me t\u00eb ciklin e krijimit t\u00eb strukturave paralele komunale n\u00eb t\u00eb gjitha enklavat serbe dhe n\u00eb veri t\u00eb Kosov\u00ebs, t\u00eb kontrolluar nga pjes\u00ebtar\u00ebt e k\u00ebsaj pakice.<br \/>\nMbledhja p\u00ebr konstituimin, si\u00e7 e kan\u00eb quajtur serb\u00ebt, t\u00eb Kuvendit t\u00eb Bashk\u00ebsis\u00eb s\u00eb Komunave t\u00eb Kosov\u00ebs dhe Metohis\u00eb&#8221;, e cila ka filluar rreth or\u00ebs 16:00 \u00ebsht\u00eb zhvilluar n\u00eb nj\u00eb godin\u00eb n\u00eb pjes\u00ebn veriore t\u00eb Kosov\u00ebs, ku krahas ministrit Samarxhiq kan\u00eb marr\u00eb pjes\u00eb edhe zyrtar\u00eb t\u00eb tjer\u00eb serb\u00eb nga jeta politike, kulturore dhe publike e Serbis\u00eb.<br \/>\nNj\u00eb nga p\u00ebrfaq\u00ebsuesit e serb\u00ebve n\u00eb veri, Marko Jakshiq, ka th\u00ebn\u00eb se Kuvendi &#8220;do t\u00eb jet\u00eb gur\u00eb themeltar p\u00ebr mbrojtjen e interesave serbe n\u00eb Kosov\u00eb&#8221;.<img loading=\"lazy\" class=\"alignright\" style=\"float: right;\" src=\"http:\/\/www.kosovapress.com\/ks\/repository\/images\/ivanovic_thmb.jpg\" alt=\"OLIVER IVANOVIC\" width=\"145\" height=\"189\" \/><br \/>\nKuvendi paralel serb \u00ebsht\u00eb formuar nga njer\u00ebz t\u00eb af\u00ebrt dhe lojal t\u00eb partive nacionaliste serbe, t\u00eb partis\u00eb Radikale dhe partis\u00eb s\u00eb kryeministrit serb n\u00eb largim Vojisllav Koshtunica, t\u00eb cilat tani do t&#8217;i p\u00ebrkasin opozit\u00ebs n\u00eb Beograd. Madje, krijimi i k\u00ebtij kuvendi paralel nuk ka gjetur as p\u00ebrkrahjen e disa lider\u00ebve kryesor t\u00eb serb\u00ebve t\u00eb Kosov\u00ebs dhe t\u00eb nj\u00eb pjese t\u00eb qytetar\u00ebve serb.<br \/>\n&#8220;Ai kuvend nuk e ka as fuqin\u00eb ligjore as ekzekutive. Ne na duhet p\u00ebrmir\u00ebsimi i problemeve. Zgjidhja e tyre do t\u00eb b\u00ebhej p\u00ebrmes arritjes s\u00eb nj\u00eb marr\u00ebveshjejmidis serb\u00ebve t\u00eb Kosov\u00ebs, shtetit t\u00eb Serbis\u00eb dhe shqiptar\u00ebve t\u00eb Kosov\u00ebs dhe Metohis\u00eb, q\u00eb ata t\u00eb bien dakord p\u00ebr nj\u00eb jet\u00eb t\u00eb qet\u00eb dhe p\u00ebr nj\u00eb ardhm\u00ebri t\u00eb t\u00eb gjith\u00eb t\u00eb rinj\u00ebve q\u00eb jetojn\u00eb n\u00eb k\u00ebt\u00eb rajon&#8221; deklaroi Rada Trajkoviq, Kryetare e K\u00ebshillit Nacional Serb.<br \/>\nEdhe lideri i list\u00ebs serbe p\u00ebr Kosov\u00ebn Oliver Ivanoviq shprehet fuqish\u00ebm kund\u00ebr krijimit t\u00eb k\u00ebtij kuvendi paralel serb\u00eb.<br \/>\n&#8220;Krijimi i k\u00ebtij kuvendi nuk paraqet asgj\u00eb para se gjithash p\u00ebr shkak se k\u00ebt\u00eb kuvend e p\u00ebrb\u00ebjn\u00eb partit\u00eb opozitare t\u00eb Serbis\u00eb q\u00ebllimi i t\u00eb cilave \u00ebsht\u00eb t&#8217;i dalin p\u00ebrball\u00eb Qeveris\u00eb s\u00eb Serbis\u00eb, apo qeveris\u00eb proevropiane, dhe ky lloji strukture dhe institucioni nuk mund t\u00eb komunikoj\u00eb as me institucionet nd\u00ebrkomb\u00ebtare n\u00eb Kosov\u00eb, as me shqiptar\u00ebt e Kosov\u00ebs dhe \u00ebsht\u00eb e domosdoshme edhe nj\u00ebra edhe tjetra, n\u00ebse d\u00ebshirojm\u00eb ta p\u00ebrmir\u00ebsojm\u00eb jet\u00ebn dhe q\u00ebndrimin e serb\u00ebve k\u00ebtu&#8221;, tha Oliver Ivanoviq, Kryetar i List\u00ebs Serbe p\u00ebr Kosov\u00ebn.<br \/>\n<a title=\"Ram\u00eb Manaj\" href=\"http:\/\/www.ks-gov.net\/pm\/Portals\/0\/Ministrat\/Qeveria%20e%20re\/ZvKM%20Manaj1.JPG\" target=\"_blank\"><img loading=\"lazy\" class=\"alignleft\" style=\"float: left;\" src=\"http:\/\/www.ks-gov.net\/pm\/Portals\/0\/Ministrat\/Qeveria%20e%20re\/ZvKM%20Manaj1.JPG\" alt=\"Ram\u00eb Manaj\" width=\"110\" height=\"139\" \/><\/a>Krijimi i t\u00eb ashtuquajturit &#8220;Kuvendi i Bashk\u00ebsis\u00eb s\u00eb Komunave t\u00eb Kosov\u00ebs dhe Metohis\u00eb&#8221;, \u00ebsht\u00eb d\u00ebnuar ashp\u00ebr nga institucionet e Republik\u00ebs, t\u00eb cilat e kan\u00eb quajtur at\u00eb ilegal dhe q\u00eb ka p\u00ebr q\u00ebllim destabilizimin e Kosov\u00ebs.<br \/>\nZ\u00ebved\u00ebskryeministri Ram\u00eb Manaj e ka quajtur ilegal dhe t\u00eb papranush\u00ebm krijimin e k\u00ebtij Kuvendi. Ramaj ka th\u00ebn\u00eb se t\u00eb gjitha k\u00ebto jan\u00eb p\u00ebrpjekje joligjore t\u00eb serb\u00ebve t\u00eb cilat nuk prodhojn\u00eb asnj\u00eb efekte juridike, por q\u00eb sipas tij, u sh\u00ebrbejn\u00eb nj\u00eb grupi t\u00eb caktuar serb\u00ebsht p\u00ebr t\u00eb p\u00ebrmbushur synimet e tyre mashtruese ndaj bashk\u00ebkombas\u00ebve t\u00eb vet.<br \/>\n<strong><br \/>\nAutor \/ ALSAT-M-TV<\/strong><\/p>\n<p><!-- vimeo error: not a vimeo video --><br \/>\n<a class=\"aligncenter\" title=\"Apatin,  Aran?elovac,  ?uprija,  ?a?ak,  ?apljina,  ?itluk,  \u0160abac,  \u0160ipovo,  \u0160iroki Brijeg,  \u017dep?e,  \u017divinice,  Ba?ka Palanka,  Banja Luka,  Banovi?i,  Be?ej,  beograd,  Biha?,  Bijeljina,  Bor,  Bor?a,  Bosanska Gradi\u0161ka,  Bosanska Krupa,  Bosanski \u0160amac,  Bosanski Brod,  Bosanski Novi,  Br?ko,  Bu\u017eim,  Bugojno,  Cazin,  Crna Gora,  Derventa,  Doboj,  Donji Vakuf,  Drvar,  Dubrovnik,  Fo?a,  Fojnica,  Glamo?,  Gora\u017ede,  Gornji Milanovac,  Gornji Vakuf,  gostivar,  Gra?anica,  Grada?ac,  Gradiska,  Grahovo,  Had\u017ei?i,  Ilid\u017ea,  In?ija,  Jablanica,  Jagodina,  Jajce,  Kakanj,  Kalu?erica,  Kikinda,  Klju?,  Konjic,Vacation Apartments Room in Ulcinj,Unterkunft in Ulcinj Montenegro,Vacations in Ulcinj,your holiday discount price ulcinj,Ulcinj Apartments Holiday,holiday vacation apartment ulcinj,Real Estate Property Vacation ulcinj,Holiday accommodation ulcinj,ulcinj Holiday Villas and Apartments ,Hotels and Resorts - Ulcinj, Kotor Varo\u0161,  Kragujevac,  Kraljevo,  Kru\u0161evac,  Kula,  Kupres,  Lakta\u0161i,  Lazarevac,  Leskovac,  Livno,  Ljubinje,  ljublana,  Ljubu\u0161ki,  Loznica,  Lukavac,  Maglaj,  Mladenovac,  Modri?a,  montenegro erlajnz,  mostar,  Mrkonji? Grad,  Neum,  Ni\u0161,  Novi Pazar,  Novi Sad,  Novi Travnik,  Obrenovac,  Od\u017eak,  ohrid,  Ora\u0161je,  Pale,  Pan?evo,  Para?in,  Pirot,  Po\u017earevac,  Podgorica,  Priboj,  Prijedor,  Prokuplje,  Prozor,  pula,  rijeka,  Ruma,  Sanski Most,  Sarajevo,  Senta,  serbija,  sibenik,  skopje,  Smederevo,  Smederevska Palanka,  Sokolac,  Sombor,  split,  Srebrenica,  Srebrenik,  Sremska Mitrovica,  Stolac,  Struga,  Subotica,  Temerin,  Tesli?,  tetovo,  Travnik,  Trebinje,  tuzla,  U\u017eice,  ulcinj,  Valjevo,  Velika Kladu\u0161a,  Vi\u0161egrad,  Visoko,  Vitez,  Vogo\u0161?a,  vojvodina,  Vranje,  Vr\u0161ac,  Vrbas,  zadar,  Zagreb,  Zaje?ar,  Zavidovi?i,  Zenica,  Zrenjanin,  Zvornik,copacabana ulcinj,  h\u00f4tels,  hotel ulqin,  Kosova,  Mali i Zi,  Maqedonija,  Montenegro,  montenegro tourisme plage,  montenegro ulcinj,  Shpallje Falas,  Shpallje Falas per shitjen e shtepis se juaj,  Shpallje Falas per villat e juaj,  Shpallje Falas Real Estate,  Shpallje Falas turistike,  shqiperija,  tourisme,  Ulci?,  ulcinj,  ulqin,  ulqin hotel,  ulqini,  ulqini 2007,Ada Bojana,  Alba?czyk,  Cita di Dolcino,  Copacabana,  Czarnog\u00f3ra,  Czarnog\u00f3rzec,  Don Kichota,  Ma?a Pla?a,  Mandra,  MIGUEL DE SERVANTES,  p\u00f3?wyspy Marjan,  Pla?a Valdanos,  Rzeka Bojana,  Shas \/ \u0160as \/ Sva?,  Ulci?,  Ulcinjsk? Riwier?,  Wielka Pla?a,  Wyspa Bojana,WELCOME ,BIENVENUE , WILLKOMMEN ,- BENVENUTO ,- MIR\u00cb SE VINI ,- DOBRO DO\u0160LI TO ULCINJ \/ ULQIN ,\u2013 MONTENEGRO ,????? ?????????? ,- VITAJTE, - BRUCHIM HABAYIM ,-V\u00cdTEJTE, - WITAJCIE, - KHOSH \u00c2MAD\u00ceD ,- BITAEMO ,- CHAIRE, - ZAPRASHAJEM ,- V\u00c4LKOMMEN,  - VELKOMMEN ,- DOBRE DOSHLE, - PARI YEGAK ,- SW\u00c2GATAM, - ISTEN HOZTA, - ZAYT VILKUM, - HO?GELDINIZ ,- BIENVENIDOS ,- SUSHRI AKAL, - HUSH KILDEGEZ, - BUN VENIT, - PE KHER RAGLE, - BEM-VINDO, - HUAN YIN ,- BIEN ATI VENI ,- \u00c2SANTU ,- SELAMAT DATANG, - W\u00cbLLKOMM ,- XUSH AMD\u00ceD, - SVEIKI, - HUN BI XER HATIN, - KIRINIZ ,- ENNA ,VISHAYAM ,- MERHABA ,- F\u00c1ILTE, - VELKOMINN ,- VAELKOMIN, - TERE TULEMAST ,- M\u00c4RSHA W\u00daGH\u00cdL ,- MISHTO AVILAN , WELKOM ,- TERVETULOA ,- ONGI ETORRI ,-, REKHIM ITEGEZ ,- XOSH G\u00c4LM\u00ceS\u00c4N, - WILICOM ,- CROESO ,- SHAGATOM, - IRASHAIMASU ,- KEBLAR, - AHUP YAN, - IRKHT ERGANAVIDN, - LUID, - SOHM SW\u00c2KOHM, - URAKAZA ,- KARIBU, - SELAM, - VIDZA ,KORAM -, YEYACHI -, KUSHE - ,BIENVENIDA -, ESIET SVEICINATI ,- FAILT ,- ,KRUPAY\u00c2 \u00c2TUY\u00c2, - MAIEM ,- BENVEGN\u00dcU ,- TAVTAI ,MORIL, - TAMA ,- BENVINUTU ,- SILAMO, - WILUJENG SUMPING ,- MABUHAY ,- GAZHACA \u00cbTISKOM, - DOBRO POZHALOVAT' ,- TISTIK ,- ISIBINGELELO, - BALLE, - INDE TORN LAP ,- SOO DHA WOOW ,- PILIGANIMU, - MALIU MAI, - PASAYKAMOY, - HAERE MAI, - BOYEI BOLAMU ,- BARKA D\u00c1 ZUW\u00c1 ,- W\u00c2CHIY\u00c2 , KOPIVOSIAN ,- SANSOF\u00c9 ,- KALOS ORISATE, - W\u00c4LJKIIMEN ,- ILO LA, - WILKEMEN, - A JARAAMA ,- TUAJ LOS ,- DUMANON CAYO, - ADANAVE ,\u2013 VITAMEVAS , MALI I ZI,CRNA GORA,??????????,???????,??????????, ?ern\u00e1 Hora,TO ULCINJ \/ ULQIN \u2013 MONTENEGRO, Czarnog\u00f3ra, Muntenegru, ????? ????, Montenegr\u00f3,,Holiday ,Beach,Vacation,WELCOME ,BIENVENUE , WILLKOMMEN ,- BENVENUTO ,- MIR\u00cb SE VINI ,- DOBRO DO\u0160LI TO ULCINJ \/ ULQIN ,\u2013 MONTENEGRO ,????? ?????????? ,- VITAJTE, - BRUCHIM HABAYIM ,-V\u00cdTEJTE, - WITAJCIE, - KHOSH \u00c2MAD\u00ceD ,- BITAEMO ,- CHAIRE, - ZAPRASHAJEM ,- V\u00c4LKOMMEN,  - VELKOMMEN ,- DOBRE DOSHLE, - PARI YEGAK ,- SW\u00c2GATAM, - ISTEN HOZTA, - ZAYT VILKUM, - HO?GELDINIZ ,- BIENVENIDOS ,- SUSHRI AKAL, - HUSH KILDEGEZ, - BUN VENIT, - PE KHER RAGLE, - BEM-VINDO, - HUAN YIN ,- BIEN ATI VENI ,- \u00c2SANTU ,- SELAMAT DATANG, - W\u00cbLLKOMM ,- XUSH AMD\u00ceD, - SVEIKI, - HUN BI XER HATIN, - KIRINIZ ,- ENNA ,VISHAYAM ,- MERHABA ,- F\u00c1ILTE, - VELKOMINN ,- VAELKOMIN, - TERE TULEMAST ,- M\u00c4RSHA W\u00daGH\u00cdL ,- MISHTO AVILAN , WELKOM ,- TERVETULOA ,- ONGI ETORRI ,-, REKHIM ITEGEZ ,- XOSH G\u00c4LM\u00ceS\u00c4N, - WILICOM ,- CROESO ,- SHAGATOM, - IRASHAIMASU ,- KEBLAR, - AHUP YAN, - IRKHT ERGANAVIDN, - LUID, - SOHM SW\u00c2KOHM, - URAKAZA ,- KARIBU, - SELAM, - VIDZA ,KORAM -, YEYACHI -, KUSHE - ,BIENVENIDA -, ESIET SVEICINATI ,- FAILT ,- ,KRUPAY\u00c2 \u00c2TUY\u00c2, - MAIEM ,- BENVEGN\u00dcU ,- TAVTAI ,MORIL, - TAMA ,- BENVINUTU ,- SILAMO, - WILUJENG SUMPING ,- MABUHAY ,- GAZHACA \u00cbTISKOM, - DOBRO POZHALOVAT ,- TISTIK ,- ISIBINGELELO, - BALLE, - INDE TORN LAP ,- SOO DHA WOOW ,- PILIGANIMU, - MALIU MAI, - PASAYKAMOY, - HAERE MAI, - BOYEI BOLAMU ,- BARKA D\u00c1 ZUW\u00c1 ,- W\u00c2CHIY\u00c2 , KOPIVOSIAN ,- SANSOF\u00c9 ,- KALOS ORISATE, - W\u00c4LJKIIMEN ,- ILO LA, - WILKEMEN, - A JARAAMA ,- TUAJ LOS ,- DUMANON CAYO, - ADANAVE ,\u2013 VITAMEVAS , MALI I ZI,CRNA GORA,??????????,???????,??????????, ?ern\u00e1 Hora,TO ULCINJ \/ ULQIN,MONTENEGRO, Czarnog\u00f3ra, Muntenegru, ????? ????, Montenegr\u00f3,Adelina Isamajli,  Albaniku,  Artana,  Bujanoci,  Burimi,  Dardana,  Dardan\u00eb,  De\u00e7an,  Dibra,  Drenas,  Drenasi,  Ferizaj,  Ferizaji,  Fush\u00eb Kosova,  Fush\u00eb Kosov\u00eb,  Gjakova,  Gjakov\u00eb,  Gjilan,  Gjilani,  Gostivari,  Istog,  Istog\u00b7,  Ka\u00e7anik,  Ka\u00e7aniku,  Kastrioti,  K\u00ebr\u00e7ova,  Klina,  Klin\u00eb,  Kumanova,  Leposaviq,  Leskovci,  Likova,  Lipjan,  Lipjani,  Malisheva,  Malishev\u00eb,  Manastiri,  Medvegja,  Mitrovica,  Mitrovic\u00eb,  Novob\u00ebrd\u00eb,  Obiliq\u00b7 Rahovec,  Ohri,  Peja,  Pej\u00eb,  Podujeva,  Podujev\u00eb,  Presheva,  Prishtina,  Prishtin\u00eb,  Prizren,  Prizreni,  Rahoveci,  Sharri,  Sharri (Kosov\u00eb),  Shkupi,  Sht\u00ebrpca,  Sht\u00ebrpc\u00eb,  Shtime,  Sk\u00ebnderaj,  Struga,  Tetova,  Theranda,  Therand\u00eb,  Triumf Riza,  Veleshta,  Viti,  Vitia,  Vushtrri,  Vushtrria,  Zubin Potok,  Zubin Potoku,  Zve\u00e7an,  Zve\u00e7ani,villa \u00e0 louer \u00e0 ulcinj, location de vacance, location saisonni\u00e8res, louer villa,location de vacance, Locations vacance, h\u00e9bergements vacances, locations villa, logements de vacances, location maison avec piscine, Location vacance, locations de vacance, h\u00e9bergements de vacances, location villa, locations entre particulier, logements vacance, vacances \u00e0 Mont\u00e9n\u00e9gro - location \u00e0 Ulcinj ,location  de bigorre.\" href=\"http:\/\/www.visit-ulcinj.com\/blog\/wp-content\/uploads\/2008\/06\/holiday-rental-ulcinj-ulqini_ulqin_logo.gif\" target=\"_blank\"><img loading=\"lazy\" style=\"float: right;\" src=\"http:\/\/www.visit-ulcinj.com\/blog\/wp-content\/uploads\/2008\/06\/holiday-rental-ulcinj-ulqini_ulqin_logo.gif\" alt=\"Apatin,  Aran?elovac,  ?uprija,  ?a?ak,  ?apljina,  ?itluk,  \u0160abac,  \u0160ipovo,  \u0160iroki Brijeg,  \u017dep?e,  \u017divinice,  Ba?ka Palanka,  Banja Luka,  Banovi?i,  Be?ej,  beograd,  Biha?,  Bijeljina,  Bor,  Bor?a,  Bosanska Gradi\u0161ka,  Bosanska Krupa,  Bosanski \u0160amac,  Bosanski Brod,  Bosanski Novi,  Br?ko,  Bu\u017eim,  Bugojno,  Cazin,  Crna Gora,  Derventa,  Doboj,  Donji Vakuf,  Drvar,  Dubrovnik,  Fo?a,  Fojnica,  Glamo?,  Gora\u017ede,  Gornji Milanovac,  Gornji Vakuf,  gostivar,  Gra?anica,  Grada?ac,  Gradiska,  Grahovo,  Had\u017ei?i,  Ilid\u017ea,  In?ija,  Jablanica,  Jagodina,  Jajce,  Kakanj,  Kalu?erica,  Kikinda,  Klju?,  Konjic,  Kotor Varo\u0161,  Kragujevac,  Kraljevo,  Kru\u0161evac,  Kula,  Kupres,  Lakta\u0161i,  Lazarevac,  Leskovac,  Livno,  Ljubinje,  ljublana,  Ljubu\u0161ki,  Loznica,  Lukavac,  Maglaj,  Mladenovac,  Modri?a,  montenegro erlajnz,  mostar,  Mrkonji? Grad,  Neum,  Ni\u0161,  Novi Pazar,  Novi Sad,  Novi Travnik,  Obrenovac,  Od\u017eak,  ohrid,  Ora\u0161je,  Pale,  Pan?evo,  Para?in,  Pirot,  Po\u017earevac,  Podgorica,  Priboj,  Prijedor,  Prokuplje,  Prozor,  pula,  rijeka,  Ruma,  Sanski Most,  Sarajevo,  Senta,  serbija,  sibenik,  skopje,  Smederevo,  Smederevska Palanka,  Sokolac,  Sombor,  split,  Srebrenica,  Srebrenik,  Sremska Mitrovica,  Stolac,  Struga,  Subotica,  Temerin,  Tesli?,  tetovo,  Travnik,  Trebinje,  tuzla,  U\u017eice,  ulcinj,  Valjevo,  Velika Kladu\u0161a,  Vi\u0161egrad,  Visoko,  Vitez,  Vogo\u0161?a,  vojvodina,  Vranje,  Vr\u0161ac,  Vrbas,  zadar,  Zagreb,  Zaje?ar,  Zavidovi?i,  Zenica,  Zrenjanin,  Zvornik,copacabana ulcinj,  h\u00f4tels,  hotel ulqin,  Kosova,  Mali i Zi,  Maqedonija,  Montenegro,  montenegro tourisme plage,  montenegro ulcinj,  Shpallje Falas,  Shpallje Falas per shitjen e shtepis se juaj,  Shpallje Falas per villat e juaj,  Shpallje Falas Real Estate,  Shpallje Falas turistike,  shqiperija,  tourisme,  Ulci?,  ulcinj,  ulqin,  ulqin hotel,  ulqini,  ulqini 2007,Ada Bojana,  Alba?czyk,  Cita di Dolcino,  Copacabana,  Czarnog\u00f3ra,  Czarnog\u00f3rzec,  Don Kichota,  Ma?a Pla?a,  Mandra,  MIGUEL DE SERVANTES,  p\u00f3?wyspy Marjan,  Pla?a Valdanos,  Rzeka Bojana,  Shas \/ \u0160as \/ Sva?,  Ulci?,  Ulcinjsk? Riwier?,  Wielka Pla?a,  Wyspa Bojana,GORA,??????????,???????,??????????, ?ern\u00e1 Hora,TO ULCINJ \/ ULQIN,MONTENEGRO, Czarnog\u00f3ra, Muntenegru, ????? ????, Montenegr\u00f3,Adelina Isamajli,  Albaniku,  Artana,  Bujanoci,  Burimi,  Dardana,  Dardan\u00eb,  De\u00e7an,  Dibra,  Drenas,  Drenasi,  Ferizaj,  Ferizaji,  Fush\u00eb Kosova,  Fush\u00eb Kosov\u00eb,  Gjakova,  Gjakov\u00eb,  Gjilan,  Gjilani,  Gostivari,  Istog,  Istog\u00b7,  Ka\u00e7anik,  Ka\u00e7aniku,  Kastrioti,  K\u00ebr\u00e7ova,  Klina,  Klin\u00eb,  Kumanova,  Leposaviq,  Leskovci,  Likova,  Lipjan,  Lipjani,  Malisheva,  Malishev\u00eb,  Manastiri,  Medvegja,  Mitrovica,  Mitrovic\u00eb,  Novob\u00ebrd\u00eb,  Obiliq\u00b7 Rahovec,  Ohri,  Peja,  Pej\u00eb,  Podujeva,  Podujev\u00eb,  Presheva,  Prishtina,  Prishtin\u00eb,  Prizren,  Prizreni,  Rahoveci,  Sharri,  Sharri (Kosov\u00eb),  Shkupi,  Sht\u00ebrpca,  Sht\u00ebrpc\u00eb,  Shtime,  Sk\u00ebnderaj,  Struga,  Tetova,  Theranda,  Therand\u00eb,  Triumf Riza,  Veleshta,  Viti,  Vitia,  Vushtrri,  Vushtrria,  Zubin Potok,  Zubin Potoku,  Zve\u00e7an,  Zve\u00e7ani,villa \u00e0 louer \u00e0 ulcinj, location de vacance, location saisonni\u00e8res, louer villa,location de vacance, Locations vacance, h\u00e9bergements vacances, locations villa, logements de vacances, location maison avec piscine, Location vacance, locations de vacance, h\u00e9bergements de vacances, location villa, locations entre particulier, logements vacance, vacances \u00e0 Mont\u00e9n\u00e9gro - location \u00e0 Ulcinj ,location  de bigorre.\" width=\"510\" height=\"145\" \/><\/a><\/p>\n","protected":false},"excerpt":{"rendered":"<p><img loading=\"lazy\" class=\"alignleft\" style=\"float: left;\" src=\"http:\/\/alsat-m.tv\/thumbnail.php?file=vidovdensko_sobranie_555969996_556546474.jpg&amp;size=article_small\" alt=\"SERBET KRIJUAN KUVENDIN NE KOSOV\" width=\"140\" height=\"140\" \/><\/p>\n","protected":false},"author":1,"featured_media":0,"comment_status":"open","ping_status":"closed","sticky":false,"template":"","format":"standard","meta":{"spay_email":"","jetpack_publicize_message":"","jetpack_is_tweetstorm":false,"jetpack_publicize_feature_enabled":true},"categories":[1,12],"tags":[4178,4179,4176,4175,4177],"jetpack_publicize_connections":[],"yoast_head":"<!-- This site is optimized with the Yoast SEO plugin v19.1 - https:\/\/yoast.com\/wordpress\/plugins\/seo\/ -->\n<title>Serb\u00ebt formuan Kuvendin e tyr\u00eb n\u00eb Kosov\u00eb - Lajme nga Ulqini<\/title>\n<meta name=\"robots\" content=\"index, follow, max-snippet:-1, max-image-preview:large, max-video-preview:-1\" \/>\n<link rel=\"canonical\" href=\"https:\/\/www.visit-ulcinj.com\/blog\/2008\/06\/29\/serbet-formuan-kuvendin-e-tyre-ne-kosove\/\" \/>\n<meta property=\"og:locale\" content=\"en_US\" \/>\n<meta property=\"og:type\" content=\"article\" \/>\n<meta property=\"og:title\" content=\"Serb\u00ebt formuan Kuvendin e tyr\u00eb n\u00eb Kosov\u00eb - Lajme nga Ulqini\" \/>\n<meta property=\"og:url\" content=\"https:\/\/www.visit-ulcinj.com\/blog\/2008\/06\/29\/serbet-formuan-kuvendin-e-tyre-ne-kosove\/\" \/>\n<meta property=\"og:site_name\" content=\"Lajme nga Ulqini\" \/>\n<meta property=\"article:published_time\" content=\"2008-06-29T18:44:24+00:00\" \/>\n<meta property=\"article:modified_time\" content=\"2008-06-29T18:55:28+00:00\" \/>\n<meta property=\"og:image\" content=\"http:\/\/alsat-m.tv\/thumbnail.php?file=vidovdensko_sobranie_555969996_556546474.jpg&#038;size=article_small\" \/>\n<meta name=\"twitter:label1\" content=\"Written by\" \/>\n\t<meta name=\"twitter:data1\" content=\"ulqini\" \/>\n\t<meta name=\"twitter:label2\" content=\"Est. reading time\" \/>\n\t<meta name=\"twitter:data2\" content=\"3 minutes\" \/>\n<script type=\"application\/ld+json\" class=\"yoast-schema-graph\">{\"@context\":\"https:\/\/schema.org\",\"@graph\":[{\"@type\":\"WebSite\",\"@id\":\"https:\/\/www.visit-ulcinj.com\/blog\/#website\",\"url\":\"https:\/\/www.visit-ulcinj.com\/blog\/\",\"name\":\"Lajme nga Ulqini\",\"description\":\"Lajme,Vijesti,Ulqini,Ulqin,Crna Gora,Mali i Zi\",\"potentialAction\":[{\"@type\":\"SearchAction\",\"target\":{\"@type\":\"EntryPoint\",\"urlTemplate\":\"https:\/\/www.visit-ulcinj.com\/blog\/?s={search_term_string}\"},\"query-input\":\"required name=search_term_string\"}],\"inLanguage\":\"en-US\"},{\"@type\":\"ImageObject\",\"inLanguage\":\"en-US\",\"@id\":\"https:\/\/www.visit-ulcinj.com\/blog\/2008\/06\/29\/serbet-formuan-kuvendin-e-tyre-ne-kosove\/#primaryimage\",\"url\":\"http:\/\/alsat-m.tv\/thumbnail.php?file=vidovdensko_sobranie_555969996_556546474.jpg&amp;size=article_small\",\"contentUrl\":\"http:\/\/alsat-m.tv\/thumbnail.php?file=vidovdensko_sobranie_555969996_556546474.jpg&amp;size=article_small\"},{\"@type\":\"WebPage\",\"@id\":\"https:\/\/www.visit-ulcinj.com\/blog\/2008\/06\/29\/serbet-formuan-kuvendin-e-tyre-ne-kosove\/#webpage\",\"url\":\"https:\/\/www.visit-ulcinj.com\/blog\/2008\/06\/29\/serbet-formuan-kuvendin-e-tyre-ne-kosove\/\",\"name\":\"Serb\u00ebt formuan Kuvendin e tyr\u00eb n\u00eb Kosov\u00eb - Lajme nga Ulqini\",\"isPartOf\":{\"@id\":\"https:\/\/www.visit-ulcinj.com\/blog\/#website\"},\"primaryImageOfPage\":{\"@id\":\"https:\/\/www.visit-ulcinj.com\/blog\/2008\/06\/29\/serbet-formuan-kuvendin-e-tyre-ne-kosove\/#primaryimage\"},\"datePublished\":\"2008-06-29T18:44:24+00:00\",\"dateModified\":\"2008-06-29T18:55:28+00:00\",\"author\":{\"@id\":\"https:\/\/www.visit-ulcinj.com\/blog\/#\/schema\/person\/dcab619c614d3038751c63bc2aadc06d\"},\"breadcrumb\":{\"@id\":\"https:\/\/www.visit-ulcinj.com\/blog\/2008\/06\/29\/serbet-formuan-kuvendin-e-tyre-ne-kosove\/#breadcrumb\"},\"inLanguage\":\"en-US\",\"potentialAction\":[{\"@type\":\"ReadAction\",\"target\":[\"https:\/\/www.visit-ulcinj.com\/blog\/2008\/06\/29\/serbet-formuan-kuvendin-e-tyre-ne-kosove\/\"]}]},{\"@type\":\"BreadcrumbList\",\"@id\":\"https:\/\/www.visit-ulcinj.com\/blog\/2008\/06\/29\/serbet-formuan-kuvendin-e-tyre-ne-kosove\/#breadcrumb\",\"itemListElement\":[{\"@type\":\"ListItem\",\"position\":1,\"name\":\"Serb\u00ebt formuan Kuvendin e tyr\u00eb n\u00eb Kosov\u00eb\"}]},{\"@type\":\"Person\",\"@id\":\"https:\/\/www.visit-ulcinj.com\/blog\/#\/schema\/person\/dcab619c614d3038751c63bc2aadc06d\",\"name\":\"ulqini\",\"sameAs\":[\"http:\/\/www.visit-ulcinj.com\"],\"url\":\"https:\/\/www.visit-ulcinj.com\/blog\/author\/admin\/\"}]}<\/script>\n<!-- \/ Yoast SEO plugin. -->","yoast_head_json":{"title":"Serb\u00ebt formuan Kuvendin e tyr\u00eb n\u00eb Kosov\u00eb - Lajme nga Ulqini","robots":{"index":"index","follow":"follow","max-snippet":"max-snippet:-1","max-image-preview":"max-image-preview:large","max-video-preview":"max-video-preview:-1"},"canonical":"https:\/\/www.visit-ulcinj.com\/blog\/2008\/06\/29\/serbet-formuan-kuvendin-e-tyre-ne-kosove\/","og_locale":"en_US","og_type":"article","og_title":"Serb\u00ebt formuan Kuvendin e tyr\u00eb n\u00eb Kosov\u00eb - Lajme nga Ulqini","og_url":"https:\/\/www.visit-ulcinj.com\/blog\/2008\/06\/29\/serbet-formuan-kuvendin-e-tyre-ne-kosove\/","og_site_name":"Lajme nga Ulqini","article_published_time":"2008-06-29T18:44:24+00:00","article_modified_time":"2008-06-29T18:55:28+00:00","og_image":[{"url":"http:\/\/alsat-m.tv\/thumbnail.php?file=vidovdensko_sobranie_555969996_556546474.jpg&amp;size=article_small"}],"twitter_misc":{"Written by":"ulqini","Est. reading time":"3 minutes"},"schema":{"@context":"https:\/\/schema.org","@graph":[{"@type":"WebSite","@id":"https:\/\/www.visit-ulcinj.com\/blog\/#website","url":"https:\/\/www.visit-ulcinj.com\/blog\/","name":"Lajme nga Ulqini","description":"Lajme,Vijesti,Ulqini,Ulqin,Crna Gora,Mali i Zi","potentialAction":[{"@type":"SearchAction","target":{"@type":"EntryPoint","urlTemplate":"https:\/\/www.visit-ulcinj.com\/blog\/?s={search_term_string}"},"query-input":"required name=search_term_string"}],"inLanguage":"en-US"},{"@type":"ImageObject","inLanguage":"en-US","@id":"https:\/\/www.visit-ulcinj.com\/blog\/2008\/06\/29\/serbet-formuan-kuvendin-e-tyre-ne-kosove\/#primaryimage","url":"http:\/\/alsat-m.tv\/thumbnail.php?file=vidovdensko_sobranie_555969996_556546474.jpg&amp;size=article_small","contentUrl":"http:\/\/alsat-m.tv\/thumbnail.php?file=vidovdensko_sobranie_555969996_556546474.jpg&amp;size=article_small"},{"@type":"WebPage","@id":"https:\/\/www.visit-ulcinj.com\/blog\/2008\/06\/29\/serbet-formuan-kuvendin-e-tyre-ne-kosove\/#webpage","url":"https:\/\/www.visit-ulcinj.com\/blog\/2008\/06\/29\/serbet-formuan-kuvendin-e-tyre-ne-kosove\/","name":"Serb\u00ebt formuan Kuvendin e tyr\u00eb n\u00eb Kosov\u00eb - Lajme nga Ulqini","isPartOf":{"@id":"https:\/\/www.visit-ulcinj.com\/blog\/#website"},"primaryImageOfPage":{"@id":"https:\/\/www.visit-ulcinj.com\/blog\/2008\/06\/29\/serbet-formuan-kuvendin-e-tyre-ne-kosove\/#primaryimage"},"datePublished":"2008-06-29T18:44:24+00:00","dateModified":"2008-06-29T18:55:28+00:00","author":{"@id":"https:\/\/www.visit-ulcinj.com\/blog\/#\/schema\/person\/dcab619c614d3038751c63bc2aadc06d"},"breadcrumb":{"@id":"https:\/\/www.visit-ulcinj.com\/blog\/2008\/06\/29\/serbet-formuan-kuvendin-e-tyre-ne-kosove\/#breadcrumb"},"inLanguage":"en-US","potentialAction":[{"@type":"ReadAction","target":["https:\/\/www.visit-ulcinj.com\/blog\/2008\/06\/29\/serbet-formuan-kuvendin-e-tyre-ne-kosove\/"]}]},{"@type":"BreadcrumbList","@id":"https:\/\/www.visit-ulcinj.com\/blog\/2008\/06\/29\/serbet-formuan-kuvendin-e-tyre-ne-kosove\/#breadcrumb","itemListElement":[{"@type":"ListItem","position":1,"name":"Serb\u00ebt formuan Kuvendin e tyr\u00eb n\u00eb Kosov\u00eb"}]},{"@type":"Person","@id":"https:\/\/www.visit-ulcinj.com\/blog\/#\/schema\/person\/dcab619c614d3038751c63bc2aadc06d","name":"ulqini","sameAs":["http:\/\/www.visit-ulcinj.com"],"url":"https:\/\/www.visit-ulcinj.com\/blog\/author\/admin\/"}]}},"jetpack_featured_media_url":"","jetpack_sharing_enabled":true,"jetpack_shortlink":"https:\/\/wp.me\/pe6lTn-yd","_links":{"self":[{"href":"https:\/\/www.visit-ulcinj.com\/blog\/wp-json\/wp\/v2\/posts\/2121"}],"collection":[{"href":"https:\/\/www.visit-ulcinj.com\/blog\/wp-json\/wp\/v2\/posts"}],"about":[{"href":"https:\/\/www.visit-ulcinj.com\/blog\/wp-json\/wp\/v2\/types\/post"}],"author":[{"embeddable":true,"href":"https:\/\/www.visit-ulcinj.com\/blog\/wp-json\/wp\/v2\/users\/1"}],"replies":[{"embeddable":true,"href":"https:\/\/www.visit-ulcinj.com\/blog\/wp-json\/wp\/v2\/comments?post=2121"}],"version-history":[{"count":0,"href":"https:\/\/www.visit-ulcinj.com\/blog\/wp-json\/wp\/v2\/posts\/2121\/revisions"}],"wp:attachment":[{"href":"https:\/\/www.visit-ulcinj.com\/blog\/wp-json\/wp\/v2\/media?parent=2121"}],"wp:term":[{"taxonomy":"category","embeddable":true,"href":"https:\/\/www.visit-ulcinj.com\/blog\/wp-json\/wp\/v2\/categories?post=2121"},{"taxonomy":"post_tag","embeddable":true,"href":"https:\/\/www.visit-ulcinj.com\/blog\/wp-json\/wp\/v2\/tags?post=2121"}],"curies":[{"name":"wp","href":"https:\/\/api.w.org\/{rel}","templated":true}]}}