{"id":21210,"date":"2009-05-14T11:09:20","date_gmt":"2009-05-14T09:09:20","guid":{"rendered":"http:\/\/www.visit-ulcinj.com\/blog\/?p=21210"},"modified":"2009-05-14T11:09:20","modified_gmt":"2009-05-14T09:09:20","slug":"adelajda-dhe-bjordi-ne-siklet-2","status":"publish","type":"post","link":"https:\/\/www.visit-ulcinj.com\/blog\/2009\/05\/14\/adelajda-dhe-bjordi-ne-siklet-2\/","title":{"rendered":"Adelajda dhe Bjordi n\u00eb siklet"},"content":{"rendered":"<p><em><span class=\"newsdate\"><a href=\"http:\/\/www.visit-ulcinj.com\/blog\/wp-content\/uploads\/2009\/05\/adela-bjorid-ne-silet10.jpg\"><img loading=\"lazy\" class=\"alignleft size-full wp-image-21211\" title=\"adela-bjorid-ne-silet10-big-brother-albania-2\" src=\"http:\/\/www.visit-ulcinj.com\/blog\/wp-content\/uploads\/2009\/05\/adela-bjorid-ne-silet10.jpg\" alt=\"adela-bjorid-ne-silet10-big-brother-albania-2\" width=\"300\" height=\"205\" \/><\/a>10\/05\/09 14:15<\/span><\/em><\/p>\n<p>Nd\u00ebrkoh\u00eb q\u00eb mamat\u00eb jan\u00eb ulur n\u00eb kop\u00ebsht p\u00ebr t\u00eb biseduar, Adelajde i sh\u00ebrben kafet dhe u pastron tavolin\u00ebn. Mamaja e Bjordit pasi e pyet n\u00ebse ajo e pi cigaren dhe sigurohet q\u00eb jo, i thot\u00eb Adel\u00ebs t\u00eb mos u sh\u00ebrbej\u00eb m\u00eb dhe ta pij edhe ajo kafen e saj e qet\u00eb duke shtuar se nuk kan\u00eb ardhur q\u00eb f\u00ebmij\u00ebt tu b\u00ebjn\u00eb sh\u00ebrbim.<br \/>\nAdela me Bjordin hyjn\u00eb br\u00ebnda n\u00eb sht\u00ebpi, ku Bjordi i thot\u00eb me shaka Adel\u00ebs q\u00eb edhe mund ti p\u00ebrgjigjet mamas\u00eb s\u00eb tij. Por Adela thot\u00eb q\u00eb nuk ka se c\u2019far\u00eb ti thot\u00eb dhe se nuk \u00ebsht\u00eb e paeduakt\u00eb. M\u00eb pas Bjordi i propozon p\u00ebr t\u00eb b\u00ebr\u00eb nj\u00eb sh\u00ebtitje n\u00eb zon\u00ebn e kampingut, por ky propozim i Bjordit e ka v\u00ebn\u00eb disi n\u00eb siklet Adel\u00ebn, duke i th\u00ebn\u00eb q\u00eb nuk mund t\u00eb kalojn\u00eb para mamave, pa i th\u00ebn\u00eb se ku po shkojn\u00eb. Bjordi, nuk arrin ta kuptoj\u00eb por Adela thot\u00eb q\u00eb ndihet n\u00eb siklet sepse mamaja e saj \u00ebsht\u00eb atje dhe po e sheh, gjithashtu edhe mamaja e Bjordit. Bjordi largohet p\u00ebr t\u00eb marr\u00eb nj\u00eb cigare duke m\u00ebrm\u00ebritur : \u201cC\u2019a na ka gjetur, vjehrrat\u201d.<\/p>\n","protected":false},"excerpt":{"rendered":"<p>10\/05\/09 14:15 Nd\u00ebrkoh\u00eb q\u00eb mamat\u00eb jan\u00eb ulur n\u00eb kop\u00ebsht p\u00ebr t\u00eb biseduar, Adelajde i sh\u00ebrben kafet dhe u pastron tavolin\u00ebn. Mamaja e Bjordit pasi e pyet n\u00ebse ajo e pi cigaren dhe sigurohet q\u00eb jo, i thot\u00eb Adel\u00ebs t\u00eb mos u sh\u00ebrbej\u00eb m\u00eb dhe ta pij edhe ajo kafen e saj e qet\u00eb duke shtuar [&hellip;]<\/p>\n","protected":false},"author":1,"featured_media":0,"comment_status":"open","ping_status":"closed","sticky":false,"template":"","format":"standard","meta":{"spay_email":"","jetpack_publicize_message":"","jetpack_is_tweetstorm":false,"jetpack_publicize_feature_enabled":true},"categories":[6502],"tags":[6529,9463,9121,6522,10332,7468,9751],"jetpack_publicize_connections":[],"yoast_head":"<!-- This site is optimized with the Yoast SEO plugin v19.1 - https:\/\/yoast.com\/wordpress\/plugins\/seo\/ -->\n<title>Adelajda dhe Bjordi n\u00c3\u00ab siklet | Big Brother Albania 2<\/title>\n<meta name=\"description\" content=\"Big Brother Albania 2 - Nd\u00c3\u00abrkoh\u00c3\u00ab q\u00c3\u00ab mamat\u00c3\u00ab jan\u00c3\u00ab ulur n\u00c3\u00ab kop\u00c3\u00absht p\u00c3\u00abr t\u00c3\u00ab biseduar, Adelajde i sh\u00c3\u00abrben kafet dhe u pastron tavolin\u00c3\u00abn. Mamaja e Bjordit pasi e pyet n\u00c3\u00abse ajo e pi cigaren dhe sigurohet q\u00c3\u00ab jo, i thot\u00c3\u00ab Adel\u00c3\u00abs t\u00c3\u00ab mos u sh\u00c3\u00abrbej\u00c3\u00ab m\u00c3\u00ab dhe ta pij edhe ajo kafen e saj e qet\u00c3\u00ab duke shtuar se nuk kan\u00c3\u00ab ardhur q\u00c3\u00ab f\u00c3\u00abmij\u00c3\u00abt tu b\u00c3\u00abjn\u00c3\u00ab sh\u00c3\u00abrbim.\" \/>\n<meta name=\"robots\" content=\"index, follow, max-snippet:-1, max-image-preview:large, max-video-preview:-1\" \/>\n<link rel=\"canonical\" href=\"https:\/\/www.visit-ulcinj.com\/blog\/2009\/05\/14\/adelajda-dhe-bjordi-ne-siklet-2\/\" \/>\n<meta property=\"og:locale\" content=\"en_US\" \/>\n<meta property=\"og:type\" content=\"article\" \/>\n<meta property=\"og:title\" content=\"Adelajda dhe Bjordi n\u00c3\u00ab siklet | Big Brother Albania 2\" \/>\n<meta property=\"og:description\" content=\"Big Brother Albania 2 - Nd\u00c3\u00abrkoh\u00c3\u00ab q\u00c3\u00ab mamat\u00c3\u00ab jan\u00c3\u00ab ulur n\u00c3\u00ab kop\u00c3\u00absht p\u00c3\u00abr t\u00c3\u00ab biseduar, Adelajde i sh\u00c3\u00abrben kafet dhe u pastron tavolin\u00c3\u00abn. Mamaja e Bjordit pasi e pyet n\u00c3\u00abse ajo e pi cigaren dhe sigurohet q\u00c3\u00ab jo, i thot\u00c3\u00ab Adel\u00c3\u00abs t\u00c3\u00ab mos u sh\u00c3\u00abrbej\u00c3\u00ab m\u00c3\u00ab dhe ta pij edhe ajo kafen e saj e qet\u00c3\u00ab duke shtuar se nuk kan\u00c3\u00ab ardhur q\u00c3\u00ab f\u00c3\u00abmij\u00c3\u00abt tu b\u00c3\u00abjn\u00c3\u00ab sh\u00c3\u00abrbim.\" \/>\n<meta property=\"og:url\" content=\"https:\/\/www.visit-ulcinj.com\/blog\/2009\/05\/14\/adelajda-dhe-bjordi-ne-siklet-2\/\" \/>\n<meta property=\"og:site_name\" content=\"Lajme nga Ulqini\" \/>\n<meta property=\"article:published_time\" content=\"2009-05-14T09:09:20+00:00\" \/>\n<meta property=\"og:image\" content=\"http:\/\/www.visit-ulcinj.com\/blog\/wp-content\/uploads\/2009\/05\/adela-bjorid-ne-silet10.jpg\" \/>\n<meta name=\"twitter:label1\" content=\"Written by\" \/>\n\t<meta name=\"twitter:data1\" content=\"ulqini\" \/>\n\t<meta name=\"twitter:label2\" content=\"Est. reading time\" \/>\n\t<meta name=\"twitter:data2\" content=\"1 minute\" \/>\n<script type=\"application\/ld+json\" class=\"yoast-schema-graph\">{\"@context\":\"https:\/\/schema.org\",\"@graph\":[{\"@type\":\"WebSite\",\"@id\":\"https:\/\/www.visit-ulcinj.com\/blog\/#website\",\"url\":\"https:\/\/www.visit-ulcinj.com\/blog\/\",\"name\":\"Lajme nga Ulqini\",\"description\":\"Lajme,Vijesti,Ulqini,Ulqin,Crna Gora,Mali i Zi\",\"potentialAction\":[{\"@type\":\"SearchAction\",\"target\":{\"@type\":\"EntryPoint\",\"urlTemplate\":\"https:\/\/www.visit-ulcinj.com\/blog\/?s={search_term_string}\"},\"query-input\":\"required name=search_term_string\"}],\"inLanguage\":\"en-US\"},{\"@type\":\"ImageObject\",\"inLanguage\":\"en-US\",\"@id\":\"https:\/\/www.visit-ulcinj.com\/blog\/2009\/05\/14\/adelajda-dhe-bjordi-ne-siklet-2\/#primaryimage\",\"url\":\"http:\/\/www.visit-ulcinj.com\/blog\/wp-content\/uploads\/2009\/05\/adela-bjorid-ne-silet10.jpg\",\"contentUrl\":\"http:\/\/www.visit-ulcinj.com\/blog\/wp-content\/uploads\/2009\/05\/adela-bjorid-ne-silet10.jpg\"},{\"@type\":\"WebPage\",\"@id\":\"https:\/\/www.visit-ulcinj.com\/blog\/2009\/05\/14\/adelajda-dhe-bjordi-ne-siklet-2\/#webpage\",\"url\":\"https:\/\/www.visit-ulcinj.com\/blog\/2009\/05\/14\/adelajda-dhe-bjordi-ne-siklet-2\/\",\"name\":\"Adelajda dhe Bjordi n\u00c3\u00ab siklet | Big Brother Albania 2\",\"isPartOf\":{\"@id\":\"https:\/\/www.visit-ulcinj.com\/blog\/#website\"},\"primaryImageOfPage\":{\"@id\":\"https:\/\/www.visit-ulcinj.com\/blog\/2009\/05\/14\/adelajda-dhe-bjordi-ne-siklet-2\/#primaryimage\"},\"datePublished\":\"2009-05-14T09:09:20+00:00\",\"dateModified\":\"2009-05-14T09:09:20+00:00\",\"author\":{\"@id\":\"https:\/\/www.visit-ulcinj.com\/blog\/#\/schema\/person\/dcab619c614d3038751c63bc2aadc06d\"},\"description\":\"Big Brother Albania 2 - Nd\u00c3\u00abrkoh\u00c3\u00ab q\u00c3\u00ab mamat\u00c3\u00ab jan\u00c3\u00ab ulur n\u00c3\u00ab kop\u00c3\u00absht p\u00c3\u00abr t\u00c3\u00ab biseduar, Adelajde i sh\u00c3\u00abrben kafet dhe u pastron tavolin\u00c3\u00abn. Mamaja e Bjordit pasi e pyet n\u00c3\u00abse ajo e pi cigaren dhe sigurohet q\u00c3\u00ab jo, i thot\u00c3\u00ab Adel\u00c3\u00abs t\u00c3\u00ab mos u sh\u00c3\u00abrbej\u00c3\u00ab m\u00c3\u00ab dhe ta pij edhe ajo kafen e saj e qet\u00c3\u00ab duke shtuar se nuk kan\u00c3\u00ab ardhur q\u00c3\u00ab f\u00c3\u00abmij\u00c3\u00abt tu b\u00c3\u00abjn\u00c3\u00ab sh\u00c3\u00abrbim.\",\"breadcrumb\":{\"@id\":\"https:\/\/www.visit-ulcinj.com\/blog\/2009\/05\/14\/adelajda-dhe-bjordi-ne-siklet-2\/#breadcrumb\"},\"inLanguage\":\"en-US\",\"potentialAction\":[{\"@type\":\"ReadAction\",\"target\":[\"https:\/\/www.visit-ulcinj.com\/blog\/2009\/05\/14\/adelajda-dhe-bjordi-ne-siklet-2\/\"]}]},{\"@type\":\"BreadcrumbList\",\"@id\":\"https:\/\/www.visit-ulcinj.com\/blog\/2009\/05\/14\/adelajda-dhe-bjordi-ne-siklet-2\/#breadcrumb\",\"itemListElement\":[{\"@type\":\"ListItem\",\"position\":1,\"name\":\"Adelajda dhe Bjordi n\u00eb siklet\"}]},{\"@type\":\"Person\",\"@id\":\"https:\/\/www.visit-ulcinj.com\/blog\/#\/schema\/person\/dcab619c614d3038751c63bc2aadc06d\",\"name\":\"ulqini\",\"sameAs\":[\"http:\/\/www.visit-ulcinj.com\"],\"url\":\"https:\/\/www.visit-ulcinj.com\/blog\/author\/admin\/\"}]}<\/script>\n<!-- \/ Yoast SEO plugin. -->","yoast_head_json":{"title":"Adelajda dhe Bjordi n\u00c3\u00ab siklet | Big Brother Albania 2","description":"Big Brother Albania 2 - Nd\u00c3\u00abrkoh\u00c3\u00ab q\u00c3\u00ab mamat\u00c3\u00ab jan\u00c3\u00ab ulur n\u00c3\u00ab kop\u00c3\u00absht p\u00c3\u00abr t\u00c3\u00ab biseduar, Adelajde i sh\u00c3\u00abrben kafet dhe u pastron tavolin\u00c3\u00abn. Mamaja e Bjordit pasi e pyet n\u00c3\u00abse ajo e pi cigaren dhe sigurohet q\u00c3\u00ab jo, i thot\u00c3\u00ab Adel\u00c3\u00abs t\u00c3\u00ab mos u sh\u00c3\u00abrbej\u00c3\u00ab m\u00c3\u00ab dhe ta pij edhe ajo kafen e saj e qet\u00c3\u00ab duke shtuar se nuk kan\u00c3\u00ab ardhur q\u00c3\u00ab f\u00c3\u00abmij\u00c3\u00abt tu b\u00c3\u00abjn\u00c3\u00ab sh\u00c3\u00abrbim.","robots":{"index":"index","follow":"follow","max-snippet":"max-snippet:-1","max-image-preview":"max-image-preview:large","max-video-preview":"max-video-preview:-1"},"canonical":"https:\/\/www.visit-ulcinj.com\/blog\/2009\/05\/14\/adelajda-dhe-bjordi-ne-siklet-2\/","og_locale":"en_US","og_type":"article","og_title":"Adelajda dhe Bjordi n\u00c3\u00ab siklet | Big Brother Albania 2","og_description":"Big Brother Albania 2 - Nd\u00c3\u00abrkoh\u00c3\u00ab q\u00c3\u00ab mamat\u00c3\u00ab jan\u00c3\u00ab ulur n\u00c3\u00ab kop\u00c3\u00absht p\u00c3\u00abr t\u00c3\u00ab biseduar, Adelajde i sh\u00c3\u00abrben kafet dhe u pastron tavolin\u00c3\u00abn. Mamaja e Bjordit pasi e pyet n\u00c3\u00abse ajo e pi cigaren dhe sigurohet q\u00c3\u00ab jo, i thot\u00c3\u00ab Adel\u00c3\u00abs t\u00c3\u00ab mos u sh\u00c3\u00abrbej\u00c3\u00ab m\u00c3\u00ab dhe ta pij edhe ajo kafen e saj e qet\u00c3\u00ab duke shtuar se nuk kan\u00c3\u00ab ardhur q\u00c3\u00ab f\u00c3\u00abmij\u00c3\u00abt tu b\u00c3\u00abjn\u00c3\u00ab sh\u00c3\u00abrbim.","og_url":"https:\/\/www.visit-ulcinj.com\/blog\/2009\/05\/14\/adelajda-dhe-bjordi-ne-siklet-2\/","og_site_name":"Lajme nga Ulqini","article_published_time":"2009-05-14T09:09:20+00:00","og_image":[{"url":"http:\/\/www.visit-ulcinj.com\/blog\/wp-content\/uploads\/2009\/05\/adela-bjorid-ne-silet10.jpg"}],"twitter_misc":{"Written by":"ulqini","Est. reading time":"1 minute"},"schema":{"@context":"https:\/\/schema.org","@graph":[{"@type":"WebSite","@id":"https:\/\/www.visit-ulcinj.com\/blog\/#website","url":"https:\/\/www.visit-ulcinj.com\/blog\/","name":"Lajme nga Ulqini","description":"Lajme,Vijesti,Ulqini,Ulqin,Crna Gora,Mali i Zi","potentialAction":[{"@type":"SearchAction","target":{"@type":"EntryPoint","urlTemplate":"https:\/\/www.visit-ulcinj.com\/blog\/?s={search_term_string}"},"query-input":"required name=search_term_string"}],"inLanguage":"en-US"},{"@type":"ImageObject","inLanguage":"en-US","@id":"https:\/\/www.visit-ulcinj.com\/blog\/2009\/05\/14\/adelajda-dhe-bjordi-ne-siklet-2\/#primaryimage","url":"http:\/\/www.visit-ulcinj.com\/blog\/wp-content\/uploads\/2009\/05\/adela-bjorid-ne-silet10.jpg","contentUrl":"http:\/\/www.visit-ulcinj.com\/blog\/wp-content\/uploads\/2009\/05\/adela-bjorid-ne-silet10.jpg"},{"@type":"WebPage","@id":"https:\/\/www.visit-ulcinj.com\/blog\/2009\/05\/14\/adelajda-dhe-bjordi-ne-siklet-2\/#webpage","url":"https:\/\/www.visit-ulcinj.com\/blog\/2009\/05\/14\/adelajda-dhe-bjordi-ne-siklet-2\/","name":"Adelajda dhe Bjordi n\u00c3\u00ab siklet | Big Brother Albania 2","isPartOf":{"@id":"https:\/\/www.visit-ulcinj.com\/blog\/#website"},"primaryImageOfPage":{"@id":"https:\/\/www.visit-ulcinj.com\/blog\/2009\/05\/14\/adelajda-dhe-bjordi-ne-siklet-2\/#primaryimage"},"datePublished":"2009-05-14T09:09:20+00:00","dateModified":"2009-05-14T09:09:20+00:00","author":{"@id":"https:\/\/www.visit-ulcinj.com\/blog\/#\/schema\/person\/dcab619c614d3038751c63bc2aadc06d"},"description":"Big Brother Albania 2 - Nd\u00c3\u00abrkoh\u00c3\u00ab q\u00c3\u00ab mamat\u00c3\u00ab jan\u00c3\u00ab ulur n\u00c3\u00ab kop\u00c3\u00absht p\u00c3\u00abr t\u00c3\u00ab biseduar, Adelajde i sh\u00c3\u00abrben kafet dhe u pastron tavolin\u00c3\u00abn. Mamaja e Bjordit pasi e pyet n\u00c3\u00abse ajo e pi cigaren dhe sigurohet q\u00c3\u00ab jo, i thot\u00c3\u00ab Adel\u00c3\u00abs t\u00c3\u00ab mos u sh\u00c3\u00abrbej\u00c3\u00ab m\u00c3\u00ab dhe ta pij edhe ajo kafen e saj e qet\u00c3\u00ab duke shtuar se nuk kan\u00c3\u00ab ardhur q\u00c3\u00ab f\u00c3\u00abmij\u00c3\u00abt tu b\u00c3\u00abjn\u00c3\u00ab sh\u00c3\u00abrbim.","breadcrumb":{"@id":"https:\/\/www.visit-ulcinj.com\/blog\/2009\/05\/14\/adelajda-dhe-bjordi-ne-siklet-2\/#breadcrumb"},"inLanguage":"en-US","potentialAction":[{"@type":"ReadAction","target":["https:\/\/www.visit-ulcinj.com\/blog\/2009\/05\/14\/adelajda-dhe-bjordi-ne-siklet-2\/"]}]},{"@type":"BreadcrumbList","@id":"https:\/\/www.visit-ulcinj.com\/blog\/2009\/05\/14\/adelajda-dhe-bjordi-ne-siklet-2\/#breadcrumb","itemListElement":[{"@type":"ListItem","position":1,"name":"Adelajda dhe Bjordi n\u00eb siklet"}]},{"@type":"Person","@id":"https:\/\/www.visit-ulcinj.com\/blog\/#\/schema\/person\/dcab619c614d3038751c63bc2aadc06d","name":"ulqini","sameAs":["http:\/\/www.visit-ulcinj.com"],"url":"https:\/\/www.visit-ulcinj.com\/blog\/author\/admin\/"}]}},"jetpack_featured_media_url":"","jetpack_sharing_enabled":true,"jetpack_shortlink":"https:\/\/wp.me\/pe6lTn-5w6","_links":{"self":[{"href":"https:\/\/www.visit-ulcinj.com\/blog\/wp-json\/wp\/v2\/posts\/21210"}],"collection":[{"href":"https:\/\/www.visit-ulcinj.com\/blog\/wp-json\/wp\/v2\/posts"}],"about":[{"href":"https:\/\/www.visit-ulcinj.com\/blog\/wp-json\/wp\/v2\/types\/post"}],"author":[{"embeddable":true,"href":"https:\/\/www.visit-ulcinj.com\/blog\/wp-json\/wp\/v2\/users\/1"}],"replies":[{"embeddable":true,"href":"https:\/\/www.visit-ulcinj.com\/blog\/wp-json\/wp\/v2\/comments?post=21210"}],"version-history":[{"count":0,"href":"https:\/\/www.visit-ulcinj.com\/blog\/wp-json\/wp\/v2\/posts\/21210\/revisions"}],"wp:attachment":[{"href":"https:\/\/www.visit-ulcinj.com\/blog\/wp-json\/wp\/v2\/media?parent=21210"}],"wp:term":[{"taxonomy":"category","embeddable":true,"href":"https:\/\/www.visit-ulcinj.com\/blog\/wp-json\/wp\/v2\/categories?post=21210"},{"taxonomy":"post_tag","embeddable":true,"href":"https:\/\/www.visit-ulcinj.com\/blog\/wp-json\/wp\/v2\/tags?post=21210"}],"curies":[{"name":"wp","href":"https:\/\/api.w.org\/{rel}","templated":true}]}}