{"id":21215,"date":"2009-05-13T23:27:07","date_gmt":"2009-05-13T21:27:07","guid":{"rendered":"http:\/\/www.visit-ulcinj.com\/blog\/?p=21215"},"modified":"2009-05-13T23:27:07","modified_gmt":"2009-05-13T21:27:07","slug":"debat-mes-qetsorit-dhe-bjordit","status":"publish","type":"post","link":"https:\/\/www.visit-ulcinj.com\/blog\/2009\/05\/13\/debat-mes-qetsorit-dhe-bjordit\/","title":{"rendered":"Debat mes Qetsorit dhe Bjordit"},"content":{"rendered":"<p><em><span class=\"newsdate\"><a href=\"http:\/\/www.visit-ulcinj.com\/blog\/wp-content\/uploads\/2009\/05\/debat-qetsor-bjrod10.jpg\"><img loading=\"lazy\" class=\"alignleft size-full wp-image-21216\" title=\"debat-qetsor-bjrod10-big-brother-albania-2\" src=\"http:\/\/www.visit-ulcinj.com\/blog\/wp-content\/uploads\/2009\/05\/debat-qetsor-bjrod10.jpg\" alt=\"debat-qetsor-bjrod10-big-brother-albania-2\" width=\"300\" height=\"205\" \/><\/a>10\/05\/09 16:20<\/span><\/em><\/p>\n<p>Qetsori e pyet Bjordin se cfar\u00eb ka dashur t\u00eb b\u00ebj\u00eb duke mos kandiduar asnj\u00ebher\u00eb Adin. Bjordi i p\u00ebrgjigjet se ai e ka shok dhe ka pasur t\u00eb tjer\u00eb njer\u00ebz para Adit p\u00ebr ti kandiduar. Kjo e b\u00ebn t\u00eb mendoj\u00eb Qetsorin, q\u00eb Adi ka mb\u00ebrritur deri atje fal\u00eb Bjordit dhe Adel\u00ebs. Bjordi i kujton Qetsorit se edhe ai e ka kandiduar arjonin t\u00eb cilin e konsideronte shok, por Qetsori ja preu shkurt duke i th\u00ebn\u00eb qe k\u00ebtu jan\u00eb n\u00eb loj\u00eb. M\u00eb pas ai e provokon Bjordin se p\u00ebrse nuk nd\u00ebrhyri asnj\u00ebher\u00eb n\u00eb debatin e disa dit\u00ebve m\u00eb par\u00eb kur ata vun\u00eb bast mbi koh\u00ebzgjatjen e lidhjes s\u00eb tij me Adel\u00ebn. Ai vazhdon ta provokoj\u00eb duke e pyetur se gar\u00ebn me makina nuk ja la ta fitonte Adi, apo ka vendosur ti l\u00ebr\u00eb vet\u00ebm fitoren. Mendimi i Qetsorit p\u00ebr Bjordin \u00ebsht\u00eb se mund t\u00eb marr\u00eb cfar\u00eb do, madje edhe fitoren. Por Bjordi i p\u00ebrgjigjet se do t\u00eb mundohet. Ai e k\u00ebshillon Bjordin qe shume gj\u00ebra fitohen duke mos i k\u00ebrkuar, por nuk \u00ebsht\u00eb i sigurt\u00eb n\u00ebse e ka kuptuar k\u00ebt\u00eb Adi ose jo? Bjordi ja pret shkurt duke i th\u00ebn\u00eb: &#8211; \u201ctregoja\u201d. Por p\u00ebr Qetsorin \u00ebsht\u00eb pothuaj se e pamundur t\u00eb futet mes shoq\u00ebris\u00eb s\u00eb atyre t\u00eb dyve. Sipas Qetsorit, tani qe \u00ebsht\u00eb java e fundit dhe \u00ebsht\u00eb ngushtuar rrethi, tani do t\u00eb dali n\u00eb pah individualizmi i secilit. Por Bjordi e merr me qet\u00ebsi duke th\u00ebn\u00eb se tani ato do t\u00eb ver\u00ebsohen dhe se nuk kan\u00eb nevoj\u00eb t\u00eb kandidojne njeri. P\u00ebr Adin dhe Qetsorin \u201cBig Brother\u201d ka filluar tani. Qetsori ka nd\u00ebrm\u00ebnd t\u00eb b\u00ebj\u00eb nj\u00eb loj\u00eb. Do mbushi nje thes me kartopeceta duke i sh\u00ebnuar shum\u00ebn prej 70,000 eurosh dhe do ja japi Bjordit tja coj\u00eb Adit, por Bjrdi nuk \u00ebsht\u00eb dakort sepse nj\u00eb gj\u00eb \u00ebsht\u00eb q\u00eb ta fitoj\u00eb ai cmimin dhe pastaj tja japi Adit dhe nj\u00eb tjet\u00ebr gj\u00eb \u00ebsht\u00eb ti b\u00ebhet qejfi ta fitoj\u00eb Adi. Arit me Qetsorin do ti p\u00eblqente nje loj\u00eb e till\u00eb duke i l\u00ebn\u00eb vend improvizimit<\/p>\n","protected":false},"excerpt":{"rendered":"<p>10\/05\/09 16:20 Qetsori e pyet Bjordin se cfar\u00eb ka dashur t\u00eb b\u00ebj\u00eb duke mos kandiduar asnj\u00ebher\u00eb Adin. Bjordi i p\u00ebrgjigjet se ai e ka shok dhe ka pasur t\u00eb tjer\u00eb njer\u00ebz para Adit p\u00ebr ti kandiduar. Kjo e b\u00ebn t\u00eb mendoj\u00eb Qetsorin, q\u00eb Adi ka mb\u00ebrritur deri atje fal\u00eb Bjordit dhe Adel\u00ebs. Bjordi i kujton [&hellip;]<\/p>\n","protected":false},"author":1,"featured_media":0,"comment_status":"open","ping_status":"closed","sticky":false,"template":"","format":"standard","meta":{"spay_email":"","jetpack_publicize_message":"","jetpack_is_tweetstorm":false,"jetpack_publicize_feature_enabled":true},"categories":[6502],"tags":[9121,6522,8053,8180,8276,9751],"jetpack_publicize_connections":[],"yoast_head":"<!-- This site is optimized with the Yoast SEO plugin v19.1 - https:\/\/yoast.com\/wordpress\/plugins\/seo\/ -->\n<title>Debat mes Qetsorit dhe Bjordit | Big Brother Albania 2<\/title>\n<meta name=\"description\" content=\"Big Brother Albania 2 - Qetsori e pyet Bjordin se cfar\u00c3\u00ab ka dashur t\u00c3\u00ab b\u00c3\u00abj\u00c3\u00ab duke mos kandiduar asnj\u00c3\u00abher\u00c3\u00ab Adin. Bjordi i p\u00c3\u00abrgjigjet se ai e ka shok dhe ka pasur t\u00c3\u00ab tjer\u00c3\u00ab njer\u00c3\u00abz para Adit p\u00c3\u00abr ti kandiduar.\" \/>\n<meta name=\"robots\" content=\"index, follow, max-snippet:-1, max-image-preview:large, max-video-preview:-1\" \/>\n<link rel=\"canonical\" href=\"https:\/\/www.visit-ulcinj.com\/blog\/2009\/05\/13\/debat-mes-qetsorit-dhe-bjordit\/\" \/>\n<meta property=\"og:locale\" content=\"en_US\" \/>\n<meta property=\"og:type\" content=\"article\" \/>\n<meta property=\"og:title\" content=\"Debat mes Qetsorit dhe Bjordit | Big Brother Albania 2\" \/>\n<meta property=\"og:description\" content=\"Big Brother Albania 2 - Qetsori e pyet Bjordin se cfar\u00c3\u00ab ka dashur t\u00c3\u00ab b\u00c3\u00abj\u00c3\u00ab duke mos kandiduar asnj\u00c3\u00abher\u00c3\u00ab Adin. Bjordi i p\u00c3\u00abrgjigjet se ai e ka shok dhe ka pasur t\u00c3\u00ab tjer\u00c3\u00ab njer\u00c3\u00abz para Adit p\u00c3\u00abr ti kandiduar.\" \/>\n<meta property=\"og:url\" content=\"https:\/\/www.visit-ulcinj.com\/blog\/2009\/05\/13\/debat-mes-qetsorit-dhe-bjordit\/\" \/>\n<meta property=\"og:site_name\" content=\"Lajme nga Ulqini\" \/>\n<meta property=\"article:published_time\" content=\"2009-05-13T21:27:07+00:00\" \/>\n<meta property=\"og:image\" content=\"http:\/\/www.visit-ulcinj.com\/blog\/wp-content\/uploads\/2009\/05\/debat-qetsor-bjrod10.jpg\" \/>\n<meta name=\"twitter:label1\" content=\"Written by\" \/>\n\t<meta name=\"twitter:data1\" content=\"ulqini\" \/>\n\t<meta name=\"twitter:label2\" content=\"Est. reading time\" \/>\n\t<meta name=\"twitter:data2\" content=\"2 minutes\" \/>\n<script type=\"application\/ld+json\" class=\"yoast-schema-graph\">{\"@context\":\"https:\/\/schema.org\",\"@graph\":[{\"@type\":\"WebSite\",\"@id\":\"https:\/\/www.visit-ulcinj.com\/blog\/#website\",\"url\":\"https:\/\/www.visit-ulcinj.com\/blog\/\",\"name\":\"Lajme nga Ulqini\",\"description\":\"Lajme,Vijesti,Ulqini,Ulqin,Crna Gora,Mali i Zi\",\"potentialAction\":[{\"@type\":\"SearchAction\",\"target\":{\"@type\":\"EntryPoint\",\"urlTemplate\":\"https:\/\/www.visit-ulcinj.com\/blog\/?s={search_term_string}\"},\"query-input\":\"required name=search_term_string\"}],\"inLanguage\":\"en-US\"},{\"@type\":\"ImageObject\",\"inLanguage\":\"en-US\",\"@id\":\"https:\/\/www.visit-ulcinj.com\/blog\/2009\/05\/13\/debat-mes-qetsorit-dhe-bjordit\/#primaryimage\",\"url\":\"http:\/\/www.visit-ulcinj.com\/blog\/wp-content\/uploads\/2009\/05\/debat-qetsor-bjrod10.jpg\",\"contentUrl\":\"http:\/\/www.visit-ulcinj.com\/blog\/wp-content\/uploads\/2009\/05\/debat-qetsor-bjrod10.jpg\"},{\"@type\":\"WebPage\",\"@id\":\"https:\/\/www.visit-ulcinj.com\/blog\/2009\/05\/13\/debat-mes-qetsorit-dhe-bjordit\/#webpage\",\"url\":\"https:\/\/www.visit-ulcinj.com\/blog\/2009\/05\/13\/debat-mes-qetsorit-dhe-bjordit\/\",\"name\":\"Debat mes Qetsorit dhe Bjordit | Big Brother Albania 2\",\"isPartOf\":{\"@id\":\"https:\/\/www.visit-ulcinj.com\/blog\/#website\"},\"primaryImageOfPage\":{\"@id\":\"https:\/\/www.visit-ulcinj.com\/blog\/2009\/05\/13\/debat-mes-qetsorit-dhe-bjordit\/#primaryimage\"},\"datePublished\":\"2009-05-13T21:27:07+00:00\",\"dateModified\":\"2009-05-13T21:27:07+00:00\",\"author\":{\"@id\":\"https:\/\/www.visit-ulcinj.com\/blog\/#\/schema\/person\/dcab619c614d3038751c63bc2aadc06d\"},\"description\":\"Big Brother Albania 2 - Qetsori e pyet Bjordin se cfar\u00c3\u00ab ka dashur t\u00c3\u00ab b\u00c3\u00abj\u00c3\u00ab duke mos kandiduar asnj\u00c3\u00abher\u00c3\u00ab Adin. Bjordi i p\u00c3\u00abrgjigjet se ai e ka shok dhe ka pasur t\u00c3\u00ab tjer\u00c3\u00ab njer\u00c3\u00abz para Adit p\u00c3\u00abr ti kandiduar.\",\"breadcrumb\":{\"@id\":\"https:\/\/www.visit-ulcinj.com\/blog\/2009\/05\/13\/debat-mes-qetsorit-dhe-bjordit\/#breadcrumb\"},\"inLanguage\":\"en-US\",\"potentialAction\":[{\"@type\":\"ReadAction\",\"target\":[\"https:\/\/www.visit-ulcinj.com\/blog\/2009\/05\/13\/debat-mes-qetsorit-dhe-bjordit\/\"]}]},{\"@type\":\"BreadcrumbList\",\"@id\":\"https:\/\/www.visit-ulcinj.com\/blog\/2009\/05\/13\/debat-mes-qetsorit-dhe-bjordit\/#breadcrumb\",\"itemListElement\":[{\"@type\":\"ListItem\",\"position\":1,\"name\":\"Debat mes Qetsorit dhe Bjordit\"}]},{\"@type\":\"Person\",\"@id\":\"https:\/\/www.visit-ulcinj.com\/blog\/#\/schema\/person\/dcab619c614d3038751c63bc2aadc06d\",\"name\":\"ulqini\",\"sameAs\":[\"http:\/\/www.visit-ulcinj.com\"],\"url\":\"https:\/\/www.visit-ulcinj.com\/blog\/author\/admin\/\"}]}<\/script>\n<!-- \/ Yoast SEO plugin. -->","yoast_head_json":{"title":"Debat mes Qetsorit dhe Bjordit | Big Brother Albania 2","description":"Big Brother Albania 2 - Qetsori e pyet Bjordin se cfar\u00c3\u00ab ka dashur t\u00c3\u00ab b\u00c3\u00abj\u00c3\u00ab duke mos kandiduar asnj\u00c3\u00abher\u00c3\u00ab Adin. Bjordi i p\u00c3\u00abrgjigjet se ai e ka shok dhe ka pasur t\u00c3\u00ab tjer\u00c3\u00ab njer\u00c3\u00abz para Adit p\u00c3\u00abr ti kandiduar.","robots":{"index":"index","follow":"follow","max-snippet":"max-snippet:-1","max-image-preview":"max-image-preview:large","max-video-preview":"max-video-preview:-1"},"canonical":"https:\/\/www.visit-ulcinj.com\/blog\/2009\/05\/13\/debat-mes-qetsorit-dhe-bjordit\/","og_locale":"en_US","og_type":"article","og_title":"Debat mes Qetsorit dhe Bjordit | Big Brother Albania 2","og_description":"Big Brother Albania 2 - Qetsori e pyet Bjordin se cfar\u00c3\u00ab ka dashur t\u00c3\u00ab b\u00c3\u00abj\u00c3\u00ab duke mos kandiduar asnj\u00c3\u00abher\u00c3\u00ab Adin. Bjordi i p\u00c3\u00abrgjigjet se ai e ka shok dhe ka pasur t\u00c3\u00ab tjer\u00c3\u00ab njer\u00c3\u00abz para Adit p\u00c3\u00abr ti kandiduar.","og_url":"https:\/\/www.visit-ulcinj.com\/blog\/2009\/05\/13\/debat-mes-qetsorit-dhe-bjordit\/","og_site_name":"Lajme nga Ulqini","article_published_time":"2009-05-13T21:27:07+00:00","og_image":[{"url":"http:\/\/www.visit-ulcinj.com\/blog\/wp-content\/uploads\/2009\/05\/debat-qetsor-bjrod10.jpg"}],"twitter_misc":{"Written by":"ulqini","Est. reading time":"2 minutes"},"schema":{"@context":"https:\/\/schema.org","@graph":[{"@type":"WebSite","@id":"https:\/\/www.visit-ulcinj.com\/blog\/#website","url":"https:\/\/www.visit-ulcinj.com\/blog\/","name":"Lajme nga Ulqini","description":"Lajme,Vijesti,Ulqini,Ulqin,Crna Gora,Mali i Zi","potentialAction":[{"@type":"SearchAction","target":{"@type":"EntryPoint","urlTemplate":"https:\/\/www.visit-ulcinj.com\/blog\/?s={search_term_string}"},"query-input":"required name=search_term_string"}],"inLanguage":"en-US"},{"@type":"ImageObject","inLanguage":"en-US","@id":"https:\/\/www.visit-ulcinj.com\/blog\/2009\/05\/13\/debat-mes-qetsorit-dhe-bjordit\/#primaryimage","url":"http:\/\/www.visit-ulcinj.com\/blog\/wp-content\/uploads\/2009\/05\/debat-qetsor-bjrod10.jpg","contentUrl":"http:\/\/www.visit-ulcinj.com\/blog\/wp-content\/uploads\/2009\/05\/debat-qetsor-bjrod10.jpg"},{"@type":"WebPage","@id":"https:\/\/www.visit-ulcinj.com\/blog\/2009\/05\/13\/debat-mes-qetsorit-dhe-bjordit\/#webpage","url":"https:\/\/www.visit-ulcinj.com\/blog\/2009\/05\/13\/debat-mes-qetsorit-dhe-bjordit\/","name":"Debat mes Qetsorit dhe Bjordit | Big Brother Albania 2","isPartOf":{"@id":"https:\/\/www.visit-ulcinj.com\/blog\/#website"},"primaryImageOfPage":{"@id":"https:\/\/www.visit-ulcinj.com\/blog\/2009\/05\/13\/debat-mes-qetsorit-dhe-bjordit\/#primaryimage"},"datePublished":"2009-05-13T21:27:07+00:00","dateModified":"2009-05-13T21:27:07+00:00","author":{"@id":"https:\/\/www.visit-ulcinj.com\/blog\/#\/schema\/person\/dcab619c614d3038751c63bc2aadc06d"},"description":"Big Brother Albania 2 - Qetsori e pyet Bjordin se cfar\u00c3\u00ab ka dashur t\u00c3\u00ab b\u00c3\u00abj\u00c3\u00ab duke mos kandiduar asnj\u00c3\u00abher\u00c3\u00ab Adin. Bjordi i p\u00c3\u00abrgjigjet se ai e ka shok dhe ka pasur t\u00c3\u00ab tjer\u00c3\u00ab njer\u00c3\u00abz para Adit p\u00c3\u00abr ti kandiduar.","breadcrumb":{"@id":"https:\/\/www.visit-ulcinj.com\/blog\/2009\/05\/13\/debat-mes-qetsorit-dhe-bjordit\/#breadcrumb"},"inLanguage":"en-US","potentialAction":[{"@type":"ReadAction","target":["https:\/\/www.visit-ulcinj.com\/blog\/2009\/05\/13\/debat-mes-qetsorit-dhe-bjordit\/"]}]},{"@type":"BreadcrumbList","@id":"https:\/\/www.visit-ulcinj.com\/blog\/2009\/05\/13\/debat-mes-qetsorit-dhe-bjordit\/#breadcrumb","itemListElement":[{"@type":"ListItem","position":1,"name":"Debat mes Qetsorit dhe Bjordit"}]},{"@type":"Person","@id":"https:\/\/www.visit-ulcinj.com\/blog\/#\/schema\/person\/dcab619c614d3038751c63bc2aadc06d","name":"ulqini","sameAs":["http:\/\/www.visit-ulcinj.com"],"url":"https:\/\/www.visit-ulcinj.com\/blog\/author\/admin\/"}]}},"jetpack_featured_media_url":"","jetpack_sharing_enabled":true,"jetpack_shortlink":"https:\/\/wp.me\/pe6lTn-5wb","_links":{"self":[{"href":"https:\/\/www.visit-ulcinj.com\/blog\/wp-json\/wp\/v2\/posts\/21215"}],"collection":[{"href":"https:\/\/www.visit-ulcinj.com\/blog\/wp-json\/wp\/v2\/posts"}],"about":[{"href":"https:\/\/www.visit-ulcinj.com\/blog\/wp-json\/wp\/v2\/types\/post"}],"author":[{"embeddable":true,"href":"https:\/\/www.visit-ulcinj.com\/blog\/wp-json\/wp\/v2\/users\/1"}],"replies":[{"embeddable":true,"href":"https:\/\/www.visit-ulcinj.com\/blog\/wp-json\/wp\/v2\/comments?post=21215"}],"version-history":[{"count":0,"href":"https:\/\/www.visit-ulcinj.com\/blog\/wp-json\/wp\/v2\/posts\/21215\/revisions"}],"wp:attachment":[{"href":"https:\/\/www.visit-ulcinj.com\/blog\/wp-json\/wp\/v2\/media?parent=21215"}],"wp:term":[{"taxonomy":"category","embeddable":true,"href":"https:\/\/www.visit-ulcinj.com\/blog\/wp-json\/wp\/v2\/categories?post=21215"},{"taxonomy":"post_tag","embeddable":true,"href":"https:\/\/www.visit-ulcinj.com\/blog\/wp-json\/wp\/v2\/tags?post=21215"}],"curies":[{"name":"wp","href":"https:\/\/api.w.org\/{rel}","templated":true}]}}