{"id":21218,"date":"2009-05-14T11:30:40","date_gmt":"2009-05-14T09:30:40","guid":{"rendered":"http:\/\/www.visit-ulcinj.com\/blog\/?p=21218"},"modified":"2009-05-14T11:03:33","modified_gmt":"2009-05-14T09:03:33","slug":"debat-mes-antonetes-dhe-qetsorit-2","status":"publish","type":"post","link":"https:\/\/www.visit-ulcinj.com\/blog\/2009\/05\/14\/debat-mes-antonetes-dhe-qetsorit-2\/","title":{"rendered":"Debat mes Antonet\u00ebs dhe Qetsorit"},"content":{"rendered":"<p><em><span class=\"newsdate\"><a href=\"http:\/\/www.visit-ulcinj.com\/blog\/wp-content\/uploads\/2009\/05\/deabat-antoneta-sori10.jpg\"><img loading=\"lazy\" class=\"alignleft size-full wp-image-21219\" title=\"deabat-antoneta-sori10-big-brother-albania-2\" src=\"http:\/\/www.visit-ulcinj.com\/blog\/wp-content\/uploads\/2009\/05\/deabat-antoneta-sori10.jpg\" alt=\"deabat-antoneta-sori10-big-brother-albania-2\" width=\"300\" height=\"205\" \/><\/a>10\/05\/09 17:05<\/span><\/em><\/p>\n<p>Mamaja e Bjordit i v\u00eb n\u00eb dukje Qetsorit disa tipare t\u00eb karakterit t\u00eb tij lidhur me debatet q\u00eb ai b\u00ebn. Ky mendim i saj mb\u00ebshtetet edhe nga Bjordi i cili shton se n\u00ebse mamaja e tij do t\u00eb ishte futur n\u00eb \u201cBig Brother\u201d padyshim do ta kishte fituar dhe do t\u00eb ngacmoheshin p\u00ebrher\u00eb me Sorin, sepse ajo \u00ebsht\u00eb natyr\u00eb luftarake dhe nuk do t\u00eb d\u00ebshironte q\u00eb Sori ta njohte at\u00eb aspekt t\u00eb karakterit t\u00eb saj.<br \/>\nMamaja e Bjordit i thot\u00eb Sorit q\u00eb teleshikuesit i njohin m\u00eb mir\u00eb nga sa njohin ata nj\u00ebri-tjetrin. M\u00eb pas t\u00eb nisin nj\u00eb debat mbi egoizmin dhe m\u00ebshir\u00ebn. Duket se asnj\u00ebri nuk i l\u00ebshon pe tjetrit. Ato bisedojn\u00eb mbi situata t\u00eb ndryshme n\u00eb sht\u00ebpi. M\u00eb pas t\u00eb dy flasin mbi jet\u00ebt e tyre.<\/p>\n","protected":false},"excerpt":{"rendered":"<p>10\/05\/09 17:05 Mamaja e Bjordit i v\u00eb n\u00eb dukje Qetsorit disa tipare t\u00eb karakterit t\u00eb tij lidhur me debatet q\u00eb ai b\u00ebn. Ky mendim i saj mb\u00ebshtetet edhe nga Bjordi i cili shton se n\u00ebse mamaja e tij do t\u00eb ishte futur n\u00eb \u201cBig Brother\u201d padyshim do ta kishte fituar dhe do t\u00eb ngacmoheshin p\u00ebrher\u00eb [&hellip;]<\/p>\n","protected":false},"author":1,"featured_media":0,"comment_status":"open","ping_status":"closed","sticky":false,"template":"","format":"standard","meta":{"spay_email":"","jetpack_publicize_message":"","jetpack_is_tweetstorm":false,"jetpack_publicize_feature_enabled":true},"categories":[6502],"tags":[9463,9121,6522,8276,9751],"jetpack_publicize_connections":[],"yoast_head":"<!-- This site is optimized with the Yoast SEO plugin v19.1 - https:\/\/yoast.com\/wordpress\/plugins\/seo\/ -->\n<title>Debat mes Antonet\u00c3\u00abs dhe Qetsorit | Big Brother Albania 2<\/title>\n<meta name=\"description\" content=\"Big Brother Albania 2 - Mamaja e Bjordit i v\u00c3\u00ab n\u00c3\u00ab dukje Qetsorit disa tipare t\u00c3\u00ab karakterit t\u00c3\u00ab tij lidhur me debatet q\u00c3\u00ab ai b\u00c3\u00abn. Ky mendim i saj mb\u00c3\u00abshtetet edhe nga Bjordi i cili shton se n\u00c3\u00abse mamaja e tij do t\u00c3\u00ab ishte futur n\u00c3\u00ab \u00e2\u20ac\u0153Big Brother\u00e2\u20ac\u009d padyshim do ta kishte fituar dhe do t\u00c3\u00ab ngacmoheshin p\u00c3\u00abrher\u00c3\u00ab me Sorin, sepse ajo \u00c3\u00absht\u00c3\u00ab natyr\u00c3\u00ab luftarake dhe nuk do t\u00c3\u00ab d\u00c3\u00abshironte q\u00c3\u00ab Sori ta njohte at\u00c3\u00ab aspekt t\u00c3\u00ab karakterit t\u00c3\u00ab saj.\" \/>\n<meta name=\"robots\" content=\"index, follow, max-snippet:-1, max-image-preview:large, max-video-preview:-1\" \/>\n<link rel=\"canonical\" href=\"https:\/\/www.visit-ulcinj.com\/blog\/2009\/05\/14\/debat-mes-antonetes-dhe-qetsorit-2\/\" \/>\n<meta property=\"og:locale\" content=\"en_US\" \/>\n<meta property=\"og:type\" content=\"article\" \/>\n<meta property=\"og:title\" content=\"Debat mes Antonet\u00c3\u00abs dhe Qetsorit | Big Brother Albania 2\" \/>\n<meta property=\"og:description\" content=\"Big Brother Albania 2 - Mamaja e Bjordit i v\u00c3\u00ab n\u00c3\u00ab dukje Qetsorit disa tipare t\u00c3\u00ab karakterit t\u00c3\u00ab tij lidhur me debatet q\u00c3\u00ab ai b\u00c3\u00abn. Ky mendim i saj mb\u00c3\u00abshtetet edhe nga Bjordi i cili shton se n\u00c3\u00abse mamaja e tij do t\u00c3\u00ab ishte futur n\u00c3\u00ab \u00e2\u20ac\u0153Big Brother\u00e2\u20ac\u009d padyshim do ta kishte fituar dhe do t\u00c3\u00ab ngacmoheshin p\u00c3\u00abrher\u00c3\u00ab me Sorin, sepse ajo \u00c3\u00absht\u00c3\u00ab natyr\u00c3\u00ab luftarake dhe nuk do t\u00c3\u00ab d\u00c3\u00abshironte q\u00c3\u00ab Sori ta njohte at\u00c3\u00ab aspekt t\u00c3\u00ab karakterit t\u00c3\u00ab saj.\" \/>\n<meta property=\"og:url\" content=\"https:\/\/www.visit-ulcinj.com\/blog\/2009\/05\/14\/debat-mes-antonetes-dhe-qetsorit-2\/\" \/>\n<meta property=\"og:site_name\" content=\"Lajme nga Ulqini\" \/>\n<meta property=\"article:published_time\" content=\"2009-05-14T09:30:40+00:00\" \/>\n<meta property=\"article:modified_time\" content=\"2009-05-14T09:03:33+00:00\" \/>\n<meta property=\"og:image\" content=\"http:\/\/www.visit-ulcinj.com\/blog\/wp-content\/uploads\/2009\/05\/deabat-antoneta-sori10.jpg\" \/>\n<meta name=\"twitter:label1\" content=\"Written by\" \/>\n\t<meta name=\"twitter:data1\" content=\"ulqini\" \/>\n\t<meta name=\"twitter:label2\" content=\"Est. reading time\" \/>\n\t<meta name=\"twitter:data2\" content=\"1 minute\" \/>\n<script type=\"application\/ld+json\" class=\"yoast-schema-graph\">{\"@context\":\"https:\/\/schema.org\",\"@graph\":[{\"@type\":\"WebSite\",\"@id\":\"https:\/\/www.visit-ulcinj.com\/blog\/#website\",\"url\":\"https:\/\/www.visit-ulcinj.com\/blog\/\",\"name\":\"Lajme nga Ulqini\",\"description\":\"Lajme,Vijesti,Ulqini,Ulqin,Crna Gora,Mali i Zi\",\"potentialAction\":[{\"@type\":\"SearchAction\",\"target\":{\"@type\":\"EntryPoint\",\"urlTemplate\":\"https:\/\/www.visit-ulcinj.com\/blog\/?s={search_term_string}\"},\"query-input\":\"required name=search_term_string\"}],\"inLanguage\":\"en-US\"},{\"@type\":\"ImageObject\",\"inLanguage\":\"en-US\",\"@id\":\"https:\/\/www.visit-ulcinj.com\/blog\/2009\/05\/14\/debat-mes-antonetes-dhe-qetsorit-2\/#primaryimage\",\"url\":\"http:\/\/www.visit-ulcinj.com\/blog\/wp-content\/uploads\/2009\/05\/deabat-antoneta-sori10.jpg\",\"contentUrl\":\"http:\/\/www.visit-ulcinj.com\/blog\/wp-content\/uploads\/2009\/05\/deabat-antoneta-sori10.jpg\"},{\"@type\":\"WebPage\",\"@id\":\"https:\/\/www.visit-ulcinj.com\/blog\/2009\/05\/14\/debat-mes-antonetes-dhe-qetsorit-2\/#webpage\",\"url\":\"https:\/\/www.visit-ulcinj.com\/blog\/2009\/05\/14\/debat-mes-antonetes-dhe-qetsorit-2\/\",\"name\":\"Debat mes Antonet\u00c3\u00abs dhe Qetsorit | Big Brother Albania 2\",\"isPartOf\":{\"@id\":\"https:\/\/www.visit-ulcinj.com\/blog\/#website\"},\"primaryImageOfPage\":{\"@id\":\"https:\/\/www.visit-ulcinj.com\/blog\/2009\/05\/14\/debat-mes-antonetes-dhe-qetsorit-2\/#primaryimage\"},\"datePublished\":\"2009-05-14T09:30:40+00:00\",\"dateModified\":\"2009-05-14T09:03:33+00:00\",\"author\":{\"@id\":\"https:\/\/www.visit-ulcinj.com\/blog\/#\/schema\/person\/dcab619c614d3038751c63bc2aadc06d\"},\"description\":\"Big Brother Albania 2 - Mamaja e Bjordit i v\u00c3\u00ab n\u00c3\u00ab dukje Qetsorit disa tipare t\u00c3\u00ab karakterit t\u00c3\u00ab tij lidhur me debatet q\u00c3\u00ab ai b\u00c3\u00abn. Ky mendim i saj mb\u00c3\u00abshtetet edhe nga Bjordi i cili shton se n\u00c3\u00abse mamaja e tij do t\u00c3\u00ab ishte futur n\u00c3\u00ab \u00e2\u20ac\u0153Big Brother\u00e2\u20ac\u009d padyshim do ta kishte fituar dhe do t\u00c3\u00ab ngacmoheshin p\u00c3\u00abrher\u00c3\u00ab me Sorin, sepse ajo \u00c3\u00absht\u00c3\u00ab natyr\u00c3\u00ab luftarake dhe nuk do t\u00c3\u00ab d\u00c3\u00abshironte q\u00c3\u00ab Sori ta njohte at\u00c3\u00ab aspekt t\u00c3\u00ab karakterit t\u00c3\u00ab saj.\",\"breadcrumb\":{\"@id\":\"https:\/\/www.visit-ulcinj.com\/blog\/2009\/05\/14\/debat-mes-antonetes-dhe-qetsorit-2\/#breadcrumb\"},\"inLanguage\":\"en-US\",\"potentialAction\":[{\"@type\":\"ReadAction\",\"target\":[\"https:\/\/www.visit-ulcinj.com\/blog\/2009\/05\/14\/debat-mes-antonetes-dhe-qetsorit-2\/\"]}]},{\"@type\":\"BreadcrumbList\",\"@id\":\"https:\/\/www.visit-ulcinj.com\/blog\/2009\/05\/14\/debat-mes-antonetes-dhe-qetsorit-2\/#breadcrumb\",\"itemListElement\":[{\"@type\":\"ListItem\",\"position\":1,\"name\":\"Debat mes Antonet\u00ebs dhe Qetsorit\"}]},{\"@type\":\"Person\",\"@id\":\"https:\/\/www.visit-ulcinj.com\/blog\/#\/schema\/person\/dcab619c614d3038751c63bc2aadc06d\",\"name\":\"ulqini\",\"sameAs\":[\"http:\/\/www.visit-ulcinj.com\"],\"url\":\"https:\/\/www.visit-ulcinj.com\/blog\/author\/admin\/\"}]}<\/script>\n<!-- \/ Yoast SEO plugin. -->","yoast_head_json":{"title":"Debat mes Antonet\u00c3\u00abs dhe Qetsorit | Big Brother Albania 2","description":"Big Brother Albania 2 - Mamaja e Bjordit i v\u00c3\u00ab n\u00c3\u00ab dukje Qetsorit disa tipare t\u00c3\u00ab karakterit t\u00c3\u00ab tij lidhur me debatet q\u00c3\u00ab ai b\u00c3\u00abn. Ky mendim i saj mb\u00c3\u00abshtetet edhe nga Bjordi i cili shton se n\u00c3\u00abse mamaja e tij do t\u00c3\u00ab ishte futur n\u00c3\u00ab \u00e2\u20ac\u0153Big Brother\u00e2\u20ac\u009d padyshim do ta kishte fituar dhe do t\u00c3\u00ab ngacmoheshin p\u00c3\u00abrher\u00c3\u00ab me Sorin, sepse ajo \u00c3\u00absht\u00c3\u00ab natyr\u00c3\u00ab luftarake dhe nuk do t\u00c3\u00ab d\u00c3\u00abshironte q\u00c3\u00ab Sori ta njohte at\u00c3\u00ab aspekt t\u00c3\u00ab karakterit t\u00c3\u00ab saj.","robots":{"index":"index","follow":"follow","max-snippet":"max-snippet:-1","max-image-preview":"max-image-preview:large","max-video-preview":"max-video-preview:-1"},"canonical":"https:\/\/www.visit-ulcinj.com\/blog\/2009\/05\/14\/debat-mes-antonetes-dhe-qetsorit-2\/","og_locale":"en_US","og_type":"article","og_title":"Debat mes Antonet\u00c3\u00abs dhe Qetsorit | Big Brother Albania 2","og_description":"Big Brother Albania 2 - Mamaja e Bjordit i v\u00c3\u00ab n\u00c3\u00ab dukje Qetsorit disa tipare t\u00c3\u00ab karakterit t\u00c3\u00ab tij lidhur me debatet q\u00c3\u00ab ai b\u00c3\u00abn. Ky mendim i saj mb\u00c3\u00abshtetet edhe nga Bjordi i cili shton se n\u00c3\u00abse mamaja e tij do t\u00c3\u00ab ishte futur n\u00c3\u00ab \u00e2\u20ac\u0153Big Brother\u00e2\u20ac\u009d padyshim do ta kishte fituar dhe do t\u00c3\u00ab ngacmoheshin p\u00c3\u00abrher\u00c3\u00ab me Sorin, sepse ajo \u00c3\u00absht\u00c3\u00ab natyr\u00c3\u00ab luftarake dhe nuk do t\u00c3\u00ab d\u00c3\u00abshironte q\u00c3\u00ab Sori ta njohte at\u00c3\u00ab aspekt t\u00c3\u00ab karakterit t\u00c3\u00ab saj.","og_url":"https:\/\/www.visit-ulcinj.com\/blog\/2009\/05\/14\/debat-mes-antonetes-dhe-qetsorit-2\/","og_site_name":"Lajme nga Ulqini","article_published_time":"2009-05-14T09:30:40+00:00","article_modified_time":"2009-05-14T09:03:33+00:00","og_image":[{"url":"http:\/\/www.visit-ulcinj.com\/blog\/wp-content\/uploads\/2009\/05\/deabat-antoneta-sori10.jpg"}],"twitter_misc":{"Written by":"ulqini","Est. reading time":"1 minute"},"schema":{"@context":"https:\/\/schema.org","@graph":[{"@type":"WebSite","@id":"https:\/\/www.visit-ulcinj.com\/blog\/#website","url":"https:\/\/www.visit-ulcinj.com\/blog\/","name":"Lajme nga Ulqini","description":"Lajme,Vijesti,Ulqini,Ulqin,Crna Gora,Mali i Zi","potentialAction":[{"@type":"SearchAction","target":{"@type":"EntryPoint","urlTemplate":"https:\/\/www.visit-ulcinj.com\/blog\/?s={search_term_string}"},"query-input":"required name=search_term_string"}],"inLanguage":"en-US"},{"@type":"ImageObject","inLanguage":"en-US","@id":"https:\/\/www.visit-ulcinj.com\/blog\/2009\/05\/14\/debat-mes-antonetes-dhe-qetsorit-2\/#primaryimage","url":"http:\/\/www.visit-ulcinj.com\/blog\/wp-content\/uploads\/2009\/05\/deabat-antoneta-sori10.jpg","contentUrl":"http:\/\/www.visit-ulcinj.com\/blog\/wp-content\/uploads\/2009\/05\/deabat-antoneta-sori10.jpg"},{"@type":"WebPage","@id":"https:\/\/www.visit-ulcinj.com\/blog\/2009\/05\/14\/debat-mes-antonetes-dhe-qetsorit-2\/#webpage","url":"https:\/\/www.visit-ulcinj.com\/blog\/2009\/05\/14\/debat-mes-antonetes-dhe-qetsorit-2\/","name":"Debat mes Antonet\u00c3\u00abs dhe Qetsorit | Big Brother Albania 2","isPartOf":{"@id":"https:\/\/www.visit-ulcinj.com\/blog\/#website"},"primaryImageOfPage":{"@id":"https:\/\/www.visit-ulcinj.com\/blog\/2009\/05\/14\/debat-mes-antonetes-dhe-qetsorit-2\/#primaryimage"},"datePublished":"2009-05-14T09:30:40+00:00","dateModified":"2009-05-14T09:03:33+00:00","author":{"@id":"https:\/\/www.visit-ulcinj.com\/blog\/#\/schema\/person\/dcab619c614d3038751c63bc2aadc06d"},"description":"Big Brother Albania 2 - Mamaja e Bjordit i v\u00c3\u00ab n\u00c3\u00ab dukje Qetsorit disa tipare t\u00c3\u00ab karakterit t\u00c3\u00ab tij lidhur me debatet q\u00c3\u00ab ai b\u00c3\u00abn. Ky mendim i saj mb\u00c3\u00abshtetet edhe nga Bjordi i cili shton se n\u00c3\u00abse mamaja e tij do t\u00c3\u00ab ishte futur n\u00c3\u00ab \u00e2\u20ac\u0153Big Brother\u00e2\u20ac\u009d padyshim do ta kishte fituar dhe do t\u00c3\u00ab ngacmoheshin p\u00c3\u00abrher\u00c3\u00ab me Sorin, sepse ajo \u00c3\u00absht\u00c3\u00ab natyr\u00c3\u00ab luftarake dhe nuk do t\u00c3\u00ab d\u00c3\u00abshironte q\u00c3\u00ab Sori ta njohte at\u00c3\u00ab aspekt t\u00c3\u00ab karakterit t\u00c3\u00ab saj.","breadcrumb":{"@id":"https:\/\/www.visit-ulcinj.com\/blog\/2009\/05\/14\/debat-mes-antonetes-dhe-qetsorit-2\/#breadcrumb"},"inLanguage":"en-US","potentialAction":[{"@type":"ReadAction","target":["https:\/\/www.visit-ulcinj.com\/blog\/2009\/05\/14\/debat-mes-antonetes-dhe-qetsorit-2\/"]}]},{"@type":"BreadcrumbList","@id":"https:\/\/www.visit-ulcinj.com\/blog\/2009\/05\/14\/debat-mes-antonetes-dhe-qetsorit-2\/#breadcrumb","itemListElement":[{"@type":"ListItem","position":1,"name":"Debat mes Antonet\u00ebs dhe Qetsorit"}]},{"@type":"Person","@id":"https:\/\/www.visit-ulcinj.com\/blog\/#\/schema\/person\/dcab619c614d3038751c63bc2aadc06d","name":"ulqini","sameAs":["http:\/\/www.visit-ulcinj.com"],"url":"https:\/\/www.visit-ulcinj.com\/blog\/author\/admin\/"}]}},"jetpack_featured_media_url":"","jetpack_sharing_enabled":true,"jetpack_shortlink":"https:\/\/wp.me\/pe6lTn-5we","_links":{"self":[{"href":"https:\/\/www.visit-ulcinj.com\/blog\/wp-json\/wp\/v2\/posts\/21218"}],"collection":[{"href":"https:\/\/www.visit-ulcinj.com\/blog\/wp-json\/wp\/v2\/posts"}],"about":[{"href":"https:\/\/www.visit-ulcinj.com\/blog\/wp-json\/wp\/v2\/types\/post"}],"author":[{"embeddable":true,"href":"https:\/\/www.visit-ulcinj.com\/blog\/wp-json\/wp\/v2\/users\/1"}],"replies":[{"embeddable":true,"href":"https:\/\/www.visit-ulcinj.com\/blog\/wp-json\/wp\/v2\/comments?post=21218"}],"version-history":[{"count":0,"href":"https:\/\/www.visit-ulcinj.com\/blog\/wp-json\/wp\/v2\/posts\/21218\/revisions"}],"wp:attachment":[{"href":"https:\/\/www.visit-ulcinj.com\/blog\/wp-json\/wp\/v2\/media?parent=21218"}],"wp:term":[{"taxonomy":"category","embeddable":true,"href":"https:\/\/www.visit-ulcinj.com\/blog\/wp-json\/wp\/v2\/categories?post=21218"},{"taxonomy":"post_tag","embeddable":true,"href":"https:\/\/www.visit-ulcinj.com\/blog\/wp-json\/wp\/v2\/tags?post=21218"}],"curies":[{"name":"wp","href":"https:\/\/api.w.org\/{rel}","templated":true}]}}