{"id":2122,"date":"2008-06-29T14:17:08","date_gmt":"2008-06-29T19:17:08","guid":{"rendered":"http:\/\/www.visit-ulcinj.com\/blog\/?p=2122"},"modified":"2008-06-29T14:17:08","modified_gmt":"2008-06-29T19:17:08","slug":"sporna-primjena-pravnog-okvira-za-manjinska-prava","status":"publish","type":"post","link":"https:\/\/www.visit-ulcinj.com\/blog\/2008\/06\/29\/sporna-primjena-pravnog-okvira-za-manjinska-prava\/","title":{"rendered":"Sporna primjena pravnog okvira za manjinska prava"},"content":{"rendered":"<p><a href=\"http:\/\/www.visit-ulcinj.com\/blog\/wp-content\/uploads\/2008\/06\/nimani_dinosha.jpg\"><img loading=\"lazy\" class=\"attachment wp-att-2108 alignleft\" src=\"http:\/\/www.visit-ulcinj.com\/blog\/wp-content\/uploads\/2008\/06\/nimani_dinosha.thumbnail.jpg\" alt=\"FERHAT DINOSHA_FUAD NIMANI_Livija Plaks\" width=\"200\" height=\"166\" \/><\/a><strong>Plaks: Pazite \u0161ta tra\u017eite<\/strong><br \/>\nKorak po korak, budite pa\u017eljivi u svojim zahtjevima, eto to je moj savjet za manjinske zajednice u Crnoj Gori &#8211; rekla je ju?e na okruglom stolu o budu?nosti manjinske politike predsjednik Projekta za etni?ke odnose Livija Plaks. Na konferenciji za novinare nakon vi\u0161e?asovne debate o pravima manjina istakla je da razumije &#8220;njihove te\u017enje&#8221;, ali da je osnovno u budu?nosti graditi dr\u017eavu.<br \/>\n&#8211; Pozitivnio su pravni okviri i po\u0161tovanje garantovanih sloboda. Od kada je usvojen Zakon o manjinskim pravima i Ustav, napravljen je iskorak i ohrabreni smo pravcem prema kom se Crna Gora kre?e &#8211; rekla je Plaks.<a title=\"Livie Plaks\" href=\"http:\/\/www.vlada.cg.yu\/img\/1214579661.jpg\" target=\"_blank\"><img loading=\"lazy\" class=\"alignright\" style=\"float: right;\" src=\"http:\/\/www.vlada.cg.yu\/img\/1214579660.jpg\" alt=\"Livie Plaks\" width=\"179\" height=\"134\" \/><\/a><br \/>\nNa otvaranju okruglog stola navela je da razumije sve \u0161to se de\u0161avalo u pro\u0161losti, ali da je pod utiskom da manjine u Crnoj Gori u potpunosti podr\u017eavaju svoju dr\u017eavu, zbog ?ega u njoj nije bilo konflikata kao u ostalim zemljama u regionu.<br \/>\nMinistar za za\u0161titu ljudskih i manjinskih prava Fuad Nimani izjavio je da ?e strategija za manjine biti usvojena na sjednici Vlade idu?e sedmice, a da ?e njena primjena trajati najmanje deset godina.<br \/>\nPonovio je zalaganje za garantovane mandate i vra?anje ukinutih ?lanova iz <a href=\"http:\/\/www.visit-ulcinj.com\/blog\/wp-content\/uploads\/2008\/04\/fuad-nimani_minister.jpg\"><img loading=\"lazy\" class=\"attachment wp-att-1107 alignleft\" src=\"http:\/\/www.visit-ulcinj.com\/blog\/wp-content\/uploads\/2008\/04\/fuad-nimani_minister-150x150.jpg\" alt=\"fuad-nimani_minister\" width=\"116\" height=\"116\" \/><\/a>Zakona o manjinama koji su osporeni pred Ustavnim sudom.<br \/>\n&#8211; Shodno Ulcinjskom sporazumu, koji je potpisan 2001. godine, zalaganja ?e biti i za davanje statusa op\u0161tine Tuzima i punog priznanja diploma koje su dobijene na visoko\u0161kolskim ustanovana na Kosovu &#8211; rekao je Nimani.<br \/>\nU?esnici, parlamentaci i aktivisti nevladinog sektora potvrdili su &#8220;plodonosnu raspravu&#8221; i izrazili o?ekivanje da ?e manjinska politika u narednom periodu, dati rezultate.<br \/>\n<strong><br \/>\nM.V<br \/>\nIzvor \/ Dan<\/strong><\/p>\n","protected":false},"excerpt":{"rendered":"<p><img loading=\"lazy\" class=\"attachment wp-att-2108 alignleft\" src=\"http:\/\/www.visit-ulcinj.com\/blog\/wp-content\/uploads\/2008\/06\/nimani_dinosha.thumbnail.jpg\" alt=\"FERHAT DINOSHA_FUAD NIMANI_Livija Plaks\" width=\"140\" height=\"140\" \/><\/p>\n","protected":false},"author":1,"featured_media":0,"comment_status":"open","ping_status":"closed","sticky":false,"template":"","format":"standard","meta":{"spay_email":"","jetpack_publicize_message":"","jetpack_is_tweetstorm":false,"jetpack_publicize_feature_enabled":true},"categories":[1,6,12],"tags":[106,686,4180],"jetpack_publicize_connections":[],"yoast_head":"<!-- This site is optimized with the Yoast SEO plugin v19.1 - https:\/\/yoast.com\/wordpress\/plugins\/seo\/ -->\n<title>Sporna primjena pravnog okvira za manjinska prava - Lajme nga Ulqini<\/title>\n<meta name=\"robots\" content=\"index, follow, max-snippet:-1, max-image-preview:large, max-video-preview:-1\" \/>\n<link rel=\"canonical\" href=\"https:\/\/www.visit-ulcinj.com\/blog\/2008\/06\/29\/sporna-primjena-pravnog-okvira-za-manjinska-prava\/\" \/>\n<meta property=\"og:locale\" content=\"en_US\" \/>\n<meta property=\"og:type\" content=\"article\" \/>\n<meta property=\"og:title\" content=\"Sporna primjena pravnog okvira za manjinska prava - Lajme nga Ulqini\" \/>\n<meta property=\"og:url\" content=\"https:\/\/www.visit-ulcinj.com\/blog\/2008\/06\/29\/sporna-primjena-pravnog-okvira-za-manjinska-prava\/\" \/>\n<meta property=\"og:site_name\" content=\"Lajme nga Ulqini\" \/>\n<meta property=\"article:published_time\" content=\"2008-06-29T19:17:08+00:00\" \/>\n<meta property=\"og:image\" content=\"http:\/\/www.visit-ulcinj.com\/blog\/wp-content\/uploads\/2008\/06\/nimani_dinosha.thumbnail.jpg\" \/>\n<meta name=\"twitter:label1\" content=\"Written by\" \/>\n\t<meta name=\"twitter:data1\" content=\"ulqini\" \/>\n\t<meta name=\"twitter:label2\" content=\"Est. reading time\" \/>\n\t<meta name=\"twitter:data2\" content=\"1 minute\" \/>\n<script type=\"application\/ld+json\" class=\"yoast-schema-graph\">{\"@context\":\"https:\/\/schema.org\",\"@graph\":[{\"@type\":\"WebSite\",\"@id\":\"https:\/\/www.visit-ulcinj.com\/blog\/#website\",\"url\":\"https:\/\/www.visit-ulcinj.com\/blog\/\",\"name\":\"Lajme nga Ulqini\",\"description\":\"Lajme,Vijesti,Ulqini,Ulqin,Crna Gora,Mali i Zi\",\"potentialAction\":[{\"@type\":\"SearchAction\",\"target\":{\"@type\":\"EntryPoint\",\"urlTemplate\":\"https:\/\/www.visit-ulcinj.com\/blog\/?s={search_term_string}\"},\"query-input\":\"required name=search_term_string\"}],\"inLanguage\":\"en-US\"},{\"@type\":\"ImageObject\",\"inLanguage\":\"en-US\",\"@id\":\"https:\/\/www.visit-ulcinj.com\/blog\/2008\/06\/29\/sporna-primjena-pravnog-okvira-za-manjinska-prava\/#primaryimage\",\"url\":\"http:\/\/www.visit-ulcinj.com\/blog\/wp-content\/uploads\/2008\/06\/nimani_dinosha.thumbnail.jpg\",\"contentUrl\":\"http:\/\/www.visit-ulcinj.com\/blog\/wp-content\/uploads\/2008\/06\/nimani_dinosha.thumbnail.jpg\"},{\"@type\":\"WebPage\",\"@id\":\"https:\/\/www.visit-ulcinj.com\/blog\/2008\/06\/29\/sporna-primjena-pravnog-okvira-za-manjinska-prava\/#webpage\",\"url\":\"https:\/\/www.visit-ulcinj.com\/blog\/2008\/06\/29\/sporna-primjena-pravnog-okvira-za-manjinska-prava\/\",\"name\":\"Sporna primjena pravnog okvira za manjinska prava - Lajme nga Ulqini\",\"isPartOf\":{\"@id\":\"https:\/\/www.visit-ulcinj.com\/blog\/#website\"},\"primaryImageOfPage\":{\"@id\":\"https:\/\/www.visit-ulcinj.com\/blog\/2008\/06\/29\/sporna-primjena-pravnog-okvira-za-manjinska-prava\/#primaryimage\"},\"datePublished\":\"2008-06-29T19:17:08+00:00\",\"dateModified\":\"2008-06-29T19:17:08+00:00\",\"author\":{\"@id\":\"https:\/\/www.visit-ulcinj.com\/blog\/#\/schema\/person\/dcab619c614d3038751c63bc2aadc06d\"},\"breadcrumb\":{\"@id\":\"https:\/\/www.visit-ulcinj.com\/blog\/2008\/06\/29\/sporna-primjena-pravnog-okvira-za-manjinska-prava\/#breadcrumb\"},\"inLanguage\":\"en-US\",\"potentialAction\":[{\"@type\":\"ReadAction\",\"target\":[\"https:\/\/www.visit-ulcinj.com\/blog\/2008\/06\/29\/sporna-primjena-pravnog-okvira-za-manjinska-prava\/\"]}]},{\"@type\":\"BreadcrumbList\",\"@id\":\"https:\/\/www.visit-ulcinj.com\/blog\/2008\/06\/29\/sporna-primjena-pravnog-okvira-za-manjinska-prava\/#breadcrumb\",\"itemListElement\":[{\"@type\":\"ListItem\",\"position\":1,\"name\":\"Sporna primjena pravnog okvira za manjinska prava\"}]},{\"@type\":\"Person\",\"@id\":\"https:\/\/www.visit-ulcinj.com\/blog\/#\/schema\/person\/dcab619c614d3038751c63bc2aadc06d\",\"name\":\"ulqini\",\"sameAs\":[\"http:\/\/www.visit-ulcinj.com\"],\"url\":\"https:\/\/www.visit-ulcinj.com\/blog\/author\/admin\/\"}]}<\/script>\n<!-- \/ Yoast SEO plugin. -->","yoast_head_json":{"title":"Sporna primjena pravnog okvira za manjinska prava - Lajme nga Ulqini","robots":{"index":"index","follow":"follow","max-snippet":"max-snippet:-1","max-image-preview":"max-image-preview:large","max-video-preview":"max-video-preview:-1"},"canonical":"https:\/\/www.visit-ulcinj.com\/blog\/2008\/06\/29\/sporna-primjena-pravnog-okvira-za-manjinska-prava\/","og_locale":"en_US","og_type":"article","og_title":"Sporna primjena pravnog okvira za manjinska prava - Lajme nga Ulqini","og_url":"https:\/\/www.visit-ulcinj.com\/blog\/2008\/06\/29\/sporna-primjena-pravnog-okvira-za-manjinska-prava\/","og_site_name":"Lajme nga Ulqini","article_published_time":"2008-06-29T19:17:08+00:00","og_image":[{"url":"http:\/\/www.visit-ulcinj.com\/blog\/wp-content\/uploads\/2008\/06\/nimani_dinosha.thumbnail.jpg"}],"twitter_misc":{"Written by":"ulqini","Est. reading time":"1 minute"},"schema":{"@context":"https:\/\/schema.org","@graph":[{"@type":"WebSite","@id":"https:\/\/www.visit-ulcinj.com\/blog\/#website","url":"https:\/\/www.visit-ulcinj.com\/blog\/","name":"Lajme nga Ulqini","description":"Lajme,Vijesti,Ulqini,Ulqin,Crna Gora,Mali i Zi","potentialAction":[{"@type":"SearchAction","target":{"@type":"EntryPoint","urlTemplate":"https:\/\/www.visit-ulcinj.com\/blog\/?s={search_term_string}"},"query-input":"required name=search_term_string"}],"inLanguage":"en-US"},{"@type":"ImageObject","inLanguage":"en-US","@id":"https:\/\/www.visit-ulcinj.com\/blog\/2008\/06\/29\/sporna-primjena-pravnog-okvira-za-manjinska-prava\/#primaryimage","url":"http:\/\/www.visit-ulcinj.com\/blog\/wp-content\/uploads\/2008\/06\/nimani_dinosha.thumbnail.jpg","contentUrl":"http:\/\/www.visit-ulcinj.com\/blog\/wp-content\/uploads\/2008\/06\/nimani_dinosha.thumbnail.jpg"},{"@type":"WebPage","@id":"https:\/\/www.visit-ulcinj.com\/blog\/2008\/06\/29\/sporna-primjena-pravnog-okvira-za-manjinska-prava\/#webpage","url":"https:\/\/www.visit-ulcinj.com\/blog\/2008\/06\/29\/sporna-primjena-pravnog-okvira-za-manjinska-prava\/","name":"Sporna primjena pravnog okvira za manjinska prava - Lajme nga Ulqini","isPartOf":{"@id":"https:\/\/www.visit-ulcinj.com\/blog\/#website"},"primaryImageOfPage":{"@id":"https:\/\/www.visit-ulcinj.com\/blog\/2008\/06\/29\/sporna-primjena-pravnog-okvira-za-manjinska-prava\/#primaryimage"},"datePublished":"2008-06-29T19:17:08+00:00","dateModified":"2008-06-29T19:17:08+00:00","author":{"@id":"https:\/\/www.visit-ulcinj.com\/blog\/#\/schema\/person\/dcab619c614d3038751c63bc2aadc06d"},"breadcrumb":{"@id":"https:\/\/www.visit-ulcinj.com\/blog\/2008\/06\/29\/sporna-primjena-pravnog-okvira-za-manjinska-prava\/#breadcrumb"},"inLanguage":"en-US","potentialAction":[{"@type":"ReadAction","target":["https:\/\/www.visit-ulcinj.com\/blog\/2008\/06\/29\/sporna-primjena-pravnog-okvira-za-manjinska-prava\/"]}]},{"@type":"BreadcrumbList","@id":"https:\/\/www.visit-ulcinj.com\/blog\/2008\/06\/29\/sporna-primjena-pravnog-okvira-za-manjinska-prava\/#breadcrumb","itemListElement":[{"@type":"ListItem","position":1,"name":"Sporna primjena pravnog okvira za manjinska prava"}]},{"@type":"Person","@id":"https:\/\/www.visit-ulcinj.com\/blog\/#\/schema\/person\/dcab619c614d3038751c63bc2aadc06d","name":"ulqini","sameAs":["http:\/\/www.visit-ulcinj.com"],"url":"https:\/\/www.visit-ulcinj.com\/blog\/author\/admin\/"}]}},"jetpack_featured_media_url":"","jetpack_sharing_enabled":true,"jetpack_shortlink":"https:\/\/wp.me\/pe6lTn-ye","_links":{"self":[{"href":"https:\/\/www.visit-ulcinj.com\/blog\/wp-json\/wp\/v2\/posts\/2122"}],"collection":[{"href":"https:\/\/www.visit-ulcinj.com\/blog\/wp-json\/wp\/v2\/posts"}],"about":[{"href":"https:\/\/www.visit-ulcinj.com\/blog\/wp-json\/wp\/v2\/types\/post"}],"author":[{"embeddable":true,"href":"https:\/\/www.visit-ulcinj.com\/blog\/wp-json\/wp\/v2\/users\/1"}],"replies":[{"embeddable":true,"href":"https:\/\/www.visit-ulcinj.com\/blog\/wp-json\/wp\/v2\/comments?post=2122"}],"version-history":[{"count":0,"href":"https:\/\/www.visit-ulcinj.com\/blog\/wp-json\/wp\/v2\/posts\/2122\/revisions"}],"wp:attachment":[{"href":"https:\/\/www.visit-ulcinj.com\/blog\/wp-json\/wp\/v2\/media?parent=2122"}],"wp:term":[{"taxonomy":"category","embeddable":true,"href":"https:\/\/www.visit-ulcinj.com\/blog\/wp-json\/wp\/v2\/categories?post=2122"},{"taxonomy":"post_tag","embeddable":true,"href":"https:\/\/www.visit-ulcinj.com\/blog\/wp-json\/wp\/v2\/tags?post=2122"}],"curies":[{"name":"wp","href":"https:\/\/api.w.org\/{rel}","templated":true}]}}