{"id":21223,"date":"2009-05-13T23:38:05","date_gmt":"2009-05-13T21:38:05","guid":{"rendered":"http:\/\/www.visit-ulcinj.com\/blog\/?p=21223"},"modified":"2009-05-13T23:38:05","modified_gmt":"2009-05-13T21:38:05","slug":"bjordi-na-mungon-moza","status":"publish","type":"post","link":"https:\/\/www.visit-ulcinj.com\/blog\/2009\/05\/13\/bjordi-na-mungon-moza\/","title":{"rendered":"Bjordi : Na mungon Moza"},"content":{"rendered":"<p><em><span class=\"newsdate\"><a href=\"http:\/\/www.visit-ulcinj.com\/blog\/wp-content\/uploads\/2009\/05\/bjordi-11maj-2.jpg\"><img loading=\"lazy\" class=\"alignleft size-full wp-image-21224\" title=\"bjordi-11maj-2-big-brother-albania-2\" src=\"http:\/\/www.visit-ulcinj.com\/blog\/wp-content\/uploads\/2009\/05\/bjordi-11maj-2.jpg\" alt=\"bjordi-11maj-2-big-brother-albania-2\" width=\"300\" height=\"205\" \/><\/a>11\/05\/09 00:42<\/span><\/em><\/p>\n<p>Djemt\u00eb ndodhen t\u00eb vet\u00ebm n\u00eb dhom\u00ebn e gjumit. Edhe pse jan\u00eb shtrir\u00eb p\u00ebr t\u00eb fjetur, bisedat mes tyre nuk mungojn\u00eb. Ata nuk harrojn\u00eb t\u00eb kujtojn\u00eb banoret e fundit t\u00eb eleminuara dhe disa pjes\u00eb nga spektakli. Ata kujtojn\u00eb Moz\u00ebn me batutat dhe t\u00eb qeshur\u00ebn e saj karakteristike dhe shprehen se e ndjejn\u00eb munges\u00ebn e saj. Bjordi kujton kur ajo u p\u00ebrball me Tanin dhe p\u00ebrgjigjen e saj q\u00eb shkaktoi shum\u00eb t\u00eb qeshura tek publiku sepse tha q\u00eb ka b\u00ebr\u00eb t\u00eb nj\u00ebjtat gj\u00ebra si ai. Sipas tij, ishte Moza ajo q\u00eb shkaktoi eleminimin e Tanit, pasi ai u p\u00ebrball me t\u00eb gjat\u00eb jav\u00ebs q\u00eb ishin t\u00eb dy n\u00eb nominim dhe Moza ia ktheu duke i th\u00ebn\u00eb se po merrej me t\u00eb sepse ajo ishte m\u00eb e vogla. Ata vazhdojn\u00eb t\u00eb qeshin duke kujtuar edhe batutat mes tyre. Sori thot\u00eb se Adi binte shpesh dakord me mendimin e Moz\u00ebs p\u00ebr ndonj\u00eb bised\u00eb, nd\u00ebrkoh\u00eb q\u00eb ajo mund t\u00eb ishte n\u00eb gjum ose nuk merrte pjes\u00eb fare n\u00eb bised\u00eb.<\/p>\n","protected":false},"excerpt":{"rendered":"<p>11\/05\/09 00:42 Djemt\u00eb ndodhen t\u00eb vet\u00ebm n\u00eb dhom\u00ebn e gjumit. Edhe pse jan\u00eb shtrir\u00eb p\u00ebr t\u00eb fjetur, bisedat mes tyre nuk mungojn\u00eb. Ata nuk harrojn\u00eb t\u00eb kujtojn\u00eb banoret e fundit t\u00eb eleminuara dhe disa pjes\u00eb nga spektakli. Ata kujtojn\u00eb Moz\u00ebn me batutat dhe t\u00eb qeshur\u00ebn e saj karakteristike dhe shprehen se e ndjejn\u00eb munges\u00ebn e [&hellip;]<\/p>\n","protected":false},"author":1,"featured_media":0,"comment_status":"open","ping_status":"closed","sticky":false,"template":"","format":"standard","meta":{"spay_email":"","jetpack_publicize_message":"","jetpack_is_tweetstorm":false,"jetpack_publicize_feature_enabled":true},"categories":[6502],"tags":[6529,9121,6522,8175,6544,8278,9751],"jetpack_publicize_connections":[],"yoast_head":"<!-- This site is optimized with the Yoast SEO plugin v19.1 - https:\/\/yoast.com\/wordpress\/plugins\/seo\/ -->\n<title>Bjordi : Na mungon Moza | Big Brother Albania 2<\/title>\n<meta name=\"description\" content=\"Big Brother Albania 2 - jemt\u00c3\u00ab ndodhen t\u00c3\u00ab vet\u00c3\u00abm n\u00c3\u00ab dhom\u00c3\u00abn e gjumit. Edhe pse jan\u00c3\u00ab shtrir\u00c3\u00ab p\u00c3\u00abr t\u00c3\u00ab fjetur, bisedat mes tyre nuk mungojn\u00c3\u00ab. Ata nuk harrojn\u00c3\u00ab t\u00c3\u00ab kujtojn\u00c3\u00ab banoret e fundit t\u00c3\u00ab eleminuara dhe disa pjes\u00c3\u00ab nga spektakli.\" \/>\n<meta name=\"robots\" content=\"index, follow, max-snippet:-1, max-image-preview:large, max-video-preview:-1\" \/>\n<link rel=\"canonical\" href=\"https:\/\/www.visit-ulcinj.com\/blog\/2009\/05\/13\/bjordi-na-mungon-moza\/\" \/>\n<meta property=\"og:locale\" content=\"en_US\" \/>\n<meta property=\"og:type\" content=\"article\" \/>\n<meta property=\"og:title\" content=\"Bjordi : Na mungon Moza | Big Brother Albania 2\" \/>\n<meta property=\"og:description\" content=\"Big Brother Albania 2 - jemt\u00c3\u00ab ndodhen t\u00c3\u00ab vet\u00c3\u00abm n\u00c3\u00ab dhom\u00c3\u00abn e gjumit. Edhe pse jan\u00c3\u00ab shtrir\u00c3\u00ab p\u00c3\u00abr t\u00c3\u00ab fjetur, bisedat mes tyre nuk mungojn\u00c3\u00ab. Ata nuk harrojn\u00c3\u00ab t\u00c3\u00ab kujtojn\u00c3\u00ab banoret e fundit t\u00c3\u00ab eleminuara dhe disa pjes\u00c3\u00ab nga spektakli.\" \/>\n<meta property=\"og:url\" content=\"https:\/\/www.visit-ulcinj.com\/blog\/2009\/05\/13\/bjordi-na-mungon-moza\/\" \/>\n<meta property=\"og:site_name\" content=\"Lajme nga Ulqini\" \/>\n<meta property=\"article:published_time\" content=\"2009-05-13T21:38:05+00:00\" \/>\n<meta property=\"og:image\" content=\"http:\/\/www.visit-ulcinj.com\/blog\/wp-content\/uploads\/2009\/05\/bjordi-11maj-2.jpg\" \/>\n<meta name=\"twitter:label1\" content=\"Written by\" \/>\n\t<meta name=\"twitter:data1\" content=\"ulqini\" \/>\n\t<meta name=\"twitter:label2\" content=\"Est. reading time\" \/>\n\t<meta name=\"twitter:data2\" content=\"1 minute\" \/>\n<script type=\"application\/ld+json\" class=\"yoast-schema-graph\">{\"@context\":\"https:\/\/schema.org\",\"@graph\":[{\"@type\":\"WebSite\",\"@id\":\"https:\/\/www.visit-ulcinj.com\/blog\/#website\",\"url\":\"https:\/\/www.visit-ulcinj.com\/blog\/\",\"name\":\"Lajme nga Ulqini\",\"description\":\"Lajme,Vijesti,Ulqini,Ulqin,Crna Gora,Mali i Zi\",\"potentialAction\":[{\"@type\":\"SearchAction\",\"target\":{\"@type\":\"EntryPoint\",\"urlTemplate\":\"https:\/\/www.visit-ulcinj.com\/blog\/?s={search_term_string}\"},\"query-input\":\"required name=search_term_string\"}],\"inLanguage\":\"en-US\"},{\"@type\":\"ImageObject\",\"inLanguage\":\"en-US\",\"@id\":\"https:\/\/www.visit-ulcinj.com\/blog\/2009\/05\/13\/bjordi-na-mungon-moza\/#primaryimage\",\"url\":\"http:\/\/www.visit-ulcinj.com\/blog\/wp-content\/uploads\/2009\/05\/bjordi-11maj-2.jpg\",\"contentUrl\":\"http:\/\/www.visit-ulcinj.com\/blog\/wp-content\/uploads\/2009\/05\/bjordi-11maj-2.jpg\"},{\"@type\":\"WebPage\",\"@id\":\"https:\/\/www.visit-ulcinj.com\/blog\/2009\/05\/13\/bjordi-na-mungon-moza\/#webpage\",\"url\":\"https:\/\/www.visit-ulcinj.com\/blog\/2009\/05\/13\/bjordi-na-mungon-moza\/\",\"name\":\"Bjordi : Na mungon Moza | Big Brother Albania 2\",\"isPartOf\":{\"@id\":\"https:\/\/www.visit-ulcinj.com\/blog\/#website\"},\"primaryImageOfPage\":{\"@id\":\"https:\/\/www.visit-ulcinj.com\/blog\/2009\/05\/13\/bjordi-na-mungon-moza\/#primaryimage\"},\"datePublished\":\"2009-05-13T21:38:05+00:00\",\"dateModified\":\"2009-05-13T21:38:05+00:00\",\"author\":{\"@id\":\"https:\/\/www.visit-ulcinj.com\/blog\/#\/schema\/person\/dcab619c614d3038751c63bc2aadc06d\"},\"description\":\"Big Brother Albania 2 - jemt\u00c3\u00ab ndodhen t\u00c3\u00ab vet\u00c3\u00abm n\u00c3\u00ab dhom\u00c3\u00abn e gjumit. Edhe pse jan\u00c3\u00ab shtrir\u00c3\u00ab p\u00c3\u00abr t\u00c3\u00ab fjetur, bisedat mes tyre nuk mungojn\u00c3\u00ab. Ata nuk harrojn\u00c3\u00ab t\u00c3\u00ab kujtojn\u00c3\u00ab banoret e fundit t\u00c3\u00ab eleminuara dhe disa pjes\u00c3\u00ab nga spektakli.\",\"breadcrumb\":{\"@id\":\"https:\/\/www.visit-ulcinj.com\/blog\/2009\/05\/13\/bjordi-na-mungon-moza\/#breadcrumb\"},\"inLanguage\":\"en-US\",\"potentialAction\":[{\"@type\":\"ReadAction\",\"target\":[\"https:\/\/www.visit-ulcinj.com\/blog\/2009\/05\/13\/bjordi-na-mungon-moza\/\"]}]},{\"@type\":\"BreadcrumbList\",\"@id\":\"https:\/\/www.visit-ulcinj.com\/blog\/2009\/05\/13\/bjordi-na-mungon-moza\/#breadcrumb\",\"itemListElement\":[{\"@type\":\"ListItem\",\"position\":1,\"name\":\"Bjordi : Na mungon Moza\"}]},{\"@type\":\"Person\",\"@id\":\"https:\/\/www.visit-ulcinj.com\/blog\/#\/schema\/person\/dcab619c614d3038751c63bc2aadc06d\",\"name\":\"ulqini\",\"sameAs\":[\"http:\/\/www.visit-ulcinj.com\"],\"url\":\"https:\/\/www.visit-ulcinj.com\/blog\/author\/admin\/\"}]}<\/script>\n<!-- \/ Yoast SEO plugin. -->","yoast_head_json":{"title":"Bjordi : Na mungon Moza | Big Brother Albania 2","description":"Big Brother Albania 2 - jemt\u00c3\u00ab ndodhen t\u00c3\u00ab vet\u00c3\u00abm n\u00c3\u00ab dhom\u00c3\u00abn e gjumit. Edhe pse jan\u00c3\u00ab shtrir\u00c3\u00ab p\u00c3\u00abr t\u00c3\u00ab fjetur, bisedat mes tyre nuk mungojn\u00c3\u00ab. Ata nuk harrojn\u00c3\u00ab t\u00c3\u00ab kujtojn\u00c3\u00ab banoret e fundit t\u00c3\u00ab eleminuara dhe disa pjes\u00c3\u00ab nga spektakli.","robots":{"index":"index","follow":"follow","max-snippet":"max-snippet:-1","max-image-preview":"max-image-preview:large","max-video-preview":"max-video-preview:-1"},"canonical":"https:\/\/www.visit-ulcinj.com\/blog\/2009\/05\/13\/bjordi-na-mungon-moza\/","og_locale":"en_US","og_type":"article","og_title":"Bjordi : Na mungon Moza | Big Brother Albania 2","og_description":"Big Brother Albania 2 - jemt\u00c3\u00ab ndodhen t\u00c3\u00ab vet\u00c3\u00abm n\u00c3\u00ab dhom\u00c3\u00abn e gjumit. Edhe pse jan\u00c3\u00ab shtrir\u00c3\u00ab p\u00c3\u00abr t\u00c3\u00ab fjetur, bisedat mes tyre nuk mungojn\u00c3\u00ab. Ata nuk harrojn\u00c3\u00ab t\u00c3\u00ab kujtojn\u00c3\u00ab banoret e fundit t\u00c3\u00ab eleminuara dhe disa pjes\u00c3\u00ab nga spektakli.","og_url":"https:\/\/www.visit-ulcinj.com\/blog\/2009\/05\/13\/bjordi-na-mungon-moza\/","og_site_name":"Lajme nga Ulqini","article_published_time":"2009-05-13T21:38:05+00:00","og_image":[{"url":"http:\/\/www.visit-ulcinj.com\/blog\/wp-content\/uploads\/2009\/05\/bjordi-11maj-2.jpg"}],"twitter_misc":{"Written by":"ulqini","Est. reading time":"1 minute"},"schema":{"@context":"https:\/\/schema.org","@graph":[{"@type":"WebSite","@id":"https:\/\/www.visit-ulcinj.com\/blog\/#website","url":"https:\/\/www.visit-ulcinj.com\/blog\/","name":"Lajme nga Ulqini","description":"Lajme,Vijesti,Ulqini,Ulqin,Crna Gora,Mali i Zi","potentialAction":[{"@type":"SearchAction","target":{"@type":"EntryPoint","urlTemplate":"https:\/\/www.visit-ulcinj.com\/blog\/?s={search_term_string}"},"query-input":"required name=search_term_string"}],"inLanguage":"en-US"},{"@type":"ImageObject","inLanguage":"en-US","@id":"https:\/\/www.visit-ulcinj.com\/blog\/2009\/05\/13\/bjordi-na-mungon-moza\/#primaryimage","url":"http:\/\/www.visit-ulcinj.com\/blog\/wp-content\/uploads\/2009\/05\/bjordi-11maj-2.jpg","contentUrl":"http:\/\/www.visit-ulcinj.com\/blog\/wp-content\/uploads\/2009\/05\/bjordi-11maj-2.jpg"},{"@type":"WebPage","@id":"https:\/\/www.visit-ulcinj.com\/blog\/2009\/05\/13\/bjordi-na-mungon-moza\/#webpage","url":"https:\/\/www.visit-ulcinj.com\/blog\/2009\/05\/13\/bjordi-na-mungon-moza\/","name":"Bjordi : Na mungon Moza | Big Brother Albania 2","isPartOf":{"@id":"https:\/\/www.visit-ulcinj.com\/blog\/#website"},"primaryImageOfPage":{"@id":"https:\/\/www.visit-ulcinj.com\/blog\/2009\/05\/13\/bjordi-na-mungon-moza\/#primaryimage"},"datePublished":"2009-05-13T21:38:05+00:00","dateModified":"2009-05-13T21:38:05+00:00","author":{"@id":"https:\/\/www.visit-ulcinj.com\/blog\/#\/schema\/person\/dcab619c614d3038751c63bc2aadc06d"},"description":"Big Brother Albania 2 - jemt\u00c3\u00ab ndodhen t\u00c3\u00ab vet\u00c3\u00abm n\u00c3\u00ab dhom\u00c3\u00abn e gjumit. Edhe pse jan\u00c3\u00ab shtrir\u00c3\u00ab p\u00c3\u00abr t\u00c3\u00ab fjetur, bisedat mes tyre nuk mungojn\u00c3\u00ab. Ata nuk harrojn\u00c3\u00ab t\u00c3\u00ab kujtojn\u00c3\u00ab banoret e fundit t\u00c3\u00ab eleminuara dhe disa pjes\u00c3\u00ab nga spektakli.","breadcrumb":{"@id":"https:\/\/www.visit-ulcinj.com\/blog\/2009\/05\/13\/bjordi-na-mungon-moza\/#breadcrumb"},"inLanguage":"en-US","potentialAction":[{"@type":"ReadAction","target":["https:\/\/www.visit-ulcinj.com\/blog\/2009\/05\/13\/bjordi-na-mungon-moza\/"]}]},{"@type":"BreadcrumbList","@id":"https:\/\/www.visit-ulcinj.com\/blog\/2009\/05\/13\/bjordi-na-mungon-moza\/#breadcrumb","itemListElement":[{"@type":"ListItem","position":1,"name":"Bjordi : Na mungon Moza"}]},{"@type":"Person","@id":"https:\/\/www.visit-ulcinj.com\/blog\/#\/schema\/person\/dcab619c614d3038751c63bc2aadc06d","name":"ulqini","sameAs":["http:\/\/www.visit-ulcinj.com"],"url":"https:\/\/www.visit-ulcinj.com\/blog\/author\/admin\/"}]}},"jetpack_featured_media_url":"","jetpack_sharing_enabled":true,"jetpack_shortlink":"https:\/\/wp.me\/pe6lTn-5wj","_links":{"self":[{"href":"https:\/\/www.visit-ulcinj.com\/blog\/wp-json\/wp\/v2\/posts\/21223"}],"collection":[{"href":"https:\/\/www.visit-ulcinj.com\/blog\/wp-json\/wp\/v2\/posts"}],"about":[{"href":"https:\/\/www.visit-ulcinj.com\/blog\/wp-json\/wp\/v2\/types\/post"}],"author":[{"embeddable":true,"href":"https:\/\/www.visit-ulcinj.com\/blog\/wp-json\/wp\/v2\/users\/1"}],"replies":[{"embeddable":true,"href":"https:\/\/www.visit-ulcinj.com\/blog\/wp-json\/wp\/v2\/comments?post=21223"}],"version-history":[{"count":0,"href":"https:\/\/www.visit-ulcinj.com\/blog\/wp-json\/wp\/v2\/posts\/21223\/revisions"}],"wp:attachment":[{"href":"https:\/\/www.visit-ulcinj.com\/blog\/wp-json\/wp\/v2\/media?parent=21223"}],"wp:term":[{"taxonomy":"category","embeddable":true,"href":"https:\/\/www.visit-ulcinj.com\/blog\/wp-json\/wp\/v2\/categories?post=21223"},{"taxonomy":"post_tag","embeddable":true,"href":"https:\/\/www.visit-ulcinj.com\/blog\/wp-json\/wp\/v2\/tags?post=21223"}],"curies":[{"name":"wp","href":"https:\/\/api.w.org\/{rel}","templated":true}]}}