{"id":21230,"date":"2009-05-13T23:47:20","date_gmt":"2009-05-13T21:47:20","guid":{"rendered":"http:\/\/www.visit-ulcinj.com\/blog\/?p=21230"},"modified":"2009-05-13T23:47:20","modified_gmt":"2009-05-13T21:47:20","slug":"adela-mamate-grupe-rivale","status":"publish","type":"post","link":"https:\/\/www.visit-ulcinj.com\/blog\/2009\/05\/13\/adela-mamate-grupe-rivale\/","title":{"rendered":"Adela : Mamat\u00eb, grupe rivale"},"content":{"rendered":"<p><em><span class=\"newsdate\"><a href=\"http:\/\/www.visit-ulcinj.com\/blog\/wp-content\/uploads\/2009\/05\/adela-11maj.jpg\"><img loading=\"lazy\" class=\"alignleft size-full wp-image-21231\" title=\"adela-11maj-big-brother-albania-2\" src=\"http:\/\/www.visit-ulcinj.com\/blog\/wp-content\/uploads\/2009\/05\/adela-11maj.jpg\" alt=\"adela-11maj-big-brother-albania-2\" width=\"300\" height=\"205\" \/><\/a>11\/05\/09 02:00<\/span><\/em><\/p>\n<p>Adela shprehet p\u00ebr mamat\u00eb se nuk do ishte keq n\u00ebse ato do rrinin edhe disa dit\u00eb, nd\u00ebrsa p\u00ebr Bjordin nuk do ishte as keq, as mir\u00eb. Adela k\u00ebnaqet kur mendon se finalja e Big Brother \u00ebsht\u00eb me mamat\u00eb n\u00eb sht\u00ebpi. Bjordi mendon se edhe pak koh\u00eb dhe edhe ato do fillojn\u00eb nga debatet me njera-tjetr\u00ebn, nd\u00ebrsa Adela shton se do ndahen n\u00eb grupe rivale dy nga dy. Bjordi i thot\u00eb me t\u00eb qeshur se sido q\u00eb t\u00eb ndodh\u00eb me to, prap\u00eb Adela do jet\u00eb ajo q\u00eb ato do ken\u00eb inat. \u201cSi gjith\u00eb femrat e tjera, por edhe un\u00eb do t\u2019i eleminoj nj\u00eb nga nj\u00eb\u201d- ia kthen Adela.<\/p>\n","protected":false},"excerpt":{"rendered":"<p>11\/05\/09 02:00 Adela shprehet p\u00ebr mamat\u00eb se nuk do ishte keq n\u00ebse ato do rrinin edhe disa dit\u00eb, nd\u00ebrsa p\u00ebr Bjordin nuk do ishte as keq, as mir\u00eb. Adela k\u00ebnaqet kur mendon se finalja e Big Brother \u00ebsht\u00eb me mamat\u00eb n\u00eb sht\u00ebpi. Bjordi mendon se edhe pak koh\u00eb dhe edhe ato do fillojn\u00eb nga debatet [&hellip;]<\/p>\n","protected":false},"author":1,"featured_media":0,"comment_status":"open","ping_status":"closed","sticky":false,"template":"","format":"standard","meta":{"spay_email":"","jetpack_publicize_message":"","jetpack_is_tweetstorm":false,"jetpack_publicize_feature_enabled":true},"categories":[6502],"tags":[10335,6529,9121,6522,9751],"jetpack_publicize_connections":[],"yoast_head":"<!-- This site is optimized with the Yoast SEO plugin v19.1 - https:\/\/yoast.com\/wordpress\/plugins\/seo\/ -->\n<title>Adela : Mamat\u00c3\u00ab, grupe rivale | Big Brother Albania 2<\/title>\n<meta name=\"description\" content=\"Big Brother Albania 2 - Adela shprehet p\u00c3\u00abr mamat\u00c3\u00ab se nuk do ishte keq n\u00c3\u00abse ato do rrinin edhe disa dit\u00c3\u00ab, nd\u00c3\u00abrsa p\u00c3\u00abr Bjordin nuk do ishte as keq, as mir\u00c3\u00ab.\" \/>\n<meta name=\"robots\" content=\"index, follow, max-snippet:-1, max-image-preview:large, max-video-preview:-1\" \/>\n<link rel=\"canonical\" href=\"https:\/\/www.visit-ulcinj.com\/blog\/2009\/05\/13\/adela-mamate-grupe-rivale\/\" \/>\n<meta property=\"og:locale\" content=\"en_US\" \/>\n<meta property=\"og:type\" content=\"article\" \/>\n<meta property=\"og:title\" content=\"Adela : Mamat\u00c3\u00ab, grupe rivale | Big Brother Albania 2\" \/>\n<meta property=\"og:description\" content=\"Big Brother Albania 2 - Adela shprehet p\u00c3\u00abr mamat\u00c3\u00ab se nuk do ishte keq n\u00c3\u00abse ato do rrinin edhe disa dit\u00c3\u00ab, nd\u00c3\u00abrsa p\u00c3\u00abr Bjordin nuk do ishte as keq, as mir\u00c3\u00ab.\" \/>\n<meta property=\"og:url\" content=\"https:\/\/www.visit-ulcinj.com\/blog\/2009\/05\/13\/adela-mamate-grupe-rivale\/\" \/>\n<meta property=\"og:site_name\" content=\"Lajme nga Ulqini\" \/>\n<meta property=\"article:published_time\" content=\"2009-05-13T21:47:20+00:00\" \/>\n<meta property=\"og:image\" content=\"http:\/\/www.visit-ulcinj.com\/blog\/wp-content\/uploads\/2009\/05\/adela-11maj.jpg\" \/>\n<meta name=\"twitter:label1\" content=\"Written by\" \/>\n\t<meta name=\"twitter:data1\" content=\"ulqini\" \/>\n\t<meta name=\"twitter:label2\" content=\"Est. reading time\" \/>\n\t<meta name=\"twitter:data2\" content=\"1 minute\" \/>\n<script type=\"application\/ld+json\" class=\"yoast-schema-graph\">{\"@context\":\"https:\/\/schema.org\",\"@graph\":[{\"@type\":\"WebSite\",\"@id\":\"https:\/\/www.visit-ulcinj.com\/blog\/#website\",\"url\":\"https:\/\/www.visit-ulcinj.com\/blog\/\",\"name\":\"Lajme nga Ulqini\",\"description\":\"Lajme,Vijesti,Ulqini,Ulqin,Crna Gora,Mali i Zi\",\"potentialAction\":[{\"@type\":\"SearchAction\",\"target\":{\"@type\":\"EntryPoint\",\"urlTemplate\":\"https:\/\/www.visit-ulcinj.com\/blog\/?s={search_term_string}\"},\"query-input\":\"required name=search_term_string\"}],\"inLanguage\":\"en-US\"},{\"@type\":\"ImageObject\",\"inLanguage\":\"en-US\",\"@id\":\"https:\/\/www.visit-ulcinj.com\/blog\/2009\/05\/13\/adela-mamate-grupe-rivale\/#primaryimage\",\"url\":\"http:\/\/www.visit-ulcinj.com\/blog\/wp-content\/uploads\/2009\/05\/adela-11maj.jpg\",\"contentUrl\":\"http:\/\/www.visit-ulcinj.com\/blog\/wp-content\/uploads\/2009\/05\/adela-11maj.jpg\"},{\"@type\":\"WebPage\",\"@id\":\"https:\/\/www.visit-ulcinj.com\/blog\/2009\/05\/13\/adela-mamate-grupe-rivale\/#webpage\",\"url\":\"https:\/\/www.visit-ulcinj.com\/blog\/2009\/05\/13\/adela-mamate-grupe-rivale\/\",\"name\":\"Adela : Mamat\u00c3\u00ab, grupe rivale | Big Brother Albania 2\",\"isPartOf\":{\"@id\":\"https:\/\/www.visit-ulcinj.com\/blog\/#website\"},\"primaryImageOfPage\":{\"@id\":\"https:\/\/www.visit-ulcinj.com\/blog\/2009\/05\/13\/adela-mamate-grupe-rivale\/#primaryimage\"},\"datePublished\":\"2009-05-13T21:47:20+00:00\",\"dateModified\":\"2009-05-13T21:47:20+00:00\",\"author\":{\"@id\":\"https:\/\/www.visit-ulcinj.com\/blog\/#\/schema\/person\/dcab619c614d3038751c63bc2aadc06d\"},\"description\":\"Big Brother Albania 2 - Adela shprehet p\u00c3\u00abr mamat\u00c3\u00ab se nuk do ishte keq n\u00c3\u00abse ato do rrinin edhe disa dit\u00c3\u00ab, nd\u00c3\u00abrsa p\u00c3\u00abr Bjordin nuk do ishte as keq, as mir\u00c3\u00ab.\",\"breadcrumb\":{\"@id\":\"https:\/\/www.visit-ulcinj.com\/blog\/2009\/05\/13\/adela-mamate-grupe-rivale\/#breadcrumb\"},\"inLanguage\":\"en-US\",\"potentialAction\":[{\"@type\":\"ReadAction\",\"target\":[\"https:\/\/www.visit-ulcinj.com\/blog\/2009\/05\/13\/adela-mamate-grupe-rivale\/\"]}]},{\"@type\":\"BreadcrumbList\",\"@id\":\"https:\/\/www.visit-ulcinj.com\/blog\/2009\/05\/13\/adela-mamate-grupe-rivale\/#breadcrumb\",\"itemListElement\":[{\"@type\":\"ListItem\",\"position\":1,\"name\":\"Adela : Mamat\u00eb, grupe rivale\"}]},{\"@type\":\"Person\",\"@id\":\"https:\/\/www.visit-ulcinj.com\/blog\/#\/schema\/person\/dcab619c614d3038751c63bc2aadc06d\",\"name\":\"ulqini\",\"sameAs\":[\"http:\/\/www.visit-ulcinj.com\"],\"url\":\"https:\/\/www.visit-ulcinj.com\/blog\/author\/admin\/\"}]}<\/script>\n<!-- \/ Yoast SEO plugin. -->","yoast_head_json":{"title":"Adela : Mamat\u00c3\u00ab, grupe rivale | Big Brother Albania 2","description":"Big Brother Albania 2 - Adela shprehet p\u00c3\u00abr mamat\u00c3\u00ab se nuk do ishte keq n\u00c3\u00abse ato do rrinin edhe disa dit\u00c3\u00ab, nd\u00c3\u00abrsa p\u00c3\u00abr Bjordin nuk do ishte as keq, as mir\u00c3\u00ab.","robots":{"index":"index","follow":"follow","max-snippet":"max-snippet:-1","max-image-preview":"max-image-preview:large","max-video-preview":"max-video-preview:-1"},"canonical":"https:\/\/www.visit-ulcinj.com\/blog\/2009\/05\/13\/adela-mamate-grupe-rivale\/","og_locale":"en_US","og_type":"article","og_title":"Adela : Mamat\u00c3\u00ab, grupe rivale | Big Brother Albania 2","og_description":"Big Brother Albania 2 - Adela shprehet p\u00c3\u00abr mamat\u00c3\u00ab se nuk do ishte keq n\u00c3\u00abse ato do rrinin edhe disa dit\u00c3\u00ab, nd\u00c3\u00abrsa p\u00c3\u00abr Bjordin nuk do ishte as keq, as mir\u00c3\u00ab.","og_url":"https:\/\/www.visit-ulcinj.com\/blog\/2009\/05\/13\/adela-mamate-grupe-rivale\/","og_site_name":"Lajme nga Ulqini","article_published_time":"2009-05-13T21:47:20+00:00","og_image":[{"url":"http:\/\/www.visit-ulcinj.com\/blog\/wp-content\/uploads\/2009\/05\/adela-11maj.jpg"}],"twitter_misc":{"Written by":"ulqini","Est. reading time":"1 minute"},"schema":{"@context":"https:\/\/schema.org","@graph":[{"@type":"WebSite","@id":"https:\/\/www.visit-ulcinj.com\/blog\/#website","url":"https:\/\/www.visit-ulcinj.com\/blog\/","name":"Lajme nga Ulqini","description":"Lajme,Vijesti,Ulqini,Ulqin,Crna Gora,Mali i Zi","potentialAction":[{"@type":"SearchAction","target":{"@type":"EntryPoint","urlTemplate":"https:\/\/www.visit-ulcinj.com\/blog\/?s={search_term_string}"},"query-input":"required name=search_term_string"}],"inLanguage":"en-US"},{"@type":"ImageObject","inLanguage":"en-US","@id":"https:\/\/www.visit-ulcinj.com\/blog\/2009\/05\/13\/adela-mamate-grupe-rivale\/#primaryimage","url":"http:\/\/www.visit-ulcinj.com\/blog\/wp-content\/uploads\/2009\/05\/adela-11maj.jpg","contentUrl":"http:\/\/www.visit-ulcinj.com\/blog\/wp-content\/uploads\/2009\/05\/adela-11maj.jpg"},{"@type":"WebPage","@id":"https:\/\/www.visit-ulcinj.com\/blog\/2009\/05\/13\/adela-mamate-grupe-rivale\/#webpage","url":"https:\/\/www.visit-ulcinj.com\/blog\/2009\/05\/13\/adela-mamate-grupe-rivale\/","name":"Adela : Mamat\u00c3\u00ab, grupe rivale | Big Brother Albania 2","isPartOf":{"@id":"https:\/\/www.visit-ulcinj.com\/blog\/#website"},"primaryImageOfPage":{"@id":"https:\/\/www.visit-ulcinj.com\/blog\/2009\/05\/13\/adela-mamate-grupe-rivale\/#primaryimage"},"datePublished":"2009-05-13T21:47:20+00:00","dateModified":"2009-05-13T21:47:20+00:00","author":{"@id":"https:\/\/www.visit-ulcinj.com\/blog\/#\/schema\/person\/dcab619c614d3038751c63bc2aadc06d"},"description":"Big Brother Albania 2 - Adela shprehet p\u00c3\u00abr mamat\u00c3\u00ab se nuk do ishte keq n\u00c3\u00abse ato do rrinin edhe disa dit\u00c3\u00ab, nd\u00c3\u00abrsa p\u00c3\u00abr Bjordin nuk do ishte as keq, as mir\u00c3\u00ab.","breadcrumb":{"@id":"https:\/\/www.visit-ulcinj.com\/blog\/2009\/05\/13\/adela-mamate-grupe-rivale\/#breadcrumb"},"inLanguage":"en-US","potentialAction":[{"@type":"ReadAction","target":["https:\/\/www.visit-ulcinj.com\/blog\/2009\/05\/13\/adela-mamate-grupe-rivale\/"]}]},{"@type":"BreadcrumbList","@id":"https:\/\/www.visit-ulcinj.com\/blog\/2009\/05\/13\/adela-mamate-grupe-rivale\/#breadcrumb","itemListElement":[{"@type":"ListItem","position":1,"name":"Adela : Mamat\u00eb, grupe rivale"}]},{"@type":"Person","@id":"https:\/\/www.visit-ulcinj.com\/blog\/#\/schema\/person\/dcab619c614d3038751c63bc2aadc06d","name":"ulqini","sameAs":["http:\/\/www.visit-ulcinj.com"],"url":"https:\/\/www.visit-ulcinj.com\/blog\/author\/admin\/"}]}},"jetpack_featured_media_url":"","jetpack_sharing_enabled":true,"jetpack_shortlink":"https:\/\/wp.me\/pe6lTn-5wq","_links":{"self":[{"href":"https:\/\/www.visit-ulcinj.com\/blog\/wp-json\/wp\/v2\/posts\/21230"}],"collection":[{"href":"https:\/\/www.visit-ulcinj.com\/blog\/wp-json\/wp\/v2\/posts"}],"about":[{"href":"https:\/\/www.visit-ulcinj.com\/blog\/wp-json\/wp\/v2\/types\/post"}],"author":[{"embeddable":true,"href":"https:\/\/www.visit-ulcinj.com\/blog\/wp-json\/wp\/v2\/users\/1"}],"replies":[{"embeddable":true,"href":"https:\/\/www.visit-ulcinj.com\/blog\/wp-json\/wp\/v2\/comments?post=21230"}],"version-history":[{"count":0,"href":"https:\/\/www.visit-ulcinj.com\/blog\/wp-json\/wp\/v2\/posts\/21230\/revisions"}],"wp:attachment":[{"href":"https:\/\/www.visit-ulcinj.com\/blog\/wp-json\/wp\/v2\/media?parent=21230"}],"wp:term":[{"taxonomy":"category","embeddable":true,"href":"https:\/\/www.visit-ulcinj.com\/blog\/wp-json\/wp\/v2\/categories?post=21230"},{"taxonomy":"post_tag","embeddable":true,"href":"https:\/\/www.visit-ulcinj.com\/blog\/wp-json\/wp\/v2\/tags?post=21230"}],"curies":[{"name":"wp","href":"https:\/\/api.w.org\/{rel}","templated":true}]}}