{"id":21233,"date":"2009-05-14T10:00:38","date_gmt":"2009-05-14T08:00:38","guid":{"rendered":"http:\/\/www.visit-ulcinj.com\/blog\/?p=21233"},"modified":"2009-05-13T23:59:46","modified_gmt":"2009-05-13T21:59:46","slug":"adela-me-pelqen-mami-jot","status":"publish","type":"post","link":"https:\/\/www.visit-ulcinj.com\/blog\/2009\/05\/14\/adela-me-pelqen-mami-jot\/","title":{"rendered":"Adela : M\u00eb p\u00eblqen mami jot"},"content":{"rendered":"<p><em><span class=\"newsdate\"><a href=\"http:\/\/www.visit-ulcinj.com\/blog\/wp-content\/uploads\/2009\/05\/bjordiadela-11maj-3.jpg\"><img loading=\"lazy\" class=\"alignleft size-full wp-image-21234\" title=\"bjordiadela-11maj-3-big-brother-albania-2\" src=\"http:\/\/www.visit-ulcinj.com\/blog\/wp-content\/uploads\/2009\/05\/bjordiadela-11maj-3.jpg\" alt=\"bjordiadela-11maj-3-big-brother-albania-2\" width=\"300\" height=\"205\" \/><\/a>11\/05\/09 02:34<\/span><\/em><\/p>\n<p>Adela tregon se mami i vet nuk i ka dh\u00ebn\u00eb asnj\u00eb informacion nga jasht\u00eb, vec se ka takuar t\u00eb gjith\u00eb banor\u00ebt e eleminuar. Ajo tregon p\u00ebrshtypjet e mamas\u00eb s\u00eb saj dhe thot\u00eb se t\u00eb gjith\u00eb i jan\u00eb dukur shum\u00eb t\u00eb mir\u00eb. Adela i ka kujtuar se nj\u00eb pjes\u00eb e tyre i kishte kund\u00ebrshtar\u00eb, por e \u00ebma e ka k\u00ebshilluar se ato ishin sa p\u00ebr loj\u00eb, nd\u00ebrsa jasht\u00eb, kur t\u2019i njoh\u00eb realisht, ka p\u00ebr t\u00eb patur marr\u00ebdh\u00ebnie shum\u00eb t\u00eb mira me t\u00eb gjith\u00eb. Bjordi thopt\u00eb se mami i saj paska th\u00ebn\u00eb fjal\u00eb t\u00eb mira p\u00ebr t\u00eb gjith\u00eb dhe uron q\u00eb dhe p\u00ebr lidhjen e tyre, ta konceptoj\u00eb n\u00eb k\u00ebt\u00eb form\u00eb. Adela mendon se kjo gj\u00eb \u00ebsht\u00eb ndryshe sepse k\u00ebto gj\u00ebra kan\u00eb t\u00eb b\u00ebjn\u00eb me tjet\u00ebr aspekt, nderin.\u00a0<br \/>\nAta bisedojn\u00eb edhe p\u00ebr mamin e Bjordit dhe Adela shprehet se ajo e ka provokuar n\u00eb disa raste. Bjordi i thot\u00eb se ajo e ka tipin t\u00eb till\u00eb, por Adel\u00ebn e do. P\u00ebr Adel\u00ebn, \u00ebsht\u00eb m\u00eb mir\u00eb nj\u00eb sjellje e till\u00eb sesa t\u00eb shtiret. \u201cM\u00eb p\u00eblqen\u201d- shprehet ajo. Bjordi e komenton sjelljen e t\u00eb \u00ebm\u00ebs si nj\u00eb m\u00ebnyr\u00eb p\u00ebr t\u00eb par\u00eb se sa e fort\u00eb \u00ebsht\u00eb Adela.<\/p>\n","protected":false},"excerpt":{"rendered":"<p>11\/05\/09 02:34 Adela tregon se mami i vet nuk i ka dh\u00ebn\u00eb asnj\u00eb informacion nga jasht\u00eb, vec se ka takuar t\u00eb gjith\u00eb banor\u00ebt e eleminuar. Ajo tregon p\u00ebrshtypjet e mamas\u00eb s\u00eb saj dhe thot\u00eb se t\u00eb gjith\u00eb i jan\u00eb dukur shum\u00eb t\u00eb mir\u00eb. Adela i ka kujtuar se nj\u00eb pjes\u00eb e tyre i kishte kund\u00ebrshtar\u00eb, [&hellip;]<\/p>\n","protected":false},"author":1,"featured_media":0,"comment_status":"open","ping_status":"closed","sticky":false,"template":"","format":"standard","meta":{"spay_email":"","jetpack_publicize_message":"","jetpack_is_tweetstorm":false,"jetpack_publicize_feature_enabled":true},"categories":[6502],"tags":[6529,9121,6522,9795],"jetpack_publicize_connections":[],"yoast_head":"<!-- This site is optimized with the Yoast SEO plugin v19.1 - https:\/\/yoast.com\/wordpress\/plugins\/seo\/ -->\n<title>Adela : M\u00c3\u00ab p\u00c3\u00ablqen mami jot | Big Brother Albania 2<\/title>\n<meta name=\"description\" content=\"Big Brother Albania 2 - Adela tregon se mami i vet nuk i ka dh\u00c3\u00abn\u00c3\u00ab asnj\u00c3\u00ab informacion nga jasht\u00c3\u00ab, vec se ka takuar t\u00c3\u00ab gjith\u00c3\u00ab banor\u00c3\u00abt e eleminuar. Ajo tregon p\u00c3\u00abrshtypjet e mamas\u00c3\u00ab s\u00c3\u00ab saj dhe thot\u00c3\u00ab se t\u00c3\u00ab gjith\u00c3\u00ab i jan\u00c3\u00ab dukur shum\u00c3\u00ab t\u00c3\u00ab mir\u00c3\u00ab.\" \/>\n<meta name=\"robots\" content=\"index, follow, max-snippet:-1, max-image-preview:large, max-video-preview:-1\" \/>\n<link rel=\"canonical\" href=\"https:\/\/www.visit-ulcinj.com\/blog\/2009\/05\/14\/adela-me-pelqen-mami-jot\/\" \/>\n<meta property=\"og:locale\" content=\"en_US\" \/>\n<meta property=\"og:type\" content=\"article\" \/>\n<meta property=\"og:title\" content=\"Adela : M\u00c3\u00ab p\u00c3\u00ablqen mami jot | Big Brother Albania 2\" \/>\n<meta property=\"og:description\" content=\"Big Brother Albania 2 - Adela tregon se mami i vet nuk i ka dh\u00c3\u00abn\u00c3\u00ab asnj\u00c3\u00ab informacion nga jasht\u00c3\u00ab, vec se ka takuar t\u00c3\u00ab gjith\u00c3\u00ab banor\u00c3\u00abt e eleminuar. Ajo tregon p\u00c3\u00abrshtypjet e mamas\u00c3\u00ab s\u00c3\u00ab saj dhe thot\u00c3\u00ab se t\u00c3\u00ab gjith\u00c3\u00ab i jan\u00c3\u00ab dukur shum\u00c3\u00ab t\u00c3\u00ab mir\u00c3\u00ab.\" \/>\n<meta property=\"og:url\" content=\"https:\/\/www.visit-ulcinj.com\/blog\/2009\/05\/14\/adela-me-pelqen-mami-jot\/\" \/>\n<meta property=\"og:site_name\" content=\"Lajme nga Ulqini\" \/>\n<meta property=\"article:published_time\" content=\"2009-05-14T08:00:38+00:00\" \/>\n<meta property=\"article:modified_time\" content=\"2009-05-13T21:59:46+00:00\" \/>\n<meta property=\"og:image\" content=\"http:\/\/www.visit-ulcinj.com\/blog\/wp-content\/uploads\/2009\/05\/bjordiadela-11maj-3.jpg\" \/>\n<meta name=\"twitter:label1\" content=\"Written by\" \/>\n\t<meta name=\"twitter:data1\" content=\"ulqini\" \/>\n\t<meta name=\"twitter:label2\" content=\"Est. reading time\" \/>\n\t<meta name=\"twitter:data2\" content=\"1 minute\" \/>\n<script type=\"application\/ld+json\" class=\"yoast-schema-graph\">{\"@context\":\"https:\/\/schema.org\",\"@graph\":[{\"@type\":\"WebSite\",\"@id\":\"https:\/\/www.visit-ulcinj.com\/blog\/#website\",\"url\":\"https:\/\/www.visit-ulcinj.com\/blog\/\",\"name\":\"Lajme nga Ulqini\",\"description\":\"Lajme,Vijesti,Ulqini,Ulqin,Crna Gora,Mali i Zi\",\"potentialAction\":[{\"@type\":\"SearchAction\",\"target\":{\"@type\":\"EntryPoint\",\"urlTemplate\":\"https:\/\/www.visit-ulcinj.com\/blog\/?s={search_term_string}\"},\"query-input\":\"required name=search_term_string\"}],\"inLanguage\":\"en-US\"},{\"@type\":\"ImageObject\",\"inLanguage\":\"en-US\",\"@id\":\"https:\/\/www.visit-ulcinj.com\/blog\/2009\/05\/14\/adela-me-pelqen-mami-jot\/#primaryimage\",\"url\":\"http:\/\/www.visit-ulcinj.com\/blog\/wp-content\/uploads\/2009\/05\/bjordiadela-11maj-3.jpg\",\"contentUrl\":\"http:\/\/www.visit-ulcinj.com\/blog\/wp-content\/uploads\/2009\/05\/bjordiadela-11maj-3.jpg\"},{\"@type\":\"WebPage\",\"@id\":\"https:\/\/www.visit-ulcinj.com\/blog\/2009\/05\/14\/adela-me-pelqen-mami-jot\/#webpage\",\"url\":\"https:\/\/www.visit-ulcinj.com\/blog\/2009\/05\/14\/adela-me-pelqen-mami-jot\/\",\"name\":\"Adela : M\u00c3\u00ab p\u00c3\u00ablqen mami jot | Big Brother Albania 2\",\"isPartOf\":{\"@id\":\"https:\/\/www.visit-ulcinj.com\/blog\/#website\"},\"primaryImageOfPage\":{\"@id\":\"https:\/\/www.visit-ulcinj.com\/blog\/2009\/05\/14\/adela-me-pelqen-mami-jot\/#primaryimage\"},\"datePublished\":\"2009-05-14T08:00:38+00:00\",\"dateModified\":\"2009-05-13T21:59:46+00:00\",\"author\":{\"@id\":\"https:\/\/www.visit-ulcinj.com\/blog\/#\/schema\/person\/dcab619c614d3038751c63bc2aadc06d\"},\"description\":\"Big Brother Albania 2 - Adela tregon se mami i vet nuk i ka dh\u00c3\u00abn\u00c3\u00ab asnj\u00c3\u00ab informacion nga jasht\u00c3\u00ab, vec se ka takuar t\u00c3\u00ab gjith\u00c3\u00ab banor\u00c3\u00abt e eleminuar. Ajo tregon p\u00c3\u00abrshtypjet e mamas\u00c3\u00ab s\u00c3\u00ab saj dhe thot\u00c3\u00ab se t\u00c3\u00ab gjith\u00c3\u00ab i jan\u00c3\u00ab dukur shum\u00c3\u00ab t\u00c3\u00ab mir\u00c3\u00ab.\",\"breadcrumb\":{\"@id\":\"https:\/\/www.visit-ulcinj.com\/blog\/2009\/05\/14\/adela-me-pelqen-mami-jot\/#breadcrumb\"},\"inLanguage\":\"en-US\",\"potentialAction\":[{\"@type\":\"ReadAction\",\"target\":[\"https:\/\/www.visit-ulcinj.com\/blog\/2009\/05\/14\/adela-me-pelqen-mami-jot\/\"]}]},{\"@type\":\"BreadcrumbList\",\"@id\":\"https:\/\/www.visit-ulcinj.com\/blog\/2009\/05\/14\/adela-me-pelqen-mami-jot\/#breadcrumb\",\"itemListElement\":[{\"@type\":\"ListItem\",\"position\":1,\"name\":\"Adela : M\u00eb p\u00eblqen mami jot\"}]},{\"@type\":\"Person\",\"@id\":\"https:\/\/www.visit-ulcinj.com\/blog\/#\/schema\/person\/dcab619c614d3038751c63bc2aadc06d\",\"name\":\"ulqini\",\"sameAs\":[\"http:\/\/www.visit-ulcinj.com\"],\"url\":\"https:\/\/www.visit-ulcinj.com\/blog\/author\/admin\/\"}]}<\/script>\n<!-- \/ Yoast SEO plugin. -->","yoast_head_json":{"title":"Adela : M\u00c3\u00ab p\u00c3\u00ablqen mami jot | Big Brother Albania 2","description":"Big Brother Albania 2 - Adela tregon se mami i vet nuk i ka dh\u00c3\u00abn\u00c3\u00ab asnj\u00c3\u00ab informacion nga jasht\u00c3\u00ab, vec se ka takuar t\u00c3\u00ab gjith\u00c3\u00ab banor\u00c3\u00abt e eleminuar. Ajo tregon p\u00c3\u00abrshtypjet e mamas\u00c3\u00ab s\u00c3\u00ab saj dhe thot\u00c3\u00ab se t\u00c3\u00ab gjith\u00c3\u00ab i jan\u00c3\u00ab dukur shum\u00c3\u00ab t\u00c3\u00ab mir\u00c3\u00ab.","robots":{"index":"index","follow":"follow","max-snippet":"max-snippet:-1","max-image-preview":"max-image-preview:large","max-video-preview":"max-video-preview:-1"},"canonical":"https:\/\/www.visit-ulcinj.com\/blog\/2009\/05\/14\/adela-me-pelqen-mami-jot\/","og_locale":"en_US","og_type":"article","og_title":"Adela : M\u00c3\u00ab p\u00c3\u00ablqen mami jot | Big Brother Albania 2","og_description":"Big Brother Albania 2 - Adela tregon se mami i vet nuk i ka dh\u00c3\u00abn\u00c3\u00ab asnj\u00c3\u00ab informacion nga jasht\u00c3\u00ab, vec se ka takuar t\u00c3\u00ab gjith\u00c3\u00ab banor\u00c3\u00abt e eleminuar. Ajo tregon p\u00c3\u00abrshtypjet e mamas\u00c3\u00ab s\u00c3\u00ab saj dhe thot\u00c3\u00ab se t\u00c3\u00ab gjith\u00c3\u00ab i jan\u00c3\u00ab dukur shum\u00c3\u00ab t\u00c3\u00ab mir\u00c3\u00ab.","og_url":"https:\/\/www.visit-ulcinj.com\/blog\/2009\/05\/14\/adela-me-pelqen-mami-jot\/","og_site_name":"Lajme nga Ulqini","article_published_time":"2009-05-14T08:00:38+00:00","article_modified_time":"2009-05-13T21:59:46+00:00","og_image":[{"url":"http:\/\/www.visit-ulcinj.com\/blog\/wp-content\/uploads\/2009\/05\/bjordiadela-11maj-3.jpg"}],"twitter_misc":{"Written by":"ulqini","Est. reading time":"1 minute"},"schema":{"@context":"https:\/\/schema.org","@graph":[{"@type":"WebSite","@id":"https:\/\/www.visit-ulcinj.com\/blog\/#website","url":"https:\/\/www.visit-ulcinj.com\/blog\/","name":"Lajme nga Ulqini","description":"Lajme,Vijesti,Ulqini,Ulqin,Crna Gora,Mali i Zi","potentialAction":[{"@type":"SearchAction","target":{"@type":"EntryPoint","urlTemplate":"https:\/\/www.visit-ulcinj.com\/blog\/?s={search_term_string}"},"query-input":"required name=search_term_string"}],"inLanguage":"en-US"},{"@type":"ImageObject","inLanguage":"en-US","@id":"https:\/\/www.visit-ulcinj.com\/blog\/2009\/05\/14\/adela-me-pelqen-mami-jot\/#primaryimage","url":"http:\/\/www.visit-ulcinj.com\/blog\/wp-content\/uploads\/2009\/05\/bjordiadela-11maj-3.jpg","contentUrl":"http:\/\/www.visit-ulcinj.com\/blog\/wp-content\/uploads\/2009\/05\/bjordiadela-11maj-3.jpg"},{"@type":"WebPage","@id":"https:\/\/www.visit-ulcinj.com\/blog\/2009\/05\/14\/adela-me-pelqen-mami-jot\/#webpage","url":"https:\/\/www.visit-ulcinj.com\/blog\/2009\/05\/14\/adela-me-pelqen-mami-jot\/","name":"Adela : M\u00c3\u00ab p\u00c3\u00ablqen mami jot | Big Brother Albania 2","isPartOf":{"@id":"https:\/\/www.visit-ulcinj.com\/blog\/#website"},"primaryImageOfPage":{"@id":"https:\/\/www.visit-ulcinj.com\/blog\/2009\/05\/14\/adela-me-pelqen-mami-jot\/#primaryimage"},"datePublished":"2009-05-14T08:00:38+00:00","dateModified":"2009-05-13T21:59:46+00:00","author":{"@id":"https:\/\/www.visit-ulcinj.com\/blog\/#\/schema\/person\/dcab619c614d3038751c63bc2aadc06d"},"description":"Big Brother Albania 2 - Adela tregon se mami i vet nuk i ka dh\u00c3\u00abn\u00c3\u00ab asnj\u00c3\u00ab informacion nga jasht\u00c3\u00ab, vec se ka takuar t\u00c3\u00ab gjith\u00c3\u00ab banor\u00c3\u00abt e eleminuar. Ajo tregon p\u00c3\u00abrshtypjet e mamas\u00c3\u00ab s\u00c3\u00ab saj dhe thot\u00c3\u00ab se t\u00c3\u00ab gjith\u00c3\u00ab i jan\u00c3\u00ab dukur shum\u00c3\u00ab t\u00c3\u00ab mir\u00c3\u00ab.","breadcrumb":{"@id":"https:\/\/www.visit-ulcinj.com\/blog\/2009\/05\/14\/adela-me-pelqen-mami-jot\/#breadcrumb"},"inLanguage":"en-US","potentialAction":[{"@type":"ReadAction","target":["https:\/\/www.visit-ulcinj.com\/blog\/2009\/05\/14\/adela-me-pelqen-mami-jot\/"]}]},{"@type":"BreadcrumbList","@id":"https:\/\/www.visit-ulcinj.com\/blog\/2009\/05\/14\/adela-me-pelqen-mami-jot\/#breadcrumb","itemListElement":[{"@type":"ListItem","position":1,"name":"Adela : M\u00eb p\u00eblqen mami jot"}]},{"@type":"Person","@id":"https:\/\/www.visit-ulcinj.com\/blog\/#\/schema\/person\/dcab619c614d3038751c63bc2aadc06d","name":"ulqini","sameAs":["http:\/\/www.visit-ulcinj.com"],"url":"https:\/\/www.visit-ulcinj.com\/blog\/author\/admin\/"}]}},"jetpack_featured_media_url":"","jetpack_sharing_enabled":true,"jetpack_shortlink":"https:\/\/wp.me\/pe6lTn-5wt","_links":{"self":[{"href":"https:\/\/www.visit-ulcinj.com\/blog\/wp-json\/wp\/v2\/posts\/21233"}],"collection":[{"href":"https:\/\/www.visit-ulcinj.com\/blog\/wp-json\/wp\/v2\/posts"}],"about":[{"href":"https:\/\/www.visit-ulcinj.com\/blog\/wp-json\/wp\/v2\/types\/post"}],"author":[{"embeddable":true,"href":"https:\/\/www.visit-ulcinj.com\/blog\/wp-json\/wp\/v2\/users\/1"}],"replies":[{"embeddable":true,"href":"https:\/\/www.visit-ulcinj.com\/blog\/wp-json\/wp\/v2\/comments?post=21233"}],"version-history":[{"count":0,"href":"https:\/\/www.visit-ulcinj.com\/blog\/wp-json\/wp\/v2\/posts\/21233\/revisions"}],"wp:attachment":[{"href":"https:\/\/www.visit-ulcinj.com\/blog\/wp-json\/wp\/v2\/media?parent=21233"}],"wp:term":[{"taxonomy":"category","embeddable":true,"href":"https:\/\/www.visit-ulcinj.com\/blog\/wp-json\/wp\/v2\/categories?post=21233"},{"taxonomy":"post_tag","embeddable":true,"href":"https:\/\/www.visit-ulcinj.com\/blog\/wp-json\/wp\/v2\/tags?post=21233"}],"curies":[{"name":"wp","href":"https:\/\/api.w.org\/{rel}","templated":true}]}}