{"id":21240,"date":"2009-05-14T10:00:10","date_gmt":"2009-05-14T08:00:10","guid":{"rendered":"http:\/\/www.visit-ulcinj.com\/blog\/?p=21240"},"modified":"2009-05-14T00:31:45","modified_gmt":"2009-05-13T22:31:45","slug":"nominimet-e-mamave","status":"publish","type":"post","link":"https:\/\/www.visit-ulcinj.com\/blog\/2009\/05\/14\/nominimet-e-mamave\/","title":{"rendered":"Nominimet e mamave"},"content":{"rendered":"<p>\u00a0<\/p>\n<div id=\"content\"><em><span class=\"newsdate\"><a href=\"http:\/\/www.visit-ulcinj.com\/blog\/wp-content\/uploads\/2009\/05\/mamate-e-nominuara.jpg\"><img loading=\"lazy\" class=\"alignleft size-full wp-image-21241\" title=\"mamate-e-nominuara-big-brother-albania-2\" src=\"http:\/\/www.visit-ulcinj.com\/blog\/wp-content\/uploads\/2009\/05\/mamate-e-nominuara.jpg\" alt=\"mamate-e-nominuara-big-brother-albania-2\" width=\"300\" height=\"205\" \/><\/a>11\/05\/09 03:06<\/span><\/em><\/p>\n<p>Mamat\u00eb e banor\u00ebve flasin p\u00ebr nominimet e tyre q\u00eb kan\u00eb b\u00ebr\u00eb n\u00eb dhom\u00ebn e rr\u00ebfimeve p\u00ebrball\u00eb v\u00ebllai t\u00eb madh. Mami i Bjordit shprehet se ka nominuar mamin e Adel\u00ebs me motivin se rri shum\u00eb n\u00eb kolltuk, nuk \u00ebsht\u00eb aktive dhe nuk merr pjes\u00eb n\u00eb debate. Mami i Sorit tregon se e kishte nominuar Antonet\u00ebn si konkurente t\u00eb fort\u00eb. Adela dhe Bjordi vet\u00ebm qeshin me batutat e mamave dhe thon\u00eb se i kan\u00eb imituar mir\u00eb. Sori i thot\u00eb mamas\u00eb s\u00eb tij t\u00eb mos m\u00ebrzitet n\u00ebse del sepse dihet q\u00eb nominimet e para jan\u00eb t\u00eb padrejta. Ari vjen dhe u thot\u00eb se ato po i nxjerrin jasht\u00eb loje ata dhe n\u00ebse ishte vendosur q\u00eb ato t\u00eb dilnin, me k\u00ebt\u00eb q\u00eb po ndodh nuk kan\u00eb p\u00ebr t\u00eb dal\u00eb m\u00eb. Antoneta vazhdon t\u00eb tregoj\u00eb historin\u00eb e nominimit t\u00eb banoreve t\u00eb reja ku n\u00eb nominim dol\u00ebn mamaja e Adel\u00ebs dhe mamaja e Sorit. Mira, e cila b\u00ebnte rolin e Arban\u00ebs i udh\u00ebzonte p\u00ebr vazhdimin e spektaklit ku dy t\u00eb nominuarat do t\u00eb shkonin tek zona e tunelit dhe b\u00ebri lajm\u00ebrimin p\u00ebr nj\u00eb eleminim t\u00eb dyt\u00eb. Mamat\u00eb vazhdojn\u00eb t\u00eb tregojn\u00eb me radh\u00eb historin\u00eb, nd\u00ebrsa banor\u00ebt e v\u00ebrtet\u00eb nuk pushojn\u00eb s\u00eb qeshuri.<\/p><\/div>\n<div><\/div>\n","protected":false},"excerpt":{"rendered":"<p>\u00a0 11\/05\/09 03:06 Mamat\u00eb e banor\u00ebve flasin p\u00ebr nominimet e tyre q\u00eb kan\u00eb b\u00ebr\u00eb n\u00eb dhom\u00ebn e rr\u00ebfimeve p\u00ebrball\u00eb v\u00ebllai t\u00eb madh. Mami i Bjordit shprehet se ka nominuar mamin e Adel\u00ebs me motivin se rri shum\u00eb n\u00eb kolltuk, nuk \u00ebsht\u00eb aktive dhe nuk merr pjes\u00eb n\u00eb debate. Mami i Sorit tregon se e kishte [&hellip;]<\/p>\n","protected":false},"author":1,"featured_media":0,"comment_status":"open","ping_status":"closed","sticky":false,"template":"","format":"standard","meta":{"spay_email":"","jetpack_publicize_message":"","jetpack_is_tweetstorm":false,"jetpack_publicize_feature_enabled":true},"categories":[6502],"tags":[9121,10334,6757,9751],"jetpack_publicize_connections":[],"yoast_head":"<!-- This site is optimized with the Yoast SEO plugin v19.1 - https:\/\/yoast.com\/wordpress\/plugins\/seo\/ -->\n<title>Nominimet e mamave | Big Brother Albania 2<\/title>\n<meta name=\"description\" content=\"Big Brother Albania 2 - Mamat\u00c3\u00ab e banor\u00c3\u00abve flasin p\u00c3\u00abr nominimet e tyre q\u00c3\u00ab kan\u00c3\u00ab b\u00c3\u00abr\u00c3\u00ab n\u00c3\u00ab dhom\u00c3\u00abn e rr\u00c3\u00abfimeve p\u00c3\u00abrball\u00c3\u00ab v\u00c3\u00abllai t\u00c3\u00ab madh. Mami i Bjordit shprehet se ka nominuar mamin e Adel\u00c3\u00abs me motivin se rri shum\u00c3\u00ab n\u00c3\u00ab kolltuk\" \/>\n<meta name=\"robots\" content=\"index, follow, max-snippet:-1, max-image-preview:large, max-video-preview:-1\" \/>\n<link rel=\"canonical\" href=\"https:\/\/www.visit-ulcinj.com\/blog\/2009\/05\/14\/nominimet-e-mamave\/\" \/>\n<meta property=\"og:locale\" content=\"en_US\" \/>\n<meta property=\"og:type\" content=\"article\" \/>\n<meta property=\"og:title\" content=\"Nominimet e mamave | Big Brother Albania 2\" \/>\n<meta property=\"og:description\" content=\"Big Brother Albania 2 - Mamat\u00c3\u00ab e banor\u00c3\u00abve flasin p\u00c3\u00abr nominimet e tyre q\u00c3\u00ab kan\u00c3\u00ab b\u00c3\u00abr\u00c3\u00ab n\u00c3\u00ab dhom\u00c3\u00abn e rr\u00c3\u00abfimeve p\u00c3\u00abrball\u00c3\u00ab v\u00c3\u00abllai t\u00c3\u00ab madh. Mami i Bjordit shprehet se ka nominuar mamin e Adel\u00c3\u00abs me motivin se rri shum\u00c3\u00ab n\u00c3\u00ab kolltuk\" \/>\n<meta property=\"og:url\" content=\"https:\/\/www.visit-ulcinj.com\/blog\/2009\/05\/14\/nominimet-e-mamave\/\" \/>\n<meta property=\"og:site_name\" content=\"Lajme nga Ulqini\" \/>\n<meta property=\"article:published_time\" content=\"2009-05-14T08:00:10+00:00\" \/>\n<meta property=\"article:modified_time\" content=\"2009-05-13T22:31:45+00:00\" \/>\n<meta property=\"og:image\" content=\"http:\/\/www.visit-ulcinj.com\/blog\/wp-content\/uploads\/2009\/05\/mamate-e-nominuara.jpg\" \/>\n<meta name=\"twitter:label1\" content=\"Written by\" \/>\n\t<meta name=\"twitter:data1\" content=\"ulqini\" \/>\n\t<meta name=\"twitter:label2\" content=\"Est. reading time\" \/>\n\t<meta name=\"twitter:data2\" content=\"1 minute\" \/>\n<script type=\"application\/ld+json\" class=\"yoast-schema-graph\">{\"@context\":\"https:\/\/schema.org\",\"@graph\":[{\"@type\":\"WebSite\",\"@id\":\"https:\/\/www.visit-ulcinj.com\/blog\/#website\",\"url\":\"https:\/\/www.visit-ulcinj.com\/blog\/\",\"name\":\"Lajme nga Ulqini\",\"description\":\"Lajme,Vijesti,Ulqini,Ulqin,Crna Gora,Mali i Zi\",\"potentialAction\":[{\"@type\":\"SearchAction\",\"target\":{\"@type\":\"EntryPoint\",\"urlTemplate\":\"https:\/\/www.visit-ulcinj.com\/blog\/?s={search_term_string}\"},\"query-input\":\"required name=search_term_string\"}],\"inLanguage\":\"en-US\"},{\"@type\":\"ImageObject\",\"inLanguage\":\"en-US\",\"@id\":\"https:\/\/www.visit-ulcinj.com\/blog\/2009\/05\/14\/nominimet-e-mamave\/#primaryimage\",\"url\":\"http:\/\/www.visit-ulcinj.com\/blog\/wp-content\/uploads\/2009\/05\/mamate-e-nominuara.jpg\",\"contentUrl\":\"http:\/\/www.visit-ulcinj.com\/blog\/wp-content\/uploads\/2009\/05\/mamate-e-nominuara.jpg\"},{\"@type\":\"WebPage\",\"@id\":\"https:\/\/www.visit-ulcinj.com\/blog\/2009\/05\/14\/nominimet-e-mamave\/#webpage\",\"url\":\"https:\/\/www.visit-ulcinj.com\/blog\/2009\/05\/14\/nominimet-e-mamave\/\",\"name\":\"Nominimet e mamave | Big Brother Albania 2\",\"isPartOf\":{\"@id\":\"https:\/\/www.visit-ulcinj.com\/blog\/#website\"},\"primaryImageOfPage\":{\"@id\":\"https:\/\/www.visit-ulcinj.com\/blog\/2009\/05\/14\/nominimet-e-mamave\/#primaryimage\"},\"datePublished\":\"2009-05-14T08:00:10+00:00\",\"dateModified\":\"2009-05-13T22:31:45+00:00\",\"author\":{\"@id\":\"https:\/\/www.visit-ulcinj.com\/blog\/#\/schema\/person\/dcab619c614d3038751c63bc2aadc06d\"},\"description\":\"Big Brother Albania 2 - Mamat\u00c3\u00ab e banor\u00c3\u00abve flasin p\u00c3\u00abr nominimet e tyre q\u00c3\u00ab kan\u00c3\u00ab b\u00c3\u00abr\u00c3\u00ab n\u00c3\u00ab dhom\u00c3\u00abn e rr\u00c3\u00abfimeve p\u00c3\u00abrball\u00c3\u00ab v\u00c3\u00abllai t\u00c3\u00ab madh. Mami i Bjordit shprehet se ka nominuar mamin e Adel\u00c3\u00abs me motivin se rri shum\u00c3\u00ab n\u00c3\u00ab kolltuk\",\"breadcrumb\":{\"@id\":\"https:\/\/www.visit-ulcinj.com\/blog\/2009\/05\/14\/nominimet-e-mamave\/#breadcrumb\"},\"inLanguage\":\"en-US\",\"potentialAction\":[{\"@type\":\"ReadAction\",\"target\":[\"https:\/\/www.visit-ulcinj.com\/blog\/2009\/05\/14\/nominimet-e-mamave\/\"]}]},{\"@type\":\"BreadcrumbList\",\"@id\":\"https:\/\/www.visit-ulcinj.com\/blog\/2009\/05\/14\/nominimet-e-mamave\/#breadcrumb\",\"itemListElement\":[{\"@type\":\"ListItem\",\"position\":1,\"name\":\"Nominimet e mamave\"}]},{\"@type\":\"Person\",\"@id\":\"https:\/\/www.visit-ulcinj.com\/blog\/#\/schema\/person\/dcab619c614d3038751c63bc2aadc06d\",\"name\":\"ulqini\",\"sameAs\":[\"http:\/\/www.visit-ulcinj.com\"],\"url\":\"https:\/\/www.visit-ulcinj.com\/blog\/author\/admin\/\"}]}<\/script>\n<!-- \/ Yoast SEO plugin. -->","yoast_head_json":{"title":"Nominimet e mamave | Big Brother Albania 2","description":"Big Brother Albania 2 - Mamat\u00c3\u00ab e banor\u00c3\u00abve flasin p\u00c3\u00abr nominimet e tyre q\u00c3\u00ab kan\u00c3\u00ab b\u00c3\u00abr\u00c3\u00ab n\u00c3\u00ab dhom\u00c3\u00abn e rr\u00c3\u00abfimeve p\u00c3\u00abrball\u00c3\u00ab v\u00c3\u00abllai t\u00c3\u00ab madh. Mami i Bjordit shprehet se ka nominuar mamin e Adel\u00c3\u00abs me motivin se rri shum\u00c3\u00ab n\u00c3\u00ab kolltuk","robots":{"index":"index","follow":"follow","max-snippet":"max-snippet:-1","max-image-preview":"max-image-preview:large","max-video-preview":"max-video-preview:-1"},"canonical":"https:\/\/www.visit-ulcinj.com\/blog\/2009\/05\/14\/nominimet-e-mamave\/","og_locale":"en_US","og_type":"article","og_title":"Nominimet e mamave | Big Brother Albania 2","og_description":"Big Brother Albania 2 - Mamat\u00c3\u00ab e banor\u00c3\u00abve flasin p\u00c3\u00abr nominimet e tyre q\u00c3\u00ab kan\u00c3\u00ab b\u00c3\u00abr\u00c3\u00ab n\u00c3\u00ab dhom\u00c3\u00abn e rr\u00c3\u00abfimeve p\u00c3\u00abrball\u00c3\u00ab v\u00c3\u00abllai t\u00c3\u00ab madh. Mami i Bjordit shprehet se ka nominuar mamin e Adel\u00c3\u00abs me motivin se rri shum\u00c3\u00ab n\u00c3\u00ab kolltuk","og_url":"https:\/\/www.visit-ulcinj.com\/blog\/2009\/05\/14\/nominimet-e-mamave\/","og_site_name":"Lajme nga Ulqini","article_published_time":"2009-05-14T08:00:10+00:00","article_modified_time":"2009-05-13T22:31:45+00:00","og_image":[{"url":"http:\/\/www.visit-ulcinj.com\/blog\/wp-content\/uploads\/2009\/05\/mamate-e-nominuara.jpg"}],"twitter_misc":{"Written by":"ulqini","Est. reading time":"1 minute"},"schema":{"@context":"https:\/\/schema.org","@graph":[{"@type":"WebSite","@id":"https:\/\/www.visit-ulcinj.com\/blog\/#website","url":"https:\/\/www.visit-ulcinj.com\/blog\/","name":"Lajme nga Ulqini","description":"Lajme,Vijesti,Ulqini,Ulqin,Crna Gora,Mali i Zi","potentialAction":[{"@type":"SearchAction","target":{"@type":"EntryPoint","urlTemplate":"https:\/\/www.visit-ulcinj.com\/blog\/?s={search_term_string}"},"query-input":"required name=search_term_string"}],"inLanguage":"en-US"},{"@type":"ImageObject","inLanguage":"en-US","@id":"https:\/\/www.visit-ulcinj.com\/blog\/2009\/05\/14\/nominimet-e-mamave\/#primaryimage","url":"http:\/\/www.visit-ulcinj.com\/blog\/wp-content\/uploads\/2009\/05\/mamate-e-nominuara.jpg","contentUrl":"http:\/\/www.visit-ulcinj.com\/blog\/wp-content\/uploads\/2009\/05\/mamate-e-nominuara.jpg"},{"@type":"WebPage","@id":"https:\/\/www.visit-ulcinj.com\/blog\/2009\/05\/14\/nominimet-e-mamave\/#webpage","url":"https:\/\/www.visit-ulcinj.com\/blog\/2009\/05\/14\/nominimet-e-mamave\/","name":"Nominimet e mamave | Big Brother Albania 2","isPartOf":{"@id":"https:\/\/www.visit-ulcinj.com\/blog\/#website"},"primaryImageOfPage":{"@id":"https:\/\/www.visit-ulcinj.com\/blog\/2009\/05\/14\/nominimet-e-mamave\/#primaryimage"},"datePublished":"2009-05-14T08:00:10+00:00","dateModified":"2009-05-13T22:31:45+00:00","author":{"@id":"https:\/\/www.visit-ulcinj.com\/blog\/#\/schema\/person\/dcab619c614d3038751c63bc2aadc06d"},"description":"Big Brother Albania 2 - Mamat\u00c3\u00ab e banor\u00c3\u00abve flasin p\u00c3\u00abr nominimet e tyre q\u00c3\u00ab kan\u00c3\u00ab b\u00c3\u00abr\u00c3\u00ab n\u00c3\u00ab dhom\u00c3\u00abn e rr\u00c3\u00abfimeve p\u00c3\u00abrball\u00c3\u00ab v\u00c3\u00abllai t\u00c3\u00ab madh. Mami i Bjordit shprehet se ka nominuar mamin e Adel\u00c3\u00abs me motivin se rri shum\u00c3\u00ab n\u00c3\u00ab kolltuk","breadcrumb":{"@id":"https:\/\/www.visit-ulcinj.com\/blog\/2009\/05\/14\/nominimet-e-mamave\/#breadcrumb"},"inLanguage":"en-US","potentialAction":[{"@type":"ReadAction","target":["https:\/\/www.visit-ulcinj.com\/blog\/2009\/05\/14\/nominimet-e-mamave\/"]}]},{"@type":"BreadcrumbList","@id":"https:\/\/www.visit-ulcinj.com\/blog\/2009\/05\/14\/nominimet-e-mamave\/#breadcrumb","itemListElement":[{"@type":"ListItem","position":1,"name":"Nominimet e mamave"}]},{"@type":"Person","@id":"https:\/\/www.visit-ulcinj.com\/blog\/#\/schema\/person\/dcab619c614d3038751c63bc2aadc06d","name":"ulqini","sameAs":["http:\/\/www.visit-ulcinj.com"],"url":"https:\/\/www.visit-ulcinj.com\/blog\/author\/admin\/"}]}},"jetpack_featured_media_url":"","jetpack_sharing_enabled":true,"jetpack_shortlink":"https:\/\/wp.me\/pe6lTn-5wA","_links":{"self":[{"href":"https:\/\/www.visit-ulcinj.com\/blog\/wp-json\/wp\/v2\/posts\/21240"}],"collection":[{"href":"https:\/\/www.visit-ulcinj.com\/blog\/wp-json\/wp\/v2\/posts"}],"about":[{"href":"https:\/\/www.visit-ulcinj.com\/blog\/wp-json\/wp\/v2\/types\/post"}],"author":[{"embeddable":true,"href":"https:\/\/www.visit-ulcinj.com\/blog\/wp-json\/wp\/v2\/users\/1"}],"replies":[{"embeddable":true,"href":"https:\/\/www.visit-ulcinj.com\/blog\/wp-json\/wp\/v2\/comments?post=21240"}],"version-history":[{"count":0,"href":"https:\/\/www.visit-ulcinj.com\/blog\/wp-json\/wp\/v2\/posts\/21240\/revisions"}],"wp:attachment":[{"href":"https:\/\/www.visit-ulcinj.com\/blog\/wp-json\/wp\/v2\/media?parent=21240"}],"wp:term":[{"taxonomy":"category","embeddable":true,"href":"https:\/\/www.visit-ulcinj.com\/blog\/wp-json\/wp\/v2\/categories?post=21240"},{"taxonomy":"post_tag","embeddable":true,"href":"https:\/\/www.visit-ulcinj.com\/blog\/wp-json\/wp\/v2\/tags?post=21240"}],"curies":[{"name":"wp","href":"https:\/\/api.w.org\/{rel}","templated":true}]}}