{"id":21243,"date":"2009-05-14T11:00:57","date_gmt":"2009-05-14T09:00:57","guid":{"rendered":"http:\/\/www.visit-ulcinj.com\/blog\/?p=21243"},"modified":"2009-05-14T00:34:27","modified_gmt":"2009-05-13T22:34:27","slug":"adela-me-mamin-ketu-eshte-ndryshe","status":"publish","type":"post","link":"https:\/\/www.visit-ulcinj.com\/blog\/2009\/05\/14\/adela-me-mamin-ketu-eshte-ndryshe\/","title":{"rendered":"Adela m\u00eb mamin : K\u00ebtu \u00ebsht\u00eb ndryshe"},"content":{"rendered":"<p><em><span class=\"newsdate\">a<a href=\"http:\/\/www.visit-ulcinj.com\/blog\/wp-content\/uploads\/2009\/05\/adela-me-mamin.jpg\"><img loading=\"lazy\" class=\"alignleft size-full wp-image-21245\" title=\"adela-me-mamin-big-brother-albania-2\" src=\"http:\/\/www.visit-ulcinj.com\/blog\/wp-content\/uploads\/2009\/05\/adela-me-mamin.jpg\" alt=\"adela-me-mamin-big-brother-albania-2\" width=\"300\" height=\"205\" \/><\/a>11\/05\/09 12:15<\/span><\/em><\/p>\n<p>Adela dhe mamaja e saj rrin\u00eb n\u00eb dhom\u00eb bashk\u00eb. Adela e shikon q\u00eb ajo \u00ebsht\u00eb pak n\u00eb siklet dhe e pyet se si ndjehet. Mami i saj i p\u00ebrgjigjet se e v\u00ebn\u00eb n\u00eb siklet kamerat dhe ndjehet m\u00eb mir\u00eb kur nuk e shohin t\u00eb tjer\u00ebt. Adela p\u00ebrpiqet ta qet\u00ebsoj\u00eb. Ajo e pyet se si i duket tani q\u00eb po jeton vet\u00eb n\u00eb k\u00ebt\u00eb sht\u00ebpi. Sania i thot\u00eb se i duket ndryshe, por shum\u00eb mir\u00eb. Adela i thot\u00eb se n\u00ebse ajo nuk do ta kishte provuar, nuk do ta kishte besuar at\u00eb, sado q\u00eb t\u00eb p\u00ebrpiqej t\u2019ia spjegonte m\u00ebnyr\u00ebn e jetes\u00ebs aty. Mamaja e Adel\u00ebs vazhdon t\u00eb q\u00ebndroj\u00eb si mbi gjemba, sado q\u00eb Adela bisedon me t\u00eb, por p\u00ebrgjigjet e saj jan\u00eb shum\u00eb t\u00eb shkurt\u00ebra. Adela e pyet n\u00ebse i rrihet m\u00eb brenda n\u00eb sht\u00ebpi, por Mamaja e saj e mohon duke l\u00ebvizur kok\u00ebn. Adela ia kthen me t\u00eb qeshur se t\u00eb gjith\u00eb luftojn\u00eb t\u00eb futen brenda, nd\u00ebrsa ajo k\u00ebrkon t\u00eb dal\u00eb jasht\u00eb.<\/p>\n","protected":false},"excerpt":{"rendered":"<p>a11\/05\/09 12:15 Adela dhe mamaja e saj rrin\u00eb n\u00eb dhom\u00eb bashk\u00eb. Adela e shikon q\u00eb ajo \u00ebsht\u00eb pak n\u00eb siklet dhe e pyet se si ndjehet. Mami i saj i p\u00ebrgjigjet se e v\u00ebn\u00eb n\u00eb siklet kamerat dhe ndjehet m\u00eb mir\u00eb kur nuk e shohin t\u00eb tjer\u00ebt. Adela p\u00ebrpiqet ta qet\u00ebsoj\u00eb. Ajo e pyet se [&hellip;]<\/p>\n","protected":false},"author":1,"featured_media":0,"comment_status":"open","ping_status":"closed","sticky":false,"template":"","format":"standard","meta":{"spay_email":"","jetpack_publicize_message":"","jetpack_is_tweetstorm":false,"jetpack_publicize_feature_enabled":true},"categories":[6502],"tags":[6529,9121,6522,7468,9751],"jetpack_publicize_connections":[],"yoast_head":"<!-- This site is optimized with the Yoast SEO plugin v19.1 - https:\/\/yoast.com\/wordpress\/plugins\/seo\/ -->\n<title>Adela m\u00c3\u00ab mamin : K\u00c3\u00abtu \u00c3\u00absht\u00c3\u00ab ndryshe | Big Brother Albania 2<\/title>\n<meta name=\"description\" content=\"Big Brother Albania 2 - Adela dhe mamaja e saj rrin\u00c3\u00ab n\u00c3\u00ab dhom\u00c3\u00ab bashk\u00c3\u00ab. Adela e shikon q\u00c3\u00ab ajo \u00c3\u00absht\u00c3\u00ab pak n\u00c3\u00ab siklet dhe e pyet se si ndjehet. Mami i saj i p\u00c3\u00abrgjigjet se e v\u00c3\u00abn\u00c3\u00ab n\u00c3\u00ab siklet kamerat dhe ndjehet m\u00c3\u00ab mir\u00c3\u00ab kur nuk e shohin t\u00c3\u00ab tjer\u00c3\u00abt\" \/>\n<meta name=\"robots\" content=\"index, follow, max-snippet:-1, max-image-preview:large, max-video-preview:-1\" \/>\n<link rel=\"canonical\" href=\"https:\/\/www.visit-ulcinj.com\/blog\/2009\/05\/14\/adela-me-mamin-ketu-eshte-ndryshe\/\" \/>\n<meta property=\"og:locale\" content=\"en_US\" \/>\n<meta property=\"og:type\" content=\"article\" \/>\n<meta property=\"og:title\" content=\"Adela m\u00c3\u00ab mamin : K\u00c3\u00abtu \u00c3\u00absht\u00c3\u00ab ndryshe | Big Brother Albania 2\" \/>\n<meta property=\"og:description\" content=\"Big Brother Albania 2 - Adela dhe mamaja e saj rrin\u00c3\u00ab n\u00c3\u00ab dhom\u00c3\u00ab bashk\u00c3\u00ab. Adela e shikon q\u00c3\u00ab ajo \u00c3\u00absht\u00c3\u00ab pak n\u00c3\u00ab siklet dhe e pyet se si ndjehet. Mami i saj i p\u00c3\u00abrgjigjet se e v\u00c3\u00abn\u00c3\u00ab n\u00c3\u00ab siklet kamerat dhe ndjehet m\u00c3\u00ab mir\u00c3\u00ab kur nuk e shohin t\u00c3\u00ab tjer\u00c3\u00abt\" \/>\n<meta property=\"og:url\" content=\"https:\/\/www.visit-ulcinj.com\/blog\/2009\/05\/14\/adela-me-mamin-ketu-eshte-ndryshe\/\" \/>\n<meta property=\"og:site_name\" content=\"Lajme nga Ulqini\" \/>\n<meta property=\"article:published_time\" content=\"2009-05-14T09:00:57+00:00\" \/>\n<meta property=\"article:modified_time\" content=\"2009-05-13T22:34:27+00:00\" \/>\n<meta property=\"og:image\" content=\"http:\/\/www.visit-ulcinj.com\/blog\/wp-content\/uploads\/2009\/05\/adela-me-mamin.jpg\" \/>\n<meta name=\"twitter:label1\" content=\"Written by\" \/>\n\t<meta name=\"twitter:data1\" content=\"ulqini\" \/>\n\t<meta name=\"twitter:label2\" content=\"Est. reading time\" \/>\n\t<meta name=\"twitter:data2\" content=\"1 minute\" \/>\n<script type=\"application\/ld+json\" class=\"yoast-schema-graph\">{\"@context\":\"https:\/\/schema.org\",\"@graph\":[{\"@type\":\"WebSite\",\"@id\":\"https:\/\/www.visit-ulcinj.com\/blog\/#website\",\"url\":\"https:\/\/www.visit-ulcinj.com\/blog\/\",\"name\":\"Lajme nga Ulqini\",\"description\":\"Lajme,Vijesti,Ulqini,Ulqin,Crna Gora,Mali i Zi\",\"potentialAction\":[{\"@type\":\"SearchAction\",\"target\":{\"@type\":\"EntryPoint\",\"urlTemplate\":\"https:\/\/www.visit-ulcinj.com\/blog\/?s={search_term_string}\"},\"query-input\":\"required name=search_term_string\"}],\"inLanguage\":\"en-US\"},{\"@type\":\"ImageObject\",\"inLanguage\":\"en-US\",\"@id\":\"https:\/\/www.visit-ulcinj.com\/blog\/2009\/05\/14\/adela-me-mamin-ketu-eshte-ndryshe\/#primaryimage\",\"url\":\"http:\/\/www.visit-ulcinj.com\/blog\/wp-content\/uploads\/2009\/05\/adela-me-mamin.jpg\",\"contentUrl\":\"http:\/\/www.visit-ulcinj.com\/blog\/wp-content\/uploads\/2009\/05\/adela-me-mamin.jpg\"},{\"@type\":\"WebPage\",\"@id\":\"https:\/\/www.visit-ulcinj.com\/blog\/2009\/05\/14\/adela-me-mamin-ketu-eshte-ndryshe\/#webpage\",\"url\":\"https:\/\/www.visit-ulcinj.com\/blog\/2009\/05\/14\/adela-me-mamin-ketu-eshte-ndryshe\/\",\"name\":\"Adela m\u00c3\u00ab mamin : K\u00c3\u00abtu \u00c3\u00absht\u00c3\u00ab ndryshe | Big Brother Albania 2\",\"isPartOf\":{\"@id\":\"https:\/\/www.visit-ulcinj.com\/blog\/#website\"},\"primaryImageOfPage\":{\"@id\":\"https:\/\/www.visit-ulcinj.com\/blog\/2009\/05\/14\/adela-me-mamin-ketu-eshte-ndryshe\/#primaryimage\"},\"datePublished\":\"2009-05-14T09:00:57+00:00\",\"dateModified\":\"2009-05-13T22:34:27+00:00\",\"author\":{\"@id\":\"https:\/\/www.visit-ulcinj.com\/blog\/#\/schema\/person\/dcab619c614d3038751c63bc2aadc06d\"},\"description\":\"Big Brother Albania 2 - Adela dhe mamaja e saj rrin\u00c3\u00ab n\u00c3\u00ab dhom\u00c3\u00ab bashk\u00c3\u00ab. Adela e shikon q\u00c3\u00ab ajo \u00c3\u00absht\u00c3\u00ab pak n\u00c3\u00ab siklet dhe e pyet se si ndjehet. Mami i saj i p\u00c3\u00abrgjigjet se e v\u00c3\u00abn\u00c3\u00ab n\u00c3\u00ab siklet kamerat dhe ndjehet m\u00c3\u00ab mir\u00c3\u00ab kur nuk e shohin t\u00c3\u00ab tjer\u00c3\u00abt\",\"breadcrumb\":{\"@id\":\"https:\/\/www.visit-ulcinj.com\/blog\/2009\/05\/14\/adela-me-mamin-ketu-eshte-ndryshe\/#breadcrumb\"},\"inLanguage\":\"en-US\",\"potentialAction\":[{\"@type\":\"ReadAction\",\"target\":[\"https:\/\/www.visit-ulcinj.com\/blog\/2009\/05\/14\/adela-me-mamin-ketu-eshte-ndryshe\/\"]}]},{\"@type\":\"BreadcrumbList\",\"@id\":\"https:\/\/www.visit-ulcinj.com\/blog\/2009\/05\/14\/adela-me-mamin-ketu-eshte-ndryshe\/#breadcrumb\",\"itemListElement\":[{\"@type\":\"ListItem\",\"position\":1,\"name\":\"Adela m\u00eb mamin : K\u00ebtu \u00ebsht\u00eb ndryshe\"}]},{\"@type\":\"Person\",\"@id\":\"https:\/\/www.visit-ulcinj.com\/blog\/#\/schema\/person\/dcab619c614d3038751c63bc2aadc06d\",\"name\":\"ulqini\",\"sameAs\":[\"http:\/\/www.visit-ulcinj.com\"],\"url\":\"https:\/\/www.visit-ulcinj.com\/blog\/author\/admin\/\"}]}<\/script>\n<!-- \/ Yoast SEO plugin. -->","yoast_head_json":{"title":"Adela m\u00c3\u00ab mamin : K\u00c3\u00abtu \u00c3\u00absht\u00c3\u00ab ndryshe | Big Brother Albania 2","description":"Big Brother Albania 2 - Adela dhe mamaja e saj rrin\u00c3\u00ab n\u00c3\u00ab dhom\u00c3\u00ab bashk\u00c3\u00ab. Adela e shikon q\u00c3\u00ab ajo \u00c3\u00absht\u00c3\u00ab pak n\u00c3\u00ab siklet dhe e pyet se si ndjehet. Mami i saj i p\u00c3\u00abrgjigjet se e v\u00c3\u00abn\u00c3\u00ab n\u00c3\u00ab siklet kamerat dhe ndjehet m\u00c3\u00ab mir\u00c3\u00ab kur nuk e shohin t\u00c3\u00ab tjer\u00c3\u00abt","robots":{"index":"index","follow":"follow","max-snippet":"max-snippet:-1","max-image-preview":"max-image-preview:large","max-video-preview":"max-video-preview:-1"},"canonical":"https:\/\/www.visit-ulcinj.com\/blog\/2009\/05\/14\/adela-me-mamin-ketu-eshte-ndryshe\/","og_locale":"en_US","og_type":"article","og_title":"Adela m\u00c3\u00ab mamin : K\u00c3\u00abtu \u00c3\u00absht\u00c3\u00ab ndryshe | Big Brother Albania 2","og_description":"Big Brother Albania 2 - Adela dhe mamaja e saj rrin\u00c3\u00ab n\u00c3\u00ab dhom\u00c3\u00ab bashk\u00c3\u00ab. Adela e shikon q\u00c3\u00ab ajo \u00c3\u00absht\u00c3\u00ab pak n\u00c3\u00ab siklet dhe e pyet se si ndjehet. Mami i saj i p\u00c3\u00abrgjigjet se e v\u00c3\u00abn\u00c3\u00ab n\u00c3\u00ab siklet kamerat dhe ndjehet m\u00c3\u00ab mir\u00c3\u00ab kur nuk e shohin t\u00c3\u00ab tjer\u00c3\u00abt","og_url":"https:\/\/www.visit-ulcinj.com\/blog\/2009\/05\/14\/adela-me-mamin-ketu-eshte-ndryshe\/","og_site_name":"Lajme nga Ulqini","article_published_time":"2009-05-14T09:00:57+00:00","article_modified_time":"2009-05-13T22:34:27+00:00","og_image":[{"url":"http:\/\/www.visit-ulcinj.com\/blog\/wp-content\/uploads\/2009\/05\/adela-me-mamin.jpg"}],"twitter_misc":{"Written by":"ulqini","Est. reading time":"1 minute"},"schema":{"@context":"https:\/\/schema.org","@graph":[{"@type":"WebSite","@id":"https:\/\/www.visit-ulcinj.com\/blog\/#website","url":"https:\/\/www.visit-ulcinj.com\/blog\/","name":"Lajme nga Ulqini","description":"Lajme,Vijesti,Ulqini,Ulqin,Crna Gora,Mali i Zi","potentialAction":[{"@type":"SearchAction","target":{"@type":"EntryPoint","urlTemplate":"https:\/\/www.visit-ulcinj.com\/blog\/?s={search_term_string}"},"query-input":"required name=search_term_string"}],"inLanguage":"en-US"},{"@type":"ImageObject","inLanguage":"en-US","@id":"https:\/\/www.visit-ulcinj.com\/blog\/2009\/05\/14\/adela-me-mamin-ketu-eshte-ndryshe\/#primaryimage","url":"http:\/\/www.visit-ulcinj.com\/blog\/wp-content\/uploads\/2009\/05\/adela-me-mamin.jpg","contentUrl":"http:\/\/www.visit-ulcinj.com\/blog\/wp-content\/uploads\/2009\/05\/adela-me-mamin.jpg"},{"@type":"WebPage","@id":"https:\/\/www.visit-ulcinj.com\/blog\/2009\/05\/14\/adela-me-mamin-ketu-eshte-ndryshe\/#webpage","url":"https:\/\/www.visit-ulcinj.com\/blog\/2009\/05\/14\/adela-me-mamin-ketu-eshte-ndryshe\/","name":"Adela m\u00c3\u00ab mamin : K\u00c3\u00abtu \u00c3\u00absht\u00c3\u00ab ndryshe | Big Brother Albania 2","isPartOf":{"@id":"https:\/\/www.visit-ulcinj.com\/blog\/#website"},"primaryImageOfPage":{"@id":"https:\/\/www.visit-ulcinj.com\/blog\/2009\/05\/14\/adela-me-mamin-ketu-eshte-ndryshe\/#primaryimage"},"datePublished":"2009-05-14T09:00:57+00:00","dateModified":"2009-05-13T22:34:27+00:00","author":{"@id":"https:\/\/www.visit-ulcinj.com\/blog\/#\/schema\/person\/dcab619c614d3038751c63bc2aadc06d"},"description":"Big Brother Albania 2 - Adela dhe mamaja e saj rrin\u00c3\u00ab n\u00c3\u00ab dhom\u00c3\u00ab bashk\u00c3\u00ab. Adela e shikon q\u00c3\u00ab ajo \u00c3\u00absht\u00c3\u00ab pak n\u00c3\u00ab siklet dhe e pyet se si ndjehet. Mami i saj i p\u00c3\u00abrgjigjet se e v\u00c3\u00abn\u00c3\u00ab n\u00c3\u00ab siklet kamerat dhe ndjehet m\u00c3\u00ab mir\u00c3\u00ab kur nuk e shohin t\u00c3\u00ab tjer\u00c3\u00abt","breadcrumb":{"@id":"https:\/\/www.visit-ulcinj.com\/blog\/2009\/05\/14\/adela-me-mamin-ketu-eshte-ndryshe\/#breadcrumb"},"inLanguage":"en-US","potentialAction":[{"@type":"ReadAction","target":["https:\/\/www.visit-ulcinj.com\/blog\/2009\/05\/14\/adela-me-mamin-ketu-eshte-ndryshe\/"]}]},{"@type":"BreadcrumbList","@id":"https:\/\/www.visit-ulcinj.com\/blog\/2009\/05\/14\/adela-me-mamin-ketu-eshte-ndryshe\/#breadcrumb","itemListElement":[{"@type":"ListItem","position":1,"name":"Adela m\u00eb mamin : K\u00ebtu \u00ebsht\u00eb ndryshe"}]},{"@type":"Person","@id":"https:\/\/www.visit-ulcinj.com\/blog\/#\/schema\/person\/dcab619c614d3038751c63bc2aadc06d","name":"ulqini","sameAs":["http:\/\/www.visit-ulcinj.com"],"url":"https:\/\/www.visit-ulcinj.com\/blog\/author\/admin\/"}]}},"jetpack_featured_media_url":"","jetpack_sharing_enabled":true,"jetpack_shortlink":"https:\/\/wp.me\/pe6lTn-5wD","_links":{"self":[{"href":"https:\/\/www.visit-ulcinj.com\/blog\/wp-json\/wp\/v2\/posts\/21243"}],"collection":[{"href":"https:\/\/www.visit-ulcinj.com\/blog\/wp-json\/wp\/v2\/posts"}],"about":[{"href":"https:\/\/www.visit-ulcinj.com\/blog\/wp-json\/wp\/v2\/types\/post"}],"author":[{"embeddable":true,"href":"https:\/\/www.visit-ulcinj.com\/blog\/wp-json\/wp\/v2\/users\/1"}],"replies":[{"embeddable":true,"href":"https:\/\/www.visit-ulcinj.com\/blog\/wp-json\/wp\/v2\/comments?post=21243"}],"version-history":[{"count":0,"href":"https:\/\/www.visit-ulcinj.com\/blog\/wp-json\/wp\/v2\/posts\/21243\/revisions"}],"wp:attachment":[{"href":"https:\/\/www.visit-ulcinj.com\/blog\/wp-json\/wp\/v2\/media?parent=21243"}],"wp:term":[{"taxonomy":"category","embeddable":true,"href":"https:\/\/www.visit-ulcinj.com\/blog\/wp-json\/wp\/v2\/categories?post=21243"},{"taxonomy":"post_tag","embeddable":true,"href":"https:\/\/www.visit-ulcinj.com\/blog\/wp-json\/wp\/v2\/tags?post=21243"}],"curies":[{"name":"wp","href":"https:\/\/api.w.org\/{rel}","templated":true}]}}