{"id":21247,"date":"2009-05-14T11:00:36","date_gmt":"2009-05-14T09:00:36","guid":{"rendered":"http:\/\/www.visit-ulcinj.com\/blog\/?p=21247"},"modified":"2009-05-14T00:37:40","modified_gmt":"2009-05-13T22:37:40","slug":"ne-siklet-prej-mamave","status":"publish","type":"post","link":"https:\/\/www.visit-ulcinj.com\/blog\/2009\/05\/14\/ne-siklet-prej-mamave\/","title":{"rendered":"N\u00eb siklet prej mamave"},"content":{"rendered":"<p><em><span class=\"newsdate\"><a href=\"http:\/\/www.visit-ulcinj.com\/blog\/wp-content\/uploads\/2009\/05\/vec-e-vec.jpg\"><img loading=\"lazy\" class=\"alignleft size-full wp-image-21248\" title=\"vec-e-vec-big-borhter-albania-2\" src=\"http:\/\/www.visit-ulcinj.com\/blog\/wp-content\/uploads\/2009\/05\/vec-e-vec.jpg\" alt=\"vec-e-vec-big-borhter-albania-2\" width=\"300\" height=\"205\" \/><\/a>11\/05\/09 13:45<\/span><\/em><\/p>\n<p>Banor\u00ebt e v\u00ebrtet\u00eb ndjehen jo shum\u00eb n\u00eb form\u00eb q\u00eb mamat\u00eb e tyre po bashk\u00ebjetojn\u00eb me ta. Atyre u duket sikur v\u00ebmendja \u00ebsht\u00eb m\u00eb shum\u00eb e p\u00ebrq\u00ebndruar tek to sesa tek ata. Shpesh her\u00eb ata me shaka e v\u00ebn\u00eb n\u00eb dukje k\u00ebt\u00eb gj\u00eb. Edhe bisedat mes tyre jan\u00eb pak t\u00eb vakura dhe shpesh futen n\u00ebp\u00ebr bisedat e mamave t\u00eb tyre. Sikletin e f\u00ebmij\u00ebve e kan\u00eb v\u00ebn\u00eb re edhe mamat\u00eb, por p\u00ebr ta b\u00ebr\u00eb situat\u00ebn m\u00eb t\u00eb k\u00ebndshme, nuk mungojn\u00eb dhe ngacmimet mes tyre. Ato u thon\u00eb banor\u00ebve se po i pret nj\u00eb surpriz\u00eb e madhe t\u00eb premten, gj\u00eb kjo q\u00eb mamat\u00eb e kan\u00eb b\u00ebr\u00eb me fjal\u00eb p\u00ebr t\u2019i ngat\u00ebrruar ata. P\u00ebrvec mamit t\u00eb Adel\u00ebs, mamat\u00eb e tjera duket sikur jan\u00eb rehatuar mir\u00eb n\u00eb sht\u00ebpi dhe nuk duan t\u00eb ikin. Ato shprehen se edhe banor\u00ebt ndjehen mir\u00eb mes tyre, madje disa kan\u00eb shprehur d\u00ebshir\u00ebn p\u00ebr t\u00eb ndenjur ende. Ato k\u00ebt\u00eb gj\u00eb e thon\u00eb p\u00ebr t\u2019i ngacmuar ata dhe shtojn\u00eb se edhe kur e thon\u00eb k\u00ebt\u00eb gj\u00eb, banor\u00ebt e thon\u00eb me gjysm\u00eb z\u00ebri dhe me kok\u00ebn ulur.<\/p>\n","protected":false},"excerpt":{"rendered":"<p>11\/05\/09 13:45 Banor\u00ebt e v\u00ebrtet\u00eb ndjehen jo shum\u00eb n\u00eb form\u00eb q\u00eb mamat\u00eb e tyre po bashk\u00ebjetojn\u00eb me ta. Atyre u duket sikur v\u00ebmendja \u00ebsht\u00eb m\u00eb shum\u00eb e p\u00ebrq\u00ebndruar tek to sesa tek ata. Shpesh her\u00eb ata me shaka e v\u00ebn\u00eb n\u00eb dukje k\u00ebt\u00eb gj\u00eb. Edhe bisedat mes tyre jan\u00eb pak t\u00eb vakura dhe shpesh futen [&hellip;]<\/p>\n","protected":false},"author":1,"featured_media":0,"comment_status":"open","ping_status":"closed","sticky":false,"template":"","format":"standard","meta":{"spay_email":"","jetpack_publicize_message":"","jetpack_is_tweetstorm":false,"jetpack_publicize_feature_enabled":true},"categories":[6502],"tags":[6529,9121,6522,8276,9751],"jetpack_publicize_connections":[],"yoast_head":"<!-- This site is optimized with the Yoast SEO plugin v19.1 - https:\/\/yoast.com\/wordpress\/plugins\/seo\/ -->\n<title>N\u00c3\u00ab siklet prej mamave | Big Brother Albania 2<\/title>\n<meta name=\"description\" content=\"Big Brother Albania 2 - Banor\u00c3\u00abt e v\u00c3\u00abrtet\u00c3\u00ab ndjehen jo shum\u00c3\u00ab n\u00c3\u00ab form\u00c3\u00ab q\u00c3\u00ab mamat\u00c3\u00ab e tyre po bashk\u00c3\u00abjetojn\u00c3\u00ab me ta. Atyre u duket sikur v\u00c3\u00abmendja \u00c3\u00absht\u00c3\u00ab m\u00c3\u00ab shum\u00c3\u00ab e p\u00c3\u00abrq\u00c3\u00abndruar tek to sesa tek ata\" \/>\n<meta name=\"robots\" content=\"index, follow, max-snippet:-1, max-image-preview:large, max-video-preview:-1\" \/>\n<link rel=\"canonical\" href=\"https:\/\/www.visit-ulcinj.com\/blog\/2009\/05\/14\/ne-siklet-prej-mamave\/\" \/>\n<meta property=\"og:locale\" content=\"en_US\" \/>\n<meta property=\"og:type\" content=\"article\" \/>\n<meta property=\"og:title\" content=\"N\u00c3\u00ab siklet prej mamave | Big Brother Albania 2\" \/>\n<meta property=\"og:description\" content=\"Big Brother Albania 2 - Banor\u00c3\u00abt e v\u00c3\u00abrtet\u00c3\u00ab ndjehen jo shum\u00c3\u00ab n\u00c3\u00ab form\u00c3\u00ab q\u00c3\u00ab mamat\u00c3\u00ab e tyre po bashk\u00c3\u00abjetojn\u00c3\u00ab me ta. Atyre u duket sikur v\u00c3\u00abmendja \u00c3\u00absht\u00c3\u00ab m\u00c3\u00ab shum\u00c3\u00ab e p\u00c3\u00abrq\u00c3\u00abndruar tek to sesa tek ata\" \/>\n<meta property=\"og:url\" content=\"https:\/\/www.visit-ulcinj.com\/blog\/2009\/05\/14\/ne-siklet-prej-mamave\/\" \/>\n<meta property=\"og:site_name\" content=\"Lajme nga Ulqini\" \/>\n<meta property=\"article:published_time\" content=\"2009-05-14T09:00:36+00:00\" \/>\n<meta property=\"article:modified_time\" content=\"2009-05-13T22:37:40+00:00\" \/>\n<meta property=\"og:image\" content=\"http:\/\/www.visit-ulcinj.com\/blog\/wp-content\/uploads\/2009\/05\/vec-e-vec.jpg\" \/>\n<meta name=\"twitter:label1\" content=\"Written by\" \/>\n\t<meta name=\"twitter:data1\" content=\"ulqini\" \/>\n\t<meta name=\"twitter:label2\" content=\"Est. reading time\" \/>\n\t<meta name=\"twitter:data2\" content=\"1 minute\" \/>\n<script type=\"application\/ld+json\" class=\"yoast-schema-graph\">{\"@context\":\"https:\/\/schema.org\",\"@graph\":[{\"@type\":\"WebSite\",\"@id\":\"https:\/\/www.visit-ulcinj.com\/blog\/#website\",\"url\":\"https:\/\/www.visit-ulcinj.com\/blog\/\",\"name\":\"Lajme nga Ulqini\",\"description\":\"Lajme,Vijesti,Ulqini,Ulqin,Crna Gora,Mali i Zi\",\"potentialAction\":[{\"@type\":\"SearchAction\",\"target\":{\"@type\":\"EntryPoint\",\"urlTemplate\":\"https:\/\/www.visit-ulcinj.com\/blog\/?s={search_term_string}\"},\"query-input\":\"required name=search_term_string\"}],\"inLanguage\":\"en-US\"},{\"@type\":\"ImageObject\",\"inLanguage\":\"en-US\",\"@id\":\"https:\/\/www.visit-ulcinj.com\/blog\/2009\/05\/14\/ne-siklet-prej-mamave\/#primaryimage\",\"url\":\"http:\/\/www.visit-ulcinj.com\/blog\/wp-content\/uploads\/2009\/05\/vec-e-vec.jpg\",\"contentUrl\":\"http:\/\/www.visit-ulcinj.com\/blog\/wp-content\/uploads\/2009\/05\/vec-e-vec.jpg\"},{\"@type\":\"WebPage\",\"@id\":\"https:\/\/www.visit-ulcinj.com\/blog\/2009\/05\/14\/ne-siklet-prej-mamave\/#webpage\",\"url\":\"https:\/\/www.visit-ulcinj.com\/blog\/2009\/05\/14\/ne-siklet-prej-mamave\/\",\"name\":\"N\u00c3\u00ab siklet prej mamave | Big Brother Albania 2\",\"isPartOf\":{\"@id\":\"https:\/\/www.visit-ulcinj.com\/blog\/#website\"},\"primaryImageOfPage\":{\"@id\":\"https:\/\/www.visit-ulcinj.com\/blog\/2009\/05\/14\/ne-siklet-prej-mamave\/#primaryimage\"},\"datePublished\":\"2009-05-14T09:00:36+00:00\",\"dateModified\":\"2009-05-13T22:37:40+00:00\",\"author\":{\"@id\":\"https:\/\/www.visit-ulcinj.com\/blog\/#\/schema\/person\/dcab619c614d3038751c63bc2aadc06d\"},\"description\":\"Big Brother Albania 2 - Banor\u00c3\u00abt e v\u00c3\u00abrtet\u00c3\u00ab ndjehen jo shum\u00c3\u00ab n\u00c3\u00ab form\u00c3\u00ab q\u00c3\u00ab mamat\u00c3\u00ab e tyre po bashk\u00c3\u00abjetojn\u00c3\u00ab me ta. Atyre u duket sikur v\u00c3\u00abmendja \u00c3\u00absht\u00c3\u00ab m\u00c3\u00ab shum\u00c3\u00ab e p\u00c3\u00abrq\u00c3\u00abndruar tek to sesa tek ata\",\"breadcrumb\":{\"@id\":\"https:\/\/www.visit-ulcinj.com\/blog\/2009\/05\/14\/ne-siklet-prej-mamave\/#breadcrumb\"},\"inLanguage\":\"en-US\",\"potentialAction\":[{\"@type\":\"ReadAction\",\"target\":[\"https:\/\/www.visit-ulcinj.com\/blog\/2009\/05\/14\/ne-siklet-prej-mamave\/\"]}]},{\"@type\":\"BreadcrumbList\",\"@id\":\"https:\/\/www.visit-ulcinj.com\/blog\/2009\/05\/14\/ne-siklet-prej-mamave\/#breadcrumb\",\"itemListElement\":[{\"@type\":\"ListItem\",\"position\":1,\"name\":\"N\u00eb siklet prej mamave\"}]},{\"@type\":\"Person\",\"@id\":\"https:\/\/www.visit-ulcinj.com\/blog\/#\/schema\/person\/dcab619c614d3038751c63bc2aadc06d\",\"name\":\"ulqini\",\"sameAs\":[\"http:\/\/www.visit-ulcinj.com\"],\"url\":\"https:\/\/www.visit-ulcinj.com\/blog\/author\/admin\/\"}]}<\/script>\n<!-- \/ Yoast SEO plugin. -->","yoast_head_json":{"title":"N\u00c3\u00ab siklet prej mamave | Big Brother Albania 2","description":"Big Brother Albania 2 - Banor\u00c3\u00abt e v\u00c3\u00abrtet\u00c3\u00ab ndjehen jo shum\u00c3\u00ab n\u00c3\u00ab form\u00c3\u00ab q\u00c3\u00ab mamat\u00c3\u00ab e tyre po bashk\u00c3\u00abjetojn\u00c3\u00ab me ta. Atyre u duket sikur v\u00c3\u00abmendja \u00c3\u00absht\u00c3\u00ab m\u00c3\u00ab shum\u00c3\u00ab e p\u00c3\u00abrq\u00c3\u00abndruar tek to sesa tek ata","robots":{"index":"index","follow":"follow","max-snippet":"max-snippet:-1","max-image-preview":"max-image-preview:large","max-video-preview":"max-video-preview:-1"},"canonical":"https:\/\/www.visit-ulcinj.com\/blog\/2009\/05\/14\/ne-siklet-prej-mamave\/","og_locale":"en_US","og_type":"article","og_title":"N\u00c3\u00ab siklet prej mamave | Big Brother Albania 2","og_description":"Big Brother Albania 2 - Banor\u00c3\u00abt e v\u00c3\u00abrtet\u00c3\u00ab ndjehen jo shum\u00c3\u00ab n\u00c3\u00ab form\u00c3\u00ab q\u00c3\u00ab mamat\u00c3\u00ab e tyre po bashk\u00c3\u00abjetojn\u00c3\u00ab me ta. Atyre u duket sikur v\u00c3\u00abmendja \u00c3\u00absht\u00c3\u00ab m\u00c3\u00ab shum\u00c3\u00ab e p\u00c3\u00abrq\u00c3\u00abndruar tek to sesa tek ata","og_url":"https:\/\/www.visit-ulcinj.com\/blog\/2009\/05\/14\/ne-siklet-prej-mamave\/","og_site_name":"Lajme nga Ulqini","article_published_time":"2009-05-14T09:00:36+00:00","article_modified_time":"2009-05-13T22:37:40+00:00","og_image":[{"url":"http:\/\/www.visit-ulcinj.com\/blog\/wp-content\/uploads\/2009\/05\/vec-e-vec.jpg"}],"twitter_misc":{"Written by":"ulqini","Est. reading time":"1 minute"},"schema":{"@context":"https:\/\/schema.org","@graph":[{"@type":"WebSite","@id":"https:\/\/www.visit-ulcinj.com\/blog\/#website","url":"https:\/\/www.visit-ulcinj.com\/blog\/","name":"Lajme nga Ulqini","description":"Lajme,Vijesti,Ulqini,Ulqin,Crna Gora,Mali i Zi","potentialAction":[{"@type":"SearchAction","target":{"@type":"EntryPoint","urlTemplate":"https:\/\/www.visit-ulcinj.com\/blog\/?s={search_term_string}"},"query-input":"required name=search_term_string"}],"inLanguage":"en-US"},{"@type":"ImageObject","inLanguage":"en-US","@id":"https:\/\/www.visit-ulcinj.com\/blog\/2009\/05\/14\/ne-siklet-prej-mamave\/#primaryimage","url":"http:\/\/www.visit-ulcinj.com\/blog\/wp-content\/uploads\/2009\/05\/vec-e-vec.jpg","contentUrl":"http:\/\/www.visit-ulcinj.com\/blog\/wp-content\/uploads\/2009\/05\/vec-e-vec.jpg"},{"@type":"WebPage","@id":"https:\/\/www.visit-ulcinj.com\/blog\/2009\/05\/14\/ne-siklet-prej-mamave\/#webpage","url":"https:\/\/www.visit-ulcinj.com\/blog\/2009\/05\/14\/ne-siklet-prej-mamave\/","name":"N\u00c3\u00ab siklet prej mamave | Big Brother Albania 2","isPartOf":{"@id":"https:\/\/www.visit-ulcinj.com\/blog\/#website"},"primaryImageOfPage":{"@id":"https:\/\/www.visit-ulcinj.com\/blog\/2009\/05\/14\/ne-siklet-prej-mamave\/#primaryimage"},"datePublished":"2009-05-14T09:00:36+00:00","dateModified":"2009-05-13T22:37:40+00:00","author":{"@id":"https:\/\/www.visit-ulcinj.com\/blog\/#\/schema\/person\/dcab619c614d3038751c63bc2aadc06d"},"description":"Big Brother Albania 2 - Banor\u00c3\u00abt e v\u00c3\u00abrtet\u00c3\u00ab ndjehen jo shum\u00c3\u00ab n\u00c3\u00ab form\u00c3\u00ab q\u00c3\u00ab mamat\u00c3\u00ab e tyre po bashk\u00c3\u00abjetojn\u00c3\u00ab me ta. Atyre u duket sikur v\u00c3\u00abmendja \u00c3\u00absht\u00c3\u00ab m\u00c3\u00ab shum\u00c3\u00ab e p\u00c3\u00abrq\u00c3\u00abndruar tek to sesa tek ata","breadcrumb":{"@id":"https:\/\/www.visit-ulcinj.com\/blog\/2009\/05\/14\/ne-siklet-prej-mamave\/#breadcrumb"},"inLanguage":"en-US","potentialAction":[{"@type":"ReadAction","target":["https:\/\/www.visit-ulcinj.com\/blog\/2009\/05\/14\/ne-siklet-prej-mamave\/"]}]},{"@type":"BreadcrumbList","@id":"https:\/\/www.visit-ulcinj.com\/blog\/2009\/05\/14\/ne-siklet-prej-mamave\/#breadcrumb","itemListElement":[{"@type":"ListItem","position":1,"name":"N\u00eb siklet prej mamave"}]},{"@type":"Person","@id":"https:\/\/www.visit-ulcinj.com\/blog\/#\/schema\/person\/dcab619c614d3038751c63bc2aadc06d","name":"ulqini","sameAs":["http:\/\/www.visit-ulcinj.com"],"url":"https:\/\/www.visit-ulcinj.com\/blog\/author\/admin\/"}]}},"jetpack_featured_media_url":"","jetpack_sharing_enabled":true,"jetpack_shortlink":"https:\/\/wp.me\/pe6lTn-5wH","_links":{"self":[{"href":"https:\/\/www.visit-ulcinj.com\/blog\/wp-json\/wp\/v2\/posts\/21247"}],"collection":[{"href":"https:\/\/www.visit-ulcinj.com\/blog\/wp-json\/wp\/v2\/posts"}],"about":[{"href":"https:\/\/www.visit-ulcinj.com\/blog\/wp-json\/wp\/v2\/types\/post"}],"author":[{"embeddable":true,"href":"https:\/\/www.visit-ulcinj.com\/blog\/wp-json\/wp\/v2\/users\/1"}],"replies":[{"embeddable":true,"href":"https:\/\/www.visit-ulcinj.com\/blog\/wp-json\/wp\/v2\/comments?post=21247"}],"version-history":[{"count":0,"href":"https:\/\/www.visit-ulcinj.com\/blog\/wp-json\/wp\/v2\/posts\/21247\/revisions"}],"wp:attachment":[{"href":"https:\/\/www.visit-ulcinj.com\/blog\/wp-json\/wp\/v2\/media?parent=21247"}],"wp:term":[{"taxonomy":"category","embeddable":true,"href":"https:\/\/www.visit-ulcinj.com\/blog\/wp-json\/wp\/v2\/categories?post=21247"},{"taxonomy":"post_tag","embeddable":true,"href":"https:\/\/www.visit-ulcinj.com\/blog\/wp-json\/wp\/v2\/tags?post=21247"}],"curies":[{"name":"wp","href":"https:\/\/api.w.org\/{rel}","templated":true}]}}