{"id":21258,"date":"2009-05-14T12:00:19","date_gmt":"2009-05-14T10:00:19","guid":{"rendered":"http:\/\/www.visit-ulcinj.com\/blog\/?p=21258"},"modified":"2009-05-14T00:48:26","modified_gmt":"2009-05-13T22:48:26","slug":"spektakel-i-improvizuar","status":"publish","type":"post","link":"https:\/\/www.visit-ulcinj.com\/blog\/2009\/05\/14\/spektakel-i-improvizuar\/","title":{"rendered":"Spektak\u00ebl i improvizuar"},"content":{"rendered":"<p><em><strong><span class=\"newstitlec\"><a href=\"http:\/\/www.visit-ulcinj.com\/blog\/wp-content\/uploads\/2009\/05\/spektakel-i-improvizuar-11.jpg\"><img loading=\"lazy\" class=\"alignleft size-full wp-image-21260\" title=\"spektakel-i-improvizuar-11-big-brother-albania-2\" src=\"http:\/\/www.visit-ulcinj.com\/blog\/wp-content\/uploads\/2009\/05\/spektakel-i-improvizuar-11.jpg\" alt=\"spektakel-i-improvizuar-11-big-brother-albania-2\" width=\"300\" height=\"205\" \/><\/a>Spektak\u00ebl i improvizuar<\/span><\/strong><br \/>\n<em><span class=\"newsdate\">11\/05\/09 20:42<\/span><\/em><\/em><\/p>\n<p><em> <\/em><\/p>\n<p><em><span style=\"font-style: normal;\">Banor\u00ebt kan\u00eb vendosur t\u00eb improvizojn\u00eb nj\u00eb spektak\u00ebl br\u00ebnda sht\u00ebpis\u00eb. Spektaklin do ta drejtoj\u00eb dhe prezantoj\u00eb Adelajde. M\u00eb pas banor\u00ebt do t\u00eb performojn\u00eb secili nga nj\u00eb k\u00ebng\u00eb dhe poezi. I pari q\u00eb do t\u00eb performoj\u00eb do t\u00eb jet\u00eb Ari i cili do t\u00eb recitoje dhe k\u00ebndoj\u00eb, m\u00eb pas do t\u00eb jet\u00eb Sori dhe pastaj Adi me Bjordin. N\u00eb programin e spektaklit mendohet t\u00eb b\u00ebhet edhe nj\u00eb quiz me pyetje t\u00eb thjeshta dhe me sens humori, por Adela \u00ebsht\u00eb n\u00eb dileme se n\u00eb cfar\u00eb pjese t\u00eb spektaklit ta prezantoj\u00eb k\u00ebt\u00eb quiz. Adela me Adin analizojn\u00eb skalet\u00ebn e p\u00ebrgatitur prej vet\u00eb atyre dhe mendojn\u00eb t\u00eb ndahen n\u00eb dy ekipe n\u00ebnat dhe banor\u00ebt. Provat e spektaklit kan\u00eb filluar.<\/span><br \/>\n<\/em><\/p>\n<p><strong><span class=\"newstitlec\">Quiz<\/span><\/strong><br \/>\n<em><span class=\"newsdate\">11\/05\/09 23:47<\/span><\/em><\/p>\n<p>Sic ishte programuar edhe n\u00eb skenarin e Adel\u00ebs tashm\u00eb ka filluar momenti i quiz-it. Prezantuesja u thot\u00eb n\u00ebnave t\u00eb zgjedhin kryetaren e grupit. Pyetjet jan\u00eb t\u00eb thjeshta por t\u00eb p\u00ebrzgjedhura me shum\u00eb humor. Pas pyetje p\u00ebrgjigjeve t\u00eb shumta quiz-it i ka ardhur fundi. Tashme duhet t\u00eb zgjedhin fituesin. Adela pasi mbledh pik\u00ebt thot\u00eb q\u00eb fitues jan\u00eb ekipi i n\u00ebnave. Adi u dor\u00ebzon kup\u00ebn. N\u00ebnave u b\u00ebhet qejfi dhe thon\u00eb se jan\u00eb p\u00ebrgatitur shum\u00eb p\u00ebr k\u00ebt\u00eb quiz. Mamaja e Bjordit mban fjalen e fituesit. Ajo fal\u00ebnderon \u201cBig Brother\u201d q\u00eb i dha shancin p\u00ebr t\u00eb hyr\u00eb br\u00ebnda sht\u00ebpis\u00eb<\/p>\n<p><strong><span class=\"newstitlec\">Loj\u00eb me dinjitet<\/span><\/strong><br \/>\n<em><span class=\"newsdate\">12\/05\/09 00:34<\/span><\/em><\/p>\n<p>Sori diskuton me n\u00ebn\u00ebn e vet p\u00ebr jetes\u00ebn n\u00eb sht\u00ebpi. Ai i thot\u00eb se e kupton q\u00eb edhe ato ndjehen t\u00eb lodhura, por sidoqoft\u00eb kan\u00eb ardhur n\u00eb nj\u00eb moment shum\u00eb t\u00eb p\u00ebrshtatsh\u00ebm dhe t\u00eb rehatsh\u00ebm, ku cdo gj\u00eb e shijojn\u00eb ndryshe nga ata, p\u00ebr t\u00eb cil\u00ebt loja ende vazhdon. N\u00ebna e tij i kujton se ato nuk jan\u00eb lojtare, por thjesht nj\u00eb pjes\u00eb e loj\u00ebs. Ajo tregon mbi p\u00ebrshtypjet e krijuara si para se t\u00eb hynte, ashtu edhe n\u00eb k\u00ebto momente. N\u00ebna e Sorit thot\u00eb se pjesa m\u00eb e v\u00ebshtir\u00eb p\u00ebr t\u00eb, \u00ebsht\u00eb kur duhet t\u00eb shkojn\u00eb n\u00eb dhom\u00ebn e rr\u00ebfimit p\u00ebr nominimet. Sori shprehet se ia uron vetes q\u00eb k\u00ebt\u00eb loj\u00eb ta ket\u00eb b\u00ebr\u00eb me dinjitet, nd\u00ebrsa p\u00ebr fitoren le ta fitoj\u00eb kushdo qoft\u00eb. Ai mendon se n\u00eb baz\u00eb t\u00eb sjelljes s\u00eb tij, do t\u00eb marr\u00eb edhe vler\u00ebsimet dhe shpreson q\u00eb at\u00eb ta ken\u00eb vler\u00ebsuar dhe t\u00eb ket\u00eb b\u00ebr\u00eb shum\u00eb miq.<\/p>\n<p><strong><span class=\"newstitlec\">Fillon spektakli<\/span><\/strong><br \/>\n<em><span class=\"newsdate\">11\/05\/09 22:30<\/span><\/em><\/p>\n<p>Banor\u00ebt jan\u00eb p\u00ebrgatitur p\u00ebr spektak\u00ebl. \u00cbsht\u00eb improvizuar nj\u00eb sken\u00eb n\u00eb oborrin e sht\u00ebpis\u00eb nga ku do t\u00eb performojn\u00eb banor\u00ebt, nd\u00ebrsa mamat\u00eb jan\u00eb rehatuar n\u00eb kolltuqet p\u00ebrball\u00eb tyre. Adelajde prezanton spektaklin dhe e hap me fjal\u00eb t\u00eb \u00ebmbla e komplimenta p\u00ebr mamat\u00eb. M\u00eb pas ja l\u00eb rradh\u00ebn Arit i cili reciton poezine e p\u00ebrgatitur. Pas k\u00ebsaj t\u00eb gjith\u00eb u k\u00ebndojn\u00eb nj\u00eb k\u00ebng\u00eb. Mamat\u00eb t\u00eb mall\u00ebngjyera shohin spektaklin dhe me sa duket nga syt\u00eb e p\u00ebrlotur po e shijojn\u00eb at\u00eb. T\u00eb gjith\u00eb performojne pjes\u00ebt e tyre nderkohe qe n\u00ebnat shijojn\u00eb spektaklin me nga nj\u00eb got\u00eb ver\u00eb p\u00ebrpara.<\/p>\n","protected":false},"excerpt":{"rendered":"<p>Spektak\u00ebl i improvizuar 11\/05\/09 20:42 Banor\u00ebt kan\u00eb vendosur t\u00eb improvizojn\u00eb nj\u00eb spektak\u00ebl br\u00ebnda sht\u00ebpis\u00eb. Spektaklin do ta drejtoj\u00eb dhe prezantoj\u00eb Adelajde. M\u00eb pas banor\u00ebt do t\u00eb performojn\u00eb secili nga nj\u00eb k\u00ebng\u00eb dhe poezi. I pari q\u00eb do t\u00eb performoj\u00eb do t\u00eb jet\u00eb Ari i cili do t\u00eb recitoje dhe k\u00ebndoj\u00eb, m\u00eb pas do t\u00eb jet\u00eb [&hellip;]<\/p>\n","protected":false},"author":1,"featured_media":0,"comment_status":"open","ping_status":"closed","sticky":false,"template":"","format":"standard","meta":{"spay_email":"","jetpack_publicize_message":"","jetpack_is_tweetstorm":false,"jetpack_publicize_feature_enabled":true},"categories":[6502],"tags":[6529,8934,9121,6522,10337,10336,9751],"jetpack_publicize_connections":[],"yoast_head":"<!-- This site is optimized with the Yoast SEO plugin v19.1 - https:\/\/yoast.com\/wordpress\/plugins\/seo\/ -->\n<title>Spektak\u00c3\u00abl i improvizuar | Big Brother Albania 2<\/title>\n<meta name=\"description\" content=\"Big Brother Albania 2 - Banor\u00c3\u00abt jan\u00c3\u00ab p\u00c3\u00abrgatitur p\u00c3\u00abr spektak\u00c3\u00abl. \u00c3\u2039sht\u00c3\u00ab improvizuar nj\u00c3\u00ab sken\u00c3\u00ab n\u00c3\u00ab oborrin e sht\u00c3\u00abpis\u00c3\u00ab nga ku do t\u00c3\u00ab performojn\u00c3\u00ab banor\u00c3\u00abt, nd\u00c3\u00abrsa mamat\u00c3\u00ab jan\u00c3\u00ab rehatuar n\u00c3\u00ab kolltuqet p\u00c3\u00abrball\u00c3\u00ab tyre.\" \/>\n<meta name=\"robots\" content=\"index, follow, max-snippet:-1, max-image-preview:large, max-video-preview:-1\" \/>\n<link rel=\"canonical\" href=\"https:\/\/www.visit-ulcinj.com\/blog\/2009\/05\/14\/spektakel-i-improvizuar\/\" \/>\n<meta property=\"og:locale\" content=\"en_US\" \/>\n<meta property=\"og:type\" content=\"article\" \/>\n<meta property=\"og:title\" content=\"Spektak\u00c3\u00abl i improvizuar | Big Brother Albania 2\" \/>\n<meta property=\"og:description\" content=\"Big Brother Albania 2 - Banor\u00c3\u00abt jan\u00c3\u00ab p\u00c3\u00abrgatitur p\u00c3\u00abr spektak\u00c3\u00abl. \u00c3\u2039sht\u00c3\u00ab improvizuar nj\u00c3\u00ab sken\u00c3\u00ab n\u00c3\u00ab oborrin e sht\u00c3\u00abpis\u00c3\u00ab nga ku do t\u00c3\u00ab performojn\u00c3\u00ab banor\u00c3\u00abt, nd\u00c3\u00abrsa mamat\u00c3\u00ab jan\u00c3\u00ab rehatuar n\u00c3\u00ab kolltuqet p\u00c3\u00abrball\u00c3\u00ab tyre.\" \/>\n<meta property=\"og:url\" content=\"https:\/\/www.visit-ulcinj.com\/blog\/2009\/05\/14\/spektakel-i-improvizuar\/\" \/>\n<meta property=\"og:site_name\" content=\"Lajme nga Ulqini\" \/>\n<meta property=\"article:published_time\" content=\"2009-05-14T10:00:19+00:00\" \/>\n<meta property=\"article:modified_time\" content=\"2009-05-13T22:48:26+00:00\" \/>\n<meta property=\"og:image\" content=\"http:\/\/www.visit-ulcinj.com\/blog\/wp-content\/uploads\/2009\/05\/spektakel-i-improvizuar-11.jpg\" \/>\n<meta name=\"twitter:label1\" content=\"Written by\" \/>\n\t<meta name=\"twitter:data1\" content=\"ulqini\" \/>\n\t<meta name=\"twitter:label2\" content=\"Est. reading time\" \/>\n\t<meta name=\"twitter:data2\" content=\"3 minutes\" \/>\n<script type=\"application\/ld+json\" class=\"yoast-schema-graph\">{\"@context\":\"https:\/\/schema.org\",\"@graph\":[{\"@type\":\"WebSite\",\"@id\":\"https:\/\/www.visit-ulcinj.com\/blog\/#website\",\"url\":\"https:\/\/www.visit-ulcinj.com\/blog\/\",\"name\":\"Lajme nga Ulqini\",\"description\":\"Lajme,Vijesti,Ulqini,Ulqin,Crna Gora,Mali i Zi\",\"potentialAction\":[{\"@type\":\"SearchAction\",\"target\":{\"@type\":\"EntryPoint\",\"urlTemplate\":\"https:\/\/www.visit-ulcinj.com\/blog\/?s={search_term_string}\"},\"query-input\":\"required name=search_term_string\"}],\"inLanguage\":\"en-US\"},{\"@type\":\"ImageObject\",\"inLanguage\":\"en-US\",\"@id\":\"https:\/\/www.visit-ulcinj.com\/blog\/2009\/05\/14\/spektakel-i-improvizuar\/#primaryimage\",\"url\":\"http:\/\/www.visit-ulcinj.com\/blog\/wp-content\/uploads\/2009\/05\/spektakel-i-improvizuar-11.jpg\",\"contentUrl\":\"http:\/\/www.visit-ulcinj.com\/blog\/wp-content\/uploads\/2009\/05\/spektakel-i-improvizuar-11.jpg\"},{\"@type\":\"WebPage\",\"@id\":\"https:\/\/www.visit-ulcinj.com\/blog\/2009\/05\/14\/spektakel-i-improvizuar\/#webpage\",\"url\":\"https:\/\/www.visit-ulcinj.com\/blog\/2009\/05\/14\/spektakel-i-improvizuar\/\",\"name\":\"Spektak\u00c3\u00abl i improvizuar | Big Brother Albania 2\",\"isPartOf\":{\"@id\":\"https:\/\/www.visit-ulcinj.com\/blog\/#website\"},\"primaryImageOfPage\":{\"@id\":\"https:\/\/www.visit-ulcinj.com\/blog\/2009\/05\/14\/spektakel-i-improvizuar\/#primaryimage\"},\"datePublished\":\"2009-05-14T10:00:19+00:00\",\"dateModified\":\"2009-05-13T22:48:26+00:00\",\"author\":{\"@id\":\"https:\/\/www.visit-ulcinj.com\/blog\/#\/schema\/person\/dcab619c614d3038751c63bc2aadc06d\"},\"description\":\"Big Brother Albania 2 - Banor\u00c3\u00abt jan\u00c3\u00ab p\u00c3\u00abrgatitur p\u00c3\u00abr spektak\u00c3\u00abl. \u00c3\u2039sht\u00c3\u00ab improvizuar nj\u00c3\u00ab sken\u00c3\u00ab n\u00c3\u00ab oborrin e sht\u00c3\u00abpis\u00c3\u00ab nga ku do t\u00c3\u00ab performojn\u00c3\u00ab banor\u00c3\u00abt, nd\u00c3\u00abrsa mamat\u00c3\u00ab jan\u00c3\u00ab rehatuar n\u00c3\u00ab kolltuqet p\u00c3\u00abrball\u00c3\u00ab tyre.\",\"breadcrumb\":{\"@id\":\"https:\/\/www.visit-ulcinj.com\/blog\/2009\/05\/14\/spektakel-i-improvizuar\/#breadcrumb\"},\"inLanguage\":\"en-US\",\"potentialAction\":[{\"@type\":\"ReadAction\",\"target\":[\"https:\/\/www.visit-ulcinj.com\/blog\/2009\/05\/14\/spektakel-i-improvizuar\/\"]}]},{\"@type\":\"BreadcrumbList\",\"@id\":\"https:\/\/www.visit-ulcinj.com\/blog\/2009\/05\/14\/spektakel-i-improvizuar\/#breadcrumb\",\"itemListElement\":[{\"@type\":\"ListItem\",\"position\":1,\"name\":\"Spektak\u00ebl i improvizuar\"}]},{\"@type\":\"Person\",\"@id\":\"https:\/\/www.visit-ulcinj.com\/blog\/#\/schema\/person\/dcab619c614d3038751c63bc2aadc06d\",\"name\":\"ulqini\",\"sameAs\":[\"http:\/\/www.visit-ulcinj.com\"],\"url\":\"https:\/\/www.visit-ulcinj.com\/blog\/author\/admin\/\"}]}<\/script>\n<!-- \/ Yoast SEO plugin. -->","yoast_head_json":{"title":"Spektak\u00c3\u00abl i improvizuar | Big Brother Albania 2","description":"Big Brother Albania 2 - Banor\u00c3\u00abt jan\u00c3\u00ab p\u00c3\u00abrgatitur p\u00c3\u00abr spektak\u00c3\u00abl. \u00c3\u2039sht\u00c3\u00ab improvizuar nj\u00c3\u00ab sken\u00c3\u00ab n\u00c3\u00ab oborrin e sht\u00c3\u00abpis\u00c3\u00ab nga ku do t\u00c3\u00ab performojn\u00c3\u00ab banor\u00c3\u00abt, nd\u00c3\u00abrsa mamat\u00c3\u00ab jan\u00c3\u00ab rehatuar n\u00c3\u00ab kolltuqet p\u00c3\u00abrball\u00c3\u00ab tyre.","robots":{"index":"index","follow":"follow","max-snippet":"max-snippet:-1","max-image-preview":"max-image-preview:large","max-video-preview":"max-video-preview:-1"},"canonical":"https:\/\/www.visit-ulcinj.com\/blog\/2009\/05\/14\/spektakel-i-improvizuar\/","og_locale":"en_US","og_type":"article","og_title":"Spektak\u00c3\u00abl i improvizuar | Big Brother Albania 2","og_description":"Big Brother Albania 2 - Banor\u00c3\u00abt jan\u00c3\u00ab p\u00c3\u00abrgatitur p\u00c3\u00abr spektak\u00c3\u00abl. \u00c3\u2039sht\u00c3\u00ab improvizuar nj\u00c3\u00ab sken\u00c3\u00ab n\u00c3\u00ab oborrin e sht\u00c3\u00abpis\u00c3\u00ab nga ku do t\u00c3\u00ab performojn\u00c3\u00ab banor\u00c3\u00abt, nd\u00c3\u00abrsa mamat\u00c3\u00ab jan\u00c3\u00ab rehatuar n\u00c3\u00ab kolltuqet p\u00c3\u00abrball\u00c3\u00ab tyre.","og_url":"https:\/\/www.visit-ulcinj.com\/blog\/2009\/05\/14\/spektakel-i-improvizuar\/","og_site_name":"Lajme nga Ulqini","article_published_time":"2009-05-14T10:00:19+00:00","article_modified_time":"2009-05-13T22:48:26+00:00","og_image":[{"url":"http:\/\/www.visit-ulcinj.com\/blog\/wp-content\/uploads\/2009\/05\/spektakel-i-improvizuar-11.jpg"}],"twitter_misc":{"Written by":"ulqini","Est. reading time":"3 minutes"},"schema":{"@context":"https:\/\/schema.org","@graph":[{"@type":"WebSite","@id":"https:\/\/www.visit-ulcinj.com\/blog\/#website","url":"https:\/\/www.visit-ulcinj.com\/blog\/","name":"Lajme nga Ulqini","description":"Lajme,Vijesti,Ulqini,Ulqin,Crna Gora,Mali i Zi","potentialAction":[{"@type":"SearchAction","target":{"@type":"EntryPoint","urlTemplate":"https:\/\/www.visit-ulcinj.com\/blog\/?s={search_term_string}"},"query-input":"required name=search_term_string"}],"inLanguage":"en-US"},{"@type":"ImageObject","inLanguage":"en-US","@id":"https:\/\/www.visit-ulcinj.com\/blog\/2009\/05\/14\/spektakel-i-improvizuar\/#primaryimage","url":"http:\/\/www.visit-ulcinj.com\/blog\/wp-content\/uploads\/2009\/05\/spektakel-i-improvizuar-11.jpg","contentUrl":"http:\/\/www.visit-ulcinj.com\/blog\/wp-content\/uploads\/2009\/05\/spektakel-i-improvizuar-11.jpg"},{"@type":"WebPage","@id":"https:\/\/www.visit-ulcinj.com\/blog\/2009\/05\/14\/spektakel-i-improvizuar\/#webpage","url":"https:\/\/www.visit-ulcinj.com\/blog\/2009\/05\/14\/spektakel-i-improvizuar\/","name":"Spektak\u00c3\u00abl i improvizuar | Big Brother Albania 2","isPartOf":{"@id":"https:\/\/www.visit-ulcinj.com\/blog\/#website"},"primaryImageOfPage":{"@id":"https:\/\/www.visit-ulcinj.com\/blog\/2009\/05\/14\/spektakel-i-improvizuar\/#primaryimage"},"datePublished":"2009-05-14T10:00:19+00:00","dateModified":"2009-05-13T22:48:26+00:00","author":{"@id":"https:\/\/www.visit-ulcinj.com\/blog\/#\/schema\/person\/dcab619c614d3038751c63bc2aadc06d"},"description":"Big Brother Albania 2 - Banor\u00c3\u00abt jan\u00c3\u00ab p\u00c3\u00abrgatitur p\u00c3\u00abr spektak\u00c3\u00abl. \u00c3\u2039sht\u00c3\u00ab improvizuar nj\u00c3\u00ab sken\u00c3\u00ab n\u00c3\u00ab oborrin e sht\u00c3\u00abpis\u00c3\u00ab nga ku do t\u00c3\u00ab performojn\u00c3\u00ab banor\u00c3\u00abt, nd\u00c3\u00abrsa mamat\u00c3\u00ab jan\u00c3\u00ab rehatuar n\u00c3\u00ab kolltuqet p\u00c3\u00abrball\u00c3\u00ab tyre.","breadcrumb":{"@id":"https:\/\/www.visit-ulcinj.com\/blog\/2009\/05\/14\/spektakel-i-improvizuar\/#breadcrumb"},"inLanguage":"en-US","potentialAction":[{"@type":"ReadAction","target":["https:\/\/www.visit-ulcinj.com\/blog\/2009\/05\/14\/spektakel-i-improvizuar\/"]}]},{"@type":"BreadcrumbList","@id":"https:\/\/www.visit-ulcinj.com\/blog\/2009\/05\/14\/spektakel-i-improvizuar\/#breadcrumb","itemListElement":[{"@type":"ListItem","position":1,"name":"Spektak\u00ebl i improvizuar"}]},{"@type":"Person","@id":"https:\/\/www.visit-ulcinj.com\/blog\/#\/schema\/person\/dcab619c614d3038751c63bc2aadc06d","name":"ulqini","sameAs":["http:\/\/www.visit-ulcinj.com"],"url":"https:\/\/www.visit-ulcinj.com\/blog\/author\/admin\/"}]}},"jetpack_featured_media_url":"","jetpack_sharing_enabled":true,"jetpack_shortlink":"https:\/\/wp.me\/pe6lTn-5wS","_links":{"self":[{"href":"https:\/\/www.visit-ulcinj.com\/blog\/wp-json\/wp\/v2\/posts\/21258"}],"collection":[{"href":"https:\/\/www.visit-ulcinj.com\/blog\/wp-json\/wp\/v2\/posts"}],"about":[{"href":"https:\/\/www.visit-ulcinj.com\/blog\/wp-json\/wp\/v2\/types\/post"}],"author":[{"embeddable":true,"href":"https:\/\/www.visit-ulcinj.com\/blog\/wp-json\/wp\/v2\/users\/1"}],"replies":[{"embeddable":true,"href":"https:\/\/www.visit-ulcinj.com\/blog\/wp-json\/wp\/v2\/comments?post=21258"}],"version-history":[{"count":0,"href":"https:\/\/www.visit-ulcinj.com\/blog\/wp-json\/wp\/v2\/posts\/21258\/revisions"}],"wp:attachment":[{"href":"https:\/\/www.visit-ulcinj.com\/blog\/wp-json\/wp\/v2\/media?parent=21258"}],"wp:term":[{"taxonomy":"category","embeddable":true,"href":"https:\/\/www.visit-ulcinj.com\/blog\/wp-json\/wp\/v2\/categories?post=21258"},{"taxonomy":"post_tag","embeddable":true,"href":"https:\/\/www.visit-ulcinj.com\/blog\/wp-json\/wp\/v2\/tags?post=21258"}],"curies":[{"name":"wp","href":"https:\/\/api.w.org\/{rel}","templated":true}]}}