{"id":21263,"date":"2009-05-14T13:00:03","date_gmt":"2009-05-14T11:00:03","guid":{"rendered":"http:\/\/www.visit-ulcinj.com\/blog\/?p=21263"},"modified":"2009-05-14T00:50:47","modified_gmt":"2009-05-13T22:50:47","slug":"sori-i-mire-apo-i-keq","status":"publish","type":"post","link":"https:\/\/www.visit-ulcinj.com\/blog\/2009\/05\/14\/sori-i-mire-apo-i-keq\/","title":{"rendered":"Sori i mir\u00eb apo i keq?"},"content":{"rendered":"<p>\u00a0<\/p>\n<div id=\"content\"><em><span class=\"newsdate\"><a href=\"http:\/\/www.visit-ulcinj.com\/blog\/wp-content\/uploads\/2009\/05\/sori-i-mire-i-keq.jpg\"><img loading=\"lazy\" class=\"alignleft size-full wp-image-21264\" title=\"sori-i-mire-i-keq-big-brother-albania-2\" src=\"http:\/\/www.visit-ulcinj.com\/blog\/wp-content\/uploads\/2009\/05\/sori-i-mire-i-keq.jpg\" alt=\"sori-i-mire-i-keq-big-brother-albania-2\" width=\"300\" height=\"205\" \/><\/a>12\/05\/09 02:01<\/span><\/em><\/p>\n<p>Diskutmit n\u00ebse Sori \u00ebsht\u00eb etiketuar si i keq nga banor\u00ebt apo \u00ebsht\u00eb v\u00ebrtet\u00eb, duket sikur i erdhi s\u00ebrish radha p\u00ebr t\u2019u b\u00ebr\u00eb. Sipas disa banor\u00ebve, ai ka q\u00ebn\u00eb ai q\u00eb \u00ebsht\u00eb sjell\u00eb keq me t\u00eb tjer\u00ebt dhe i ka sulmuar. Adi i kujton debatin e disa net\u00ebve m\u00eb par\u00eb, por Sori ia kthen se ajo kishte ndodhur pasi ai kishte par\u00eb nj\u00eb video familjare dhe ishte shum\u00eb i prekur, por megjithat\u00eb ishte munduar q\u00eb ta kalonte dhe biseda me ata i ishte dukur e tep\u00ebrt. Ai shton se edhe pse banor\u00ebt mund ta konsiderojn\u00eb t\u00eb keq, duke par\u00eb situatat jasht\u00eb, me ishbanor\u00ebt n\u00eb videon e fundit, jo t\u00eb gjith\u00eb e konsiderojn\u00eb t\u00eb till\u00eb. Adela mendon se nga konkluzioni i Sorit do t\u00eb thot\u00eb se ajo q\u00eb \u00ebsht\u00eb sulmuar nga t\u00eb gjith\u00eb edhe n\u00eb videon e fundit, qenka e keqe, nd\u00ebrsa Adi mendon se Sori \u00ebsht\u00eb k\u00ebnaqur me at\u00eb video. Sori ia kthen se p\u00ebr sa koh\u00eb kishin fol mir\u00eb p\u00ebr t\u00eb, ndjehet i k\u00ebnaqur, por Bjordi e mendon ndryshe. Ai shprehet se ndoshta Sori \u00ebsht\u00eb e keqja e fundit q\u00eb ka ngelur ende n\u00eb sht\u00ebpi. Sori mendon se ata nuk kan\u00eb nj\u00eb koncept t\u00eb sakt\u00eb mbi t\u00eb keqen dhe i ngat\u00ebrrojn\u00eb situata. Sipas tij ai \u00ebsht\u00eb thjesht nj\u00eb luftarak. \u201cJe luftarak p\u00ebr t\u00eb keqen\u201d- thot\u00eb Bjordi. Sori u k\u00ebrkon banor\u00ebve q\u00eb t\u2019i japin shembuj konkret se ku u ka b\u00ebr\u00eb ai keq. Adi thot\u00eb se ai do t\u2019i marr\u00eb lek\u00ebt dhe kjo \u00ebsht\u00eb nj\u00eb e keqe, Adela mendon se situatat q\u00eb kan\u00eb ndodhur kan\u00eb q\u00ebn\u00eb disa p\u00ebr mir\u00eb e disa p\u00ebr keq, Bjordi shprehet se nuk i ka b\u00ebr\u00eb asgj\u00eb t\u00eb keqe por insiston se Sori e ka pranuar dhe klasifikuar veten tek t\u00eb k\u00ebqinjt\u00eb nd\u00ebrsa vet\u00eb Bjordi e mendon si luftarak. Sori i k\u00ebrkon q\u00eb m\u00eb mir\u00eb t\u00eb shprehet q\u00eb \u00ebsht\u00eb luftarak se sa i keq, p\u00ebr aq koh\u00eb sa nuk i ka b\u00ebr\u00eb keq as atij dhe as askujt. Sori pyet edhe Arin i cili i thot\u00eb se ai e ka nd\u00ebrtuar loj\u00ebn n\u00eb m\u00ebnyr\u00eb t\u00eb till\u00eb si provokatore dhe tendencioze duke marr\u00eb nj\u00eb rol n\u00eb pamje si t\u00eb keq. Ari i jep edhe nj\u00eb rast q\u00eb ka par\u00eb nga jasht\u00eb n\u00eb lidhje me loj\u00ebn me Arjonin, por duke e par\u00eb m\u00eb mir\u00eb nga brenda m\u00ebnyr\u00ebn e loj\u00ebs s\u00eb Sorit, i duket e drejt\u00eb sepse ai ka arritur deri n\u00eb finale.<\/p><\/div>\n<div><\/div>\n","protected":false},"excerpt":{"rendered":"<p>\u00a0 12\/05\/09 02:01 Diskutmit n\u00ebse Sori \u00ebsht\u00eb etiketuar si i keq nga banor\u00ebt apo \u00ebsht\u00eb v\u00ebrtet\u00eb, duket sikur i erdhi s\u00ebrish radha p\u00ebr t\u2019u b\u00ebr\u00eb. Sipas disa banor\u00ebve, ai ka q\u00ebn\u00eb ai q\u00eb \u00ebsht\u00eb sjell\u00eb keq me t\u00eb tjer\u00ebt dhe i ka sulmuar. Adi i kujton debatin e disa net\u00ebve m\u00eb par\u00eb, por Sori ia [&hellip;]<\/p>\n","protected":false},"author":1,"featured_media":0,"comment_status":"open","ping_status":"closed","sticky":false,"template":"","format":"standard","meta":{"spay_email":"","jetpack_publicize_message":"","jetpack_is_tweetstorm":false,"jetpack_publicize_feature_enabled":true},"categories":[6502],"tags":[9121,10338,9731,10339,8276,9751],"jetpack_publicize_connections":[],"yoast_head":"<!-- This site is optimized with the Yoast SEO plugin v19.1 - https:\/\/yoast.com\/wordpress\/plugins\/seo\/ -->\n<title>Sori i mir\u00c3\u00ab apo i keq? | Big Brother Albania 2<\/title>\n<meta name=\"description\" content=\"Big Brother Albania 2 - Diskutmit n\u00c3\u00abse Sori \u00c3\u00absht\u00c3\u00ab etiketuar si i keq nga banor\u00c3\u00abt apo \u00c3\u00absht\u00c3\u00ab v\u00c3\u00abrtet\u00c3\u00ab, duket sikur i erdhi s\u00c3\u00abrish radha p\u00c3\u00abr t\u00e2\u20ac\u2122u b\u00c3\u00abr\u00c3\u00ab. Sipas disa banor\u00c3\u00abve\" \/>\n<meta name=\"robots\" content=\"index, follow, max-snippet:-1, max-image-preview:large, max-video-preview:-1\" \/>\n<link rel=\"canonical\" href=\"https:\/\/www.visit-ulcinj.com\/blog\/2009\/05\/14\/sori-i-mire-apo-i-keq\/\" \/>\n<meta property=\"og:locale\" content=\"en_US\" \/>\n<meta property=\"og:type\" content=\"article\" \/>\n<meta property=\"og:title\" content=\"Sori i mir\u00c3\u00ab apo i keq? | Big Brother Albania 2\" \/>\n<meta property=\"og:description\" content=\"Big Brother Albania 2 - Diskutmit n\u00c3\u00abse Sori \u00c3\u00absht\u00c3\u00ab etiketuar si i keq nga banor\u00c3\u00abt apo \u00c3\u00absht\u00c3\u00ab v\u00c3\u00abrtet\u00c3\u00ab, duket sikur i erdhi s\u00c3\u00abrish radha p\u00c3\u00abr t\u00e2\u20ac\u2122u b\u00c3\u00abr\u00c3\u00ab. Sipas disa banor\u00c3\u00abve\" \/>\n<meta property=\"og:url\" content=\"https:\/\/www.visit-ulcinj.com\/blog\/2009\/05\/14\/sori-i-mire-apo-i-keq\/\" \/>\n<meta property=\"og:site_name\" content=\"Lajme nga Ulqini\" \/>\n<meta property=\"article:published_time\" content=\"2009-05-14T11:00:03+00:00\" \/>\n<meta property=\"article:modified_time\" content=\"2009-05-13T22:50:47+00:00\" \/>\n<meta property=\"og:image\" content=\"http:\/\/www.visit-ulcinj.com\/blog\/wp-content\/uploads\/2009\/05\/sori-i-mire-i-keq.jpg\" \/>\n<meta name=\"twitter:label1\" content=\"Written by\" \/>\n\t<meta name=\"twitter:data1\" content=\"ulqini\" \/>\n\t<meta name=\"twitter:label2\" content=\"Est. reading time\" \/>\n\t<meta name=\"twitter:data2\" content=\"2 minutes\" \/>\n<script type=\"application\/ld+json\" class=\"yoast-schema-graph\">{\"@context\":\"https:\/\/schema.org\",\"@graph\":[{\"@type\":\"WebSite\",\"@id\":\"https:\/\/www.visit-ulcinj.com\/blog\/#website\",\"url\":\"https:\/\/www.visit-ulcinj.com\/blog\/\",\"name\":\"Lajme nga Ulqini\",\"description\":\"Lajme,Vijesti,Ulqini,Ulqin,Crna Gora,Mali i Zi\",\"potentialAction\":[{\"@type\":\"SearchAction\",\"target\":{\"@type\":\"EntryPoint\",\"urlTemplate\":\"https:\/\/www.visit-ulcinj.com\/blog\/?s={search_term_string}\"},\"query-input\":\"required name=search_term_string\"}],\"inLanguage\":\"en-US\"},{\"@type\":\"ImageObject\",\"inLanguage\":\"en-US\",\"@id\":\"https:\/\/www.visit-ulcinj.com\/blog\/2009\/05\/14\/sori-i-mire-apo-i-keq\/#primaryimage\",\"url\":\"http:\/\/www.visit-ulcinj.com\/blog\/wp-content\/uploads\/2009\/05\/sori-i-mire-i-keq.jpg\",\"contentUrl\":\"http:\/\/www.visit-ulcinj.com\/blog\/wp-content\/uploads\/2009\/05\/sori-i-mire-i-keq.jpg\"},{\"@type\":\"WebPage\",\"@id\":\"https:\/\/www.visit-ulcinj.com\/blog\/2009\/05\/14\/sori-i-mire-apo-i-keq\/#webpage\",\"url\":\"https:\/\/www.visit-ulcinj.com\/blog\/2009\/05\/14\/sori-i-mire-apo-i-keq\/\",\"name\":\"Sori i mir\u00c3\u00ab apo i keq? | Big Brother Albania 2\",\"isPartOf\":{\"@id\":\"https:\/\/www.visit-ulcinj.com\/blog\/#website\"},\"primaryImageOfPage\":{\"@id\":\"https:\/\/www.visit-ulcinj.com\/blog\/2009\/05\/14\/sori-i-mire-apo-i-keq\/#primaryimage\"},\"datePublished\":\"2009-05-14T11:00:03+00:00\",\"dateModified\":\"2009-05-13T22:50:47+00:00\",\"author\":{\"@id\":\"https:\/\/www.visit-ulcinj.com\/blog\/#\/schema\/person\/dcab619c614d3038751c63bc2aadc06d\"},\"description\":\"Big Brother Albania 2 - Diskutmit n\u00c3\u00abse Sori \u00c3\u00absht\u00c3\u00ab etiketuar si i keq nga banor\u00c3\u00abt apo \u00c3\u00absht\u00c3\u00ab v\u00c3\u00abrtet\u00c3\u00ab, duket sikur i erdhi s\u00c3\u00abrish radha p\u00c3\u00abr t\u00e2\u20ac\u2122u b\u00c3\u00abr\u00c3\u00ab. Sipas disa banor\u00c3\u00abve\",\"breadcrumb\":{\"@id\":\"https:\/\/www.visit-ulcinj.com\/blog\/2009\/05\/14\/sori-i-mire-apo-i-keq\/#breadcrumb\"},\"inLanguage\":\"en-US\",\"potentialAction\":[{\"@type\":\"ReadAction\",\"target\":[\"https:\/\/www.visit-ulcinj.com\/blog\/2009\/05\/14\/sori-i-mire-apo-i-keq\/\"]}]},{\"@type\":\"BreadcrumbList\",\"@id\":\"https:\/\/www.visit-ulcinj.com\/blog\/2009\/05\/14\/sori-i-mire-apo-i-keq\/#breadcrumb\",\"itemListElement\":[{\"@type\":\"ListItem\",\"position\":1,\"name\":\"Sori i mir\u00eb apo i keq?\"}]},{\"@type\":\"Person\",\"@id\":\"https:\/\/www.visit-ulcinj.com\/blog\/#\/schema\/person\/dcab619c614d3038751c63bc2aadc06d\",\"name\":\"ulqini\",\"sameAs\":[\"http:\/\/www.visit-ulcinj.com\"],\"url\":\"https:\/\/www.visit-ulcinj.com\/blog\/author\/admin\/\"}]}<\/script>\n<!-- \/ Yoast SEO plugin. -->","yoast_head_json":{"title":"Sori i mir\u00c3\u00ab apo i keq? | Big Brother Albania 2","description":"Big Brother Albania 2 - Diskutmit n\u00c3\u00abse Sori \u00c3\u00absht\u00c3\u00ab etiketuar si i keq nga banor\u00c3\u00abt apo \u00c3\u00absht\u00c3\u00ab v\u00c3\u00abrtet\u00c3\u00ab, duket sikur i erdhi s\u00c3\u00abrish radha p\u00c3\u00abr t\u00e2\u20ac\u2122u b\u00c3\u00abr\u00c3\u00ab. Sipas disa banor\u00c3\u00abve","robots":{"index":"index","follow":"follow","max-snippet":"max-snippet:-1","max-image-preview":"max-image-preview:large","max-video-preview":"max-video-preview:-1"},"canonical":"https:\/\/www.visit-ulcinj.com\/blog\/2009\/05\/14\/sori-i-mire-apo-i-keq\/","og_locale":"en_US","og_type":"article","og_title":"Sori i mir\u00c3\u00ab apo i keq? | Big Brother Albania 2","og_description":"Big Brother Albania 2 - Diskutmit n\u00c3\u00abse Sori \u00c3\u00absht\u00c3\u00ab etiketuar si i keq nga banor\u00c3\u00abt apo \u00c3\u00absht\u00c3\u00ab v\u00c3\u00abrtet\u00c3\u00ab, duket sikur i erdhi s\u00c3\u00abrish radha p\u00c3\u00abr t\u00e2\u20ac\u2122u b\u00c3\u00abr\u00c3\u00ab. Sipas disa banor\u00c3\u00abve","og_url":"https:\/\/www.visit-ulcinj.com\/blog\/2009\/05\/14\/sori-i-mire-apo-i-keq\/","og_site_name":"Lajme nga Ulqini","article_published_time":"2009-05-14T11:00:03+00:00","article_modified_time":"2009-05-13T22:50:47+00:00","og_image":[{"url":"http:\/\/www.visit-ulcinj.com\/blog\/wp-content\/uploads\/2009\/05\/sori-i-mire-i-keq.jpg"}],"twitter_misc":{"Written by":"ulqini","Est. reading time":"2 minutes"},"schema":{"@context":"https:\/\/schema.org","@graph":[{"@type":"WebSite","@id":"https:\/\/www.visit-ulcinj.com\/blog\/#website","url":"https:\/\/www.visit-ulcinj.com\/blog\/","name":"Lajme nga Ulqini","description":"Lajme,Vijesti,Ulqini,Ulqin,Crna Gora,Mali i Zi","potentialAction":[{"@type":"SearchAction","target":{"@type":"EntryPoint","urlTemplate":"https:\/\/www.visit-ulcinj.com\/blog\/?s={search_term_string}"},"query-input":"required name=search_term_string"}],"inLanguage":"en-US"},{"@type":"ImageObject","inLanguage":"en-US","@id":"https:\/\/www.visit-ulcinj.com\/blog\/2009\/05\/14\/sori-i-mire-apo-i-keq\/#primaryimage","url":"http:\/\/www.visit-ulcinj.com\/blog\/wp-content\/uploads\/2009\/05\/sori-i-mire-i-keq.jpg","contentUrl":"http:\/\/www.visit-ulcinj.com\/blog\/wp-content\/uploads\/2009\/05\/sori-i-mire-i-keq.jpg"},{"@type":"WebPage","@id":"https:\/\/www.visit-ulcinj.com\/blog\/2009\/05\/14\/sori-i-mire-apo-i-keq\/#webpage","url":"https:\/\/www.visit-ulcinj.com\/blog\/2009\/05\/14\/sori-i-mire-apo-i-keq\/","name":"Sori i mir\u00c3\u00ab apo i keq? | Big Brother Albania 2","isPartOf":{"@id":"https:\/\/www.visit-ulcinj.com\/blog\/#website"},"primaryImageOfPage":{"@id":"https:\/\/www.visit-ulcinj.com\/blog\/2009\/05\/14\/sori-i-mire-apo-i-keq\/#primaryimage"},"datePublished":"2009-05-14T11:00:03+00:00","dateModified":"2009-05-13T22:50:47+00:00","author":{"@id":"https:\/\/www.visit-ulcinj.com\/blog\/#\/schema\/person\/dcab619c614d3038751c63bc2aadc06d"},"description":"Big Brother Albania 2 - Diskutmit n\u00c3\u00abse Sori \u00c3\u00absht\u00c3\u00ab etiketuar si i keq nga banor\u00c3\u00abt apo \u00c3\u00absht\u00c3\u00ab v\u00c3\u00abrtet\u00c3\u00ab, duket sikur i erdhi s\u00c3\u00abrish radha p\u00c3\u00abr t\u00e2\u20ac\u2122u b\u00c3\u00abr\u00c3\u00ab. Sipas disa banor\u00c3\u00abve","breadcrumb":{"@id":"https:\/\/www.visit-ulcinj.com\/blog\/2009\/05\/14\/sori-i-mire-apo-i-keq\/#breadcrumb"},"inLanguage":"en-US","potentialAction":[{"@type":"ReadAction","target":["https:\/\/www.visit-ulcinj.com\/blog\/2009\/05\/14\/sori-i-mire-apo-i-keq\/"]}]},{"@type":"BreadcrumbList","@id":"https:\/\/www.visit-ulcinj.com\/blog\/2009\/05\/14\/sori-i-mire-apo-i-keq\/#breadcrumb","itemListElement":[{"@type":"ListItem","position":1,"name":"Sori i mir\u00eb apo i keq?"}]},{"@type":"Person","@id":"https:\/\/www.visit-ulcinj.com\/blog\/#\/schema\/person\/dcab619c614d3038751c63bc2aadc06d","name":"ulqini","sameAs":["http:\/\/www.visit-ulcinj.com"],"url":"https:\/\/www.visit-ulcinj.com\/blog\/author\/admin\/"}]}},"jetpack_featured_media_url":"","jetpack_sharing_enabled":true,"jetpack_shortlink":"https:\/\/wp.me\/pe6lTn-5wX","_links":{"self":[{"href":"https:\/\/www.visit-ulcinj.com\/blog\/wp-json\/wp\/v2\/posts\/21263"}],"collection":[{"href":"https:\/\/www.visit-ulcinj.com\/blog\/wp-json\/wp\/v2\/posts"}],"about":[{"href":"https:\/\/www.visit-ulcinj.com\/blog\/wp-json\/wp\/v2\/types\/post"}],"author":[{"embeddable":true,"href":"https:\/\/www.visit-ulcinj.com\/blog\/wp-json\/wp\/v2\/users\/1"}],"replies":[{"embeddable":true,"href":"https:\/\/www.visit-ulcinj.com\/blog\/wp-json\/wp\/v2\/comments?post=21263"}],"version-history":[{"count":0,"href":"https:\/\/www.visit-ulcinj.com\/blog\/wp-json\/wp\/v2\/posts\/21263\/revisions"}],"wp:attachment":[{"href":"https:\/\/www.visit-ulcinj.com\/blog\/wp-json\/wp\/v2\/media?parent=21263"}],"wp:term":[{"taxonomy":"category","embeddable":true,"href":"https:\/\/www.visit-ulcinj.com\/blog\/wp-json\/wp\/v2\/categories?post=21263"},{"taxonomy":"post_tag","embeddable":true,"href":"https:\/\/www.visit-ulcinj.com\/blog\/wp-json\/wp\/v2\/tags?post=21263"}],"curies":[{"name":"wp","href":"https:\/\/api.w.org\/{rel}","templated":true}]}}