{"id":21266,"date":"2009-05-14T13:00:35","date_gmt":"2009-05-14T11:00:35","guid":{"rendered":"http:\/\/www.visit-ulcinj.com\/blog\/?p=21266"},"modified":"2009-05-14T10:58:06","modified_gmt":"2009-05-14T08:58:06","slug":"ne-finale-por-jo-fitues","status":"publish","type":"post","link":"https:\/\/www.visit-ulcinj.com\/blog\/2009\/05\/14\/ne-finale-por-jo-fitues\/","title":{"rendered":"N\u00eb finale por jo fitues"},"content":{"rendered":"<p><em><span class=\"newsdate\"><a href=\"http:\/\/www.visit-ulcinj.com\/blog\/wp-content\/uploads\/2009\/05\/soriadela-12maj.jpg\"><img loading=\"lazy\" class=\"alignleft size-full wp-image-21267\" title=\"soriadela-12maj-big-brother-albania-2\" src=\"http:\/\/www.visit-ulcinj.com\/blog\/wp-content\/uploads\/2009\/05\/soriadela-12maj.jpg\" alt=\"soriadela-12maj-big-brother-albania-2\" width=\"300\" height=\"205\" \/><\/a>12\/05\/09 02:21<\/span><\/em><\/p>\n<p>Ari i thot\u00eb Sorit se me loj\u00ebn q\u00eb ai ka b\u00ebr\u00eb ka mundur t\u00eb p\u00ebrfitoj\u00eb por jo t\u00eb fitoj\u00eb. Sori ia kthen se kjo mund t\u00eb jet\u00eb e v\u00ebrtet\u00eb ose ai mund t\u00eb jet\u00eb dhe nj\u00eb motiv p\u00ebr fituesin. Ari shton se ndoshta Sori mund t\u00eb fitoj\u00eb v\u00ebrtet\u00eb. Ai mendon se mund\u00ebsin\u00eb e ka si gjith\u00eb t\u00eb tjer\u00ebt, por me karakterin q\u00eb ka ka mundur t\u00eb p\u00ebrfitoj\u00eb vec t\u00eb shkoj\u00eb n\u00eb finale dhe jo t\u00ebr\u00ebsisht ka q\u00ebn\u00eb loja e tij ajo q\u00eb e ka sjell\u00eb deri k\u00ebtu. Ari thot\u00eb se e ka vler\u00ebsuar mir\u00eb karakterin e tij dhe e kupton q\u00eb ai v\u00ebrtet\u00eb \u00ebsht\u00eb ashtu. \u201cE vler\u00ebsoj q\u00eb je k\u00ebtu\u201d- shton Ari. Por Ari mendon se ai nuk mund t\u00eb jet\u00eb fitues sepse m\u00ebnyr\u00ebn se si ai i koncepton gj\u00ebrat, i duket jo e nj\u00eb fituesi. Ai flet se si nj\u00eb votues, nuk do votonte p\u00ebr t\u00eb p\u00ebr aq koh\u00eb sa ai i m\u00ebshon aq shum\u00eb lek\u00ebve. Sori ia kthen se dhe ai n\u00eb t\u00eb nj\u00ebjt\u00ebn m\u00ebnyr\u00eb si Ari nuk do ta votonte at\u00eb sepse Ari i duket nj\u00eb person q\u00eb nuk ia di kuptimin parave. Ari thot\u00eb se ai cdo pjes\u00eb t\u00eb lek\u00ebve q\u00eb ka shpenzuar e ka shpenzuar nga pjesa e tij. Ata flasin edhe p\u00ebr fituesin dhe Sori shprehet se n\u00ebse nuk i fiton ai parat\u00eb, at\u00ebher\u00eb do t\u2019i thot\u00eb fituesit se e adhuron dhe n\u00eb t\u00eb nj\u00ebjt\u00ebn koh\u00eb se \u00ebsht\u00eb xheloz p\u00ebr t\u00eb. Ari shton se do t\u00eb ndjehej m\u00eb mir\u00eb n\u00ebse cmimi mbetet n\u00eb Tiran\u00eb. Ai thot\u00eb hapur se cmimin e meriton Adi p\u00ebr loj\u00ebn q\u00eb ka b\u00ebr\u00eb dhe duke analizuar se gjith\u00eb t\u00eb tjer\u00ebve u duhen m\u00eb pak se ai ato lek\u00eb. Adela thot\u00eb se n\u00ebse v\u00ebrtet\u00eb lek\u00ebt i duhen Adit, ato lek\u00eb shoq\u00ebrohen dhe me nj\u00eb fitore dhe k\u00ebtu ndryshon t\u00ebr\u00ebsisht situata.<\/p>\n","protected":false},"excerpt":{"rendered":"<p>12\/05\/09 02:21 Ari i thot\u00eb Sorit se me loj\u00ebn q\u00eb ai ka b\u00ebr\u00eb ka mundur t\u00eb p\u00ebrfitoj\u00eb por jo t\u00eb fitoj\u00eb. Sori ia kthen se kjo mund t\u00eb jet\u00eb e v\u00ebrtet\u00eb ose ai mund t\u00eb jet\u00eb dhe nj\u00eb motiv p\u00ebr fituesin. Ari shton se ndoshta Sori mund t\u00eb fitoj\u00eb v\u00ebrtet\u00eb. Ai mendon se mund\u00ebsin\u00eb e [&hellip;]<\/p>\n","protected":false},"author":1,"featured_media":0,"comment_status":"open","ping_status":"closed","sticky":false,"template":"","format":"standard","meta":{"spay_email":"","jetpack_publicize_message":"","jetpack_is_tweetstorm":false,"jetpack_publicize_feature_enabled":true},"categories":[6502],"tags":[6529,9121,6522,9790,6757,9751],"jetpack_publicize_connections":[],"yoast_head":"<!-- This site is optimized with the Yoast SEO plugin v19.1 - https:\/\/yoast.com\/wordpress\/plugins\/seo\/ -->\n<title>N\u00c3\u00ab finale por jo fitues | Big Brother Albania 2<\/title>\n<meta name=\"description\" content=\"Big Brother Albania 2 - Ari i thot\u00c3\u00ab Sorit se me loj\u00c3\u00abn q\u00c3\u00ab ai ka b\u00c3\u00abr\u00c3\u00ab ka mundur t\u00c3\u00ab p\u00c3\u00abrfitoj\u00c3\u00ab por jo t\u00c3\u00ab fitoj\u00c3\u00ab. Sori ia kthen se kjo mund t\u00c3\u00ab jet\u00c3\u00ab e v\u00c3\u00abrtet\u00c3\u00ab ose ai mund t\u00c3\u00ab jet\u00c3\u00ab dhe nj\u00c3\u00ab motiv p\u00c3\u00abr fituesin.\" \/>\n<meta name=\"robots\" content=\"index, follow, max-snippet:-1, max-image-preview:large, max-video-preview:-1\" \/>\n<link rel=\"canonical\" href=\"https:\/\/www.visit-ulcinj.com\/blog\/2009\/05\/14\/ne-finale-por-jo-fitues\/\" \/>\n<meta property=\"og:locale\" content=\"en_US\" \/>\n<meta property=\"og:type\" content=\"article\" \/>\n<meta property=\"og:title\" content=\"N\u00c3\u00ab finale por jo fitues | Big Brother Albania 2\" \/>\n<meta property=\"og:description\" content=\"Big Brother Albania 2 - Ari i thot\u00c3\u00ab Sorit se me loj\u00c3\u00abn q\u00c3\u00ab ai ka b\u00c3\u00abr\u00c3\u00ab ka mundur t\u00c3\u00ab p\u00c3\u00abrfitoj\u00c3\u00ab por jo t\u00c3\u00ab fitoj\u00c3\u00ab. Sori ia kthen se kjo mund t\u00c3\u00ab jet\u00c3\u00ab e v\u00c3\u00abrtet\u00c3\u00ab ose ai mund t\u00c3\u00ab jet\u00c3\u00ab dhe nj\u00c3\u00ab motiv p\u00c3\u00abr fituesin.\" \/>\n<meta property=\"og:url\" content=\"https:\/\/www.visit-ulcinj.com\/blog\/2009\/05\/14\/ne-finale-por-jo-fitues\/\" \/>\n<meta property=\"og:site_name\" content=\"Lajme nga Ulqini\" \/>\n<meta property=\"article:published_time\" content=\"2009-05-14T11:00:35+00:00\" \/>\n<meta property=\"article:modified_time\" content=\"2009-05-14T08:58:06+00:00\" \/>\n<meta property=\"og:image\" content=\"http:\/\/www.visit-ulcinj.com\/blog\/wp-content\/uploads\/2009\/05\/soriadela-12maj.jpg\" \/>\n<meta name=\"twitter:label1\" content=\"Written by\" \/>\n\t<meta name=\"twitter:data1\" content=\"ulqini\" \/>\n\t<meta name=\"twitter:label2\" content=\"Est. reading time\" \/>\n\t<meta name=\"twitter:data2\" content=\"2 minutes\" \/>\n<script type=\"application\/ld+json\" class=\"yoast-schema-graph\">{\"@context\":\"https:\/\/schema.org\",\"@graph\":[{\"@type\":\"WebSite\",\"@id\":\"https:\/\/www.visit-ulcinj.com\/blog\/#website\",\"url\":\"https:\/\/www.visit-ulcinj.com\/blog\/\",\"name\":\"Lajme nga Ulqini\",\"description\":\"Lajme,Vijesti,Ulqini,Ulqin,Crna Gora,Mali i Zi\",\"potentialAction\":[{\"@type\":\"SearchAction\",\"target\":{\"@type\":\"EntryPoint\",\"urlTemplate\":\"https:\/\/www.visit-ulcinj.com\/blog\/?s={search_term_string}\"},\"query-input\":\"required name=search_term_string\"}],\"inLanguage\":\"en-US\"},{\"@type\":\"ImageObject\",\"inLanguage\":\"en-US\",\"@id\":\"https:\/\/www.visit-ulcinj.com\/blog\/2009\/05\/14\/ne-finale-por-jo-fitues\/#primaryimage\",\"url\":\"http:\/\/www.visit-ulcinj.com\/blog\/wp-content\/uploads\/2009\/05\/soriadela-12maj.jpg\",\"contentUrl\":\"http:\/\/www.visit-ulcinj.com\/blog\/wp-content\/uploads\/2009\/05\/soriadela-12maj.jpg\"},{\"@type\":\"WebPage\",\"@id\":\"https:\/\/www.visit-ulcinj.com\/blog\/2009\/05\/14\/ne-finale-por-jo-fitues\/#webpage\",\"url\":\"https:\/\/www.visit-ulcinj.com\/blog\/2009\/05\/14\/ne-finale-por-jo-fitues\/\",\"name\":\"N\u00c3\u00ab finale por jo fitues | Big Brother Albania 2\",\"isPartOf\":{\"@id\":\"https:\/\/www.visit-ulcinj.com\/blog\/#website\"},\"primaryImageOfPage\":{\"@id\":\"https:\/\/www.visit-ulcinj.com\/blog\/2009\/05\/14\/ne-finale-por-jo-fitues\/#primaryimage\"},\"datePublished\":\"2009-05-14T11:00:35+00:00\",\"dateModified\":\"2009-05-14T08:58:06+00:00\",\"author\":{\"@id\":\"https:\/\/www.visit-ulcinj.com\/blog\/#\/schema\/person\/dcab619c614d3038751c63bc2aadc06d\"},\"description\":\"Big Brother Albania 2 - Ari i thot\u00c3\u00ab Sorit se me loj\u00c3\u00abn q\u00c3\u00ab ai ka b\u00c3\u00abr\u00c3\u00ab ka mundur t\u00c3\u00ab p\u00c3\u00abrfitoj\u00c3\u00ab por jo t\u00c3\u00ab fitoj\u00c3\u00ab. Sori ia kthen se kjo mund t\u00c3\u00ab jet\u00c3\u00ab e v\u00c3\u00abrtet\u00c3\u00ab ose ai mund t\u00c3\u00ab jet\u00c3\u00ab dhe nj\u00c3\u00ab motiv p\u00c3\u00abr fituesin.\",\"breadcrumb\":{\"@id\":\"https:\/\/www.visit-ulcinj.com\/blog\/2009\/05\/14\/ne-finale-por-jo-fitues\/#breadcrumb\"},\"inLanguage\":\"en-US\",\"potentialAction\":[{\"@type\":\"ReadAction\",\"target\":[\"https:\/\/www.visit-ulcinj.com\/blog\/2009\/05\/14\/ne-finale-por-jo-fitues\/\"]}]},{\"@type\":\"BreadcrumbList\",\"@id\":\"https:\/\/www.visit-ulcinj.com\/blog\/2009\/05\/14\/ne-finale-por-jo-fitues\/#breadcrumb\",\"itemListElement\":[{\"@type\":\"ListItem\",\"position\":1,\"name\":\"N\u00eb finale por jo fitues\"}]},{\"@type\":\"Person\",\"@id\":\"https:\/\/www.visit-ulcinj.com\/blog\/#\/schema\/person\/dcab619c614d3038751c63bc2aadc06d\",\"name\":\"ulqini\",\"sameAs\":[\"http:\/\/www.visit-ulcinj.com\"],\"url\":\"https:\/\/www.visit-ulcinj.com\/blog\/author\/admin\/\"}]}<\/script>\n<!-- \/ Yoast SEO plugin. -->","yoast_head_json":{"title":"N\u00c3\u00ab finale por jo fitues | Big Brother Albania 2","description":"Big Brother Albania 2 - Ari i thot\u00c3\u00ab Sorit se me loj\u00c3\u00abn q\u00c3\u00ab ai ka b\u00c3\u00abr\u00c3\u00ab ka mundur t\u00c3\u00ab p\u00c3\u00abrfitoj\u00c3\u00ab por jo t\u00c3\u00ab fitoj\u00c3\u00ab. Sori ia kthen se kjo mund t\u00c3\u00ab jet\u00c3\u00ab e v\u00c3\u00abrtet\u00c3\u00ab ose ai mund t\u00c3\u00ab jet\u00c3\u00ab dhe nj\u00c3\u00ab motiv p\u00c3\u00abr fituesin.","robots":{"index":"index","follow":"follow","max-snippet":"max-snippet:-1","max-image-preview":"max-image-preview:large","max-video-preview":"max-video-preview:-1"},"canonical":"https:\/\/www.visit-ulcinj.com\/blog\/2009\/05\/14\/ne-finale-por-jo-fitues\/","og_locale":"en_US","og_type":"article","og_title":"N\u00c3\u00ab finale por jo fitues | Big Brother Albania 2","og_description":"Big Brother Albania 2 - Ari i thot\u00c3\u00ab Sorit se me loj\u00c3\u00abn q\u00c3\u00ab ai ka b\u00c3\u00abr\u00c3\u00ab ka mundur t\u00c3\u00ab p\u00c3\u00abrfitoj\u00c3\u00ab por jo t\u00c3\u00ab fitoj\u00c3\u00ab. Sori ia kthen se kjo mund t\u00c3\u00ab jet\u00c3\u00ab e v\u00c3\u00abrtet\u00c3\u00ab ose ai mund t\u00c3\u00ab jet\u00c3\u00ab dhe nj\u00c3\u00ab motiv p\u00c3\u00abr fituesin.","og_url":"https:\/\/www.visit-ulcinj.com\/blog\/2009\/05\/14\/ne-finale-por-jo-fitues\/","og_site_name":"Lajme nga Ulqini","article_published_time":"2009-05-14T11:00:35+00:00","article_modified_time":"2009-05-14T08:58:06+00:00","og_image":[{"url":"http:\/\/www.visit-ulcinj.com\/blog\/wp-content\/uploads\/2009\/05\/soriadela-12maj.jpg"}],"twitter_misc":{"Written by":"ulqini","Est. reading time":"2 minutes"},"schema":{"@context":"https:\/\/schema.org","@graph":[{"@type":"WebSite","@id":"https:\/\/www.visit-ulcinj.com\/blog\/#website","url":"https:\/\/www.visit-ulcinj.com\/blog\/","name":"Lajme nga Ulqini","description":"Lajme,Vijesti,Ulqini,Ulqin,Crna Gora,Mali i Zi","potentialAction":[{"@type":"SearchAction","target":{"@type":"EntryPoint","urlTemplate":"https:\/\/www.visit-ulcinj.com\/blog\/?s={search_term_string}"},"query-input":"required name=search_term_string"}],"inLanguage":"en-US"},{"@type":"ImageObject","inLanguage":"en-US","@id":"https:\/\/www.visit-ulcinj.com\/blog\/2009\/05\/14\/ne-finale-por-jo-fitues\/#primaryimage","url":"http:\/\/www.visit-ulcinj.com\/blog\/wp-content\/uploads\/2009\/05\/soriadela-12maj.jpg","contentUrl":"http:\/\/www.visit-ulcinj.com\/blog\/wp-content\/uploads\/2009\/05\/soriadela-12maj.jpg"},{"@type":"WebPage","@id":"https:\/\/www.visit-ulcinj.com\/blog\/2009\/05\/14\/ne-finale-por-jo-fitues\/#webpage","url":"https:\/\/www.visit-ulcinj.com\/blog\/2009\/05\/14\/ne-finale-por-jo-fitues\/","name":"N\u00c3\u00ab finale por jo fitues | Big Brother Albania 2","isPartOf":{"@id":"https:\/\/www.visit-ulcinj.com\/blog\/#website"},"primaryImageOfPage":{"@id":"https:\/\/www.visit-ulcinj.com\/blog\/2009\/05\/14\/ne-finale-por-jo-fitues\/#primaryimage"},"datePublished":"2009-05-14T11:00:35+00:00","dateModified":"2009-05-14T08:58:06+00:00","author":{"@id":"https:\/\/www.visit-ulcinj.com\/blog\/#\/schema\/person\/dcab619c614d3038751c63bc2aadc06d"},"description":"Big Brother Albania 2 - Ari i thot\u00c3\u00ab Sorit se me loj\u00c3\u00abn q\u00c3\u00ab ai ka b\u00c3\u00abr\u00c3\u00ab ka mundur t\u00c3\u00ab p\u00c3\u00abrfitoj\u00c3\u00ab por jo t\u00c3\u00ab fitoj\u00c3\u00ab. Sori ia kthen se kjo mund t\u00c3\u00ab jet\u00c3\u00ab e v\u00c3\u00abrtet\u00c3\u00ab ose ai mund t\u00c3\u00ab jet\u00c3\u00ab dhe nj\u00c3\u00ab motiv p\u00c3\u00abr fituesin.","breadcrumb":{"@id":"https:\/\/www.visit-ulcinj.com\/blog\/2009\/05\/14\/ne-finale-por-jo-fitues\/#breadcrumb"},"inLanguage":"en-US","potentialAction":[{"@type":"ReadAction","target":["https:\/\/www.visit-ulcinj.com\/blog\/2009\/05\/14\/ne-finale-por-jo-fitues\/"]}]},{"@type":"BreadcrumbList","@id":"https:\/\/www.visit-ulcinj.com\/blog\/2009\/05\/14\/ne-finale-por-jo-fitues\/#breadcrumb","itemListElement":[{"@type":"ListItem","position":1,"name":"N\u00eb finale por jo fitues"}]},{"@type":"Person","@id":"https:\/\/www.visit-ulcinj.com\/blog\/#\/schema\/person\/dcab619c614d3038751c63bc2aadc06d","name":"ulqini","sameAs":["http:\/\/www.visit-ulcinj.com"],"url":"https:\/\/www.visit-ulcinj.com\/blog\/author\/admin\/"}]}},"jetpack_featured_media_url":"","jetpack_sharing_enabled":true,"jetpack_shortlink":"https:\/\/wp.me\/pe6lTn-5x0","_links":{"self":[{"href":"https:\/\/www.visit-ulcinj.com\/blog\/wp-json\/wp\/v2\/posts\/21266"}],"collection":[{"href":"https:\/\/www.visit-ulcinj.com\/blog\/wp-json\/wp\/v2\/posts"}],"about":[{"href":"https:\/\/www.visit-ulcinj.com\/blog\/wp-json\/wp\/v2\/types\/post"}],"author":[{"embeddable":true,"href":"https:\/\/www.visit-ulcinj.com\/blog\/wp-json\/wp\/v2\/users\/1"}],"replies":[{"embeddable":true,"href":"https:\/\/www.visit-ulcinj.com\/blog\/wp-json\/wp\/v2\/comments?post=21266"}],"version-history":[{"count":0,"href":"https:\/\/www.visit-ulcinj.com\/blog\/wp-json\/wp\/v2\/posts\/21266\/revisions"}],"wp:attachment":[{"href":"https:\/\/www.visit-ulcinj.com\/blog\/wp-json\/wp\/v2\/media?parent=21266"}],"wp:term":[{"taxonomy":"category","embeddable":true,"href":"https:\/\/www.visit-ulcinj.com\/blog\/wp-json\/wp\/v2\/categories?post=21266"},{"taxonomy":"post_tag","embeddable":true,"href":"https:\/\/www.visit-ulcinj.com\/blog\/wp-json\/wp\/v2\/tags?post=21266"}],"curies":[{"name":"wp","href":"https:\/\/api.w.org\/{rel}","templated":true}]}}