{"id":21269,"date":"2009-05-14T13:00:03","date_gmt":"2009-05-14T11:00:03","guid":{"rendered":"http:\/\/www.visit-ulcinj.com\/blog\/?p=21269"},"modified":"2009-05-14T00:59:55","modified_gmt":"2009-05-13T22:59:55","slug":"adela-fitorja-eshte-konfirmim","status":"publish","type":"post","link":"https:\/\/www.visit-ulcinj.com\/blog\/2009\/05\/14\/adela-fitorja-eshte-konfirmim\/","title":{"rendered":"Adela : Fitorja \u00ebsht\u00eb konfirmim"},"content":{"rendered":"<p><em><span class=\"newsdate\"><a href=\"http:\/\/www.visit-ulcinj.com\/blog\/wp-content\/uploads\/2009\/05\/adela-fitore.jpg\"><img loading=\"lazy\" class=\"alignleft size-full wp-image-21271\" title=\"adela-fitore-big-brother-albania-2\" src=\"http:\/\/www.visit-ulcinj.com\/blog\/wp-content\/uploads\/2009\/05\/adela-fitore.jpg\" alt=\"adela-fitore-big-brother-albania-2\" width=\"300\" height=\"205\" \/><\/a>12\/05\/09 02:25<\/span><\/em><\/p>\n<p>Diskutimi p\u00ebr cmimin dhe fitoren b\u00ebhet edhe m\u00eb e zjarrt\u00eb dhe t\u00eb gjith\u00eb banor\u00ebt nd\u00ebrhyjn\u00eb. Adi i thot\u00eb Adel\u00ebs se ajo ka dal\u00eb e fituar me k\u00ebt\u00eb q\u00eb ka b\u00ebr\u00eb dhe p\u00ebr t\u00eb \u00ebsht\u00eb e mjaftueshme kjo gj\u00eb. Adela ia kthen se asaj i duhet nj\u00eb vler\u00ebsim p\u00ebr at\u00eb q\u00eb ka b\u00ebr\u00eb dhe ky \u00ebsht\u00eb cmimi dhe kur t\u00eb dal\u00eb q\u00eb k\u00ebtu, t\u00eb kuptoj\u00eb se v\u00ebrtet\u00eb e gjith\u00eb Shqip\u00ebria e ka p\u00ebrkrahur p\u00ebr veprimet e saja. Ndaj Adela mendon se duhet t\u00eb luftoj\u00eb deri n\u00eb fund p\u00ebr cmimin e par\u00eb dhe p\u00ebr parat\u00eb. Adi mendon se deri sa ajo \u00ebsht\u00eb n\u00eb finale, Shqip\u00ebria e pranon dhe vler\u00ebson at\u00eb q\u00eb ajo ka b\u00ebr\u00eb, por Adela insiston se fitorja ia konfirmon. Bjordi nd\u00ebrhyn dhe thot\u00eb se Adela ka t\u00eb drejt\u00eb q\u00eb ta thot\u00eb at\u00eb gj\u00eb sepse at\u00eb vet\u00ebm ajo gj\u00eb e konfirmon, pavar\u00ebsisht se cfar\u00eb mendojn\u00eb t\u00eb tjer\u00ebt. Adi shprehet se Adela duhet t\u00eb thot\u00eb ndryshe sepse ajo cmimin moral e ka marr\u00eb, por i duhen edhe parat\u00eb. Adela e kund\u00ebrshton por has n\u00eb kund\u00ebrshtime t\u00eb tjera si nga Adi dhe nga Sori, t\u00eb cil\u00ebt e mendojn\u00eb nj\u00ebsoj.<\/p>\n<p><strong><span class=\"newstitlec\">Mentaliteti<\/span><\/strong><br \/>\n<em><span class=\"newsdate\">12\/05\/09 03:00<\/span><\/em><\/p>\n<p>Adela insiston se me fitoren, t\u00eb tregoj\u00eb se ajo ka vepruar mir\u00eb dhe se nuk ka b\u00ebr\u00eb asnj\u00eb gabim. Adi vazhdon me t\u00eb tij\u00ebn se ajo e ka nj\u00eb fitore sepse ka thyer t\u00eb gjitha femrat q\u00eb kan\u00eb q\u00ebn\u00eb n\u00eb sht\u00ebpi. Ari nd\u00ebrhyn dhe thot\u00eb se Adela po i jep shum\u00eb r\u00ebnd\u00ebsi nj\u00eb puthjeje dhe nj\u00eb dashurie, por Adela ia kthen se nuk ka t\u00eb b\u00ebj\u00eb me t\u00eb, por shembullin q\u00eb po i jep vajzave dhe njer\u00ebzve si puna e saj dhe t\u00eb thyej\u00eb apo ndryshoj\u00eb mentalitetin q\u00eb ka n\u00eb k\u00ebto vende. P\u00ebr Arin, nuk mund t\u00eb ndryshohet mentaliteti vet\u00ebm nga nj\u00eb veprim. \u201cUn\u00eb dua ta ndryshoj por se sa do ia arrij nuk e di\u201d- shprehet Adela. Sori i thot\u00eb Adel\u00ebs se me aq sa ka par\u00eb tek ajo, ajo nuk ka b\u00ebr\u00eb nj\u00eb jet\u00eb t\u00eb keqe sepse \u00ebsht\u00eb e shkolluar, \u00ebsht\u00eb n\u00eb pun\u00eb, ka d\u00ebgjuar dhe par\u00eb televizion nga ku ka m\u00ebsuar, dhe t\u00eb gjitha k\u00ebto nuk i japi shembullin e nj\u00eb vajze t\u00eb ndrydhur. Adela ia kthen se ajo vjen nga nj\u00eb vend ku mentaliteti nuk e l\u00eb q\u00eb ajo dhe vajzat si ajo t\u00eb veprojn\u00eb ashtu sic duan, t\u00eb b\u00ebjn\u00eb at\u00eb jet\u00eb q\u00eb duan. Ajo thot\u00eb se kur ka ardhur n\u00eb Big Brother ka ndryshuar shum\u00eb sjellje dhe kuptime t\u00eb sajat, por jo karakterin dhe k\u00ebt\u00eb m\u00ebnyr\u00eb do q\u00eb t\u2019ua p\u00ebrcjell\u00eb edhe njer\u00ebzve. Ari mendon se ajo e ka v\u00ebn\u00eb lidhjen e saj me Bjordin n\u00eb funksion t\u00eb d\u00ebshir\u00ebs s\u00eb saj p\u00ebr t\u00eb ndryshuar dhe k\u00ebshtu e zhvler\u00ebson at\u00eb, por Adela mendon se ajo b\u00ebri at\u00eb q\u00eb ndjeu dhe nuk ndrydhi ndjenjat, ashtu sic do b\u00ebnte n\u00ebse do ishte n\u00eb t\u00eb tjera situata. Adela shton se ajo ka shqet\u00ebsuar familjen vet\u00ebm p\u00ebr t\u00eb arritur n\u00eb k\u00ebt\u00eb pik\u00eb dhe p\u00ebr t\u00eb dh\u00ebn\u00eb k\u00ebt\u00eb mesazh dhe thekson se edhe prind\u00ebrit e saj vijn\u00eb nga po ai mentalitet si t\u00eb tjer\u00ebt. Adela mendon se n\u00eb momentin q\u00eb b\u00ebhesh person publik, mund t\u00eb b\u00ebhesh shembull p\u00ebr t\u00eb tjer\u00ebt. Ari thot\u00eb se ajo k\u00ebt\u00eb gj\u00eb duet ta b\u00ebnte pasi t\u00eb dilte nga Big Brother, pasi t\u00eb ishte b\u00ebr\u00eb person publik dhe t\u00eb ndikonte n\u00eb jet\u00ebn e gjith\u00ebsecilit. Sipas tij Adela thjesht po e b\u00ebn t\u00eb duksh\u00ebm k\u00ebt\u00eb problem q\u00eb ka prej shum\u00eb vitesh q\u00eb ekziston dhe nuk mund ta ndryshoj\u00eb e vetme. \u201cAdela i shp\u00ebtoi realitetit, por nuk e ndryshoi at\u00eb\u201d- thekson Ari. Adela shprehet se ajo do p\u00ebrpiqet q\u00eb t\u00eb b\u00ebj\u00eb ndryshime.<\/p>\n","protected":false},"excerpt":{"rendered":"<p>12\/05\/09 02:25 Diskutimi p\u00ebr cmimin dhe fitoren b\u00ebhet edhe m\u00eb e zjarrt\u00eb dhe t\u00eb gjith\u00eb banor\u00ebt nd\u00ebrhyjn\u00eb. Adi i thot\u00eb Adel\u00ebs se ajo ka dal\u00eb e fituar me k\u00ebt\u00eb q\u00eb ka b\u00ebr\u00eb dhe p\u00ebr t\u00eb \u00ebsht\u00eb e mjaftueshme kjo gj\u00eb. Adela ia kthen se asaj i duhet nj\u00eb vler\u00ebsim p\u00ebr at\u00eb q\u00eb ka b\u00ebr\u00eb dhe [&hellip;]<\/p>\n","protected":false},"author":1,"featured_media":0,"comment_status":"open","ping_status":"closed","sticky":false,"template":"","format":"standard","meta":{"spay_email":"","jetpack_publicize_message":"","jetpack_is_tweetstorm":false,"jetpack_publicize_feature_enabled":true},"categories":[6502],"tags":[6529,6520,9121,9751],"jetpack_publicize_connections":[],"yoast_head":"<!-- This site is optimized with the Yoast SEO plugin v19.1 - https:\/\/yoast.com\/wordpress\/plugins\/seo\/ -->\n<title>Adela : Fitorja \u00c3\u00absht\u00c3\u00ab konfirmim | Big Brother Albania 2<\/title>\n<meta name=\"description\" content=\"Big Brother Albania 2 - Diskutimi p\u00c3\u00abr cmimin dhe fitoren b\u00c3\u00abhet edhe m\u00c3\u00ab e zjarrt\u00c3\u00ab dhe t\u00c3\u00ab gjith\u00c3\u00ab banor\u00c3\u00abt nd\u00c3\u00abrhyjn\u00c3\u00ab. Adi i thot\u00c3\u00ab Adel\u00c3\u00abs se ajo ka dal\u00c3\u00ab e fituar me k\u00c3\u00abt\u00c3\u00ab q\u00c3\u00ab ka b\u00c3\u00abr\u00c3\u00ab dhe p\u00c3\u00abr t\u00c3\u00ab \u00c3\u00absht\u00c3\u00ab e mjaftueshme kjo gj\u00c3\u00ab.\" \/>\n<meta name=\"robots\" content=\"index, follow, max-snippet:-1, max-image-preview:large, max-video-preview:-1\" \/>\n<link rel=\"canonical\" href=\"https:\/\/www.visit-ulcinj.com\/blog\/2009\/05\/14\/adela-fitorja-eshte-konfirmim\/\" \/>\n<meta property=\"og:locale\" content=\"en_US\" \/>\n<meta property=\"og:type\" content=\"article\" \/>\n<meta property=\"og:title\" content=\"Adela : Fitorja \u00c3\u00absht\u00c3\u00ab konfirmim | Big Brother Albania 2\" \/>\n<meta property=\"og:description\" content=\"Big Brother Albania 2 - Diskutimi p\u00c3\u00abr cmimin dhe fitoren b\u00c3\u00abhet edhe m\u00c3\u00ab e zjarrt\u00c3\u00ab dhe t\u00c3\u00ab gjith\u00c3\u00ab banor\u00c3\u00abt nd\u00c3\u00abrhyjn\u00c3\u00ab. Adi i thot\u00c3\u00ab Adel\u00c3\u00abs se ajo ka dal\u00c3\u00ab e fituar me k\u00c3\u00abt\u00c3\u00ab q\u00c3\u00ab ka b\u00c3\u00abr\u00c3\u00ab dhe p\u00c3\u00abr t\u00c3\u00ab \u00c3\u00absht\u00c3\u00ab e mjaftueshme kjo gj\u00c3\u00ab.\" \/>\n<meta property=\"og:url\" content=\"https:\/\/www.visit-ulcinj.com\/blog\/2009\/05\/14\/adela-fitorja-eshte-konfirmim\/\" \/>\n<meta property=\"og:site_name\" content=\"Lajme nga Ulqini\" \/>\n<meta property=\"article:published_time\" content=\"2009-05-14T11:00:03+00:00\" \/>\n<meta property=\"article:modified_time\" content=\"2009-05-13T22:59:55+00:00\" \/>\n<meta property=\"og:image\" content=\"http:\/\/www.visit-ulcinj.com\/blog\/wp-content\/uploads\/2009\/05\/adela-fitore.jpg\" \/>\n<meta name=\"twitter:label1\" content=\"Written by\" \/>\n\t<meta name=\"twitter:data1\" content=\"ulqini\" \/>\n\t<meta name=\"twitter:label2\" content=\"Est. reading time\" \/>\n\t<meta name=\"twitter:data2\" content=\"3 minutes\" \/>\n<script type=\"application\/ld+json\" class=\"yoast-schema-graph\">{\"@context\":\"https:\/\/schema.org\",\"@graph\":[{\"@type\":\"WebSite\",\"@id\":\"https:\/\/www.visit-ulcinj.com\/blog\/#website\",\"url\":\"https:\/\/www.visit-ulcinj.com\/blog\/\",\"name\":\"Lajme nga Ulqini\",\"description\":\"Lajme,Vijesti,Ulqini,Ulqin,Crna Gora,Mali i Zi\",\"potentialAction\":[{\"@type\":\"SearchAction\",\"target\":{\"@type\":\"EntryPoint\",\"urlTemplate\":\"https:\/\/www.visit-ulcinj.com\/blog\/?s={search_term_string}\"},\"query-input\":\"required name=search_term_string\"}],\"inLanguage\":\"en-US\"},{\"@type\":\"ImageObject\",\"inLanguage\":\"en-US\",\"@id\":\"https:\/\/www.visit-ulcinj.com\/blog\/2009\/05\/14\/adela-fitorja-eshte-konfirmim\/#primaryimage\",\"url\":\"http:\/\/www.visit-ulcinj.com\/blog\/wp-content\/uploads\/2009\/05\/adela-fitore.jpg\",\"contentUrl\":\"http:\/\/www.visit-ulcinj.com\/blog\/wp-content\/uploads\/2009\/05\/adela-fitore.jpg\"},{\"@type\":\"WebPage\",\"@id\":\"https:\/\/www.visit-ulcinj.com\/blog\/2009\/05\/14\/adela-fitorja-eshte-konfirmim\/#webpage\",\"url\":\"https:\/\/www.visit-ulcinj.com\/blog\/2009\/05\/14\/adela-fitorja-eshte-konfirmim\/\",\"name\":\"Adela : Fitorja \u00c3\u00absht\u00c3\u00ab konfirmim | Big Brother Albania 2\",\"isPartOf\":{\"@id\":\"https:\/\/www.visit-ulcinj.com\/blog\/#website\"},\"primaryImageOfPage\":{\"@id\":\"https:\/\/www.visit-ulcinj.com\/blog\/2009\/05\/14\/adela-fitorja-eshte-konfirmim\/#primaryimage\"},\"datePublished\":\"2009-05-14T11:00:03+00:00\",\"dateModified\":\"2009-05-13T22:59:55+00:00\",\"author\":{\"@id\":\"https:\/\/www.visit-ulcinj.com\/blog\/#\/schema\/person\/dcab619c614d3038751c63bc2aadc06d\"},\"description\":\"Big Brother Albania 2 - Diskutimi p\u00c3\u00abr cmimin dhe fitoren b\u00c3\u00abhet edhe m\u00c3\u00ab e zjarrt\u00c3\u00ab dhe t\u00c3\u00ab gjith\u00c3\u00ab banor\u00c3\u00abt nd\u00c3\u00abrhyjn\u00c3\u00ab. Adi i thot\u00c3\u00ab Adel\u00c3\u00abs se ajo ka dal\u00c3\u00ab e fituar me k\u00c3\u00abt\u00c3\u00ab q\u00c3\u00ab ka b\u00c3\u00abr\u00c3\u00ab dhe p\u00c3\u00abr t\u00c3\u00ab \u00c3\u00absht\u00c3\u00ab e mjaftueshme kjo gj\u00c3\u00ab.\",\"breadcrumb\":{\"@id\":\"https:\/\/www.visit-ulcinj.com\/blog\/2009\/05\/14\/adela-fitorja-eshte-konfirmim\/#breadcrumb\"},\"inLanguage\":\"en-US\",\"potentialAction\":[{\"@type\":\"ReadAction\",\"target\":[\"https:\/\/www.visit-ulcinj.com\/blog\/2009\/05\/14\/adela-fitorja-eshte-konfirmim\/\"]}]},{\"@type\":\"BreadcrumbList\",\"@id\":\"https:\/\/www.visit-ulcinj.com\/blog\/2009\/05\/14\/adela-fitorja-eshte-konfirmim\/#breadcrumb\",\"itemListElement\":[{\"@type\":\"ListItem\",\"position\":1,\"name\":\"Adela : Fitorja \u00ebsht\u00eb konfirmim\"}]},{\"@type\":\"Person\",\"@id\":\"https:\/\/www.visit-ulcinj.com\/blog\/#\/schema\/person\/dcab619c614d3038751c63bc2aadc06d\",\"name\":\"ulqini\",\"sameAs\":[\"http:\/\/www.visit-ulcinj.com\"],\"url\":\"https:\/\/www.visit-ulcinj.com\/blog\/author\/admin\/\"}]}<\/script>\n<!-- \/ Yoast SEO plugin. -->","yoast_head_json":{"title":"Adela : Fitorja \u00c3\u00absht\u00c3\u00ab konfirmim | Big Brother Albania 2","description":"Big Brother Albania 2 - Diskutimi p\u00c3\u00abr cmimin dhe fitoren b\u00c3\u00abhet edhe m\u00c3\u00ab e zjarrt\u00c3\u00ab dhe t\u00c3\u00ab gjith\u00c3\u00ab banor\u00c3\u00abt nd\u00c3\u00abrhyjn\u00c3\u00ab. Adi i thot\u00c3\u00ab Adel\u00c3\u00abs se ajo ka dal\u00c3\u00ab e fituar me k\u00c3\u00abt\u00c3\u00ab q\u00c3\u00ab ka b\u00c3\u00abr\u00c3\u00ab dhe p\u00c3\u00abr t\u00c3\u00ab \u00c3\u00absht\u00c3\u00ab e mjaftueshme kjo gj\u00c3\u00ab.","robots":{"index":"index","follow":"follow","max-snippet":"max-snippet:-1","max-image-preview":"max-image-preview:large","max-video-preview":"max-video-preview:-1"},"canonical":"https:\/\/www.visit-ulcinj.com\/blog\/2009\/05\/14\/adela-fitorja-eshte-konfirmim\/","og_locale":"en_US","og_type":"article","og_title":"Adela : Fitorja \u00c3\u00absht\u00c3\u00ab konfirmim | Big Brother Albania 2","og_description":"Big Brother Albania 2 - Diskutimi p\u00c3\u00abr cmimin dhe fitoren b\u00c3\u00abhet edhe m\u00c3\u00ab e zjarrt\u00c3\u00ab dhe t\u00c3\u00ab gjith\u00c3\u00ab banor\u00c3\u00abt nd\u00c3\u00abrhyjn\u00c3\u00ab. Adi i thot\u00c3\u00ab Adel\u00c3\u00abs se ajo ka dal\u00c3\u00ab e fituar me k\u00c3\u00abt\u00c3\u00ab q\u00c3\u00ab ka b\u00c3\u00abr\u00c3\u00ab dhe p\u00c3\u00abr t\u00c3\u00ab \u00c3\u00absht\u00c3\u00ab e mjaftueshme kjo gj\u00c3\u00ab.","og_url":"https:\/\/www.visit-ulcinj.com\/blog\/2009\/05\/14\/adela-fitorja-eshte-konfirmim\/","og_site_name":"Lajme nga Ulqini","article_published_time":"2009-05-14T11:00:03+00:00","article_modified_time":"2009-05-13T22:59:55+00:00","og_image":[{"url":"http:\/\/www.visit-ulcinj.com\/blog\/wp-content\/uploads\/2009\/05\/adela-fitore.jpg"}],"twitter_misc":{"Written by":"ulqini","Est. reading time":"3 minutes"},"schema":{"@context":"https:\/\/schema.org","@graph":[{"@type":"WebSite","@id":"https:\/\/www.visit-ulcinj.com\/blog\/#website","url":"https:\/\/www.visit-ulcinj.com\/blog\/","name":"Lajme nga Ulqini","description":"Lajme,Vijesti,Ulqini,Ulqin,Crna Gora,Mali i Zi","potentialAction":[{"@type":"SearchAction","target":{"@type":"EntryPoint","urlTemplate":"https:\/\/www.visit-ulcinj.com\/blog\/?s={search_term_string}"},"query-input":"required name=search_term_string"}],"inLanguage":"en-US"},{"@type":"ImageObject","inLanguage":"en-US","@id":"https:\/\/www.visit-ulcinj.com\/blog\/2009\/05\/14\/adela-fitorja-eshte-konfirmim\/#primaryimage","url":"http:\/\/www.visit-ulcinj.com\/blog\/wp-content\/uploads\/2009\/05\/adela-fitore.jpg","contentUrl":"http:\/\/www.visit-ulcinj.com\/blog\/wp-content\/uploads\/2009\/05\/adela-fitore.jpg"},{"@type":"WebPage","@id":"https:\/\/www.visit-ulcinj.com\/blog\/2009\/05\/14\/adela-fitorja-eshte-konfirmim\/#webpage","url":"https:\/\/www.visit-ulcinj.com\/blog\/2009\/05\/14\/adela-fitorja-eshte-konfirmim\/","name":"Adela : Fitorja \u00c3\u00absht\u00c3\u00ab konfirmim | Big Brother Albania 2","isPartOf":{"@id":"https:\/\/www.visit-ulcinj.com\/blog\/#website"},"primaryImageOfPage":{"@id":"https:\/\/www.visit-ulcinj.com\/blog\/2009\/05\/14\/adela-fitorja-eshte-konfirmim\/#primaryimage"},"datePublished":"2009-05-14T11:00:03+00:00","dateModified":"2009-05-13T22:59:55+00:00","author":{"@id":"https:\/\/www.visit-ulcinj.com\/blog\/#\/schema\/person\/dcab619c614d3038751c63bc2aadc06d"},"description":"Big Brother Albania 2 - Diskutimi p\u00c3\u00abr cmimin dhe fitoren b\u00c3\u00abhet edhe m\u00c3\u00ab e zjarrt\u00c3\u00ab dhe t\u00c3\u00ab gjith\u00c3\u00ab banor\u00c3\u00abt nd\u00c3\u00abrhyjn\u00c3\u00ab. Adi i thot\u00c3\u00ab Adel\u00c3\u00abs se ajo ka dal\u00c3\u00ab e fituar me k\u00c3\u00abt\u00c3\u00ab q\u00c3\u00ab ka b\u00c3\u00abr\u00c3\u00ab dhe p\u00c3\u00abr t\u00c3\u00ab \u00c3\u00absht\u00c3\u00ab e mjaftueshme kjo gj\u00c3\u00ab.","breadcrumb":{"@id":"https:\/\/www.visit-ulcinj.com\/blog\/2009\/05\/14\/adela-fitorja-eshte-konfirmim\/#breadcrumb"},"inLanguage":"en-US","potentialAction":[{"@type":"ReadAction","target":["https:\/\/www.visit-ulcinj.com\/blog\/2009\/05\/14\/adela-fitorja-eshte-konfirmim\/"]}]},{"@type":"BreadcrumbList","@id":"https:\/\/www.visit-ulcinj.com\/blog\/2009\/05\/14\/adela-fitorja-eshte-konfirmim\/#breadcrumb","itemListElement":[{"@type":"ListItem","position":1,"name":"Adela : Fitorja \u00ebsht\u00eb konfirmim"}]},{"@type":"Person","@id":"https:\/\/www.visit-ulcinj.com\/blog\/#\/schema\/person\/dcab619c614d3038751c63bc2aadc06d","name":"ulqini","sameAs":["http:\/\/www.visit-ulcinj.com"],"url":"https:\/\/www.visit-ulcinj.com\/blog\/author\/admin\/"}]}},"jetpack_featured_media_url":"","jetpack_sharing_enabled":true,"jetpack_shortlink":"https:\/\/wp.me\/pe6lTn-5x3","_links":{"self":[{"href":"https:\/\/www.visit-ulcinj.com\/blog\/wp-json\/wp\/v2\/posts\/21269"}],"collection":[{"href":"https:\/\/www.visit-ulcinj.com\/blog\/wp-json\/wp\/v2\/posts"}],"about":[{"href":"https:\/\/www.visit-ulcinj.com\/blog\/wp-json\/wp\/v2\/types\/post"}],"author":[{"embeddable":true,"href":"https:\/\/www.visit-ulcinj.com\/blog\/wp-json\/wp\/v2\/users\/1"}],"replies":[{"embeddable":true,"href":"https:\/\/www.visit-ulcinj.com\/blog\/wp-json\/wp\/v2\/comments?post=21269"}],"version-history":[{"count":0,"href":"https:\/\/www.visit-ulcinj.com\/blog\/wp-json\/wp\/v2\/posts\/21269\/revisions"}],"wp:attachment":[{"href":"https:\/\/www.visit-ulcinj.com\/blog\/wp-json\/wp\/v2\/media?parent=21269"}],"wp:term":[{"taxonomy":"category","embeddable":true,"href":"https:\/\/www.visit-ulcinj.com\/blog\/wp-json\/wp\/v2\/categories?post=21269"},{"taxonomy":"post_tag","embeddable":true,"href":"https:\/\/www.visit-ulcinj.com\/blog\/wp-json\/wp\/v2\/tags?post=21269"}],"curies":[{"name":"wp","href":"https:\/\/api.w.org\/{rel}","templated":true}]}}